{"id":98095,"date":"2018-01-13T10:55:28","date_gmt":"2018-01-13T09:55:28","guid":{"rendered":"http:\/\/batijournal.com\/?p=98095"},"modified":"2019-07-15T12:10:47","modified_gmt":"2019-07-15T10:10:47","slug":"avez-jusquau-28-fevrier-2018-projet-planete","status":"publish","type":"post","link":"https:\/\/batijournal.com\/index.php\/avez-jusquau-28-fevrier-2018-projet-planete\/98095\/","title":{"rendered":"Vous avez jusqu\u2019au 28 f\u00e9vrier 2018 pour votre projet pour la plan\u00e8te"},"content":{"rendered":"<p>Depuis le 16 novembre 2017 et jusqu\u2019au 28 f\u00e9vrier 2018, chaque citoyen peut se mobiliser \u00e0 son \u00e9chelle et avec ses moyens pour lutter contre le d\u00e9r\u00e8glement climatique. Avec \u00ab Mon projet pour la plan\u00e8te \u00bb, associations locales, toutes petites entreprises (TPE), PME et PMI, coop\u00e9ratives, mutuelles, startups, mais aussi \u00e9coles, \u00e9tudiants, collectifs de citoyens peuvent d\u00e9poser un projet dans les domaines de l\u2019\u00e9nergie, de l\u2019\u00e9conomie circulaire et de la biodiversit\u00e9. Les projets s\u00e9lectionn\u00e9s apr\u00e8s vote des citoyens b\u00e9n\u00e9ficieront d\u2019aides de 20 000 \u00e0 100 000 euros pour un montant global de trois millions d\u2019euros.<\/p>\n<p><iframe loading=\"lazy\" width=\"560\" height=\"315\" src=\"https:\/\/www.youtube.com\/embed\/Jbyxft5KC_E\" frameborder=\"0\" allow=\"autoplay; encrypted-media\" allowfullscreen><\/iframe><\/p>\n","protected":false},"excerpt":{"rendered":"<p>Depuis le 16 novembre 2017 et jusqu\u2019au 28 f\u00e9vrier 2018, chaque citoyen peut se mobiliser \u00e0 son \u00e9chelle et avec ses moyens pour lutter contre le d\u00e9r\u00e8glement climatique. Avec \u00ab Mon projet pour la plan\u00e8te \u00bb, associations locales, toutes petites entreprises (TPE), PME et PMI, coop\u00e9ratives, mutuelles, startups, mais aussi \u00e9coles, \u00e9tudiants, collectifs de citoyens [&hellip;]<\/p>\n","protected":false},"author":17,"featured_media":96439,"comment_status":"closed","ping_status":"closed","sticky":false,"template":"","format":"standard","meta":{"_et_pb_use_builder":"","_et_pb_old_content":"","_et_gb_content_width":"","footnotes":""},"categories":[10530,6340],"tags":[12284],"class_list":["post-98095","post","type-post","status-publish","format-standard","has-post-thumbnail","hentry","category-actualites","category-architecture-conception","tag-plan-climat"],"yoast_head":"<!-- This site is optimized with the Yoast SEO plugin v27.4 - https:\/\/yoast.com\/product\/yoast-seo-wordpress\/ -->\n<title>Vous avez jusqu\u2019au 28 f\u00e9vrier 2018 pour votre projet pour la plan\u00e8te<\/title>\n<meta name=\"robots\" content=\"index, follow, max-snippet:-1, max-image-preview:large, max-video-preview:-1\" \/>\n<link rel=\"canonical\" href=\"https:\/\/batijournal.com\/index.php\/avez-jusquau-28-fevrier-2018-projet-planete\/98095\/\" \/>\n<meta property=\"og:locale\" content=\"fr_FR\" \/>\n<meta property=\"og:type\" content=\"article\" \/>\n<meta property=\"og:title\" content=\"Vous avez jusqu\u2019au 28 f\u00e9vrier 2018 pour votre projet pour la plan\u00e8te\" \/>\n<meta property=\"og:description\" content=\"Depuis le 16 novembre 2017 et jusqu\u2019au 28 f\u00e9vrier 2018, chaque citoyen peut se mobiliser \u00e0 son \u00e9chelle et avec ses moyens pour lutter contre le d\u00e9r\u00e8glement climatique. Avec \u00ab Mon projet pour la plan\u00e8te \u00bb, associations locales, toutes petites entreprises (TPE), PME et PMI, coop\u00e9ratives, mutuelles, startups, mais aussi \u00e9coles, \u00e9tudiants, collectifs de citoyens [&hellip;]\" \/>\n<meta property=\"og:url\" content=\"https:\/\/batijournal.com\/index.php\/avez-jusquau-28-fevrier-2018-projet-planete\/98095\/\" \/>\n<meta property=\"og:site_name\" content=\"Batijournal\" \/>\n<meta property=\"article:published_time\" content=\"2018-01-13T09:55:28+00:00\" \/>\n<meta property=\"article:modified_time\" content=\"2019-07-15T10:10:47+00:00\" \/>\n<meta property=\"og:image\" content=\"https:\/\/batijournal.com\/wp-content\/uploads\/2017\/07\/Logo-plan-climat.png\" \/>\n\t<meta property=\"og:image:width\" content=\"810\" \/>\n\t<meta property=\"og:image:height\" content=\"540\" \/>\n\t<meta property=\"og:image:type\" content=\"image\/png\" \/>\n<meta name=\"author\" content=\"St\u00e9phane Miget\" \/>\n<meta name=\"twitter:card\" content=\"summary_large_image\" \/>\n<meta name=\"twitter:creator\" content=\"@bati_journal\" \/>\n<meta name=\"twitter:site\" content=\"@bati_journal\" \/>\n<meta name=\"twitter:label1\" content=\"\u00c9crit par\" \/>\n\t<meta name=\"twitter:data1\" content=\"St\u00e9phane Miget\" \/>\n<script type=\"application\/ld+json\" class=\"yoast-schema-graph\">{\"@context\":\"https:\\\/\\\/schema.org\",\"@graph\":[{\"@type\":\"Article\",\"@id\":\"https:\\\/\\\/batijournal.com\\\/index.php\\\/avez-jusquau-28-fevrier-2018-projet-planete\\\/98095\\\/#article\",\"isPartOf\":{\"@id\":\"https:\\\/\\\/batijournal.com\\\/index.php\\\/avez-jusquau-28-fevrier-2018-projet-planete\\\/98095\\\/\"},\"author\":{\"name\":\"St\u00e9phane Miget\",\"@id\":\"https:\\\/\\\/batijournal.com\\\/#\\\/schema\\\/person\\\/1dc96ec6957aa1ccb25ebe78bb19f100\"},\"headline\":\"Vous avez jusqu\u2019au 28 f\u00e9vrier 2018 pour votre projet pour la plan\u00e8te\",\"datePublished\":\"2018-01-13T09:55:28+00:00\",\"dateModified\":\"2019-07-15T10:10:47+00:00\",\"mainEntityOfPage\":{\"@id\":\"https:\\\/\\\/batijournal.com\\\/index.php\\\/avez-jusquau-28-fevrier-2018-projet-planete\\\/98095\\\/\"},\"wordCount\":112,\"image\":{\"@id\":\"https:\\\/\\\/batijournal.com\\\/index.php\\\/avez-jusquau-28-fevrier-2018-projet-planete\\\/98095\\\/#primaryimage\"},\"thumbnailUrl\":\"https:\\\/\\\/batijournal.com\\\/wp-content\\\/uploads\\\/2017\\\/07\\\/Logo-plan-climat.png\",\"keywords\":[\"plan climat\"],\"articleSection\":[\"Actualit\u00e9s\",\"Architecture &amp; Conception\"],\"inLanguage\":\"fr-FR\"},{\"@type\":\"WebPage\",\"@id\":\"https:\\\/\\\/batijournal.com\\\/index.php\\\/avez-jusquau-28-fevrier-2018-projet-planete\\\/98095\\\/\",\"url\":\"https:\\\/\\\/batijournal.com\\\/index.php\\\/avez-jusquau-28-fevrier-2018-projet-planete\\\/98095\\\/\",\"name\":\"Vous avez jusqu\u2019au 28 f\u00e9vrier 2018 pour votre projet pour la plan\u00e8te\",\"isPartOf\":{\"@id\":\"https:\\\/\\\/batijournal.com\\\/#website\"},\"primaryImageOfPage\":{\"@id\":\"https:\\\/\\\/batijournal.com\\\/index.php\\\/avez-jusquau-28-fevrier-2018-projet-planete\\\/98095\\\/#primaryimage\"},\"image\":{\"@id\":\"https:\\\/\\\/batijournal.com\\\/index.php\\\/avez-jusquau-28-fevrier-2018-projet-planete\\\/98095\\\/#primaryimage\"},\"thumbnailUrl\":\"https:\\\/\\\/batijournal.com\\\/wp-content\\\/uploads\\\/2017\\\/07\\\/Logo-plan-climat.png\",\"datePublished\":\"2018-01-13T09:55:28+00:00\",\"dateModified\":\"2019-07-15T10:10:47+00:00\",\"author\":{\"@id\":\"https:\\\/\\\/batijournal.com\\\/#\\\/schema\\\/person\\\/1dc96ec6957aa1ccb25ebe78bb19f100\"},\"breadcrumb\":{\"@id\":\"https:\\\/\\\/batijournal.com\\\/index.php\\\/avez-jusquau-28-fevrier-2018-projet-planete\\\/98095\\\/#breadcrumb\"},\"inLanguage\":\"fr-FR\",\"potentialAction\":[{\"@type\":\"ReadAction\",\"target\":[\"https:\\\/\\\/batijournal.com\\\/index.php\\\/avez-jusquau-28-fevrier-2018-projet-planete\\\/98095\\\/\"]}]},{\"@type\":\"ImageObject\",\"inLanguage\":\"fr-FR\",\"@id\":\"https:\\\/\\\/batijournal.com\\\/index.php\\\/avez-jusquau-28-fevrier-2018-projet-planete\\\/98095\\\/#primaryimage\",\"url\":\"https:\\\/\\\/batijournal.com\\\/wp-content\\\/uploads\\\/2017\\\/07\\\/Logo-plan-climat.png\",\"contentUrl\":\"https:\\\/\\\/batijournal.com\\\/wp-content\\\/uploads\\\/2017\\\/07\\\/Logo-plan-climat.png\",\"width\":810,\"height\":540},{\"@type\":\"BreadcrumbList\",\"@id\":\"https:\\\/\\\/batijournal.com\\\/index.php\\\/avez-jusquau-28-fevrier-2018-projet-planete\\\/98095\\\/#breadcrumb\",\"itemListElement\":[{\"@type\":\"ListItem\",\"position\":1,\"name\":\"Accueil\",\"item\":\"https:\\\/\\\/batijournal.com\\\/\"},{\"@type\":\"ListItem\",\"position\":2,\"name\":\"Actualit\u00e9s\",\"item\":\"https:\\\/\\\/batijournal.com\\\/index.php\\\/category\\\/actualites\\\/\"},{\"@type\":\"ListItem\",\"position\":3,\"name\":\"Vous avez jusqu\u2019au 28 f\u00e9vrier 2018 pour votre projet pour la plan\u00e8te\"}]},{\"@type\":\"WebSite\",\"@id\":\"https:\\\/\\\/batijournal.com\\\/#website\",\"url\":\"https:\\\/\\\/batijournal.com\\\/\",\"name\":\"Batijournal\",\"description\":\"L&#039;actualit\u00e9 du b\u00e2timent\",\"potentialAction\":[{\"@type\":\"SearchAction\",\"target\":{\"@type\":\"EntryPoint\",\"urlTemplate\":\"https:\\\/\\\/batijournal.com\\\/?s={search_term_string}\"},\"query-input\":{\"@type\":\"PropertyValueSpecification\",\"valueRequired\":true,\"valueName\":\"search_term_string\"}}],\"inLanguage\":\"fr-FR\"},{\"@type\":\"Person\",\"@id\":\"https:\\\/\\\/batijournal.com\\\/#\\\/schema\\\/person\\\/1dc96ec6957aa1ccb25ebe78bb19f100\",\"name\":\"St\u00e9phane Miget\",\"image\":{\"@type\":\"ImageObject\",\"inLanguage\":\"fr-FR\",\"@id\":\"https:\\\/\\\/secure.gravatar.com\\\/avatar\\\/89915563d925342126b8ef0281b93d9d7fc337043e8df017f780908eb9644451?s=96&d=mm&r=g\",\"url\":\"https:\\\/\\\/secure.gravatar.com\\\/avatar\\\/89915563d925342126b8ef0281b93d9d7fc337043e8df017f780908eb9644451?s=96&d=mm&r=g\",\"contentUrl\":\"https:\\\/\\\/secure.gravatar.com\\\/avatar\\\/89915563d925342126b8ef0281b93d9d7fc337043e8df017f780908eb9644451?s=96&d=mm&r=g\",\"caption\":\"St\u00e9phane Miget\"},\"url\":\"https:\\\/\\\/batijournal.com\\\/index.php\\\/author\\\/stephane\\\/\"}]}<\/script>\n<!-- \/ Yoast SEO plugin. -->","yoast_head_json":{"title":"Vous avez jusqu\u2019au 28 f\u00e9vrier 2018 pour votre projet pour la plan\u00e8te","robots":{"index":"index","follow":"follow","max-snippet":"max-snippet:-1","max-image-preview":"max-image-preview:large","max-video-preview":"max-video-preview:-1"},"canonical":"https:\/\/batijournal.com\/index.php\/avez-jusquau-28-fevrier-2018-projet-planete\/98095\/","og_locale":"fr_FR","og_type":"article","og_title":"Vous avez jusqu\u2019au 28 f\u00e9vrier 2018 pour votre projet pour la plan\u00e8te","og_description":"Depuis le 16 novembre 2017 et jusqu\u2019au 28 f\u00e9vrier 2018, chaque citoyen peut se mobiliser \u00e0 son \u00e9chelle et avec ses moyens pour lutter contre le d\u00e9r\u00e8glement climatique. Avec \u00ab Mon projet pour la plan\u00e8te \u00bb, associations locales, toutes petites entreprises (TPE), PME et PMI, coop\u00e9ratives, mutuelles, startups, mais aussi \u00e9coles, \u00e9tudiants, collectifs de citoyens [&hellip;]","og_url":"https:\/\/batijournal.com\/index.php\/avez-jusquau-28-fevrier-2018-projet-planete\/98095\/","og_site_name":"Batijournal","article_published_time":"2018-01-13T09:55:28+00:00","article_modified_time":"2019-07-15T10:10:47+00:00","og_image":[{"width":810,"height":540,"url":"https:\/\/batijournal.com\/wp-content\/uploads\/2017\/07\/Logo-plan-climat.png","type":"image\/png"}],"author":"St\u00e9phane Miget","twitter_card":"summary_large_image","twitter_creator":"@bati_journal","twitter_site":"@bati_journal","twitter_misc":{"\u00c9crit par":"St\u00e9phane Miget"},"schema":{"@context":"https:\/\/schema.org","@graph":[{"@type":"Article","@id":"https:\/\/batijournal.com\/index.php\/avez-jusquau-28-fevrier-2018-projet-planete\/98095\/#article","isPartOf":{"@id":"https:\/\/batijournal.com\/index.php\/avez-jusquau-28-fevrier-2018-projet-planete\/98095\/"},"author":{"name":"St\u00e9phane Miget","@id":"https:\/\/batijournal.com\/#\/schema\/person\/1dc96ec6957aa1ccb25ebe78bb19f100"},"headline":"Vous avez jusqu\u2019au 28 f\u00e9vrier 2018 pour votre projet pour la plan\u00e8te","datePublished":"2018-01-13T09:55:28+00:00","dateModified":"2019-07-15T10:10:47+00:00","mainEntityOfPage":{"@id":"https:\/\/batijournal.com\/index.php\/avez-jusquau-28-fevrier-2018-projet-planete\/98095\/"},"wordCount":112,"image":{"@id":"https:\/\/batijournal.com\/index.php\/avez-jusquau-28-fevrier-2018-projet-planete\/98095\/#primaryimage"},"thumbnailUrl":"https:\/\/batijournal.com\/wp-content\/uploads\/2017\/07\/Logo-plan-climat.png","keywords":["plan climat"],"articleSection":["Actualit\u00e9s","Architecture &amp; Conception"],"inLanguage":"fr-FR"},{"@type":"WebPage","@id":"https:\/\/batijournal.com\/index.php\/avez-jusquau-28-fevrier-2018-projet-planete\/98095\/","url":"https:\/\/batijournal.com\/index.php\/avez-jusquau-28-fevrier-2018-projet-planete\/98095\/","name":"Vous avez jusqu\u2019au 28 f\u00e9vrier 2018 pour votre projet pour la plan\u00e8te","isPartOf":{"@id":"https:\/\/batijournal.com\/#website"},"primaryImageOfPage":{"@id":"https:\/\/batijournal.com\/index.php\/avez-jusquau-28-fevrier-2018-projet-planete\/98095\/#primaryimage"},"image":{"@id":"https:\/\/batijournal.com\/index.php\/avez-jusquau-28-fevrier-2018-projet-planete\/98095\/#primaryimage"},"thumbnailUrl":"https:\/\/batijournal.com\/wp-content\/uploads\/2017\/07\/Logo-plan-climat.png","datePublished":"2018-01-13T09:55:28+00:00","dateModified":"2019-07-15T10:10:47+00:00","author":{"@id":"https:\/\/batijournal.com\/#\/schema\/person\/1dc96ec6957aa1ccb25ebe78bb19f100"},"breadcrumb":{"@id":"https:\/\/batijournal.com\/index.php\/avez-jusquau-28-fevrier-2018-projet-planete\/98095\/#breadcrumb"},"inLanguage":"fr-FR","potentialAction":[{"@type":"ReadAction","target":["https:\/\/batijournal.com\/index.php\/avez-jusquau-28-fevrier-2018-projet-planete\/98095\/"]}]},{"@type":"ImageObject","inLanguage":"fr-FR","@id":"https:\/\/batijournal.com\/index.php\/avez-jusquau-28-fevrier-2018-projet-planete\/98095\/#primaryimage","url":"https:\/\/batijournal.com\/wp-content\/uploads\/2017\/07\/Logo-plan-climat.png","contentUrl":"https:\/\/batijournal.com\/wp-content\/uploads\/2017\/07\/Logo-plan-climat.png","width":810,"height":540},{"@type":"BreadcrumbList","@id":"https:\/\/batijournal.com\/index.php\/avez-jusquau-28-fevrier-2018-projet-planete\/98095\/#breadcrumb","itemListElement":[{"@type":"ListItem","position":1,"name":"Accueil","item":"https:\/\/batijournal.com\/"},{"@type":"ListItem","position":2,"name":"Actualit\u00e9s","item":"https:\/\/batijournal.com\/index.php\/category\/actualites\/"},{"@type":"ListItem","position":3,"name":"Vous avez jusqu\u2019au 28 f\u00e9vrier 2018 pour votre projet pour la plan\u00e8te"}]},{"@type":"WebSite","@id":"https:\/\/batijournal.com\/#website","url":"https:\/\/batijournal.com\/","name":"Batijournal","description":"L&#039;actualit\u00e9 du b\u00e2timent","potentialAction":[{"@type":"SearchAction","target":{"@type":"EntryPoint","urlTemplate":"https:\/\/batijournal.com\/?s={search_term_string}"},"query-input":{"@type":"PropertyValueSpecification","valueRequired":true,"valueName":"search_term_string"}}],"inLanguage":"fr-FR"},{"@type":"Person","@id":"https:\/\/batijournal.com\/#\/schema\/person\/1dc96ec6957aa1ccb25ebe78bb19f100","name":"St\u00e9phane Miget","image":{"@type":"ImageObject","inLanguage":"fr-FR","@id":"https:\/\/secure.gravatar.com\/avatar\/89915563d925342126b8ef0281b93d9d7fc337043e8df017f780908eb9644451?s=96&d=mm&r=g","url":"https:\/\/secure.gravatar.com\/avatar\/89915563d925342126b8ef0281b93d9d7fc337043e8df017f780908eb9644451?s=96&d=mm&r=g","contentUrl":"https:\/\/secure.gravatar.com\/avatar\/89915563d925342126b8ef0281b93d9d7fc337043e8df017f780908eb9644451?s=96&d=mm&r=g","caption":"St\u00e9phane Miget"},"url":"https:\/\/batijournal.com\/index.php\/author\/stephane\/"}]}},"_links":{"self":[{"href":"https:\/\/batijournal.com\/index.php\/wp-json\/wp\/v2\/posts\/98095","targetHints":{"allow":["GET"]}}],"collection":[{"href":"https:\/\/batijournal.com\/index.php\/wp-json\/wp\/v2\/posts"}],"about":[{"href":"https:\/\/batijournal.com\/index.php\/wp-json\/wp\/v2\/types\/post"}],"author":[{"embeddable":true,"href":"https:\/\/batijournal.com\/index.php\/wp-json\/wp\/v2\/users\/17"}],"replies":[{"embeddable":true,"href":"https:\/\/batijournal.com\/index.php\/wp-json\/wp\/v2\/comments?post=98095"}],"version-history":[{"count":0,"href":"https:\/\/batijournal.com\/index.php\/wp-json\/wp\/v2\/posts\/98095\/revisions"}],"wp:featuredmedia":[{"embeddable":true,"href":"https:\/\/batijournal.com\/index.php\/wp-json\/wp\/v2\/media\/96439"}],"wp:attachment":[{"href":"https:\/\/batijournal.com\/index.php\/wp-json\/wp\/v2\/media?parent=98095"}],"wp:term":[{"taxonomy":"category","embeddable":true,"href":"https:\/\/batijournal.com\/index.php\/wp-json\/wp\/v2\/categories?post=98095"},{"taxonomy":"post_tag","embeddable":true,"href":"https:\/\/batijournal.com\/index.php\/wp-json\/wp\/v2\/tags?post=98095"}],"curies":[{"name":"wp","href":"https:\/\/api.w.org\/{rel}","templated":true}]}}