{"id":98100,"date":"2018-01-15T12:09:43","date_gmt":"2018-01-15T11:09:43","guid":{"rendered":"http:\/\/batijournal.com\/?p=98100"},"modified":"2019-07-15T12:13:05","modified_gmt":"2019-07-15T10:13:05","slug":"bois-verre-nouveau-siege-social-de-briand-construction-bois","status":"publish","type":"post","link":"https:\/\/batijournal.com\/index.php\/bois-verre-nouveau-siege-social-de-briand-construction-bois\/98100\/","title":{"rendered":"Bois et verre pour le nouveau si\u00e8ge social de Briand Construction Bois"},"content":{"rendered":"<p align=\"LEFT\"><span style=\"color: #000000\"><span style=\"font-family: Calibri, Calibri, sans-serif\"><span style=\"font-size: medium\">Filiale du groupe Briand, Briand Construction Bois va inaugurer, le 2 f\u00e9vrier 2018, son nouveau si\u00e8ge social \u00e0 Sylvain Saint-Sylvain d&rsquo;Anjou (49). Con\u00e7u par le cabinet AIA Architectes et construit par les filiales du Groupe Briand, ce nouveau b\u00e2timent de 800 m\u00b2 est une v\u00e9ritable vitrine technique et architecturale des savoir-faire du groupe \u00e0 travers la mise en oeuvre de syst\u00e8mes constructifs innovants (poteaux bois + plancher mixte bois-b\u00e9ton) et respectueux de l\u2019environnement. Les fa\u00e7ades coupl\u00e9es \u00e0 des planchers mixtes b\u00e9ton \/bois de grande port\u00e9e permettent de grands espaces de travail en open-space. Dans une d\u00e9marche d\u2019Analyse de Cycle de Vie (ACV) et d\u2019\u00e9co-conception, Briand Construction Bois s\u2019est donn\u00e9 les moyens de construire un b\u00e2timent aux performances techniques optimums (le Bbio, ou Besoin Bioclimatique <span style=\"font-family: 'Cambria Math', 'Cambria Math', serif\">\u2a7d<\/span>50% BBio max (64.90). Le Cep, ou consommation conventionnelle d\u2019\u00e9nergie primaire <span style=\"font-family: 'Cambria Math', 'Cambria Math', serif\">\u2a7d<\/span>40% Cep max (65.70 kWhEP\/m\u00b2.an)). Le showroom de 90 m\u00b2, v\u00e9ritable cath\u00e9drale avec son mur-rideau de pr\u00e8s de 7 m de hauteur laisse apparaitre les charpentes bois, \u00e9l\u00e9ments structurants du b\u00e2timent, pour une harmonie des mati\u00e8res. Chaque poste dispose d\u2019un \u00e9clairage naturel g\u00e9n\u00e9reux provenant de larges baies vitr\u00e9es. <\/span><\/span><\/span><\/p>\n<p align=\"LEFT\"><span style=\"color: #000000\"><span style=\"font-family: Calibri, Calibri, sans-serif\"><span style=\"font-size: medium\">Sp\u00e9cialiste du bois lamell\u00e9 et de la construction bois, Briand Construction Bois (22 millions d&rsquo;euros de CA, 110 collaborateurs, 18 000 m3 de bois transform\u00e9s par an) est implant\u00e9 \u00e0 Saint-Sylvain d&rsquo;Anjou (49) et \u00e0 Vallet (44). L&rsquo;entreprise a r\u00e9alis\u00e9 r\u00e9cemment un immeuble en bois de 7 \u00e9tages \u00e0 Paris pour la Direction du Patrimoine et Architecture de la mairie de Paris. Elle est actuellement en train de construire la plus grande plateforme logistique d&rsquo;Europe pour Conforama (180 000) \u00e0 Tournan-en-Brie (77).<\/span><\/span><\/span><\/p>\n<p align=\"LEFT\"><a href=\"http:\/\/www.briandbois.fr\">www.briandbois.fr<\/a><\/p>\n<p align=\"LEFT\"><img loading=\"lazy\" decoding=\"async\" class=\"alignnone size-medium wp-image-98103\" src=\"https:\/\/batijournal.com\/wp-content\/uploads\/2018\/01\/hall-siege-BCB-200x300.jpg\" alt=\"\" width=\"200\" height=\"300\" srcset=\"https:\/\/batijournal.com\/wp-content\/uploads\/2018\/01\/hall-siege-BCB-200x300.jpg 200w, https:\/\/batijournal.com\/wp-content\/uploads\/2018\/01\/hall-siege-BCB-100x150.jpg 100w, https:\/\/batijournal.com\/wp-content\/uploads\/2018\/01\/hall-siege-BCB-768x1152.jpg 768w, https:\/\/batijournal.com\/wp-content\/uploads\/2018\/01\/hall-siege-BCB-683x1024.jpg 683w, https:\/\/batijournal.com\/wp-content\/uploads\/2018\/01\/hall-siege-BCB-600x900.jpg 600w, https:\/\/batijournal.com\/wp-content\/uploads\/2018\/01\/hall-siege-BCB.jpg 800w\" sizes=\"(max-width: 200px) 100vw, 200px\" \/><\/p>\n<p align=\"LEFT\"><img loading=\"lazy\" decoding=\"async\" class=\"alignnone size-medium wp-image-98105\" src=\"https:\/\/batijournal.com\/wp-content\/uploads\/2018\/01\/hall-BCB-siege-169x300.jpg\" alt=\"\" width=\"169\" height=\"300\" srcset=\"https:\/\/batijournal.com\/wp-content\/uploads\/2018\/01\/hall-BCB-siege-169x300.jpg 169w, https:\/\/batijournal.com\/wp-content\/uploads\/2018\/01\/hall-BCB-siege-84x150.jpg 84w, https:\/\/batijournal.com\/wp-content\/uploads\/2018\/01\/hall-BCB-siege-768x1366.jpg 768w, https:\/\/batijournal.com\/wp-content\/uploads\/2018\/01\/hall-BCB-siege-576x1024.jpg 576w, https:\/\/batijournal.com\/wp-content\/uploads\/2018\/01\/hall-BCB-siege-600x1067.jpg 600w, https:\/\/batijournal.com\/wp-content\/uploads\/2018\/01\/hall-BCB-siege.jpg 800w\" sizes=\"(max-width: 169px) 100vw, 169px\" \/><\/p>\n<p align=\"LEFT\"><img loading=\"lazy\" decoding=\"async\" class=\"alignnone size-medium wp-image-98104\" src=\"https:\/\/batijournal.com\/wp-content\/uploads\/2018\/01\/Bureau-Eudes_BCB-300x225.jpg\" alt=\"\" width=\"300\" height=\"225\" srcset=\"https:\/\/batijournal.com\/wp-content\/uploads\/2018\/01\/Bureau-Eudes_BCB-300x225.jpg 300w, https:\/\/batijournal.com\/wp-content\/uploads\/2018\/01\/Bureau-Eudes_BCB-150x113.jpg 150w, https:\/\/batijournal.com\/wp-content\/uploads\/2018\/01\/Bureau-Eudes_BCB-768x577.jpg 768w, https:\/\/batijournal.com\/wp-content\/uploads\/2018\/01\/Bureau-Eudes_BCB-600x451.jpg 600w, https:\/\/batijournal.com\/wp-content\/uploads\/2018\/01\/Bureau-Eudes_BCB-510x382.jpg 510w, https:\/\/batijournal.com\/wp-content\/uploads\/2018\/01\/Bureau-Eudes_BCB.jpg 800w\" sizes=\"(max-width: 300px) 100vw, 300px\" \/><\/p>\n<p align=\"LEFT\">\n","protected":false},"excerpt":{"rendered":"<p>Filiale du groupe Briand, Briand Construction Bois va inaugurer, le 2 f\u00e9vrier 2018, son nouveau si\u00e8ge social \u00e0 Sylvain Saint-Sylvain d&rsquo;Anjou (49). Con\u00e7u par le cabinet AIA Architectes et construit par les filiales du Groupe Briand, ce nouveau b\u00e2timent de 800 m\u00b2 est une v\u00e9ritable vitrine technique et architecturale des savoir-faire du groupe \u00e0 travers [&hellip;]<\/p>\n","protected":false},"author":17,"featured_media":98102,"comment_status":"closed","ping_status":"closed","sticky":false,"template":"","format":"standard","meta":{"_et_pb_use_builder":"","_et_pb_old_content":"","_et_gb_content_width":"","footnotes":""},"categories":[10530,11953,6345,10764],"tags":[],"class_list":["post-98100","post","type-post","status-publish","format-standard","has-post-thumbnail","hentry","category-actualites","category-actualites-generalistes","category-economie-marches","category-woodsurfer"],"yoast_head":"<!-- This site is optimized with the Yoast SEO plugin v27.4 - https:\/\/yoast.com\/product\/yoast-seo-wordpress\/ -->\n<title>Bois et verre pour le nouveau si\u00e8ge social de Briand Construction Bois<\/title>\n<meta name=\"robots\" content=\"index, follow, max-snippet:-1, max-image-preview:large, max-video-preview:-1\" \/>\n<link rel=\"canonical\" href=\"https:\/\/batijournal.com\/index.php\/bois-verre-nouveau-siege-social-de-briand-construction-bois\/98100\/\" \/>\n<meta property=\"og:locale\" content=\"fr_FR\" \/>\n<meta property=\"og:type\" content=\"article\" \/>\n<meta property=\"og:title\" content=\"Bois et verre pour le nouveau si\u00e8ge social de Briand Construction Bois\" \/>\n<meta property=\"og:description\" content=\"Filiale du groupe Briand, Briand Construction Bois va inaugurer, le 2 f\u00e9vrier 2018, son nouveau si\u00e8ge social \u00e0 Sylvain Saint-Sylvain d&rsquo;Anjou (49). Con\u00e7u par le cabinet AIA Architectes et construit par les filiales du Groupe Briand, ce nouveau b\u00e2timent de 800 m\u00b2 est une v\u00e9ritable vitrine technique et architecturale des savoir-faire du groupe \u00e0 travers [&hellip;]\" \/>\n<meta property=\"og:url\" content=\"https:\/\/batijournal.com\/index.php\/bois-verre-nouveau-siege-social-de-briand-construction-bois\/98100\/\" \/>\n<meta property=\"og:site_name\" content=\"Batijournal\" \/>\n<meta property=\"article:published_time\" content=\"2018-01-15T11:09:43+00:00\" \/>\n<meta property=\"article:modified_time\" content=\"2019-07-15T10:13:05+00:00\" \/>\n<meta property=\"og:image\" content=\"https:\/\/batijournal.com\/wp-content\/uploads\/2018\/01\/siege-BCB.jpg\" \/>\n\t<meta property=\"og:image:width\" content=\"800\" \/>\n\t<meta property=\"og:image:height\" content=\"507\" \/>\n\t<meta property=\"og:image:type\" content=\"image\/jpeg\" \/>\n<meta name=\"author\" content=\"St\u00e9phane Miget\" \/>\n<meta name=\"twitter:card\" content=\"summary_large_image\" \/>\n<meta name=\"twitter:creator\" content=\"@bati_journal\" \/>\n<meta name=\"twitter:site\" content=\"@bati_journal\" \/>\n<meta name=\"twitter:label1\" content=\"\u00c9crit par\" \/>\n\t<meta name=\"twitter:data1\" content=\"St\u00e9phane Miget\" \/>\n\t<meta name=\"twitter:label2\" content=\"Dur\u00e9e de lecture estim\u00e9e\" \/>\n\t<meta name=\"twitter:data2\" content=\"1 minute\" \/>\n<script type=\"application\/ld+json\" class=\"yoast-schema-graph\">{\"@context\":\"https:\\\/\\\/schema.org\",\"@graph\":[{\"@type\":\"Article\",\"@id\":\"https:\\\/\\\/batijournal.com\\\/index.php\\\/bois-verre-nouveau-siege-social-de-briand-construction-bois\\\/98100\\\/#article\",\"isPartOf\":{\"@id\":\"https:\\\/\\\/batijournal.com\\\/index.php\\\/bois-verre-nouveau-siege-social-de-briand-construction-bois\\\/98100\\\/\"},\"author\":{\"name\":\"St\u00e9phane Miget\",\"@id\":\"https:\\\/\\\/batijournal.com\\\/#\\\/schema\\\/person\\\/1dc96ec6957aa1ccb25ebe78bb19f100\"},\"headline\":\"Bois et verre pour le nouveau si\u00e8ge social de Briand Construction Bois\",\"datePublished\":\"2018-01-15T11:09:43+00:00\",\"dateModified\":\"2019-07-15T10:13:05+00:00\",\"mainEntityOfPage\":{\"@id\":\"https:\\\/\\\/batijournal.com\\\/index.php\\\/bois-verre-nouveau-siege-social-de-briand-construction-bois\\\/98100\\\/\"},\"wordCount\":292,\"image\":{\"@id\":\"https:\\\/\\\/batijournal.com\\\/index.php\\\/bois-verre-nouveau-siege-social-de-briand-construction-bois\\\/98100\\\/#primaryimage\"},\"thumbnailUrl\":\"https:\\\/\\\/batijournal.com\\\/wp-content\\\/uploads\\\/2018\\\/01\\\/siege-BCB.jpg\",\"articleSection\":[\"Actualit\u00e9s\",\"Actualit\u00e9s g\u00e9n\u00e9ralistes\",\"\u00c9conomie &amp; March\u00e9s\",\"zz_Woodsurfer\"],\"inLanguage\":\"fr-FR\"},{\"@type\":\"WebPage\",\"@id\":\"https:\\\/\\\/batijournal.com\\\/index.php\\\/bois-verre-nouveau-siege-social-de-briand-construction-bois\\\/98100\\\/\",\"url\":\"https:\\\/\\\/batijournal.com\\\/index.php\\\/bois-verre-nouveau-siege-social-de-briand-construction-bois\\\/98100\\\/\",\"name\":\"Bois et verre pour le nouveau si\u00e8ge social de Briand Construction Bois\",\"isPartOf\":{\"@id\":\"https:\\\/\\\/batijournal.com\\\/#website\"},\"primaryImageOfPage\":{\"@id\":\"https:\\\/\\\/batijournal.com\\\/index.php\\\/bois-verre-nouveau-siege-social-de-briand-construction-bois\\\/98100\\\/#primaryimage\"},\"image\":{\"@id\":\"https:\\\/\\\/batijournal.com\\\/index.php\\\/bois-verre-nouveau-siege-social-de-briand-construction-bois\\\/98100\\\/#primaryimage\"},\"thumbnailUrl\":\"https:\\\/\\\/batijournal.com\\\/wp-content\\\/uploads\\\/2018\\\/01\\\/siege-BCB.jpg\",\"datePublished\":\"2018-01-15T11:09:43+00:00\",\"dateModified\":\"2019-07-15T10:13:05+00:00\",\"author\":{\"@id\":\"https:\\\/\\\/batijournal.com\\\/#\\\/schema\\\/person\\\/1dc96ec6957aa1ccb25ebe78bb19f100\"},\"breadcrumb\":{\"@id\":\"https:\\\/\\\/batijournal.com\\\/index.php\\\/bois-verre-nouveau-siege-social-de-briand-construction-bois\\\/98100\\\/#breadcrumb\"},\"inLanguage\":\"fr-FR\",\"potentialAction\":[{\"@type\":\"ReadAction\",\"target\":[\"https:\\\/\\\/batijournal.com\\\/index.php\\\/bois-verre-nouveau-siege-social-de-briand-construction-bois\\\/98100\\\/\"]}]},{\"@type\":\"ImageObject\",\"inLanguage\":\"fr-FR\",\"@id\":\"https:\\\/\\\/batijournal.com\\\/index.php\\\/bois-verre-nouveau-siege-social-de-briand-construction-bois\\\/98100\\\/#primaryimage\",\"url\":\"https:\\\/\\\/batijournal.com\\\/wp-content\\\/uploads\\\/2018\\\/01\\\/siege-BCB.jpg\",\"contentUrl\":\"https:\\\/\\\/batijournal.com\\\/wp-content\\\/uploads\\\/2018\\\/01\\\/siege-BCB.jpg\",\"width\":800,\"height\":507},{\"@type\":\"BreadcrumbList\",\"@id\":\"https:\\\/\\\/batijournal.com\\\/index.php\\\/bois-verre-nouveau-siege-social-de-briand-construction-bois\\\/98100\\\/#breadcrumb\",\"itemListElement\":[{\"@type\":\"ListItem\",\"position\":1,\"name\":\"Accueil\",\"item\":\"https:\\\/\\\/batijournal.com\\\/\"},{\"@type\":\"ListItem\",\"position\":2,\"name\":\"Actualit\u00e9s\",\"item\":\"https:\\\/\\\/batijournal.com\\\/index.php\\\/category\\\/actualites\\\/\"},{\"@type\":\"ListItem\",\"position\":3,\"name\":\"Bois et verre pour le nouveau si\u00e8ge social de Briand Construction Bois\"}]},{\"@type\":\"WebSite\",\"@id\":\"https:\\\/\\\/batijournal.com\\\/#website\",\"url\":\"https:\\\/\\\/batijournal.com\\\/\",\"name\":\"Batijournal\",\"description\":\"L&#039;actualit\u00e9 du b\u00e2timent\",\"potentialAction\":[{\"@type\":\"SearchAction\",\"target\":{\"@type\":\"EntryPoint\",\"urlTemplate\":\"https:\\\/\\\/batijournal.com\\\/?s={search_term_string}\"},\"query-input\":{\"@type\":\"PropertyValueSpecification\",\"valueRequired\":true,\"valueName\":\"search_term_string\"}}],\"inLanguage\":\"fr-FR\"},{\"@type\":\"Person\",\"@id\":\"https:\\\/\\\/batijournal.com\\\/#\\\/schema\\\/person\\\/1dc96ec6957aa1ccb25ebe78bb19f100\",\"name\":\"St\u00e9phane Miget\",\"image\":{\"@type\":\"ImageObject\",\"inLanguage\":\"fr-FR\",\"@id\":\"https:\\\/\\\/secure.gravatar.com\\\/avatar\\\/89915563d925342126b8ef0281b93d9d7fc337043e8df017f780908eb9644451?s=96&d=mm&r=g\",\"url\":\"https:\\\/\\\/secure.gravatar.com\\\/avatar\\\/89915563d925342126b8ef0281b93d9d7fc337043e8df017f780908eb9644451?s=96&d=mm&r=g\",\"contentUrl\":\"https:\\\/\\\/secure.gravatar.com\\\/avatar\\\/89915563d925342126b8ef0281b93d9d7fc337043e8df017f780908eb9644451?s=96&d=mm&r=g\",\"caption\":\"St\u00e9phane Miget\"},\"url\":\"https:\\\/\\\/batijournal.com\\\/index.php\\\/author\\\/stephane\\\/\"}]}<\/script>\n<!-- \/ Yoast SEO plugin. -->","yoast_head_json":{"title":"Bois et verre pour le nouveau si\u00e8ge social de Briand Construction Bois","robots":{"index":"index","follow":"follow","max-snippet":"max-snippet:-1","max-image-preview":"max-image-preview:large","max-video-preview":"max-video-preview:-1"},"canonical":"https:\/\/batijournal.com\/index.php\/bois-verre-nouveau-siege-social-de-briand-construction-bois\/98100\/","og_locale":"fr_FR","og_type":"article","og_title":"Bois et verre pour le nouveau si\u00e8ge social de Briand Construction Bois","og_description":"Filiale du groupe Briand, Briand Construction Bois va inaugurer, le 2 f\u00e9vrier 2018, son nouveau si\u00e8ge social \u00e0 Sylvain Saint-Sylvain d&rsquo;Anjou (49). Con\u00e7u par le cabinet AIA Architectes et construit par les filiales du Groupe Briand, ce nouveau b\u00e2timent de 800 m\u00b2 est une v\u00e9ritable vitrine technique et architecturale des savoir-faire du groupe \u00e0 travers [&hellip;]","og_url":"https:\/\/batijournal.com\/index.php\/bois-verre-nouveau-siege-social-de-briand-construction-bois\/98100\/","og_site_name":"Batijournal","article_published_time":"2018-01-15T11:09:43+00:00","article_modified_time":"2019-07-15T10:13:05+00:00","og_image":[{"width":800,"height":507,"url":"https:\/\/batijournal.com\/wp-content\/uploads\/2018\/01\/siege-BCB.jpg","type":"image\/jpeg"}],"author":"St\u00e9phane Miget","twitter_card":"summary_large_image","twitter_creator":"@bati_journal","twitter_site":"@bati_journal","twitter_misc":{"\u00c9crit par":"St\u00e9phane Miget","Dur\u00e9e de lecture estim\u00e9e":"1 minute"},"schema":{"@context":"https:\/\/schema.org","@graph":[{"@type":"Article","@id":"https:\/\/batijournal.com\/index.php\/bois-verre-nouveau-siege-social-de-briand-construction-bois\/98100\/#article","isPartOf":{"@id":"https:\/\/batijournal.com\/index.php\/bois-verre-nouveau-siege-social-de-briand-construction-bois\/98100\/"},"author":{"name":"St\u00e9phane Miget","@id":"https:\/\/batijournal.com\/#\/schema\/person\/1dc96ec6957aa1ccb25ebe78bb19f100"},"headline":"Bois et verre pour le nouveau si\u00e8ge social de Briand Construction Bois","datePublished":"2018-01-15T11:09:43+00:00","dateModified":"2019-07-15T10:13:05+00:00","mainEntityOfPage":{"@id":"https:\/\/batijournal.com\/index.php\/bois-verre-nouveau-siege-social-de-briand-construction-bois\/98100\/"},"wordCount":292,"image":{"@id":"https:\/\/batijournal.com\/index.php\/bois-verre-nouveau-siege-social-de-briand-construction-bois\/98100\/#primaryimage"},"thumbnailUrl":"https:\/\/batijournal.com\/wp-content\/uploads\/2018\/01\/siege-BCB.jpg","articleSection":["Actualit\u00e9s","Actualit\u00e9s g\u00e9n\u00e9ralistes","\u00c9conomie &amp; March\u00e9s","zz_Woodsurfer"],"inLanguage":"fr-FR"},{"@type":"WebPage","@id":"https:\/\/batijournal.com\/index.php\/bois-verre-nouveau-siege-social-de-briand-construction-bois\/98100\/","url":"https:\/\/batijournal.com\/index.php\/bois-verre-nouveau-siege-social-de-briand-construction-bois\/98100\/","name":"Bois et verre pour le nouveau si\u00e8ge social de Briand Construction Bois","isPartOf":{"@id":"https:\/\/batijournal.com\/#website"},"primaryImageOfPage":{"@id":"https:\/\/batijournal.com\/index.php\/bois-verre-nouveau-siege-social-de-briand-construction-bois\/98100\/#primaryimage"},"image":{"@id":"https:\/\/batijournal.com\/index.php\/bois-verre-nouveau-siege-social-de-briand-construction-bois\/98100\/#primaryimage"},"thumbnailUrl":"https:\/\/batijournal.com\/wp-content\/uploads\/2018\/01\/siege-BCB.jpg","datePublished":"2018-01-15T11:09:43+00:00","dateModified":"2019-07-15T10:13:05+00:00","author":{"@id":"https:\/\/batijournal.com\/#\/schema\/person\/1dc96ec6957aa1ccb25ebe78bb19f100"},"breadcrumb":{"@id":"https:\/\/batijournal.com\/index.php\/bois-verre-nouveau-siege-social-de-briand-construction-bois\/98100\/#breadcrumb"},"inLanguage":"fr-FR","potentialAction":[{"@type":"ReadAction","target":["https:\/\/batijournal.com\/index.php\/bois-verre-nouveau-siege-social-de-briand-construction-bois\/98100\/"]}]},{"@type":"ImageObject","inLanguage":"fr-FR","@id":"https:\/\/batijournal.com\/index.php\/bois-verre-nouveau-siege-social-de-briand-construction-bois\/98100\/#primaryimage","url":"https:\/\/batijournal.com\/wp-content\/uploads\/2018\/01\/siege-BCB.jpg","contentUrl":"https:\/\/batijournal.com\/wp-content\/uploads\/2018\/01\/siege-BCB.jpg","width":800,"height":507},{"@type":"BreadcrumbList","@id":"https:\/\/batijournal.com\/index.php\/bois-verre-nouveau-siege-social-de-briand-construction-bois\/98100\/#breadcrumb","itemListElement":[{"@type":"ListItem","position":1,"name":"Accueil","item":"https:\/\/batijournal.com\/"},{"@type":"ListItem","position":2,"name":"Actualit\u00e9s","item":"https:\/\/batijournal.com\/index.php\/category\/actualites\/"},{"@type":"ListItem","position":3,"name":"Bois et verre pour le nouveau si\u00e8ge social de Briand Construction Bois"}]},{"@type":"WebSite","@id":"https:\/\/batijournal.com\/#website","url":"https:\/\/batijournal.com\/","name":"Batijournal","description":"L&#039;actualit\u00e9 du b\u00e2timent","potentialAction":[{"@type":"SearchAction","target":{"@type":"EntryPoint","urlTemplate":"https:\/\/batijournal.com\/?s={search_term_string}"},"query-input":{"@type":"PropertyValueSpecification","valueRequired":true,"valueName":"search_term_string"}}],"inLanguage":"fr-FR"},{"@type":"Person","@id":"https:\/\/batijournal.com\/#\/schema\/person\/1dc96ec6957aa1ccb25ebe78bb19f100","name":"St\u00e9phane Miget","image":{"@type":"ImageObject","inLanguage":"fr-FR","@id":"https:\/\/secure.gravatar.com\/avatar\/89915563d925342126b8ef0281b93d9d7fc337043e8df017f780908eb9644451?s=96&d=mm&r=g","url":"https:\/\/secure.gravatar.com\/avatar\/89915563d925342126b8ef0281b93d9d7fc337043e8df017f780908eb9644451?s=96&d=mm&r=g","contentUrl":"https:\/\/secure.gravatar.com\/avatar\/89915563d925342126b8ef0281b93d9d7fc337043e8df017f780908eb9644451?s=96&d=mm&r=g","caption":"St\u00e9phane Miget"},"url":"https:\/\/batijournal.com\/index.php\/author\/stephane\/"}]}},"_links":{"self":[{"href":"https:\/\/batijournal.com\/index.php\/wp-json\/wp\/v2\/posts\/98100","targetHints":{"allow":["GET"]}}],"collection":[{"href":"https:\/\/batijournal.com\/index.php\/wp-json\/wp\/v2\/posts"}],"about":[{"href":"https:\/\/batijournal.com\/index.php\/wp-json\/wp\/v2\/types\/post"}],"author":[{"embeddable":true,"href":"https:\/\/batijournal.com\/index.php\/wp-json\/wp\/v2\/users\/17"}],"replies":[{"embeddable":true,"href":"https:\/\/batijournal.com\/index.php\/wp-json\/wp\/v2\/comments?post=98100"}],"version-history":[{"count":0,"href":"https:\/\/batijournal.com\/index.php\/wp-json\/wp\/v2\/posts\/98100\/revisions"}],"wp:featuredmedia":[{"embeddable":true,"href":"https:\/\/batijournal.com\/index.php\/wp-json\/wp\/v2\/media\/98102"}],"wp:attachment":[{"href":"https:\/\/batijournal.com\/index.php\/wp-json\/wp\/v2\/media?parent=98100"}],"wp:term":[{"taxonomy":"category","embeddable":true,"href":"https:\/\/batijournal.com\/index.php\/wp-json\/wp\/v2\/categories?post=98100"},{"taxonomy":"post_tag","embeddable":true,"href":"https:\/\/batijournal.com\/index.php\/wp-json\/wp\/v2\/tags?post=98100"}],"curies":[{"name":"wp","href":"https:\/\/api.w.org\/{rel}","templated":true}]}}