{"id":98115,"date":"2018-01-16T08:01:12","date_gmt":"2018-01-16T07:01:12","guid":{"rendered":"http:\/\/batijournal.com\/?p=98115"},"modified":"2019-07-15T12:10:47","modified_gmt":"2019-07-15T10:10:47","slug":"7eme-edition-trophees-jeunes-talents-recompense-lensa-clermont-ferrand","status":"publish","type":"post","link":"https:\/\/batijournal.com\/index.php\/7eme-edition-trophees-jeunes-talents-recompense-lensa-clermont-ferrand\/98115\/","title":{"rendered":"La 7\u00e8me \u00e9dition des Troph\u00e9es Jeunes Talents r\u00e9compense l\u2019ENSA Clermont-Ferrand"},"content":{"rendered":"<p><strong>La 7\u00e8me \u00e9dition des Troph\u00e9es Jeunes Talents, organis\u00e9e par l\u2019Association QUALITEL et son organisme certificateur CERQUAL Qualitel Certification en collaboration avec l\u2019UNSFA, a r\u00e9compens\u00e9 l\u2019ENSA Clermont-Ferrand pour son projet \u00ab Habiter le territoire rural \u00bb. Ces troph\u00e9es ont vocation \u00e0 r\u00e9compenser le travail r\u00e9alis\u00e9 par des \u00e9tudiants en architecture sur des projets pla\u00e7ant la qualit\u00e9 du logement et la performance de l\u2019habitat au c\u0153ur de leur probl\u00e9matique.<\/strong><\/p>\n<p>Portant sur l\u2019am\u00e9nagement d\u2019un territoire rural \u00e0 Lizi\u00e8res dans la Creuse, le projet prim\u00e9 par les Troph\u00e9es Jeunes Talents 2017, pr\u00e9sent\u00e9 par Violette Soleilhac et Aubin Prost, \u00e9tudiants en 3\u00e8me ann\u00e9e \u00e0 l\u2019ENSA Clermont-Ferrand, repose sur une d\u00e9marche participative entre les \u00e9lus locaux, les habitants et les \u00e9tudiants de l\u2019ENSA Clermont-Ferrand. Plusieurs rencontres ont ainsi permis d\u2019identifier les principales attentes et contraintes li\u00e9es au d\u00e9veloppement du bourg et de proposer des solutions innovantes et adapt\u00e9es.<\/p>\n<p><strong>Le projet<\/strong><br \/>\nLe Pays Ouest Creuse est jalonn\u00e9 de bourgs aux morphologies b\u00e2ties r\u00e9currentes, les \u00ab bourgs rues \u00bb. Lizi\u00e8res, petite commune de 266 habitants, s\u2019organise actuellement autour d\u2019une maille viaire selon laquelle les b\u00e2timents s\u2019articulent, tout en proposant des espaces vierges. Le l\u00e9ger vallon lui conf\u00e8re une qualit\u00e9 paysag\u00e8re.<br \/>\nLa parcelle de projet remplit toutes les potentialit\u00e9s \u00e9nonc\u00e9es : forte pr\u00e9sence hydrographique, rapport au paysage, \u00e0 proximit\u00e9 de terres agricoles, ainsi qu\u2019un ensoleillement privil\u00e9gi\u00e9.<br \/>\nLe projet propos\u00e9 cherche \u00e0 s\u2019appuyer sur ces micro-entit\u00e9s paysag\u00e8res et \u00e0 r\u00e9pondre au besoin de d\u00e9velopper une offre r\u00e9sidentielle visant \u00e0 satisfaire diff\u00e9rents types de profils : famille, jeunes actifs ou encore seniors.<br \/>\nEn coh\u00e9rence avec le territoire et ses contraintes, le travail r\u00e9alis\u00e9 se caract\u00e9rise par deux approches :<br \/>\n&#8211; La rive du centre bourg constitu\u00e9 d\u2019habitats semi-group\u00e9s ou individuels en dispersion, r\u00e9pondant \u00e0 la demande de la Mairie ;<br \/>\n&#8211; Un p\u00f4le administratif plut\u00f4t abord\u00e9 par une densification en haut de parcelle.<br \/>\nDiff\u00e9rents types de logements ont donc \u00e9t\u00e9 propos\u00e9s :<br \/>\n&#8211; 3 logements en accession pour famille ;<br \/>\n&#8211; 2 logements mitoyens en accession ;<br \/>\n&#8211; 2 logements seniors en location ;<br \/>\n&#8211; 6 logements group\u00e9s.<\/p>\n<p>Ces 13 logements se diff\u00e9rencient par leur implantation, leurs orientations par rapport \u00e0 la rue ou encore leurs rapports au paysage.<br \/>\nLa finalit\u00e9 du projet se trouve dans la pr\u00e9sentation de l\u2019esquisse et des maquettes sur le territoire creusois, en compagnie des \u00e9lus et des habitants. Cette intervention leur a permis de disposer d\u2019outils et d\u2019une vision prospective quant au devenir du bourg.<br \/>\nLe projet de l\u2019ENSA Clermont-Ferrand r\u00e9pond \u00e0 la probl\u00e9matique de coh\u00e9sion du territoire, tout en traitant pleinement les enjeux du respect de l\u2019environnement (biodiversit\u00e9, \u00e9conomie circulaire, performance \u00e9nerg\u00e9tique, r\u00e9duction des \u00e9missions de carbone) et de la qualit\u00e9 de vie.<br \/>\nLe jury a de fait soulign\u00e9 le travail remarquable r\u00e9alis\u00e9 par l\u2019\u00e9quipe laur\u00e9ate.<\/p>\n<p>Visuel : L\u2019ENSA de CLERMONT-FERRAND \u2013 Violette Solheilhac et Aubin Prost \u00ab Habiter le territoire rural \u00bb, projet \u00e0 Lizi\u00e8res dans la Creuse<\/p>\n<p>&nbsp;<\/p>\n","protected":false},"excerpt":{"rendered":"<p>La 7\u00e8me \u00e9dition des Troph\u00e9es Jeunes Talents, organis\u00e9e par l\u2019Association QUALITEL et son organisme certificateur CERQUAL Qualitel Certification en collaboration avec l\u2019UNSFA, a r\u00e9compens\u00e9 l\u2019ENSA Clermont-Ferrand pour son projet \u00ab Habiter le territoire rural \u00bb. Ces troph\u00e9es ont vocation \u00e0 r\u00e9compenser le travail r\u00e9alis\u00e9 par des \u00e9tudiants en architecture sur des projets pla\u00e7ant la qualit\u00e9 [&hellip;]<\/p>\n","protected":false},"author":17,"featured_media":98116,"comment_status":"closed","ping_status":"closed","sticky":false,"template":"","format":"standard","meta":{"_et_pb_use_builder":"","_et_pb_old_content":"","_et_gb_content_width":"","footnotes":""},"categories":[10530,6340],"tags":[],"class_list":["post-98115","post","type-post","status-publish","format-standard","has-post-thumbnail","hentry","category-actualites","category-architecture-conception"],"yoast_head":"<!-- This site is optimized with the Yoast SEO plugin v27.4 - https:\/\/yoast.com\/product\/yoast-seo-wordpress\/ -->\n<title>La 7\u00e8me \u00e9dition des Troph\u00e9es Jeunes Talents r\u00e9compense l\u2019ENSA Clermont-Ferrand<\/title>\n<meta name=\"robots\" content=\"index, follow, max-snippet:-1, max-image-preview:large, max-video-preview:-1\" \/>\n<link rel=\"canonical\" href=\"https:\/\/batijournal.com\/index.php\/7eme-edition-trophees-jeunes-talents-recompense-lensa-clermont-ferrand\/98115\/\" \/>\n<meta property=\"og:locale\" content=\"fr_FR\" \/>\n<meta property=\"og:type\" content=\"article\" \/>\n<meta property=\"og:title\" content=\"La 7\u00e8me \u00e9dition des Troph\u00e9es Jeunes Talents r\u00e9compense l\u2019ENSA Clermont-Ferrand\" \/>\n<meta property=\"og:description\" content=\"La 7\u00e8me \u00e9dition des Troph\u00e9es Jeunes Talents, organis\u00e9e par l\u2019Association QUALITEL et son organisme certificateur CERQUAL Qualitel Certification en collaboration avec l\u2019UNSFA, a r\u00e9compens\u00e9 l\u2019ENSA Clermont-Ferrand pour son projet \u00ab Habiter le territoire rural \u00bb. Ces troph\u00e9es ont vocation \u00e0 r\u00e9compenser le travail r\u00e9alis\u00e9 par des \u00e9tudiants en architecture sur des projets pla\u00e7ant la qualit\u00e9 [&hellip;]\" \/>\n<meta property=\"og:url\" content=\"https:\/\/batijournal.com\/index.php\/7eme-edition-trophees-jeunes-talents-recompense-lensa-clermont-ferrand\/98115\/\" \/>\n<meta property=\"og:site_name\" content=\"Batijournal\" \/>\n<meta property=\"article:published_time\" content=\"2018-01-16T07:01:12+00:00\" \/>\n<meta property=\"article:modified_time\" content=\"2019-07-15T10:10:47+00:00\" \/>\n<meta property=\"og:image\" content=\"https:\/\/batijournal.com\/wp-content\/uploads\/2018\/01\/ENSA-de-CLERMONT-FERRAND.png\" \/>\n\t<meta property=\"og:image:width\" content=\"1117\" \/>\n\t<meta property=\"og:image:height\" content=\"486\" \/>\n\t<meta property=\"og:image:type\" content=\"image\/png\" \/>\n<meta name=\"author\" content=\"St\u00e9phane Miget\" \/>\n<meta name=\"twitter:card\" content=\"summary_large_image\" \/>\n<meta name=\"twitter:creator\" content=\"@bati_journal\" \/>\n<meta name=\"twitter:site\" content=\"@bati_journal\" \/>\n<meta name=\"twitter:label1\" content=\"\u00c9crit par\" \/>\n\t<meta name=\"twitter:data1\" content=\"St\u00e9phane Miget\" \/>\n\t<meta name=\"twitter:label2\" content=\"Dur\u00e9e de lecture estim\u00e9e\" \/>\n\t<meta name=\"twitter:data2\" content=\"3 minutes\" \/>\n<script type=\"application\/ld+json\" class=\"yoast-schema-graph\">{\"@context\":\"https:\\\/\\\/schema.org\",\"@graph\":[{\"@type\":\"Article\",\"@id\":\"https:\\\/\\\/batijournal.com\\\/index.php\\\/7eme-edition-trophees-jeunes-talents-recompense-lensa-clermont-ferrand\\\/98115\\\/#article\",\"isPartOf\":{\"@id\":\"https:\\\/\\\/batijournal.com\\\/index.php\\\/7eme-edition-trophees-jeunes-talents-recompense-lensa-clermont-ferrand\\\/98115\\\/\"},\"author\":{\"name\":\"St\u00e9phane Miget\",\"@id\":\"https:\\\/\\\/batijournal.com\\\/#\\\/schema\\\/person\\\/1dc96ec6957aa1ccb25ebe78bb19f100\"},\"headline\":\"La 7\u00e8me \u00e9dition des Troph\u00e9es Jeunes Talents r\u00e9compense l\u2019ENSA Clermont-Ferrand\",\"datePublished\":\"2018-01-16T07:01:12+00:00\",\"dateModified\":\"2019-07-15T10:10:47+00:00\",\"mainEntityOfPage\":{\"@id\":\"https:\\\/\\\/batijournal.com\\\/index.php\\\/7eme-edition-trophees-jeunes-talents-recompense-lensa-clermont-ferrand\\\/98115\\\/\"},\"wordCount\":532,\"image\":{\"@id\":\"https:\\\/\\\/batijournal.com\\\/index.php\\\/7eme-edition-trophees-jeunes-talents-recompense-lensa-clermont-ferrand\\\/98115\\\/#primaryimage\"},\"thumbnailUrl\":\"https:\\\/\\\/batijournal.com\\\/wp-content\\\/uploads\\\/2018\\\/01\\\/ENSA-de-CLERMONT-FERRAND.png\",\"articleSection\":[\"Actualit\u00e9s\",\"Architecture &amp; Conception\"],\"inLanguage\":\"fr-FR\"},{\"@type\":\"WebPage\",\"@id\":\"https:\\\/\\\/batijournal.com\\\/index.php\\\/7eme-edition-trophees-jeunes-talents-recompense-lensa-clermont-ferrand\\\/98115\\\/\",\"url\":\"https:\\\/\\\/batijournal.com\\\/index.php\\\/7eme-edition-trophees-jeunes-talents-recompense-lensa-clermont-ferrand\\\/98115\\\/\",\"name\":\"La 7\u00e8me \u00e9dition des Troph\u00e9es Jeunes Talents r\u00e9compense l\u2019ENSA Clermont-Ferrand\",\"isPartOf\":{\"@id\":\"https:\\\/\\\/batijournal.com\\\/#website\"},\"primaryImageOfPage\":{\"@id\":\"https:\\\/\\\/batijournal.com\\\/index.php\\\/7eme-edition-trophees-jeunes-talents-recompense-lensa-clermont-ferrand\\\/98115\\\/#primaryimage\"},\"image\":{\"@id\":\"https:\\\/\\\/batijournal.com\\\/index.php\\\/7eme-edition-trophees-jeunes-talents-recompense-lensa-clermont-ferrand\\\/98115\\\/#primaryimage\"},\"thumbnailUrl\":\"https:\\\/\\\/batijournal.com\\\/wp-content\\\/uploads\\\/2018\\\/01\\\/ENSA-de-CLERMONT-FERRAND.png\",\"datePublished\":\"2018-01-16T07:01:12+00:00\",\"dateModified\":\"2019-07-15T10:10:47+00:00\",\"author\":{\"@id\":\"https:\\\/\\\/batijournal.com\\\/#\\\/schema\\\/person\\\/1dc96ec6957aa1ccb25ebe78bb19f100\"},\"breadcrumb\":{\"@id\":\"https:\\\/\\\/batijournal.com\\\/index.php\\\/7eme-edition-trophees-jeunes-talents-recompense-lensa-clermont-ferrand\\\/98115\\\/#breadcrumb\"},\"inLanguage\":\"fr-FR\",\"potentialAction\":[{\"@type\":\"ReadAction\",\"target\":[\"https:\\\/\\\/batijournal.com\\\/index.php\\\/7eme-edition-trophees-jeunes-talents-recompense-lensa-clermont-ferrand\\\/98115\\\/\"]}]},{\"@type\":\"ImageObject\",\"inLanguage\":\"fr-FR\",\"@id\":\"https:\\\/\\\/batijournal.com\\\/index.php\\\/7eme-edition-trophees-jeunes-talents-recompense-lensa-clermont-ferrand\\\/98115\\\/#primaryimage\",\"url\":\"https:\\\/\\\/batijournal.com\\\/wp-content\\\/uploads\\\/2018\\\/01\\\/ENSA-de-CLERMONT-FERRAND.png\",\"contentUrl\":\"https:\\\/\\\/batijournal.com\\\/wp-content\\\/uploads\\\/2018\\\/01\\\/ENSA-de-CLERMONT-FERRAND.png\",\"width\":1117,\"height\":486},{\"@type\":\"BreadcrumbList\",\"@id\":\"https:\\\/\\\/batijournal.com\\\/index.php\\\/7eme-edition-trophees-jeunes-talents-recompense-lensa-clermont-ferrand\\\/98115\\\/#breadcrumb\",\"itemListElement\":[{\"@type\":\"ListItem\",\"position\":1,\"name\":\"Accueil\",\"item\":\"https:\\\/\\\/batijournal.com\\\/\"},{\"@type\":\"ListItem\",\"position\":2,\"name\":\"Actualit\u00e9s\",\"item\":\"https:\\\/\\\/batijournal.com\\\/index.php\\\/category\\\/actualites\\\/\"},{\"@type\":\"ListItem\",\"position\":3,\"name\":\"La 7\u00e8me \u00e9dition des Troph\u00e9es Jeunes Talents r\u00e9compense l\u2019ENSA Clermont-Ferrand\"}]},{\"@type\":\"WebSite\",\"@id\":\"https:\\\/\\\/batijournal.com\\\/#website\",\"url\":\"https:\\\/\\\/batijournal.com\\\/\",\"name\":\"Batijournal\",\"description\":\"L&#039;actualit\u00e9 du b\u00e2timent\",\"potentialAction\":[{\"@type\":\"SearchAction\",\"target\":{\"@type\":\"EntryPoint\",\"urlTemplate\":\"https:\\\/\\\/batijournal.com\\\/?s={search_term_string}\"},\"query-input\":{\"@type\":\"PropertyValueSpecification\",\"valueRequired\":true,\"valueName\":\"search_term_string\"}}],\"inLanguage\":\"fr-FR\"},{\"@type\":\"Person\",\"@id\":\"https:\\\/\\\/batijournal.com\\\/#\\\/schema\\\/person\\\/1dc96ec6957aa1ccb25ebe78bb19f100\",\"name\":\"St\u00e9phane Miget\",\"image\":{\"@type\":\"ImageObject\",\"inLanguage\":\"fr-FR\",\"@id\":\"https:\\\/\\\/secure.gravatar.com\\\/avatar\\\/89915563d925342126b8ef0281b93d9d7fc337043e8df017f780908eb9644451?s=96&d=mm&r=g\",\"url\":\"https:\\\/\\\/secure.gravatar.com\\\/avatar\\\/89915563d925342126b8ef0281b93d9d7fc337043e8df017f780908eb9644451?s=96&d=mm&r=g\",\"contentUrl\":\"https:\\\/\\\/secure.gravatar.com\\\/avatar\\\/89915563d925342126b8ef0281b93d9d7fc337043e8df017f780908eb9644451?s=96&d=mm&r=g\",\"caption\":\"St\u00e9phane Miget\"},\"url\":\"https:\\\/\\\/batijournal.com\\\/index.php\\\/author\\\/stephane\\\/\"}]}<\/script>\n<!-- \/ Yoast SEO plugin. -->","yoast_head_json":{"title":"La 7\u00e8me \u00e9dition des Troph\u00e9es Jeunes Talents r\u00e9compense l\u2019ENSA Clermont-Ferrand","robots":{"index":"index","follow":"follow","max-snippet":"max-snippet:-1","max-image-preview":"max-image-preview:large","max-video-preview":"max-video-preview:-1"},"canonical":"https:\/\/batijournal.com\/index.php\/7eme-edition-trophees-jeunes-talents-recompense-lensa-clermont-ferrand\/98115\/","og_locale":"fr_FR","og_type":"article","og_title":"La 7\u00e8me \u00e9dition des Troph\u00e9es Jeunes Talents r\u00e9compense l\u2019ENSA Clermont-Ferrand","og_description":"La 7\u00e8me \u00e9dition des Troph\u00e9es Jeunes Talents, organis\u00e9e par l\u2019Association QUALITEL et son organisme certificateur CERQUAL Qualitel Certification en collaboration avec l\u2019UNSFA, a r\u00e9compens\u00e9 l\u2019ENSA Clermont-Ferrand pour son projet \u00ab Habiter le territoire rural \u00bb. Ces troph\u00e9es ont vocation \u00e0 r\u00e9compenser le travail r\u00e9alis\u00e9 par des \u00e9tudiants en architecture sur des projets pla\u00e7ant la qualit\u00e9 [&hellip;]","og_url":"https:\/\/batijournal.com\/index.php\/7eme-edition-trophees-jeunes-talents-recompense-lensa-clermont-ferrand\/98115\/","og_site_name":"Batijournal","article_published_time":"2018-01-16T07:01:12+00:00","article_modified_time":"2019-07-15T10:10:47+00:00","og_image":[{"width":1117,"height":486,"url":"https:\/\/batijournal.com\/wp-content\/uploads\/2018\/01\/ENSA-de-CLERMONT-FERRAND.png","type":"image\/png"}],"author":"St\u00e9phane Miget","twitter_card":"summary_large_image","twitter_creator":"@bati_journal","twitter_site":"@bati_journal","twitter_misc":{"\u00c9crit par":"St\u00e9phane Miget","Dur\u00e9e de lecture estim\u00e9e":"3 minutes"},"schema":{"@context":"https:\/\/schema.org","@graph":[{"@type":"Article","@id":"https:\/\/batijournal.com\/index.php\/7eme-edition-trophees-jeunes-talents-recompense-lensa-clermont-ferrand\/98115\/#article","isPartOf":{"@id":"https:\/\/batijournal.com\/index.php\/7eme-edition-trophees-jeunes-talents-recompense-lensa-clermont-ferrand\/98115\/"},"author":{"name":"St\u00e9phane Miget","@id":"https:\/\/batijournal.com\/#\/schema\/person\/1dc96ec6957aa1ccb25ebe78bb19f100"},"headline":"La 7\u00e8me \u00e9dition des Troph\u00e9es Jeunes Talents r\u00e9compense l\u2019ENSA Clermont-Ferrand","datePublished":"2018-01-16T07:01:12+00:00","dateModified":"2019-07-15T10:10:47+00:00","mainEntityOfPage":{"@id":"https:\/\/batijournal.com\/index.php\/7eme-edition-trophees-jeunes-talents-recompense-lensa-clermont-ferrand\/98115\/"},"wordCount":532,"image":{"@id":"https:\/\/batijournal.com\/index.php\/7eme-edition-trophees-jeunes-talents-recompense-lensa-clermont-ferrand\/98115\/#primaryimage"},"thumbnailUrl":"https:\/\/batijournal.com\/wp-content\/uploads\/2018\/01\/ENSA-de-CLERMONT-FERRAND.png","articleSection":["Actualit\u00e9s","Architecture &amp; Conception"],"inLanguage":"fr-FR"},{"@type":"WebPage","@id":"https:\/\/batijournal.com\/index.php\/7eme-edition-trophees-jeunes-talents-recompense-lensa-clermont-ferrand\/98115\/","url":"https:\/\/batijournal.com\/index.php\/7eme-edition-trophees-jeunes-talents-recompense-lensa-clermont-ferrand\/98115\/","name":"La 7\u00e8me \u00e9dition des Troph\u00e9es Jeunes Talents r\u00e9compense l\u2019ENSA Clermont-Ferrand","isPartOf":{"@id":"https:\/\/batijournal.com\/#website"},"primaryImageOfPage":{"@id":"https:\/\/batijournal.com\/index.php\/7eme-edition-trophees-jeunes-talents-recompense-lensa-clermont-ferrand\/98115\/#primaryimage"},"image":{"@id":"https:\/\/batijournal.com\/index.php\/7eme-edition-trophees-jeunes-talents-recompense-lensa-clermont-ferrand\/98115\/#primaryimage"},"thumbnailUrl":"https:\/\/batijournal.com\/wp-content\/uploads\/2018\/01\/ENSA-de-CLERMONT-FERRAND.png","datePublished":"2018-01-16T07:01:12+00:00","dateModified":"2019-07-15T10:10:47+00:00","author":{"@id":"https:\/\/batijournal.com\/#\/schema\/person\/1dc96ec6957aa1ccb25ebe78bb19f100"},"breadcrumb":{"@id":"https:\/\/batijournal.com\/index.php\/7eme-edition-trophees-jeunes-talents-recompense-lensa-clermont-ferrand\/98115\/#breadcrumb"},"inLanguage":"fr-FR","potentialAction":[{"@type":"ReadAction","target":["https:\/\/batijournal.com\/index.php\/7eme-edition-trophees-jeunes-talents-recompense-lensa-clermont-ferrand\/98115\/"]}]},{"@type":"ImageObject","inLanguage":"fr-FR","@id":"https:\/\/batijournal.com\/index.php\/7eme-edition-trophees-jeunes-talents-recompense-lensa-clermont-ferrand\/98115\/#primaryimage","url":"https:\/\/batijournal.com\/wp-content\/uploads\/2018\/01\/ENSA-de-CLERMONT-FERRAND.png","contentUrl":"https:\/\/batijournal.com\/wp-content\/uploads\/2018\/01\/ENSA-de-CLERMONT-FERRAND.png","width":1117,"height":486},{"@type":"BreadcrumbList","@id":"https:\/\/batijournal.com\/index.php\/7eme-edition-trophees-jeunes-talents-recompense-lensa-clermont-ferrand\/98115\/#breadcrumb","itemListElement":[{"@type":"ListItem","position":1,"name":"Accueil","item":"https:\/\/batijournal.com\/"},{"@type":"ListItem","position":2,"name":"Actualit\u00e9s","item":"https:\/\/batijournal.com\/index.php\/category\/actualites\/"},{"@type":"ListItem","position":3,"name":"La 7\u00e8me \u00e9dition des Troph\u00e9es Jeunes Talents r\u00e9compense l\u2019ENSA Clermont-Ferrand"}]},{"@type":"WebSite","@id":"https:\/\/batijournal.com\/#website","url":"https:\/\/batijournal.com\/","name":"Batijournal","description":"L&#039;actualit\u00e9 du b\u00e2timent","potentialAction":[{"@type":"SearchAction","target":{"@type":"EntryPoint","urlTemplate":"https:\/\/batijournal.com\/?s={search_term_string}"},"query-input":{"@type":"PropertyValueSpecification","valueRequired":true,"valueName":"search_term_string"}}],"inLanguage":"fr-FR"},{"@type":"Person","@id":"https:\/\/batijournal.com\/#\/schema\/person\/1dc96ec6957aa1ccb25ebe78bb19f100","name":"St\u00e9phane Miget","image":{"@type":"ImageObject","inLanguage":"fr-FR","@id":"https:\/\/secure.gravatar.com\/avatar\/89915563d925342126b8ef0281b93d9d7fc337043e8df017f780908eb9644451?s=96&d=mm&r=g","url":"https:\/\/secure.gravatar.com\/avatar\/89915563d925342126b8ef0281b93d9d7fc337043e8df017f780908eb9644451?s=96&d=mm&r=g","contentUrl":"https:\/\/secure.gravatar.com\/avatar\/89915563d925342126b8ef0281b93d9d7fc337043e8df017f780908eb9644451?s=96&d=mm&r=g","caption":"St\u00e9phane Miget"},"url":"https:\/\/batijournal.com\/index.php\/author\/stephane\/"}]}},"_links":{"self":[{"href":"https:\/\/batijournal.com\/index.php\/wp-json\/wp\/v2\/posts\/98115","targetHints":{"allow":["GET"]}}],"collection":[{"href":"https:\/\/batijournal.com\/index.php\/wp-json\/wp\/v2\/posts"}],"about":[{"href":"https:\/\/batijournal.com\/index.php\/wp-json\/wp\/v2\/types\/post"}],"author":[{"embeddable":true,"href":"https:\/\/batijournal.com\/index.php\/wp-json\/wp\/v2\/users\/17"}],"replies":[{"embeddable":true,"href":"https:\/\/batijournal.com\/index.php\/wp-json\/wp\/v2\/comments?post=98115"}],"version-history":[{"count":0,"href":"https:\/\/batijournal.com\/index.php\/wp-json\/wp\/v2\/posts\/98115\/revisions"}],"wp:featuredmedia":[{"embeddable":true,"href":"https:\/\/batijournal.com\/index.php\/wp-json\/wp\/v2\/media\/98116"}],"wp:attachment":[{"href":"https:\/\/batijournal.com\/index.php\/wp-json\/wp\/v2\/media?parent=98115"}],"wp:term":[{"taxonomy":"category","embeddable":true,"href":"https:\/\/batijournal.com\/index.php\/wp-json\/wp\/v2\/categories?post=98115"},{"taxonomy":"post_tag","embeddable":true,"href":"https:\/\/batijournal.com\/index.php\/wp-json\/wp\/v2\/tags?post=98115"}],"curies":[{"name":"wp","href":"https:\/\/api.w.org\/{rel}","templated":true}]}}