{"id":98122,"date":"2018-01-16T08:40:00","date_gmt":"2018-01-16T07:40:00","guid":{"rendered":"http:\/\/batijournal.com\/?p=98122"},"modified":"2019-07-15T11:21:36","modified_gmt":"2019-07-15T09:21:36","slug":"vers-smart-buildings-capables-de-gerer-nos-besoins-electricite","status":"publish","type":"post","link":"https:\/\/batijournal.com\/index.php\/vers-smart-buildings-capables-de-gerer-nos-besoins-electricite\/98122\/","title":{"rendered":"Vers des Smart Buildings capables de g\u00e9rer nos besoins en \u00e9lectricit\u00e9"},"content":{"rendered":"<p>Un r\u00e9seau \u00e9lectrique qui d\u00e9cide de lui-m\u00eame la meilleure allocation possible de l\u2019\u00e9nergie, selon la production disponible, son co\u00fbt et les besoins des habitants. Ce concept \u00e9nerg\u00e9tique se concr\u00e9tise gr\u00e2ce aux chercheurs du Laboratoire d\u2019\u00e9lectronique de la Facult\u00e9 des Sciences et Techniques de l\u2019Ing\u00e9nieur de l&rsquo;EPFL, qui ont d\u00e9velopp\u00e9 un dispositif capable de collecter les donn\u00e9es individuelles informant sur notre consommation d\u2019\u00e9nergie et notre confort au sein d&rsquo;un b\u00e2timent. Le programme d\u00e9velopp\u00e9 par les chercheurs du Laboratoire d\u2019\u00e9lectronique est capable de r\u00e9colter les donn\u00e9es provenant de n\u2019importe quel objet connect\u00e9 &#8211; smartphones ou simples capteurs ins\u00e9r\u00e9s sur des appareils \u00e9lectriques &#8211; il donne une image globale des besoins en \u00e9lectricit\u00e9, aussi bien spatialement que temporellement. L\u2019objectif sera d\u2019utiliser ces mesures pour informer le r\u00e9seau \u00e9lectrique de l\u2019activit\u00e9 de chaque b\u00e2timent, afin qu\u2019il puisse anticiper nos besoins. Le r\u00e9seau conna\u00eetra ainsi les besoins en \u00e9nergie, et pourra d\u00e9cider intelligemment de la meilleure allocation des ressources \u00e0 disposition. L\u2019interface d\u00e9velopp\u00e9e par les chercheurs pourra r\u00e9colter toutes les donn\u00e9es \u00e9mises et r\u00e9unir tous les besoins individuels. Les r\u00e9sultats de cette recherche ont \u00e9t\u00e9 publi\u00e9s dans la revue Elsevier Automation in Construction.<\/p>\n<p>Source : Mediacom &#8211; Clara Marc<\/p>\n<p>&nbsp;<\/p>\n","protected":false},"excerpt":{"rendered":"<p>Un r\u00e9seau \u00e9lectrique qui d\u00e9cide de lui-m\u00eame la meilleure allocation possible de l\u2019\u00e9nergie, selon la production disponible, son co\u00fbt et les besoins des habitants. Ce concept \u00e9nerg\u00e9tique se concr\u00e9tise gr\u00e2ce aux chercheurs du Laboratoire d\u2019\u00e9lectronique de la Facult\u00e9 des Sciences et Techniques de l\u2019Ing\u00e9nieur de l&rsquo;EPFL, qui ont d\u00e9velopp\u00e9 un dispositif capable de collecter les [&hellip;]<\/p>\n","protected":false},"author":17,"featured_media":98123,"comment_status":"closed","ping_status":"closed","sticky":false,"template":"","format":"standard","meta":{"_et_pb_use_builder":"","_et_pb_old_content":"","_et_gb_content_width":"","footnotes":""},"categories":[10530,6340],"tags":[12127,6559],"class_list":["post-98122","post","type-post","status-publish","format-standard","has-post-thumbnail","hentry","category-actualites","category-architecture-conception","tag-iot","tag-smart-building"],"yoast_head":"<!-- This site is optimized with the Yoast SEO plugin v27.4 - https:\/\/yoast.com\/product\/yoast-seo-wordpress\/ -->\n<title>Vers des Smart Buildings capables de g\u00e9rer nos besoins en \u00e9lectricit\u00e9<\/title>\n<meta name=\"robots\" content=\"index, follow, max-snippet:-1, max-image-preview:large, max-video-preview:-1\" \/>\n<link rel=\"canonical\" href=\"https:\/\/batijournal.com\/index.php\/vers-smart-buildings-capables-de-gerer-nos-besoins-electricite\/98122\/\" \/>\n<meta property=\"og:locale\" content=\"fr_FR\" \/>\n<meta property=\"og:type\" content=\"article\" \/>\n<meta property=\"og:title\" content=\"Vers des Smart Buildings capables de g\u00e9rer nos besoins en \u00e9lectricit\u00e9\" \/>\n<meta property=\"og:description\" content=\"Un r\u00e9seau \u00e9lectrique qui d\u00e9cide de lui-m\u00eame la meilleure allocation possible de l\u2019\u00e9nergie, selon la production disponible, son co\u00fbt et les besoins des habitants. Ce concept \u00e9nerg\u00e9tique se concr\u00e9tise gr\u00e2ce aux chercheurs du Laboratoire d\u2019\u00e9lectronique de la Facult\u00e9 des Sciences et Techniques de l\u2019Ing\u00e9nieur de l&rsquo;EPFL, qui ont d\u00e9velopp\u00e9 un dispositif capable de collecter les [&hellip;]\" \/>\n<meta property=\"og:url\" content=\"https:\/\/batijournal.com\/index.php\/vers-smart-buildings-capables-de-gerer-nos-besoins-electricite\/98122\/\" \/>\n<meta property=\"og:site_name\" content=\"Batijournal\" \/>\n<meta property=\"article:published_time\" content=\"2018-01-16T07:40:00+00:00\" \/>\n<meta property=\"article:modified_time\" content=\"2019-07-15T09:21:36+00:00\" \/>\n<meta property=\"og:image\" content=\"https:\/\/batijournal.com\/wp-content\/uploads\/2018\/01\/batiment-energie.jpg\" \/>\n\t<meta property=\"og:image:width\" content=\"800\" \/>\n\t<meta property=\"og:image:height\" content=\"481\" \/>\n\t<meta property=\"og:image:type\" content=\"image\/jpeg\" \/>\n<meta name=\"author\" content=\"St\u00e9phane Miget\" \/>\n<meta name=\"twitter:card\" content=\"summary_large_image\" \/>\n<meta name=\"twitter:creator\" content=\"@bati_journal\" \/>\n<meta name=\"twitter:site\" content=\"@bati_journal\" \/>\n<meta name=\"twitter:label1\" content=\"\u00c9crit par\" \/>\n\t<meta name=\"twitter:data1\" content=\"St\u00e9phane Miget\" \/>\n\t<meta name=\"twitter:label2\" content=\"Dur\u00e9e de lecture estim\u00e9e\" \/>\n\t<meta name=\"twitter:data2\" content=\"1 minute\" \/>\n<script type=\"application\/ld+json\" class=\"yoast-schema-graph\">{\"@context\":\"https:\\\/\\\/schema.org\",\"@graph\":[{\"@type\":\"Article\",\"@id\":\"https:\\\/\\\/batijournal.com\\\/index.php\\\/vers-smart-buildings-capables-de-gerer-nos-besoins-electricite\\\/98122\\\/#article\",\"isPartOf\":{\"@id\":\"https:\\\/\\\/batijournal.com\\\/index.php\\\/vers-smart-buildings-capables-de-gerer-nos-besoins-electricite\\\/98122\\\/\"},\"author\":{\"name\":\"St\u00e9phane Miget\",\"@id\":\"https:\\\/\\\/batijournal.com\\\/#\\\/schema\\\/person\\\/1dc96ec6957aa1ccb25ebe78bb19f100\"},\"headline\":\"Vers des Smart Buildings capables de g\u00e9rer nos besoins en \u00e9lectricit\u00e9\",\"datePublished\":\"2018-01-16T07:40:00+00:00\",\"dateModified\":\"2019-07-15T09:21:36+00:00\",\"mainEntityOfPage\":{\"@id\":\"https:\\\/\\\/batijournal.com\\\/index.php\\\/vers-smart-buildings-capables-de-gerer-nos-besoins-electricite\\\/98122\\\/\"},\"wordCount\":246,\"image\":{\"@id\":\"https:\\\/\\\/batijournal.com\\\/index.php\\\/vers-smart-buildings-capables-de-gerer-nos-besoins-electricite\\\/98122\\\/#primaryimage\"},\"thumbnailUrl\":\"https:\\\/\\\/batijournal.com\\\/wp-content\\\/uploads\\\/2018\\\/01\\\/batiment-energie.jpg\",\"keywords\":[\"IoT\",\"smart building\"],\"articleSection\":[\"Actualit\u00e9s\",\"Architecture &amp; Conception\"],\"inLanguage\":\"fr-FR\"},{\"@type\":\"WebPage\",\"@id\":\"https:\\\/\\\/batijournal.com\\\/index.php\\\/vers-smart-buildings-capables-de-gerer-nos-besoins-electricite\\\/98122\\\/\",\"url\":\"https:\\\/\\\/batijournal.com\\\/index.php\\\/vers-smart-buildings-capables-de-gerer-nos-besoins-electricite\\\/98122\\\/\",\"name\":\"Vers des Smart Buildings capables de g\u00e9rer nos besoins en \u00e9lectricit\u00e9\",\"isPartOf\":{\"@id\":\"https:\\\/\\\/batijournal.com\\\/#website\"},\"primaryImageOfPage\":{\"@id\":\"https:\\\/\\\/batijournal.com\\\/index.php\\\/vers-smart-buildings-capables-de-gerer-nos-besoins-electricite\\\/98122\\\/#primaryimage\"},\"image\":{\"@id\":\"https:\\\/\\\/batijournal.com\\\/index.php\\\/vers-smart-buildings-capables-de-gerer-nos-besoins-electricite\\\/98122\\\/#primaryimage\"},\"thumbnailUrl\":\"https:\\\/\\\/batijournal.com\\\/wp-content\\\/uploads\\\/2018\\\/01\\\/batiment-energie.jpg\",\"datePublished\":\"2018-01-16T07:40:00+00:00\",\"dateModified\":\"2019-07-15T09:21:36+00:00\",\"author\":{\"@id\":\"https:\\\/\\\/batijournal.com\\\/#\\\/schema\\\/person\\\/1dc96ec6957aa1ccb25ebe78bb19f100\"},\"breadcrumb\":{\"@id\":\"https:\\\/\\\/batijournal.com\\\/index.php\\\/vers-smart-buildings-capables-de-gerer-nos-besoins-electricite\\\/98122\\\/#breadcrumb\"},\"inLanguage\":\"fr-FR\",\"potentialAction\":[{\"@type\":\"ReadAction\",\"target\":[\"https:\\\/\\\/batijournal.com\\\/index.php\\\/vers-smart-buildings-capables-de-gerer-nos-besoins-electricite\\\/98122\\\/\"]}]},{\"@type\":\"ImageObject\",\"inLanguage\":\"fr-FR\",\"@id\":\"https:\\\/\\\/batijournal.com\\\/index.php\\\/vers-smart-buildings-capables-de-gerer-nos-besoins-electricite\\\/98122\\\/#primaryimage\",\"url\":\"https:\\\/\\\/batijournal.com\\\/wp-content\\\/uploads\\\/2018\\\/01\\\/batiment-energie.jpg\",\"contentUrl\":\"https:\\\/\\\/batijournal.com\\\/wp-content\\\/uploads\\\/2018\\\/01\\\/batiment-energie.jpg\",\"width\":800,\"height\":481},{\"@type\":\"BreadcrumbList\",\"@id\":\"https:\\\/\\\/batijournal.com\\\/index.php\\\/vers-smart-buildings-capables-de-gerer-nos-besoins-electricite\\\/98122\\\/#breadcrumb\",\"itemListElement\":[{\"@type\":\"ListItem\",\"position\":1,\"name\":\"Accueil\",\"item\":\"https:\\\/\\\/batijournal.com\\\/\"},{\"@type\":\"ListItem\",\"position\":2,\"name\":\"Actualit\u00e9s\",\"item\":\"https:\\\/\\\/batijournal.com\\\/index.php\\\/category\\\/actualites\\\/\"},{\"@type\":\"ListItem\",\"position\":3,\"name\":\"Vers des Smart Buildings capables de g\u00e9rer nos besoins en \u00e9lectricit\u00e9\"}]},{\"@type\":\"WebSite\",\"@id\":\"https:\\\/\\\/batijournal.com\\\/#website\",\"url\":\"https:\\\/\\\/batijournal.com\\\/\",\"name\":\"Batijournal\",\"description\":\"L&#039;actualit\u00e9 du b\u00e2timent\",\"potentialAction\":[{\"@type\":\"SearchAction\",\"target\":{\"@type\":\"EntryPoint\",\"urlTemplate\":\"https:\\\/\\\/batijournal.com\\\/?s={search_term_string}\"},\"query-input\":{\"@type\":\"PropertyValueSpecification\",\"valueRequired\":true,\"valueName\":\"search_term_string\"}}],\"inLanguage\":\"fr-FR\"},{\"@type\":\"Person\",\"@id\":\"https:\\\/\\\/batijournal.com\\\/#\\\/schema\\\/person\\\/1dc96ec6957aa1ccb25ebe78bb19f100\",\"name\":\"St\u00e9phane Miget\",\"image\":{\"@type\":\"ImageObject\",\"inLanguage\":\"fr-FR\",\"@id\":\"https:\\\/\\\/secure.gravatar.com\\\/avatar\\\/89915563d925342126b8ef0281b93d9d7fc337043e8df017f780908eb9644451?s=96&d=mm&r=g\",\"url\":\"https:\\\/\\\/secure.gravatar.com\\\/avatar\\\/89915563d925342126b8ef0281b93d9d7fc337043e8df017f780908eb9644451?s=96&d=mm&r=g\",\"contentUrl\":\"https:\\\/\\\/secure.gravatar.com\\\/avatar\\\/89915563d925342126b8ef0281b93d9d7fc337043e8df017f780908eb9644451?s=96&d=mm&r=g\",\"caption\":\"St\u00e9phane Miget\"},\"url\":\"https:\\\/\\\/batijournal.com\\\/index.php\\\/author\\\/stephane\\\/\"}]}<\/script>\n<!-- \/ Yoast SEO plugin. -->","yoast_head_json":{"title":"Vers des Smart Buildings capables de g\u00e9rer nos besoins en \u00e9lectricit\u00e9","robots":{"index":"index","follow":"follow","max-snippet":"max-snippet:-1","max-image-preview":"max-image-preview:large","max-video-preview":"max-video-preview:-1"},"canonical":"https:\/\/batijournal.com\/index.php\/vers-smart-buildings-capables-de-gerer-nos-besoins-electricite\/98122\/","og_locale":"fr_FR","og_type":"article","og_title":"Vers des Smart Buildings capables de g\u00e9rer nos besoins en \u00e9lectricit\u00e9","og_description":"Un r\u00e9seau \u00e9lectrique qui d\u00e9cide de lui-m\u00eame la meilleure allocation possible de l\u2019\u00e9nergie, selon la production disponible, son co\u00fbt et les besoins des habitants. Ce concept \u00e9nerg\u00e9tique se concr\u00e9tise gr\u00e2ce aux chercheurs du Laboratoire d\u2019\u00e9lectronique de la Facult\u00e9 des Sciences et Techniques de l\u2019Ing\u00e9nieur de l&rsquo;EPFL, qui ont d\u00e9velopp\u00e9 un dispositif capable de collecter les [&hellip;]","og_url":"https:\/\/batijournal.com\/index.php\/vers-smart-buildings-capables-de-gerer-nos-besoins-electricite\/98122\/","og_site_name":"Batijournal","article_published_time":"2018-01-16T07:40:00+00:00","article_modified_time":"2019-07-15T09:21:36+00:00","og_image":[{"width":800,"height":481,"url":"https:\/\/batijournal.com\/wp-content\/uploads\/2018\/01\/batiment-energie.jpg","type":"image\/jpeg"}],"author":"St\u00e9phane Miget","twitter_card":"summary_large_image","twitter_creator":"@bati_journal","twitter_site":"@bati_journal","twitter_misc":{"\u00c9crit par":"St\u00e9phane Miget","Dur\u00e9e de lecture estim\u00e9e":"1 minute"},"schema":{"@context":"https:\/\/schema.org","@graph":[{"@type":"Article","@id":"https:\/\/batijournal.com\/index.php\/vers-smart-buildings-capables-de-gerer-nos-besoins-electricite\/98122\/#article","isPartOf":{"@id":"https:\/\/batijournal.com\/index.php\/vers-smart-buildings-capables-de-gerer-nos-besoins-electricite\/98122\/"},"author":{"name":"St\u00e9phane Miget","@id":"https:\/\/batijournal.com\/#\/schema\/person\/1dc96ec6957aa1ccb25ebe78bb19f100"},"headline":"Vers des Smart Buildings capables de g\u00e9rer nos besoins en \u00e9lectricit\u00e9","datePublished":"2018-01-16T07:40:00+00:00","dateModified":"2019-07-15T09:21:36+00:00","mainEntityOfPage":{"@id":"https:\/\/batijournal.com\/index.php\/vers-smart-buildings-capables-de-gerer-nos-besoins-electricite\/98122\/"},"wordCount":246,"image":{"@id":"https:\/\/batijournal.com\/index.php\/vers-smart-buildings-capables-de-gerer-nos-besoins-electricite\/98122\/#primaryimage"},"thumbnailUrl":"https:\/\/batijournal.com\/wp-content\/uploads\/2018\/01\/batiment-energie.jpg","keywords":["IoT","smart building"],"articleSection":["Actualit\u00e9s","Architecture &amp; Conception"],"inLanguage":"fr-FR"},{"@type":"WebPage","@id":"https:\/\/batijournal.com\/index.php\/vers-smart-buildings-capables-de-gerer-nos-besoins-electricite\/98122\/","url":"https:\/\/batijournal.com\/index.php\/vers-smart-buildings-capables-de-gerer-nos-besoins-electricite\/98122\/","name":"Vers des Smart Buildings capables de g\u00e9rer nos besoins en \u00e9lectricit\u00e9","isPartOf":{"@id":"https:\/\/batijournal.com\/#website"},"primaryImageOfPage":{"@id":"https:\/\/batijournal.com\/index.php\/vers-smart-buildings-capables-de-gerer-nos-besoins-electricite\/98122\/#primaryimage"},"image":{"@id":"https:\/\/batijournal.com\/index.php\/vers-smart-buildings-capables-de-gerer-nos-besoins-electricite\/98122\/#primaryimage"},"thumbnailUrl":"https:\/\/batijournal.com\/wp-content\/uploads\/2018\/01\/batiment-energie.jpg","datePublished":"2018-01-16T07:40:00+00:00","dateModified":"2019-07-15T09:21:36+00:00","author":{"@id":"https:\/\/batijournal.com\/#\/schema\/person\/1dc96ec6957aa1ccb25ebe78bb19f100"},"breadcrumb":{"@id":"https:\/\/batijournal.com\/index.php\/vers-smart-buildings-capables-de-gerer-nos-besoins-electricite\/98122\/#breadcrumb"},"inLanguage":"fr-FR","potentialAction":[{"@type":"ReadAction","target":["https:\/\/batijournal.com\/index.php\/vers-smart-buildings-capables-de-gerer-nos-besoins-electricite\/98122\/"]}]},{"@type":"ImageObject","inLanguage":"fr-FR","@id":"https:\/\/batijournal.com\/index.php\/vers-smart-buildings-capables-de-gerer-nos-besoins-electricite\/98122\/#primaryimage","url":"https:\/\/batijournal.com\/wp-content\/uploads\/2018\/01\/batiment-energie.jpg","contentUrl":"https:\/\/batijournal.com\/wp-content\/uploads\/2018\/01\/batiment-energie.jpg","width":800,"height":481},{"@type":"BreadcrumbList","@id":"https:\/\/batijournal.com\/index.php\/vers-smart-buildings-capables-de-gerer-nos-besoins-electricite\/98122\/#breadcrumb","itemListElement":[{"@type":"ListItem","position":1,"name":"Accueil","item":"https:\/\/batijournal.com\/"},{"@type":"ListItem","position":2,"name":"Actualit\u00e9s","item":"https:\/\/batijournal.com\/index.php\/category\/actualites\/"},{"@type":"ListItem","position":3,"name":"Vers des Smart Buildings capables de g\u00e9rer nos besoins en \u00e9lectricit\u00e9"}]},{"@type":"WebSite","@id":"https:\/\/batijournal.com\/#website","url":"https:\/\/batijournal.com\/","name":"Batijournal","description":"L&#039;actualit\u00e9 du b\u00e2timent","potentialAction":[{"@type":"SearchAction","target":{"@type":"EntryPoint","urlTemplate":"https:\/\/batijournal.com\/?s={search_term_string}"},"query-input":{"@type":"PropertyValueSpecification","valueRequired":true,"valueName":"search_term_string"}}],"inLanguage":"fr-FR"},{"@type":"Person","@id":"https:\/\/batijournal.com\/#\/schema\/person\/1dc96ec6957aa1ccb25ebe78bb19f100","name":"St\u00e9phane Miget","image":{"@type":"ImageObject","inLanguage":"fr-FR","@id":"https:\/\/secure.gravatar.com\/avatar\/89915563d925342126b8ef0281b93d9d7fc337043e8df017f780908eb9644451?s=96&d=mm&r=g","url":"https:\/\/secure.gravatar.com\/avatar\/89915563d925342126b8ef0281b93d9d7fc337043e8df017f780908eb9644451?s=96&d=mm&r=g","contentUrl":"https:\/\/secure.gravatar.com\/avatar\/89915563d925342126b8ef0281b93d9d7fc337043e8df017f780908eb9644451?s=96&d=mm&r=g","caption":"St\u00e9phane Miget"},"url":"https:\/\/batijournal.com\/index.php\/author\/stephane\/"}]}},"_links":{"self":[{"href":"https:\/\/batijournal.com\/index.php\/wp-json\/wp\/v2\/posts\/98122","targetHints":{"allow":["GET"]}}],"collection":[{"href":"https:\/\/batijournal.com\/index.php\/wp-json\/wp\/v2\/posts"}],"about":[{"href":"https:\/\/batijournal.com\/index.php\/wp-json\/wp\/v2\/types\/post"}],"author":[{"embeddable":true,"href":"https:\/\/batijournal.com\/index.php\/wp-json\/wp\/v2\/users\/17"}],"replies":[{"embeddable":true,"href":"https:\/\/batijournal.com\/index.php\/wp-json\/wp\/v2\/comments?post=98122"}],"version-history":[{"count":0,"href":"https:\/\/batijournal.com\/index.php\/wp-json\/wp\/v2\/posts\/98122\/revisions"}],"wp:featuredmedia":[{"embeddable":true,"href":"https:\/\/batijournal.com\/index.php\/wp-json\/wp\/v2\/media\/98123"}],"wp:attachment":[{"href":"https:\/\/batijournal.com\/index.php\/wp-json\/wp\/v2\/media?parent=98122"}],"wp:term":[{"taxonomy":"category","embeddable":true,"href":"https:\/\/batijournal.com\/index.php\/wp-json\/wp\/v2\/categories?post=98122"},{"taxonomy":"post_tag","embeddable":true,"href":"https:\/\/batijournal.com\/index.php\/wp-json\/wp\/v2\/tags?post=98122"}],"curies":[{"name":"wp","href":"https:\/\/api.w.org\/{rel}","templated":true}]}}