{"id":98145,"date":"2018-01-17T12:41:34","date_gmt":"2018-01-17T11:41:34","guid":{"rendered":"http:\/\/batijournal.com\/?p=98145"},"modified":"2019-07-15T12:13:05","modified_gmt":"2019-07-15T10:13:05","slug":"journees-portes-ouvertes-chez-scm-group","status":"publish","type":"post","link":"https:\/\/batijournal.com\/index.php\/journees-portes-ouvertes-chez-scm-group\/98145\/","title":{"rendered":"Journ\u00e9es portes ouvertes chez SCM Group"},"content":{"rendered":"<p align=\"LEFT\"><span style=\"color: #000000;\"><span style=\"font-family: Calibri, Calibri, sans-serif;\"><span style=\"font-size: medium;\">SCM Group a termin\u00e9 l&rsquo;ann\u00e9e 2017 avec un chiffre d&rsquo;affaires estim\u00e9 650 millions d&rsquo;euros. Cr\u00e9\u00e9 \u00e0 Rimini, le groupe italien a sorti sa premi\u00e8re machine pour l&rsquo;usinage du bois en 1952. Il est aujourd&rsquo;hui pr\u00e9sent \u00e0 l&rsquo;international avec des technologies pour l&rsquo;usinage du bois, mais aussi des mat\u00e9riaux composites, du plastique, du verre, de la pierre, du m\u00e9tal et de l&rsquo;aluminium. En novembre dernier, SCM a inaugur\u00e9 une nouvelle filiale \u00e0 Vancouver, dans le Canada occidental. Des centaines d&#8217;embauches r\u00e9alis\u00e9es en 2017, aussi bien en Italie qu&rsquo;\u00e0 l&rsquo;\u00e9tranger, ont permis au groupe d&rsquo;atteindre les effectifs de plus de 3 500 personnes. Du 25 au 27 janvier 2018, au si\u00e8ge de Rimini, se tiendront les journ\u00e9es portes ouvertes SCM Digitals Days, durant lesquelles l&rsquo;industriel pr\u00e9sentera ses solutions technologiques et digitales.<\/span><\/span><\/span><\/p>\n<p><a href=\"https:\/\/www.scmgroup.com\/fr_FR\/news-events\/evenements\/e52009\/scm-digital-days\">En savoir plus<\/a><\/p>\n","protected":false},"excerpt":{"rendered":"<p>SCM Group a termin\u00e9 l&rsquo;ann\u00e9e 2017 avec un chiffre d&rsquo;affaires estim\u00e9 650 millions d&rsquo;euros. Cr\u00e9\u00e9 \u00e0 Rimini, le groupe italien a sorti sa premi\u00e8re machine pour l&rsquo;usinage du bois en 1952. Il est aujourd&rsquo;hui pr\u00e9sent \u00e0 l&rsquo;international avec des technologies pour l&rsquo;usinage du bois, mais aussi des mat\u00e9riaux composites, du plastique, du verre, de la [&hellip;]<\/p>\n","protected":false},"author":17,"featured_media":98146,"comment_status":"closed","ping_status":"closed","sticky":false,"template":"","format":"standard","meta":{"_et_pb_use_builder":"","_et_pb_old_content":"","_et_gb_content_width":"","footnotes":""},"categories":[10530,6345,10764],"tags":[],"class_list":["post-98145","post","type-post","status-publish","format-standard","has-post-thumbnail","hentry","category-actualites","category-economie-marches","category-woodsurfer"],"yoast_head":"<!-- This site is optimized with the Yoast SEO plugin v27.4 - https:\/\/yoast.com\/product\/yoast-seo-wordpress\/ -->\n<title>SCM Group : journ\u00e9es portes ouvertes du 25 au 27 janvier 2018<\/title>\n<meta name=\"description\" content=\"SCM Group organise des journ\u00e9es portes ouvertes durant lesquelles l&#039;industriel pr\u00e9sentera ses solutions technologiques et digitales\" \/>\n<meta name=\"robots\" content=\"index, follow, max-snippet:-1, max-image-preview:large, max-video-preview:-1\" \/>\n<link rel=\"canonical\" href=\"https:\/\/batijournal.com\/index.php\/journees-portes-ouvertes-chez-scm-group\/98145\/\" \/>\n<meta property=\"og:locale\" content=\"fr_FR\" \/>\n<meta property=\"og:type\" content=\"article\" \/>\n<meta property=\"og:title\" content=\"SCM Group : journ\u00e9es portes ouvertes du 25 au 27 janvier 2018\" \/>\n<meta property=\"og:description\" content=\"SCM Group organise des journ\u00e9es portes ouvertes durant lesquelles l&#039;industriel pr\u00e9sentera ses solutions technologiques et digitales\" \/>\n<meta property=\"og:url\" content=\"https:\/\/batijournal.com\/index.php\/journees-portes-ouvertes-chez-scm-group\/98145\/\" \/>\n<meta property=\"og:site_name\" content=\"Batijournal\" \/>\n<meta property=\"article:published_time\" content=\"2018-01-17T11:41:34+00:00\" \/>\n<meta property=\"article:modified_time\" content=\"2019-07-15T10:13:05+00:00\" \/>\n<meta property=\"og:image\" content=\"https:\/\/batijournal.com\/wp-content\/uploads\/2018\/01\/ScmGroup-Headquarter-Rimini_2.jpg\" \/>\n\t<meta property=\"og:image:width\" content=\"800\" \/>\n\t<meta property=\"og:image:height\" content=\"533\" \/>\n\t<meta property=\"og:image:type\" content=\"image\/jpeg\" \/>\n<meta name=\"author\" content=\"St\u00e9phane Miget\" \/>\n<meta name=\"twitter:card\" content=\"summary_large_image\" \/>\n<meta name=\"twitter:creator\" content=\"@bati_journal\" \/>\n<meta name=\"twitter:site\" content=\"@bati_journal\" \/>\n<meta name=\"twitter:label1\" content=\"\u00c9crit par\" \/>\n\t<meta name=\"twitter:data1\" content=\"St\u00e9phane Miget\" \/>\n\t<meta name=\"twitter:label2\" content=\"Dur\u00e9e de lecture estim\u00e9e\" \/>\n\t<meta name=\"twitter:data2\" content=\"1 minute\" \/>\n<script type=\"application\/ld+json\" class=\"yoast-schema-graph\">{\"@context\":\"https:\\\/\\\/schema.org\",\"@graph\":[{\"@type\":\"Article\",\"@id\":\"https:\\\/\\\/batijournal.com\\\/index.php\\\/journees-portes-ouvertes-chez-scm-group\\\/98145\\\/#article\",\"isPartOf\":{\"@id\":\"https:\\\/\\\/batijournal.com\\\/index.php\\\/journees-portes-ouvertes-chez-scm-group\\\/98145\\\/\"},\"author\":{\"name\":\"St\u00e9phane Miget\",\"@id\":\"https:\\\/\\\/batijournal.com\\\/#\\\/schema\\\/person\\\/1dc96ec6957aa1ccb25ebe78bb19f100\"},\"headline\":\"Journ\u00e9es portes ouvertes chez SCM Group\",\"datePublished\":\"2018-01-17T11:41:34+00:00\",\"dateModified\":\"2019-07-15T10:13:05+00:00\",\"mainEntityOfPage\":{\"@id\":\"https:\\\/\\\/batijournal.com\\\/index.php\\\/journees-portes-ouvertes-chez-scm-group\\\/98145\\\/\"},\"wordCount\":149,\"image\":{\"@id\":\"https:\\\/\\\/batijournal.com\\\/index.php\\\/journees-portes-ouvertes-chez-scm-group\\\/98145\\\/#primaryimage\"},\"thumbnailUrl\":\"https:\\\/\\\/batijournal.com\\\/wp-content\\\/uploads\\\/2018\\\/01\\\/ScmGroup-Headquarter-Rimini_2.jpg\",\"articleSection\":[\"Actualit\u00e9s\",\"\u00c9conomie &amp; March\u00e9s\",\"zz_Woodsurfer\"],\"inLanguage\":\"fr-FR\"},{\"@type\":\"WebPage\",\"@id\":\"https:\\\/\\\/batijournal.com\\\/index.php\\\/journees-portes-ouvertes-chez-scm-group\\\/98145\\\/\",\"url\":\"https:\\\/\\\/batijournal.com\\\/index.php\\\/journees-portes-ouvertes-chez-scm-group\\\/98145\\\/\",\"name\":\"SCM Group : journ\u00e9es portes ouvertes du 25 au 27 janvier 2018\",\"isPartOf\":{\"@id\":\"https:\\\/\\\/batijournal.com\\\/#website\"},\"primaryImageOfPage\":{\"@id\":\"https:\\\/\\\/batijournal.com\\\/index.php\\\/journees-portes-ouvertes-chez-scm-group\\\/98145\\\/#primaryimage\"},\"image\":{\"@id\":\"https:\\\/\\\/batijournal.com\\\/index.php\\\/journees-portes-ouvertes-chez-scm-group\\\/98145\\\/#primaryimage\"},\"thumbnailUrl\":\"https:\\\/\\\/batijournal.com\\\/wp-content\\\/uploads\\\/2018\\\/01\\\/ScmGroup-Headquarter-Rimini_2.jpg\",\"datePublished\":\"2018-01-17T11:41:34+00:00\",\"dateModified\":\"2019-07-15T10:13:05+00:00\",\"author\":{\"@id\":\"https:\\\/\\\/batijournal.com\\\/#\\\/schema\\\/person\\\/1dc96ec6957aa1ccb25ebe78bb19f100\"},\"description\":\"SCM Group organise des journ\u00e9es portes ouvertes durant lesquelles l'industriel pr\u00e9sentera ses solutions technologiques et digitales\",\"breadcrumb\":{\"@id\":\"https:\\\/\\\/batijournal.com\\\/index.php\\\/journees-portes-ouvertes-chez-scm-group\\\/98145\\\/#breadcrumb\"},\"inLanguage\":\"fr-FR\",\"potentialAction\":[{\"@type\":\"ReadAction\",\"target\":[\"https:\\\/\\\/batijournal.com\\\/index.php\\\/journees-portes-ouvertes-chez-scm-group\\\/98145\\\/\"]}]},{\"@type\":\"ImageObject\",\"inLanguage\":\"fr-FR\",\"@id\":\"https:\\\/\\\/batijournal.com\\\/index.php\\\/journees-portes-ouvertes-chez-scm-group\\\/98145\\\/#primaryimage\",\"url\":\"https:\\\/\\\/batijournal.com\\\/wp-content\\\/uploads\\\/2018\\\/01\\\/ScmGroup-Headquarter-Rimini_2.jpg\",\"contentUrl\":\"https:\\\/\\\/batijournal.com\\\/wp-content\\\/uploads\\\/2018\\\/01\\\/ScmGroup-Headquarter-Rimini_2.jpg\",\"width\":800,\"height\":533,\"caption\":\"ScmGroup Headquarter Rimini_2\"},{\"@type\":\"BreadcrumbList\",\"@id\":\"https:\\\/\\\/batijournal.com\\\/index.php\\\/journees-portes-ouvertes-chez-scm-group\\\/98145\\\/#breadcrumb\",\"itemListElement\":[{\"@type\":\"ListItem\",\"position\":1,\"name\":\"Accueil\",\"item\":\"https:\\\/\\\/batijournal.com\\\/\"},{\"@type\":\"ListItem\",\"position\":2,\"name\":\"Actualit\u00e9s\",\"item\":\"https:\\\/\\\/batijournal.com\\\/index.php\\\/category\\\/actualites\\\/\"},{\"@type\":\"ListItem\",\"position\":3,\"name\":\"Journ\u00e9es portes ouvertes chez SCM Group\"}]},{\"@type\":\"WebSite\",\"@id\":\"https:\\\/\\\/batijournal.com\\\/#website\",\"url\":\"https:\\\/\\\/batijournal.com\\\/\",\"name\":\"Batijournal\",\"description\":\"L&#039;actualit\u00e9 du b\u00e2timent\",\"potentialAction\":[{\"@type\":\"SearchAction\",\"target\":{\"@type\":\"EntryPoint\",\"urlTemplate\":\"https:\\\/\\\/batijournal.com\\\/?s={search_term_string}\"},\"query-input\":{\"@type\":\"PropertyValueSpecification\",\"valueRequired\":true,\"valueName\":\"search_term_string\"}}],\"inLanguage\":\"fr-FR\"},{\"@type\":\"Person\",\"@id\":\"https:\\\/\\\/batijournal.com\\\/#\\\/schema\\\/person\\\/1dc96ec6957aa1ccb25ebe78bb19f100\",\"name\":\"St\u00e9phane Miget\",\"image\":{\"@type\":\"ImageObject\",\"inLanguage\":\"fr-FR\",\"@id\":\"https:\\\/\\\/secure.gravatar.com\\\/avatar\\\/89915563d925342126b8ef0281b93d9d7fc337043e8df017f780908eb9644451?s=96&d=mm&r=g\",\"url\":\"https:\\\/\\\/secure.gravatar.com\\\/avatar\\\/89915563d925342126b8ef0281b93d9d7fc337043e8df017f780908eb9644451?s=96&d=mm&r=g\",\"contentUrl\":\"https:\\\/\\\/secure.gravatar.com\\\/avatar\\\/89915563d925342126b8ef0281b93d9d7fc337043e8df017f780908eb9644451?s=96&d=mm&r=g\",\"caption\":\"St\u00e9phane Miget\"},\"url\":\"https:\\\/\\\/batijournal.com\\\/index.php\\\/author\\\/stephane\\\/\"}]}<\/script>\n<!-- \/ Yoast SEO plugin. -->","yoast_head_json":{"title":"SCM Group : journ\u00e9es portes ouvertes du 25 au 27 janvier 2018","description":"SCM Group organise des journ\u00e9es portes ouvertes durant lesquelles l'industriel pr\u00e9sentera ses solutions technologiques et digitales","robots":{"index":"index","follow":"follow","max-snippet":"max-snippet:-1","max-image-preview":"max-image-preview:large","max-video-preview":"max-video-preview:-1"},"canonical":"https:\/\/batijournal.com\/index.php\/journees-portes-ouvertes-chez-scm-group\/98145\/","og_locale":"fr_FR","og_type":"article","og_title":"SCM Group : journ\u00e9es portes ouvertes du 25 au 27 janvier 2018","og_description":"SCM Group organise des journ\u00e9es portes ouvertes durant lesquelles l'industriel pr\u00e9sentera ses solutions technologiques et digitales","og_url":"https:\/\/batijournal.com\/index.php\/journees-portes-ouvertes-chez-scm-group\/98145\/","og_site_name":"Batijournal","article_published_time":"2018-01-17T11:41:34+00:00","article_modified_time":"2019-07-15T10:13:05+00:00","og_image":[{"width":800,"height":533,"url":"https:\/\/batijournal.com\/wp-content\/uploads\/2018\/01\/ScmGroup-Headquarter-Rimini_2.jpg","type":"image\/jpeg"}],"author":"St\u00e9phane Miget","twitter_card":"summary_large_image","twitter_creator":"@bati_journal","twitter_site":"@bati_journal","twitter_misc":{"\u00c9crit par":"St\u00e9phane Miget","Dur\u00e9e de lecture estim\u00e9e":"1 minute"},"schema":{"@context":"https:\/\/schema.org","@graph":[{"@type":"Article","@id":"https:\/\/batijournal.com\/index.php\/journees-portes-ouvertes-chez-scm-group\/98145\/#article","isPartOf":{"@id":"https:\/\/batijournal.com\/index.php\/journees-portes-ouvertes-chez-scm-group\/98145\/"},"author":{"name":"St\u00e9phane Miget","@id":"https:\/\/batijournal.com\/#\/schema\/person\/1dc96ec6957aa1ccb25ebe78bb19f100"},"headline":"Journ\u00e9es portes ouvertes chez SCM Group","datePublished":"2018-01-17T11:41:34+00:00","dateModified":"2019-07-15T10:13:05+00:00","mainEntityOfPage":{"@id":"https:\/\/batijournal.com\/index.php\/journees-portes-ouvertes-chez-scm-group\/98145\/"},"wordCount":149,"image":{"@id":"https:\/\/batijournal.com\/index.php\/journees-portes-ouvertes-chez-scm-group\/98145\/#primaryimage"},"thumbnailUrl":"https:\/\/batijournal.com\/wp-content\/uploads\/2018\/01\/ScmGroup-Headquarter-Rimini_2.jpg","articleSection":["Actualit\u00e9s","\u00c9conomie &amp; March\u00e9s","zz_Woodsurfer"],"inLanguage":"fr-FR"},{"@type":"WebPage","@id":"https:\/\/batijournal.com\/index.php\/journees-portes-ouvertes-chez-scm-group\/98145\/","url":"https:\/\/batijournal.com\/index.php\/journees-portes-ouvertes-chez-scm-group\/98145\/","name":"SCM Group : journ\u00e9es portes ouvertes du 25 au 27 janvier 2018","isPartOf":{"@id":"https:\/\/batijournal.com\/#website"},"primaryImageOfPage":{"@id":"https:\/\/batijournal.com\/index.php\/journees-portes-ouvertes-chez-scm-group\/98145\/#primaryimage"},"image":{"@id":"https:\/\/batijournal.com\/index.php\/journees-portes-ouvertes-chez-scm-group\/98145\/#primaryimage"},"thumbnailUrl":"https:\/\/batijournal.com\/wp-content\/uploads\/2018\/01\/ScmGroup-Headquarter-Rimini_2.jpg","datePublished":"2018-01-17T11:41:34+00:00","dateModified":"2019-07-15T10:13:05+00:00","author":{"@id":"https:\/\/batijournal.com\/#\/schema\/person\/1dc96ec6957aa1ccb25ebe78bb19f100"},"description":"SCM Group organise des journ\u00e9es portes ouvertes durant lesquelles l'industriel pr\u00e9sentera ses solutions technologiques et digitales","breadcrumb":{"@id":"https:\/\/batijournal.com\/index.php\/journees-portes-ouvertes-chez-scm-group\/98145\/#breadcrumb"},"inLanguage":"fr-FR","potentialAction":[{"@type":"ReadAction","target":["https:\/\/batijournal.com\/index.php\/journees-portes-ouvertes-chez-scm-group\/98145\/"]}]},{"@type":"ImageObject","inLanguage":"fr-FR","@id":"https:\/\/batijournal.com\/index.php\/journees-portes-ouvertes-chez-scm-group\/98145\/#primaryimage","url":"https:\/\/batijournal.com\/wp-content\/uploads\/2018\/01\/ScmGroup-Headquarter-Rimini_2.jpg","contentUrl":"https:\/\/batijournal.com\/wp-content\/uploads\/2018\/01\/ScmGroup-Headquarter-Rimini_2.jpg","width":800,"height":533,"caption":"ScmGroup Headquarter Rimini_2"},{"@type":"BreadcrumbList","@id":"https:\/\/batijournal.com\/index.php\/journees-portes-ouvertes-chez-scm-group\/98145\/#breadcrumb","itemListElement":[{"@type":"ListItem","position":1,"name":"Accueil","item":"https:\/\/batijournal.com\/"},{"@type":"ListItem","position":2,"name":"Actualit\u00e9s","item":"https:\/\/batijournal.com\/index.php\/category\/actualites\/"},{"@type":"ListItem","position":3,"name":"Journ\u00e9es portes ouvertes chez SCM Group"}]},{"@type":"WebSite","@id":"https:\/\/batijournal.com\/#website","url":"https:\/\/batijournal.com\/","name":"Batijournal","description":"L&#039;actualit\u00e9 du b\u00e2timent","potentialAction":[{"@type":"SearchAction","target":{"@type":"EntryPoint","urlTemplate":"https:\/\/batijournal.com\/?s={search_term_string}"},"query-input":{"@type":"PropertyValueSpecification","valueRequired":true,"valueName":"search_term_string"}}],"inLanguage":"fr-FR"},{"@type":"Person","@id":"https:\/\/batijournal.com\/#\/schema\/person\/1dc96ec6957aa1ccb25ebe78bb19f100","name":"St\u00e9phane Miget","image":{"@type":"ImageObject","inLanguage":"fr-FR","@id":"https:\/\/secure.gravatar.com\/avatar\/89915563d925342126b8ef0281b93d9d7fc337043e8df017f780908eb9644451?s=96&d=mm&r=g","url":"https:\/\/secure.gravatar.com\/avatar\/89915563d925342126b8ef0281b93d9d7fc337043e8df017f780908eb9644451?s=96&d=mm&r=g","contentUrl":"https:\/\/secure.gravatar.com\/avatar\/89915563d925342126b8ef0281b93d9d7fc337043e8df017f780908eb9644451?s=96&d=mm&r=g","caption":"St\u00e9phane Miget"},"url":"https:\/\/batijournal.com\/index.php\/author\/stephane\/"}]}},"_links":{"self":[{"href":"https:\/\/batijournal.com\/index.php\/wp-json\/wp\/v2\/posts\/98145","targetHints":{"allow":["GET"]}}],"collection":[{"href":"https:\/\/batijournal.com\/index.php\/wp-json\/wp\/v2\/posts"}],"about":[{"href":"https:\/\/batijournal.com\/index.php\/wp-json\/wp\/v2\/types\/post"}],"author":[{"embeddable":true,"href":"https:\/\/batijournal.com\/index.php\/wp-json\/wp\/v2\/users\/17"}],"replies":[{"embeddable":true,"href":"https:\/\/batijournal.com\/index.php\/wp-json\/wp\/v2\/comments?post=98145"}],"version-history":[{"count":0,"href":"https:\/\/batijournal.com\/index.php\/wp-json\/wp\/v2\/posts\/98145\/revisions"}],"wp:featuredmedia":[{"embeddable":true,"href":"https:\/\/batijournal.com\/index.php\/wp-json\/wp\/v2\/media\/98146"}],"wp:attachment":[{"href":"https:\/\/batijournal.com\/index.php\/wp-json\/wp\/v2\/media?parent=98145"}],"wp:term":[{"taxonomy":"category","embeddable":true,"href":"https:\/\/batijournal.com\/index.php\/wp-json\/wp\/v2\/categories?post=98145"},{"taxonomy":"post_tag","embeddable":true,"href":"https:\/\/batijournal.com\/index.php\/wp-json\/wp\/v2\/tags?post=98145"}],"curies":[{"name":"wp","href":"https:\/\/api.w.org\/{rel}","templated":true}]}}