{"id":98190,"date":"2018-01-23T10:11:11","date_gmt":"2018-01-23T09:11:11","guid":{"rendered":"http:\/\/batijournal.com\/?p=98190"},"modified":"2019-07-15T11:12:46","modified_gmt":"2019-07-15T09:12:46","slug":"remy-lannoy-nomme-responsable-pole-construction-numerique-bim-cerib","status":"publish","type":"post","link":"https:\/\/batijournal.com\/index.php\/remy-lannoy-nomme-responsable-pole-construction-numerique-bim-cerib\/98190\/","title":{"rendered":"R\u00e9my Lannoy, nomm\u00e9 responsable du P\u00f4le Construction Num\u00e9rique &#038; BIM du CERIB"},"content":{"rendered":"<p>R\u00e9mi Lannoy a \u00e9t\u00e9 nomm\u00e9 responsable du P\u00f4le Construction Num\u00e9rique &amp; BIM \u00a0au sein du CERIB (Centre d\u2019\u00c9tudes et de Recherches de l\u2019Industrie du B\u00e9ton). Il est titulaire d\u2019un dipl\u00f4me d\u2019ing\u00e9nieur G\u00e9nie civil G\u00e9otechniqueue (Polytech\u2019Lille) et d\u2019un Mast\u00e8re Sp\u00e9cialis\u00e9 en G\u00e9nie de l\u2019Eau (Polytech\u2019Lille). La cr\u00e9ation de ce P\u00f4le au sein du CERIB, partenaire du Plan de Transition Num\u00e9rique dans le B\u00e2timent (PTNB), a pour mission de promouvoir et d\u00e9velopper le BIM, et au-del\u00e0 d\u2019accompagner les industriels du b\u00e9ton et leurs partenaires dans la mutation que repr\u00e9sente la construction num\u00e9rique. Il s\u2019inscrit dans les actions nationales men\u00e9es par la FIB (F\u00e9d\u00e9ration de l\u2019Industrie du B\u00e9ton), notamment au travers des Smart Syst\u00e8mes en B\u00e9ton. Il doit \u00e9galement conduire le CERIB dans une dimension nouvelle, o\u00f9 le BIM devient un facteur d\u2019innovation et de recherche. Le projet port\u00e9 par le P\u00f4le se veut transversal, ambitieux et durable. Il s\u2019appuie sur l\u2019ensemble des comp\u00e9tences du CERIB et accompagne la fili\u00e8re dans sa transformation digitale.<\/p>\n","protected":false},"excerpt":{"rendered":"<p>R\u00e9mi Lannoy a \u00e9t\u00e9 nomm\u00e9 responsable du P\u00f4le Construction Num\u00e9rique &amp; BIM \u00a0au sein du CERIB (Centre d\u2019\u00c9tudes et de Recherches de l\u2019Industrie du B\u00e9ton). Il est titulaire d\u2019un dipl\u00f4me d\u2019ing\u00e9nieur G\u00e9nie civil G\u00e9otechniqueue (Polytech\u2019Lille) et d\u2019un Mast\u00e8re Sp\u00e9cialis\u00e9 en G\u00e9nie de l\u2019Eau (Polytech\u2019Lille). La cr\u00e9ation de ce P\u00f4le au sein du CERIB, partenaire du [&hellip;]<\/p>\n","protected":false},"author":17,"featured_media":98191,"comment_status":"closed","ping_status":"closed","sticky":false,"template":"","format":"standard","meta":{"_et_pb_use_builder":"","_et_pb_old_content":"","_et_gb_content_width":"","footnotes":""},"categories":[10530,6340],"tags":[2802],"class_list":["post-98190","post","type-post","status-publish","format-standard","has-post-thumbnail","hentry","category-actualites","category-architecture-conception","tag-cerib"],"yoast_head":"<!-- This site is optimized with the Yoast SEO plugin v27.4 - https:\/\/yoast.com\/product\/yoast-seo-wordpress\/ -->\n<title>R\u00e9my Lannoy, nomm\u00e9 responsable du P\u00f4le Construction Num\u00e9rique &amp; BIM du CERIB<\/title>\n<meta name=\"robots\" content=\"index, follow, max-snippet:-1, max-image-preview:large, max-video-preview:-1\" \/>\n<link rel=\"canonical\" href=\"https:\/\/batijournal.com\/index.php\/remy-lannoy-nomme-responsable-pole-construction-numerique-bim-cerib\/98190\/\" \/>\n<meta property=\"og:locale\" content=\"fr_FR\" \/>\n<meta property=\"og:type\" content=\"article\" \/>\n<meta property=\"og:title\" content=\"R\u00e9my Lannoy, nomm\u00e9 responsable du P\u00f4le Construction Num\u00e9rique &amp; BIM du CERIB\" \/>\n<meta property=\"og:description\" content=\"R\u00e9mi Lannoy a \u00e9t\u00e9 nomm\u00e9 responsable du P\u00f4le Construction Num\u00e9rique &amp; BIM \u00a0au sein du CERIB (Centre d\u2019\u00c9tudes et de Recherches de l\u2019Industrie du B\u00e9ton). Il est titulaire d\u2019un dipl\u00f4me d\u2019ing\u00e9nieur G\u00e9nie civil G\u00e9otechniqueue (Polytech\u2019Lille) et d\u2019un Mast\u00e8re Sp\u00e9cialis\u00e9 en G\u00e9nie de l\u2019Eau (Polytech\u2019Lille). La cr\u00e9ation de ce P\u00f4le au sein du CERIB, partenaire du [&hellip;]\" \/>\n<meta property=\"og:url\" content=\"https:\/\/batijournal.com\/index.php\/remy-lannoy-nomme-responsable-pole-construction-numerique-bim-cerib\/98190\/\" \/>\n<meta property=\"og:site_name\" content=\"Batijournal\" \/>\n<meta property=\"article:published_time\" content=\"2018-01-23T09:11:11+00:00\" \/>\n<meta property=\"article:modified_time\" content=\"2019-07-15T09:12:46+00:00\" \/>\n<meta property=\"og:image\" content=\"https:\/\/batijournal.com\/wp-content\/uploads\/2018\/01\/Remi-Lannoy-bim-cerib.jpg\" \/>\n\t<meta property=\"og:image:width\" content=\"1200\" \/>\n\t<meta property=\"og:image:height\" content=\"703\" \/>\n\t<meta property=\"og:image:type\" content=\"image\/jpeg\" \/>\n<meta name=\"author\" content=\"St\u00e9phane Miget\" \/>\n<meta name=\"twitter:card\" content=\"summary_large_image\" \/>\n<meta name=\"twitter:creator\" content=\"@bati_journal\" \/>\n<meta name=\"twitter:site\" content=\"@bati_journal\" \/>\n<meta name=\"twitter:label1\" content=\"\u00c9crit par\" \/>\n\t<meta name=\"twitter:data1\" content=\"St\u00e9phane Miget\" \/>\n\t<meta name=\"twitter:label2\" content=\"Dur\u00e9e de lecture estim\u00e9e\" \/>\n\t<meta name=\"twitter:data2\" content=\"1 minute\" \/>\n<script type=\"application\/ld+json\" class=\"yoast-schema-graph\">{\"@context\":\"https:\\\/\\\/schema.org\",\"@graph\":[{\"@type\":\"Article\",\"@id\":\"https:\\\/\\\/batijournal.com\\\/index.php\\\/remy-lannoy-nomme-responsable-pole-construction-numerique-bim-cerib\\\/98190\\\/#article\",\"isPartOf\":{\"@id\":\"https:\\\/\\\/batijournal.com\\\/index.php\\\/remy-lannoy-nomme-responsable-pole-construction-numerique-bim-cerib\\\/98190\\\/\"},\"author\":{\"name\":\"St\u00e9phane Miget\",\"@id\":\"https:\\\/\\\/batijournal.com\\\/#\\\/schema\\\/person\\\/1dc96ec6957aa1ccb25ebe78bb19f100\"},\"headline\":\"R\u00e9my Lannoy, nomm\u00e9 responsable du P\u00f4le Construction Num\u00e9rique &#038; BIM du CERIB\",\"datePublished\":\"2018-01-23T09:11:11+00:00\",\"dateModified\":\"2019-07-15T09:12:46+00:00\",\"mainEntityOfPage\":{\"@id\":\"https:\\\/\\\/batijournal.com\\\/index.php\\\/remy-lannoy-nomme-responsable-pole-construction-numerique-bim-cerib\\\/98190\\\/\"},\"wordCount\":217,\"image\":{\"@id\":\"https:\\\/\\\/batijournal.com\\\/index.php\\\/remy-lannoy-nomme-responsable-pole-construction-numerique-bim-cerib\\\/98190\\\/#primaryimage\"},\"thumbnailUrl\":\"https:\\\/\\\/batijournal.com\\\/wp-content\\\/uploads\\\/2018\\\/01\\\/Remi-Lannoy-bim-cerib.jpg\",\"keywords\":[\"CERIB\"],\"articleSection\":[\"Actualit\u00e9s\",\"Architecture &amp; Conception\"],\"inLanguage\":\"fr-FR\"},{\"@type\":\"WebPage\",\"@id\":\"https:\\\/\\\/batijournal.com\\\/index.php\\\/remy-lannoy-nomme-responsable-pole-construction-numerique-bim-cerib\\\/98190\\\/\",\"url\":\"https:\\\/\\\/batijournal.com\\\/index.php\\\/remy-lannoy-nomme-responsable-pole-construction-numerique-bim-cerib\\\/98190\\\/\",\"name\":\"R\u00e9my Lannoy, nomm\u00e9 responsable du P\u00f4le Construction Num\u00e9rique & BIM du CERIB\",\"isPartOf\":{\"@id\":\"https:\\\/\\\/batijournal.com\\\/#website\"},\"primaryImageOfPage\":{\"@id\":\"https:\\\/\\\/batijournal.com\\\/index.php\\\/remy-lannoy-nomme-responsable-pole-construction-numerique-bim-cerib\\\/98190\\\/#primaryimage\"},\"image\":{\"@id\":\"https:\\\/\\\/batijournal.com\\\/index.php\\\/remy-lannoy-nomme-responsable-pole-construction-numerique-bim-cerib\\\/98190\\\/#primaryimage\"},\"thumbnailUrl\":\"https:\\\/\\\/batijournal.com\\\/wp-content\\\/uploads\\\/2018\\\/01\\\/Remi-Lannoy-bim-cerib.jpg\",\"datePublished\":\"2018-01-23T09:11:11+00:00\",\"dateModified\":\"2019-07-15T09:12:46+00:00\",\"author\":{\"@id\":\"https:\\\/\\\/batijournal.com\\\/#\\\/schema\\\/person\\\/1dc96ec6957aa1ccb25ebe78bb19f100\"},\"breadcrumb\":{\"@id\":\"https:\\\/\\\/batijournal.com\\\/index.php\\\/remy-lannoy-nomme-responsable-pole-construction-numerique-bim-cerib\\\/98190\\\/#breadcrumb\"},\"inLanguage\":\"fr-FR\",\"potentialAction\":[{\"@type\":\"ReadAction\",\"target\":[\"https:\\\/\\\/batijournal.com\\\/index.php\\\/remy-lannoy-nomme-responsable-pole-construction-numerique-bim-cerib\\\/98190\\\/\"]}]},{\"@type\":\"ImageObject\",\"inLanguage\":\"fr-FR\",\"@id\":\"https:\\\/\\\/batijournal.com\\\/index.php\\\/remy-lannoy-nomme-responsable-pole-construction-numerique-bim-cerib\\\/98190\\\/#primaryimage\",\"url\":\"https:\\\/\\\/batijournal.com\\\/wp-content\\\/uploads\\\/2018\\\/01\\\/Remi-Lannoy-bim-cerib.jpg\",\"contentUrl\":\"https:\\\/\\\/batijournal.com\\\/wp-content\\\/uploads\\\/2018\\\/01\\\/Remi-Lannoy-bim-cerib.jpg\",\"width\":1200,\"height\":703},{\"@type\":\"BreadcrumbList\",\"@id\":\"https:\\\/\\\/batijournal.com\\\/index.php\\\/remy-lannoy-nomme-responsable-pole-construction-numerique-bim-cerib\\\/98190\\\/#breadcrumb\",\"itemListElement\":[{\"@type\":\"ListItem\",\"position\":1,\"name\":\"Accueil\",\"item\":\"https:\\\/\\\/batijournal.com\\\/\"},{\"@type\":\"ListItem\",\"position\":2,\"name\":\"Actualit\u00e9s\",\"item\":\"https:\\\/\\\/batijournal.com\\\/index.php\\\/category\\\/actualites\\\/\"},{\"@type\":\"ListItem\",\"position\":3,\"name\":\"R\u00e9my Lannoy, nomm\u00e9 responsable du P\u00f4le Construction Num\u00e9rique &#038; BIM du CERIB\"}]},{\"@type\":\"WebSite\",\"@id\":\"https:\\\/\\\/batijournal.com\\\/#website\",\"url\":\"https:\\\/\\\/batijournal.com\\\/\",\"name\":\"Batijournal\",\"description\":\"L&#039;actualit\u00e9 du b\u00e2timent\",\"potentialAction\":[{\"@type\":\"SearchAction\",\"target\":{\"@type\":\"EntryPoint\",\"urlTemplate\":\"https:\\\/\\\/batijournal.com\\\/?s={search_term_string}\"},\"query-input\":{\"@type\":\"PropertyValueSpecification\",\"valueRequired\":true,\"valueName\":\"search_term_string\"}}],\"inLanguage\":\"fr-FR\"},{\"@type\":\"Person\",\"@id\":\"https:\\\/\\\/batijournal.com\\\/#\\\/schema\\\/person\\\/1dc96ec6957aa1ccb25ebe78bb19f100\",\"name\":\"St\u00e9phane Miget\",\"image\":{\"@type\":\"ImageObject\",\"inLanguage\":\"fr-FR\",\"@id\":\"https:\\\/\\\/secure.gravatar.com\\\/avatar\\\/89915563d925342126b8ef0281b93d9d7fc337043e8df017f780908eb9644451?s=96&d=mm&r=g\",\"url\":\"https:\\\/\\\/secure.gravatar.com\\\/avatar\\\/89915563d925342126b8ef0281b93d9d7fc337043e8df017f780908eb9644451?s=96&d=mm&r=g\",\"contentUrl\":\"https:\\\/\\\/secure.gravatar.com\\\/avatar\\\/89915563d925342126b8ef0281b93d9d7fc337043e8df017f780908eb9644451?s=96&d=mm&r=g\",\"caption\":\"St\u00e9phane Miget\"},\"url\":\"https:\\\/\\\/batijournal.com\\\/index.php\\\/author\\\/stephane\\\/\"}]}<\/script>\n<!-- \/ Yoast SEO plugin. -->","yoast_head_json":{"title":"R\u00e9my Lannoy, nomm\u00e9 responsable du P\u00f4le Construction Num\u00e9rique & BIM du CERIB","robots":{"index":"index","follow":"follow","max-snippet":"max-snippet:-1","max-image-preview":"max-image-preview:large","max-video-preview":"max-video-preview:-1"},"canonical":"https:\/\/batijournal.com\/index.php\/remy-lannoy-nomme-responsable-pole-construction-numerique-bim-cerib\/98190\/","og_locale":"fr_FR","og_type":"article","og_title":"R\u00e9my Lannoy, nomm\u00e9 responsable du P\u00f4le Construction Num\u00e9rique & BIM du CERIB","og_description":"R\u00e9mi Lannoy a \u00e9t\u00e9 nomm\u00e9 responsable du P\u00f4le Construction Num\u00e9rique &amp; BIM \u00a0au sein du CERIB (Centre d\u2019\u00c9tudes et de Recherches de l\u2019Industrie du B\u00e9ton). Il est titulaire d\u2019un dipl\u00f4me d\u2019ing\u00e9nieur G\u00e9nie civil G\u00e9otechniqueue (Polytech\u2019Lille) et d\u2019un Mast\u00e8re Sp\u00e9cialis\u00e9 en G\u00e9nie de l\u2019Eau (Polytech\u2019Lille). La cr\u00e9ation de ce P\u00f4le au sein du CERIB, partenaire du [&hellip;]","og_url":"https:\/\/batijournal.com\/index.php\/remy-lannoy-nomme-responsable-pole-construction-numerique-bim-cerib\/98190\/","og_site_name":"Batijournal","article_published_time":"2018-01-23T09:11:11+00:00","article_modified_time":"2019-07-15T09:12:46+00:00","og_image":[{"width":1200,"height":703,"url":"https:\/\/batijournal.com\/wp-content\/uploads\/2018\/01\/Remi-Lannoy-bim-cerib.jpg","type":"image\/jpeg"}],"author":"St\u00e9phane Miget","twitter_card":"summary_large_image","twitter_creator":"@bati_journal","twitter_site":"@bati_journal","twitter_misc":{"\u00c9crit par":"St\u00e9phane Miget","Dur\u00e9e de lecture estim\u00e9e":"1 minute"},"schema":{"@context":"https:\/\/schema.org","@graph":[{"@type":"Article","@id":"https:\/\/batijournal.com\/index.php\/remy-lannoy-nomme-responsable-pole-construction-numerique-bim-cerib\/98190\/#article","isPartOf":{"@id":"https:\/\/batijournal.com\/index.php\/remy-lannoy-nomme-responsable-pole-construction-numerique-bim-cerib\/98190\/"},"author":{"name":"St\u00e9phane Miget","@id":"https:\/\/batijournal.com\/#\/schema\/person\/1dc96ec6957aa1ccb25ebe78bb19f100"},"headline":"R\u00e9my Lannoy, nomm\u00e9 responsable du P\u00f4le Construction Num\u00e9rique &#038; BIM du CERIB","datePublished":"2018-01-23T09:11:11+00:00","dateModified":"2019-07-15T09:12:46+00:00","mainEntityOfPage":{"@id":"https:\/\/batijournal.com\/index.php\/remy-lannoy-nomme-responsable-pole-construction-numerique-bim-cerib\/98190\/"},"wordCount":217,"image":{"@id":"https:\/\/batijournal.com\/index.php\/remy-lannoy-nomme-responsable-pole-construction-numerique-bim-cerib\/98190\/#primaryimage"},"thumbnailUrl":"https:\/\/batijournal.com\/wp-content\/uploads\/2018\/01\/Remi-Lannoy-bim-cerib.jpg","keywords":["CERIB"],"articleSection":["Actualit\u00e9s","Architecture &amp; Conception"],"inLanguage":"fr-FR"},{"@type":"WebPage","@id":"https:\/\/batijournal.com\/index.php\/remy-lannoy-nomme-responsable-pole-construction-numerique-bim-cerib\/98190\/","url":"https:\/\/batijournal.com\/index.php\/remy-lannoy-nomme-responsable-pole-construction-numerique-bim-cerib\/98190\/","name":"R\u00e9my Lannoy, nomm\u00e9 responsable du P\u00f4le Construction Num\u00e9rique & BIM du CERIB","isPartOf":{"@id":"https:\/\/batijournal.com\/#website"},"primaryImageOfPage":{"@id":"https:\/\/batijournal.com\/index.php\/remy-lannoy-nomme-responsable-pole-construction-numerique-bim-cerib\/98190\/#primaryimage"},"image":{"@id":"https:\/\/batijournal.com\/index.php\/remy-lannoy-nomme-responsable-pole-construction-numerique-bim-cerib\/98190\/#primaryimage"},"thumbnailUrl":"https:\/\/batijournal.com\/wp-content\/uploads\/2018\/01\/Remi-Lannoy-bim-cerib.jpg","datePublished":"2018-01-23T09:11:11+00:00","dateModified":"2019-07-15T09:12:46+00:00","author":{"@id":"https:\/\/batijournal.com\/#\/schema\/person\/1dc96ec6957aa1ccb25ebe78bb19f100"},"breadcrumb":{"@id":"https:\/\/batijournal.com\/index.php\/remy-lannoy-nomme-responsable-pole-construction-numerique-bim-cerib\/98190\/#breadcrumb"},"inLanguage":"fr-FR","potentialAction":[{"@type":"ReadAction","target":["https:\/\/batijournal.com\/index.php\/remy-lannoy-nomme-responsable-pole-construction-numerique-bim-cerib\/98190\/"]}]},{"@type":"ImageObject","inLanguage":"fr-FR","@id":"https:\/\/batijournal.com\/index.php\/remy-lannoy-nomme-responsable-pole-construction-numerique-bim-cerib\/98190\/#primaryimage","url":"https:\/\/batijournal.com\/wp-content\/uploads\/2018\/01\/Remi-Lannoy-bim-cerib.jpg","contentUrl":"https:\/\/batijournal.com\/wp-content\/uploads\/2018\/01\/Remi-Lannoy-bim-cerib.jpg","width":1200,"height":703},{"@type":"BreadcrumbList","@id":"https:\/\/batijournal.com\/index.php\/remy-lannoy-nomme-responsable-pole-construction-numerique-bim-cerib\/98190\/#breadcrumb","itemListElement":[{"@type":"ListItem","position":1,"name":"Accueil","item":"https:\/\/batijournal.com\/"},{"@type":"ListItem","position":2,"name":"Actualit\u00e9s","item":"https:\/\/batijournal.com\/index.php\/category\/actualites\/"},{"@type":"ListItem","position":3,"name":"R\u00e9my Lannoy, nomm\u00e9 responsable du P\u00f4le Construction Num\u00e9rique &#038; BIM du CERIB"}]},{"@type":"WebSite","@id":"https:\/\/batijournal.com\/#website","url":"https:\/\/batijournal.com\/","name":"Batijournal","description":"L&#039;actualit\u00e9 du b\u00e2timent","potentialAction":[{"@type":"SearchAction","target":{"@type":"EntryPoint","urlTemplate":"https:\/\/batijournal.com\/?s={search_term_string}"},"query-input":{"@type":"PropertyValueSpecification","valueRequired":true,"valueName":"search_term_string"}}],"inLanguage":"fr-FR"},{"@type":"Person","@id":"https:\/\/batijournal.com\/#\/schema\/person\/1dc96ec6957aa1ccb25ebe78bb19f100","name":"St\u00e9phane Miget","image":{"@type":"ImageObject","inLanguage":"fr-FR","@id":"https:\/\/secure.gravatar.com\/avatar\/89915563d925342126b8ef0281b93d9d7fc337043e8df017f780908eb9644451?s=96&d=mm&r=g","url":"https:\/\/secure.gravatar.com\/avatar\/89915563d925342126b8ef0281b93d9d7fc337043e8df017f780908eb9644451?s=96&d=mm&r=g","contentUrl":"https:\/\/secure.gravatar.com\/avatar\/89915563d925342126b8ef0281b93d9d7fc337043e8df017f780908eb9644451?s=96&d=mm&r=g","caption":"St\u00e9phane Miget"},"url":"https:\/\/batijournal.com\/index.php\/author\/stephane\/"}]}},"_links":{"self":[{"href":"https:\/\/batijournal.com\/index.php\/wp-json\/wp\/v2\/posts\/98190","targetHints":{"allow":["GET"]}}],"collection":[{"href":"https:\/\/batijournal.com\/index.php\/wp-json\/wp\/v2\/posts"}],"about":[{"href":"https:\/\/batijournal.com\/index.php\/wp-json\/wp\/v2\/types\/post"}],"author":[{"embeddable":true,"href":"https:\/\/batijournal.com\/index.php\/wp-json\/wp\/v2\/users\/17"}],"replies":[{"embeddable":true,"href":"https:\/\/batijournal.com\/index.php\/wp-json\/wp\/v2\/comments?post=98190"}],"version-history":[{"count":0,"href":"https:\/\/batijournal.com\/index.php\/wp-json\/wp\/v2\/posts\/98190\/revisions"}],"wp:featuredmedia":[{"embeddable":true,"href":"https:\/\/batijournal.com\/index.php\/wp-json\/wp\/v2\/media\/98191"}],"wp:attachment":[{"href":"https:\/\/batijournal.com\/index.php\/wp-json\/wp\/v2\/media?parent=98190"}],"wp:term":[{"taxonomy":"category","embeddable":true,"href":"https:\/\/batijournal.com\/index.php\/wp-json\/wp\/v2\/categories?post=98190"},{"taxonomy":"post_tag","embeddable":true,"href":"https:\/\/batijournal.com\/index.php\/wp-json\/wp\/v2\/tags?post=98190"}],"curies":[{"name":"wp","href":"https:\/\/api.w.org\/{rel}","templated":true}]}}