{"id":98217,"date":"2018-01-24T16:33:47","date_gmt":"2018-01-24T15:33:47","guid":{"rendered":"http:\/\/batijournal.com\/?p=98217"},"modified":"2019-07-15T11:27:01","modified_gmt":"2019-07-15T09:27:01","slug":"memorial-australien-de-villers-bretonneux","status":"publish","type":"post","link":"https:\/\/batijournal.com\/index.php\/memorial-australien-de-villers-bretonneux\/98217\/","title":{"rendered":"Une dalle de toiture b\u00e9ton blanc de 1 300 m2 in\u00e9dite"},"content":{"rendered":"<p><strong>Depuis d\u00e9but 2016, Bouygues B\u00e2timent Grand Ouest pilote les travaux d\u2019extension du m\u00e9morial australien de Villers-Bretonneux (80) et la construction du centre d\u2019interpr\u00e9tation \u00e0 la m\u00e9moire des anciens combattants de la Grande Guerre. \u00c0 quelques mois de la fin de ces travaux, l\u2019un des \u00e9l\u00e9ments embl\u00e9matiques de ce b\u00e2timent de style monumental est achev\u00e9 : la dalle de toiture en b\u00e9ton blanc d\u2019une dimension de 1 300 m2.<\/strong><\/p>\n<p>L\u2019utilisation du b\u00e9ton blanc sur l\u2019ensemble des nouveaux b\u00e2timents du m\u00e9morial australien, et notamment sur la dalle de toiture, caract\u00e9rise \u00e0 elle seule les attentes esth\u00e9tiques et qualitatives du Gouvernement Australien pour cette r\u00e9alisation. Des mat\u00e9riaux nobles et bruts refl\u00e9tant l\u2019engagement des hommes pour le combat men\u00e9 et l\u2019histoire qui s\u2019est \u00e9crite en ces lieux.<\/p>\n<p>La formulation du b\u00e9ton a \u00e9t\u00e9 influenc\u00e9e par les choix architecturaux mais \u00e9galement par les contraintes techniques : la grande surface de la toiture a n\u00e9cessit\u00e9 l\u2019utilisation d\u2019un b\u00e9ton pr\u00e9contraint en post-tension pour un r\u00e9sultat haut de gamme et r\u00e9sistant dans le temps. Les principaux points pris en compte dans la formulation de ce b\u00e9ton ont concern\u00e9 l\u2019esth\u00e9tique avec la r\u00e9alisation d\u2019un b\u00e9ton homog\u00e8ne, lisse et r\u00e9gulier sur l\u2019ensemble de l\u2019ouvrage, notamment en termes de teinte, des indicateurs de durabilit\u00e9 \u00e0 100 ans, une dur\u00e9e de rh\u00e9ologie importante pour permettre le coulage de 1 300 m2 en une seule fois et une r\u00e9sistance en compression \u00e0 jeune \u00e2ge avec un minimum de 25 Mpa pour permettre la mise en tension de ce b\u00e9ton pr\u00e9contraint.<\/p>\n<p>Pour r\u00e9pondre \u00e0 ces crit\u00e8res, Bouygues B\u00e2timent Grand Ouest s\u2019est entour\u00e9 d\u2019experts : les entreprises Sergeant, Soci\u00e9t\u00e9 de B\u00e9ton Pr\u00eat \u00e0 l\u2019Emploi locale situ\u00e9e \u00e0 Amiens, et Chryso, sp\u00e9cialiste des adjuvants. Ce travail collaboratif a conduit au choix d\u2019un b\u00e9ton blanc de type C40\/50 de haute performance, conforme \u00e0 la fois au nouveau fascicule 65 et aux requis en termes de teinte. \u00c0 la cl\u00e9 : des r\u00e9sultats de durabilit\u00e9 sup\u00e9rieurs aux standards requis, validant l\u2019approche performancielle du b\u00e2timent :<br \/>\n&#8211; un taux de chlorure du b\u00e9ton inf\u00e9rieur au seuil officiel de 0,2%,<br \/>\n&#8211; un indicateur de porosit\u00e9 Peau inf\u00e9rieure \u00e0 12%,<br \/>\n&#8211; un seuil de perm\u00e9abilit\u00e9 apparente au gaz Kgaz de 150.10-18 m2,<br \/>\n&#8211; un temps de rh\u00e9ologie de 5h,<br \/>\n&#8211; une r\u00e9sistance du b\u00e9ton ayant atteint en moyenne 35 MPA \u00e0 48h, un crit\u00e8re de garantie de la bonne mise en tension de la pr\u00e9contrainte.<\/p>\n<p><img loading=\"lazy\" decoding=\"async\" class=\"aligncenter size-large wp-image-98218\" src=\"https:\/\/batijournal.com\/wp-content\/uploads\/2018\/01\/Memorial-Australien-Villers-Bretonneux-2-576x1024.jpg\" alt=\"\" width=\"576\" height=\"1024\" srcset=\"https:\/\/batijournal.com\/wp-content\/uploads\/2018\/01\/Memorial-Australien-Villers-Bretonneux-2-576x1024.jpg 576w, https:\/\/batijournal.com\/wp-content\/uploads\/2018\/01\/Memorial-Australien-Villers-Bretonneux-2-84x150.jpg 84w, https:\/\/batijournal.com\/wp-content\/uploads\/2018\/01\/Memorial-Australien-Villers-Bretonneux-2-169x300.jpg 169w, https:\/\/batijournal.com\/wp-content\/uploads\/2018\/01\/Memorial-Australien-Villers-Bretonneux-2-600x1067.jpg 600w, https:\/\/batijournal.com\/wp-content\/uploads\/2018\/01\/Memorial-Australien-Villers-Bretonneux-2.jpg 675w\" sizes=\"(max-width: 576px) 100vw, 576px\" \/><\/p>\n<p>L\u2019usage de plusieurs prototypes \u00e0 l\u2019\u00e9chelle 1\/1 a permis de valider la composition du b\u00e9ton et de s\u00e9lectionner les coffrages adapt\u00e9s. Pour r\u00e9pondre \u00e0 l\u2019ensemble de ces contraintes et garantir une qualit\u00e9 constante du b\u00e9ton, il a \u00e9t\u00e9 d\u00e9cid\u00e9 par Bouygues B\u00e2timent Grand Ouest et la Soci\u00e9t\u00e9 Sergeant de mettre en place une centrale \u00e0 b\u00e9ton sur site exclusivement d\u00e9di\u00e9e \u00e0 ce b\u00e9ton blanc.<\/p>\n<p>Photos :\u00a0Bouygues B\u00e2timent Grand Ouest<\/p>\n","protected":false},"excerpt":{"rendered":"<p>Depuis d\u00e9but 2016, Bouygues B\u00e2timent Grand Ouest pilote les travaux d\u2019extension du m\u00e9morial australien de Villers-Bretonneux (80) et la construction du centre d\u2019interpr\u00e9tation \u00e0 la m\u00e9moire des anciens combattants de la Grande Guerre. \u00c0 quelques mois de la fin de ces travaux, l\u2019un des \u00e9l\u00e9ments embl\u00e9matiques de ce b\u00e2timent de style monumental est achev\u00e9 : [&hellip;]<\/p>\n","protected":false},"author":17,"featured_media":98219,"comment_status":"closed","ping_status":"closed","sticky":false,"template":"","format":"standard","meta":{"_et_pb_use_builder":"","_et_pb_old_content":"","_et_gb_content_width":"","footnotes":""},"categories":[10530,6340,10771,10775],"tags":[1128,5110],"class_list":["post-98217","post","type-post","status-publish","format-standard","has-post-thumbnail","hentry","category-actualites","category-architecture-conception","category-5facades","category-actualites-5facades","tag-beton","tag-dalle"],"yoast_head":"<!-- This site is optimized with the Yoast SEO plugin v27.4 - https:\/\/yoast.com\/product\/yoast-seo-wordpress\/ -->\n<title>M\u00e9morial australien de Villers-Bretonneux : bient\u00f4t la fin des travaux<\/title>\n<meta name=\"description\" content=\"Un des \u00e9l\u00e9ments embl\u00e9matiques du m\u00e9morial australien de Villers-Bretonneux est achev\u00e9 : la dalle de toiture en b\u00e9ton blanc d\u2019une dimension de 1 300 m2.\" \/>\n<meta name=\"robots\" content=\"index, follow, max-snippet:-1, max-image-preview:large, max-video-preview:-1\" \/>\n<link rel=\"canonical\" href=\"https:\/\/batijournal.com\/index.php\/memorial-australien-de-villers-bretonneux\/98217\/\" \/>\n<meta property=\"og:locale\" content=\"fr_FR\" \/>\n<meta property=\"og:type\" content=\"article\" \/>\n<meta property=\"og:title\" content=\"M\u00e9morial australien de Villers-Bretonneux : bient\u00f4t la fin des travaux\" \/>\n<meta property=\"og:description\" content=\"Un des \u00e9l\u00e9ments embl\u00e9matiques du m\u00e9morial australien de Villers-Bretonneux est achev\u00e9 : la dalle de toiture en b\u00e9ton blanc d\u2019une dimension de 1 300 m2.\" \/>\n<meta property=\"og:url\" content=\"https:\/\/batijournal.com\/index.php\/memorial-australien-de-villers-bretonneux\/98217\/\" \/>\n<meta property=\"og:site_name\" content=\"Batijournal\" \/>\n<meta property=\"article:published_time\" content=\"2018-01-24T15:33:47+00:00\" \/>\n<meta property=\"article:modified_time\" content=\"2019-07-15T09:27:01+00:00\" \/>\n<meta property=\"og:image\" content=\"https:\/\/batijournal.com\/wp-content\/uploads\/2018\/01\/Memorial-Australien-Villers-Bretonneux.jpg\" \/>\n\t<meta property=\"og:image:width\" content=\"1200\" \/>\n\t<meta property=\"og:image:height\" content=\"774\" \/>\n\t<meta property=\"og:image:type\" content=\"image\/jpeg\" \/>\n<meta name=\"author\" content=\"St\u00e9phane Miget\" \/>\n<meta name=\"twitter:card\" content=\"summary_large_image\" \/>\n<meta name=\"twitter:creator\" content=\"@bati_journal\" \/>\n<meta name=\"twitter:site\" content=\"@bati_journal\" \/>\n<meta name=\"twitter:label1\" content=\"\u00c9crit par\" \/>\n\t<meta name=\"twitter:data1\" content=\"St\u00e9phane Miget\" \/>\n\t<meta name=\"twitter:label2\" content=\"Dur\u00e9e de lecture estim\u00e9e\" \/>\n\t<meta name=\"twitter:data2\" content=\"3 minutes\" \/>\n<script type=\"application\/ld+json\" class=\"yoast-schema-graph\">{\"@context\":\"https:\\\/\\\/schema.org\",\"@graph\":[{\"@type\":\"Article\",\"@id\":\"https:\\\/\\\/batijournal.com\\\/index.php\\\/memorial-australien-de-villers-bretonneux\\\/98217\\\/#article\",\"isPartOf\":{\"@id\":\"https:\\\/\\\/batijournal.com\\\/index.php\\\/memorial-australien-de-villers-bretonneux\\\/98217\\\/\"},\"author\":{\"name\":\"St\u00e9phane Miget\",\"@id\":\"https:\\\/\\\/batijournal.com\\\/#\\\/schema\\\/person\\\/1dc96ec6957aa1ccb25ebe78bb19f100\"},\"headline\":\"Une dalle de toiture b\u00e9ton blanc de 1 300 m2 in\u00e9dite\",\"datePublished\":\"2018-01-24T15:33:47+00:00\",\"dateModified\":\"2019-07-15T09:27:01+00:00\",\"mainEntityOfPage\":{\"@id\":\"https:\\\/\\\/batijournal.com\\\/index.php\\\/memorial-australien-de-villers-bretonneux\\\/98217\\\/\"},\"wordCount\":532,\"image\":{\"@id\":\"https:\\\/\\\/batijournal.com\\\/index.php\\\/memorial-australien-de-villers-bretonneux\\\/98217\\\/#primaryimage\"},\"thumbnailUrl\":\"https:\\\/\\\/batijournal.com\\\/wp-content\\\/uploads\\\/2018\\\/01\\\/Memorial-Australien-Villers-Bretonneux.jpg\",\"keywords\":[\"b\u00e9ton\",\"dalle\"],\"articleSection\":[\"Actualit\u00e9s\",\"Architecture &amp; Conception\",\"zz_5fa\u00e7ades\",\"zz_Actualit\u00e9s - 5fa\u00e7ades\"],\"inLanguage\":\"fr-FR\"},{\"@type\":\"WebPage\",\"@id\":\"https:\\\/\\\/batijournal.com\\\/index.php\\\/memorial-australien-de-villers-bretonneux\\\/98217\\\/\",\"url\":\"https:\\\/\\\/batijournal.com\\\/index.php\\\/memorial-australien-de-villers-bretonneux\\\/98217\\\/\",\"name\":\"M\u00e9morial australien de Villers-Bretonneux : bient\u00f4t la fin des travaux\",\"isPartOf\":{\"@id\":\"https:\\\/\\\/batijournal.com\\\/#website\"},\"primaryImageOfPage\":{\"@id\":\"https:\\\/\\\/batijournal.com\\\/index.php\\\/memorial-australien-de-villers-bretonneux\\\/98217\\\/#primaryimage\"},\"image\":{\"@id\":\"https:\\\/\\\/batijournal.com\\\/index.php\\\/memorial-australien-de-villers-bretonneux\\\/98217\\\/#primaryimage\"},\"thumbnailUrl\":\"https:\\\/\\\/batijournal.com\\\/wp-content\\\/uploads\\\/2018\\\/01\\\/Memorial-Australien-Villers-Bretonneux.jpg\",\"datePublished\":\"2018-01-24T15:33:47+00:00\",\"dateModified\":\"2019-07-15T09:27:01+00:00\",\"author\":{\"@id\":\"https:\\\/\\\/batijournal.com\\\/#\\\/schema\\\/person\\\/1dc96ec6957aa1ccb25ebe78bb19f100\"},\"description\":\"Un des \u00e9l\u00e9ments embl\u00e9matiques du m\u00e9morial australien de Villers-Bretonneux est achev\u00e9 : la dalle de toiture en b\u00e9ton blanc d\u2019une dimension de 1 300 m2.\",\"breadcrumb\":{\"@id\":\"https:\\\/\\\/batijournal.com\\\/index.php\\\/memorial-australien-de-villers-bretonneux\\\/98217\\\/#breadcrumb\"},\"inLanguage\":\"fr-FR\",\"potentialAction\":[{\"@type\":\"ReadAction\",\"target\":[\"https:\\\/\\\/batijournal.com\\\/index.php\\\/memorial-australien-de-villers-bretonneux\\\/98217\\\/\"]}]},{\"@type\":\"ImageObject\",\"inLanguage\":\"fr-FR\",\"@id\":\"https:\\\/\\\/batijournal.com\\\/index.php\\\/memorial-australien-de-villers-bretonneux\\\/98217\\\/#primaryimage\",\"url\":\"https:\\\/\\\/batijournal.com\\\/wp-content\\\/uploads\\\/2018\\\/01\\\/Memorial-Australien-Villers-Bretonneux.jpg\",\"contentUrl\":\"https:\\\/\\\/batijournal.com\\\/wp-content\\\/uploads\\\/2018\\\/01\\\/Memorial-Australien-Villers-Bretonneux.jpg\",\"width\":1200,\"height\":774,\"caption\":\"memorial-australien-de-villers-bretonneux\"},{\"@type\":\"BreadcrumbList\",\"@id\":\"https:\\\/\\\/batijournal.com\\\/index.php\\\/memorial-australien-de-villers-bretonneux\\\/98217\\\/#breadcrumb\",\"itemListElement\":[{\"@type\":\"ListItem\",\"position\":1,\"name\":\"Accueil\",\"item\":\"https:\\\/\\\/batijournal.com\\\/\"},{\"@type\":\"ListItem\",\"position\":2,\"name\":\"Actualit\u00e9s\",\"item\":\"https:\\\/\\\/batijournal.com\\\/index.php\\\/category\\\/actualites\\\/\"},{\"@type\":\"ListItem\",\"position\":3,\"name\":\"Une dalle de toiture b\u00e9ton blanc de 1 300 m2 in\u00e9dite\"}]},{\"@type\":\"WebSite\",\"@id\":\"https:\\\/\\\/batijournal.com\\\/#website\",\"url\":\"https:\\\/\\\/batijournal.com\\\/\",\"name\":\"Batijournal\",\"description\":\"L&#039;actualit\u00e9 du b\u00e2timent\",\"potentialAction\":[{\"@type\":\"SearchAction\",\"target\":{\"@type\":\"EntryPoint\",\"urlTemplate\":\"https:\\\/\\\/batijournal.com\\\/?s={search_term_string}\"},\"query-input\":{\"@type\":\"PropertyValueSpecification\",\"valueRequired\":true,\"valueName\":\"search_term_string\"}}],\"inLanguage\":\"fr-FR\"},{\"@type\":\"Person\",\"@id\":\"https:\\\/\\\/batijournal.com\\\/#\\\/schema\\\/person\\\/1dc96ec6957aa1ccb25ebe78bb19f100\",\"name\":\"St\u00e9phane Miget\",\"image\":{\"@type\":\"ImageObject\",\"inLanguage\":\"fr-FR\",\"@id\":\"https:\\\/\\\/secure.gravatar.com\\\/avatar\\\/89915563d925342126b8ef0281b93d9d7fc337043e8df017f780908eb9644451?s=96&d=mm&r=g\",\"url\":\"https:\\\/\\\/secure.gravatar.com\\\/avatar\\\/89915563d925342126b8ef0281b93d9d7fc337043e8df017f780908eb9644451?s=96&d=mm&r=g\",\"contentUrl\":\"https:\\\/\\\/secure.gravatar.com\\\/avatar\\\/89915563d925342126b8ef0281b93d9d7fc337043e8df017f780908eb9644451?s=96&d=mm&r=g\",\"caption\":\"St\u00e9phane Miget\"},\"url\":\"https:\\\/\\\/batijournal.com\\\/index.php\\\/author\\\/stephane\\\/\"}]}<\/script>\n<!-- \/ Yoast SEO plugin. -->","yoast_head_json":{"title":"M\u00e9morial australien de Villers-Bretonneux : bient\u00f4t la fin des travaux","description":"Un des \u00e9l\u00e9ments embl\u00e9matiques du m\u00e9morial australien de Villers-Bretonneux est achev\u00e9 : la dalle de toiture en b\u00e9ton blanc d\u2019une dimension de 1 300 m2.","robots":{"index":"index","follow":"follow","max-snippet":"max-snippet:-1","max-image-preview":"max-image-preview:large","max-video-preview":"max-video-preview:-1"},"canonical":"https:\/\/batijournal.com\/index.php\/memorial-australien-de-villers-bretonneux\/98217\/","og_locale":"fr_FR","og_type":"article","og_title":"M\u00e9morial australien de Villers-Bretonneux : bient\u00f4t la fin des travaux","og_description":"Un des \u00e9l\u00e9ments embl\u00e9matiques du m\u00e9morial australien de Villers-Bretonneux est achev\u00e9 : la dalle de toiture en b\u00e9ton blanc d\u2019une dimension de 1 300 m2.","og_url":"https:\/\/batijournal.com\/index.php\/memorial-australien-de-villers-bretonneux\/98217\/","og_site_name":"Batijournal","article_published_time":"2018-01-24T15:33:47+00:00","article_modified_time":"2019-07-15T09:27:01+00:00","og_image":[{"width":1200,"height":774,"url":"https:\/\/batijournal.com\/wp-content\/uploads\/2018\/01\/Memorial-Australien-Villers-Bretonneux.jpg","type":"image\/jpeg"}],"author":"St\u00e9phane Miget","twitter_card":"summary_large_image","twitter_creator":"@bati_journal","twitter_site":"@bati_journal","twitter_misc":{"\u00c9crit par":"St\u00e9phane Miget","Dur\u00e9e de lecture estim\u00e9e":"3 minutes"},"schema":{"@context":"https:\/\/schema.org","@graph":[{"@type":"Article","@id":"https:\/\/batijournal.com\/index.php\/memorial-australien-de-villers-bretonneux\/98217\/#article","isPartOf":{"@id":"https:\/\/batijournal.com\/index.php\/memorial-australien-de-villers-bretonneux\/98217\/"},"author":{"name":"St\u00e9phane Miget","@id":"https:\/\/batijournal.com\/#\/schema\/person\/1dc96ec6957aa1ccb25ebe78bb19f100"},"headline":"Une dalle de toiture b\u00e9ton blanc de 1 300 m2 in\u00e9dite","datePublished":"2018-01-24T15:33:47+00:00","dateModified":"2019-07-15T09:27:01+00:00","mainEntityOfPage":{"@id":"https:\/\/batijournal.com\/index.php\/memorial-australien-de-villers-bretonneux\/98217\/"},"wordCount":532,"image":{"@id":"https:\/\/batijournal.com\/index.php\/memorial-australien-de-villers-bretonneux\/98217\/#primaryimage"},"thumbnailUrl":"https:\/\/batijournal.com\/wp-content\/uploads\/2018\/01\/Memorial-Australien-Villers-Bretonneux.jpg","keywords":["b\u00e9ton","dalle"],"articleSection":["Actualit\u00e9s","Architecture &amp; Conception","zz_5fa\u00e7ades","zz_Actualit\u00e9s - 5fa\u00e7ades"],"inLanguage":"fr-FR"},{"@type":"WebPage","@id":"https:\/\/batijournal.com\/index.php\/memorial-australien-de-villers-bretonneux\/98217\/","url":"https:\/\/batijournal.com\/index.php\/memorial-australien-de-villers-bretonneux\/98217\/","name":"M\u00e9morial australien de Villers-Bretonneux : bient\u00f4t la fin des travaux","isPartOf":{"@id":"https:\/\/batijournal.com\/#website"},"primaryImageOfPage":{"@id":"https:\/\/batijournal.com\/index.php\/memorial-australien-de-villers-bretonneux\/98217\/#primaryimage"},"image":{"@id":"https:\/\/batijournal.com\/index.php\/memorial-australien-de-villers-bretonneux\/98217\/#primaryimage"},"thumbnailUrl":"https:\/\/batijournal.com\/wp-content\/uploads\/2018\/01\/Memorial-Australien-Villers-Bretonneux.jpg","datePublished":"2018-01-24T15:33:47+00:00","dateModified":"2019-07-15T09:27:01+00:00","author":{"@id":"https:\/\/batijournal.com\/#\/schema\/person\/1dc96ec6957aa1ccb25ebe78bb19f100"},"description":"Un des \u00e9l\u00e9ments embl\u00e9matiques du m\u00e9morial australien de Villers-Bretonneux est achev\u00e9 : la dalle de toiture en b\u00e9ton blanc d\u2019une dimension de 1 300 m2.","breadcrumb":{"@id":"https:\/\/batijournal.com\/index.php\/memorial-australien-de-villers-bretonneux\/98217\/#breadcrumb"},"inLanguage":"fr-FR","potentialAction":[{"@type":"ReadAction","target":["https:\/\/batijournal.com\/index.php\/memorial-australien-de-villers-bretonneux\/98217\/"]}]},{"@type":"ImageObject","inLanguage":"fr-FR","@id":"https:\/\/batijournal.com\/index.php\/memorial-australien-de-villers-bretonneux\/98217\/#primaryimage","url":"https:\/\/batijournal.com\/wp-content\/uploads\/2018\/01\/Memorial-Australien-Villers-Bretonneux.jpg","contentUrl":"https:\/\/batijournal.com\/wp-content\/uploads\/2018\/01\/Memorial-Australien-Villers-Bretonneux.jpg","width":1200,"height":774,"caption":"memorial-australien-de-villers-bretonneux"},{"@type":"BreadcrumbList","@id":"https:\/\/batijournal.com\/index.php\/memorial-australien-de-villers-bretonneux\/98217\/#breadcrumb","itemListElement":[{"@type":"ListItem","position":1,"name":"Accueil","item":"https:\/\/batijournal.com\/"},{"@type":"ListItem","position":2,"name":"Actualit\u00e9s","item":"https:\/\/batijournal.com\/index.php\/category\/actualites\/"},{"@type":"ListItem","position":3,"name":"Une dalle de toiture b\u00e9ton blanc de 1 300 m2 in\u00e9dite"}]},{"@type":"WebSite","@id":"https:\/\/batijournal.com\/#website","url":"https:\/\/batijournal.com\/","name":"Batijournal","description":"L&#039;actualit\u00e9 du b\u00e2timent","potentialAction":[{"@type":"SearchAction","target":{"@type":"EntryPoint","urlTemplate":"https:\/\/batijournal.com\/?s={search_term_string}"},"query-input":{"@type":"PropertyValueSpecification","valueRequired":true,"valueName":"search_term_string"}}],"inLanguage":"fr-FR"},{"@type":"Person","@id":"https:\/\/batijournal.com\/#\/schema\/person\/1dc96ec6957aa1ccb25ebe78bb19f100","name":"St\u00e9phane Miget","image":{"@type":"ImageObject","inLanguage":"fr-FR","@id":"https:\/\/secure.gravatar.com\/avatar\/89915563d925342126b8ef0281b93d9d7fc337043e8df017f780908eb9644451?s=96&d=mm&r=g","url":"https:\/\/secure.gravatar.com\/avatar\/89915563d925342126b8ef0281b93d9d7fc337043e8df017f780908eb9644451?s=96&d=mm&r=g","contentUrl":"https:\/\/secure.gravatar.com\/avatar\/89915563d925342126b8ef0281b93d9d7fc337043e8df017f780908eb9644451?s=96&d=mm&r=g","caption":"St\u00e9phane Miget"},"url":"https:\/\/batijournal.com\/index.php\/author\/stephane\/"}]}},"_links":{"self":[{"href":"https:\/\/batijournal.com\/index.php\/wp-json\/wp\/v2\/posts\/98217","targetHints":{"allow":["GET"]}}],"collection":[{"href":"https:\/\/batijournal.com\/index.php\/wp-json\/wp\/v2\/posts"}],"about":[{"href":"https:\/\/batijournal.com\/index.php\/wp-json\/wp\/v2\/types\/post"}],"author":[{"embeddable":true,"href":"https:\/\/batijournal.com\/index.php\/wp-json\/wp\/v2\/users\/17"}],"replies":[{"embeddable":true,"href":"https:\/\/batijournal.com\/index.php\/wp-json\/wp\/v2\/comments?post=98217"}],"version-history":[{"count":0,"href":"https:\/\/batijournal.com\/index.php\/wp-json\/wp\/v2\/posts\/98217\/revisions"}],"wp:featuredmedia":[{"embeddable":true,"href":"https:\/\/batijournal.com\/index.php\/wp-json\/wp\/v2\/media\/98219"}],"wp:attachment":[{"href":"https:\/\/batijournal.com\/index.php\/wp-json\/wp\/v2\/media?parent=98217"}],"wp:term":[{"taxonomy":"category","embeddable":true,"href":"https:\/\/batijournal.com\/index.php\/wp-json\/wp\/v2\/categories?post=98217"},{"taxonomy":"post_tag","embeddable":true,"href":"https:\/\/batijournal.com\/index.php\/wp-json\/wp\/v2\/tags?post=98217"}],"curies":[{"name":"wp","href":"https:\/\/api.w.org\/{rel}","templated":true}]}}