{"id":98225,"date":"2018-01-25T12:10:34","date_gmt":"2018-01-25T11:10:34","guid":{"rendered":"http:\/\/batijournal.com\/?p=98225"},"modified":"2019-07-15T12:10:46","modified_gmt":"2019-07-15T10:10:46","slug":"brice-lalonde-president-eden-association-equlibre-energie","status":"publish","type":"post","link":"https:\/\/batijournal.com\/index.php\/brice-lalonde-president-eden-association-equlibre-energie\/98225\/","title":{"rendered":"Brice Lalonde, nouveau Pr\u00e9sident d&rsquo;EdEn (Association \u00c9quilibre des \u00c9nergies)"},"content":{"rendered":"<p>Brice Lalonde vient d&rsquo;\u00eatre \u00e9lu Pr\u00e9sident d&rsquo;EdEn (Association \u00c9quilibre des \u00c9nergies).<\/p>\n<p>Il succ\u00e8de \u00e0 l&rsquo;ancien Ministre de l&rsquo;\u00c9cologie et du D\u00e9veloppement durable, Serge Lepeltier dont le mandat est arriv\u00e9 \u00e0 \u00e9ch\u00e9ance. Brice Lalonde portera les positions de l&rsquo;association aupr\u00e8s des d\u00e9cideurs fran\u00e7ais et europ\u00e9ens dans la continuit\u00e9 des actions mises en \u0153uvre par son pr\u00e9d\u00e9cesseur.<\/p>\n<p>Outre le r\u00f4le d&rsquo;interlocuteur r\u00e9gulier que joue EdEn aupr\u00e8s des pouvoirs publics, la priorit\u00e9 de la pr\u00e9sidence de Brice Lalonde sera de permettre la mise en coh\u00e9rence des r\u00e9glementations actuelles avec la volont\u00e9 affirm\u00e9e du Pr\u00e9sident de la R\u00e9publique de faire de la France le pays leader du climat, en particulier dans les secteurs de l&rsquo;Energie, du B\u00e2timent et de la Mobilit\u00e9.<\/p>\n<p>EdEn, avec Brice Lalonde, affirmera ses positions, poussera \u00e0 l&rsquo;\u00e9chelle europ\u00e9enne la dynamique des actions visant \u00e0 d\u00e9carboner l&rsquo;\u00e9conomie et r\u00e9duire les \u00e9missions de C02. Et veillera \u00e0 ce qu&rsquo;il n&rsquo;y ait pas de d\u00e9calage entre les discours et les actes en mati\u00e8re de transition \u00e9nerg\u00e9tique.<\/p>\n<p>Photo : Ad Luminen<\/p>\n<p>&nbsp;<\/p>\n","protected":false},"excerpt":{"rendered":"<p>Brice Lalonde vient d&rsquo;\u00eatre \u00e9lu Pr\u00e9sident d&rsquo;EdEn (Association \u00c9quilibre des \u00c9nergies). Il succ\u00e8de \u00e0 l&rsquo;ancien Ministre de l&rsquo;\u00c9cologie et du D\u00e9veloppement durable, Serge Lepeltier dont le mandat est arriv\u00e9 \u00e0 \u00e9ch\u00e9ance. Brice Lalonde portera les positions de l&rsquo;association aupr\u00e8s des d\u00e9cideurs fran\u00e7ais et europ\u00e9ens dans la continuit\u00e9 des actions mises en \u0153uvre par son pr\u00e9d\u00e9cesseur. [&hellip;]<\/p>\n","protected":false},"author":17,"featured_media":98226,"comment_status":"closed","ping_status":"closed","sticky":false,"template":"","format":"standard","meta":{"_et_pb_use_builder":"","_et_pb_old_content":"","_et_gb_content_width":"","footnotes":""},"categories":[10530,6340],"tags":[3152],"class_list":["post-98225","post","type-post","status-publish","format-standard","has-post-thumbnail","hentry","category-actualites","category-architecture-conception","tag-energie-renouvelable"],"yoast_head":"<!-- This site is optimized with the Yoast SEO plugin v27.4 - https:\/\/yoast.com\/product\/yoast-seo-wordpress\/ -->\n<title>Brice Lalonde, nouveau Pr\u00e9sident d&#039;EdEn (Association \u00c9quilibre des \u00c9nergies)<\/title>\n<meta name=\"description\" content=\"Brice Lalonde vient d&#039;\u00eatre \u00e9lu Pr\u00e9sident d&#039;EdEn (Association \u00c9quilibre des \u00c9nergies). Il succ\u00e8de \u00e0 Serge Lepeltier dont le mandat est arriv\u00e9 \u00e0 \u00e9ch\u00e9ance.\" \/>\n<meta name=\"robots\" content=\"index, follow, max-snippet:-1, max-image-preview:large, max-video-preview:-1\" \/>\n<link rel=\"canonical\" href=\"https:\/\/batijournal.com\/index.php\/brice-lalonde-president-eden-association-equlibre-energie\/98225\/\" \/>\n<meta property=\"og:locale\" content=\"fr_FR\" \/>\n<meta property=\"og:type\" content=\"article\" \/>\n<meta property=\"og:title\" content=\"Brice Lalonde, nouveau Pr\u00e9sident d&#039;EdEn (Association \u00c9quilibre des \u00c9nergies)\" \/>\n<meta property=\"og:description\" content=\"Brice Lalonde vient d&#039;\u00eatre \u00e9lu Pr\u00e9sident d&#039;EdEn (Association \u00c9quilibre des \u00c9nergies). Il succ\u00e8de \u00e0 Serge Lepeltier dont le mandat est arriv\u00e9 \u00e0 \u00e9ch\u00e9ance.\" \/>\n<meta property=\"og:url\" content=\"https:\/\/batijournal.com\/index.php\/brice-lalonde-president-eden-association-equlibre-energie\/98225\/\" \/>\n<meta property=\"og:site_name\" content=\"Batijournal\" \/>\n<meta property=\"article:published_time\" content=\"2018-01-25T11:10:34+00:00\" \/>\n<meta property=\"article:modified_time\" content=\"2019-07-15T10:10:46+00:00\" \/>\n<meta property=\"og:image\" content=\"https:\/\/batijournal.com\/wp-content\/uploads\/2018\/01\/Brice_Lalonde_President_Eden.jpg\" \/>\n\t<meta property=\"og:image:width\" content=\"1200\" \/>\n\t<meta property=\"og:image:height\" content=\"972\" \/>\n\t<meta property=\"og:image:type\" content=\"image\/jpeg\" \/>\n<meta name=\"author\" content=\"St\u00e9phane Miget\" \/>\n<meta name=\"twitter:card\" content=\"summary_large_image\" \/>\n<meta name=\"twitter:creator\" content=\"@bati_journal\" \/>\n<meta name=\"twitter:site\" content=\"@bati_journal\" \/>\n<meta name=\"twitter:label1\" content=\"\u00c9crit par\" \/>\n\t<meta name=\"twitter:data1\" content=\"St\u00e9phane Miget\" \/>\n\t<meta name=\"twitter:label2\" content=\"Dur\u00e9e de lecture estim\u00e9e\" \/>\n\t<meta name=\"twitter:data2\" content=\"1 minute\" \/>\n<script type=\"application\/ld+json\" class=\"yoast-schema-graph\">{\"@context\":\"https:\\\/\\\/schema.org\",\"@graph\":[{\"@type\":\"Article\",\"@id\":\"https:\\\/\\\/batijournal.com\\\/index.php\\\/brice-lalonde-president-eden-association-equlibre-energie\\\/98225\\\/#article\",\"isPartOf\":{\"@id\":\"https:\\\/\\\/batijournal.com\\\/index.php\\\/brice-lalonde-president-eden-association-equlibre-energie\\\/98225\\\/\"},\"author\":{\"name\":\"St\u00e9phane Miget\",\"@id\":\"https:\\\/\\\/batijournal.com\\\/#\\\/schema\\\/person\\\/1dc96ec6957aa1ccb25ebe78bb19f100\"},\"headline\":\"Brice Lalonde, nouveau Pr\u00e9sident d&rsquo;EdEn (Association \u00c9quilibre des \u00c9nergies)\",\"datePublished\":\"2018-01-25T11:10:34+00:00\",\"dateModified\":\"2019-07-15T10:10:46+00:00\",\"mainEntityOfPage\":{\"@id\":\"https:\\\/\\\/batijournal.com\\\/index.php\\\/brice-lalonde-president-eden-association-equlibre-energie\\\/98225\\\/\"},\"wordCount\":210,\"image\":{\"@id\":\"https:\\\/\\\/batijournal.com\\\/index.php\\\/brice-lalonde-president-eden-association-equlibre-energie\\\/98225\\\/#primaryimage\"},\"thumbnailUrl\":\"https:\\\/\\\/batijournal.com\\\/wp-content\\\/uploads\\\/2018\\\/01\\\/Brice_Lalonde_President_Eden.jpg\",\"keywords\":[\"\u00e9nergie renouvelable\"],\"articleSection\":[\"Actualit\u00e9s\",\"Architecture &amp; Conception\"],\"inLanguage\":\"fr-FR\"},{\"@type\":\"WebPage\",\"@id\":\"https:\\\/\\\/batijournal.com\\\/index.php\\\/brice-lalonde-president-eden-association-equlibre-energie\\\/98225\\\/\",\"url\":\"https:\\\/\\\/batijournal.com\\\/index.php\\\/brice-lalonde-president-eden-association-equlibre-energie\\\/98225\\\/\",\"name\":\"Brice Lalonde, nouveau Pr\u00e9sident d'EdEn (Association \u00c9quilibre des \u00c9nergies)\",\"isPartOf\":{\"@id\":\"https:\\\/\\\/batijournal.com\\\/#website\"},\"primaryImageOfPage\":{\"@id\":\"https:\\\/\\\/batijournal.com\\\/index.php\\\/brice-lalonde-president-eden-association-equlibre-energie\\\/98225\\\/#primaryimage\"},\"image\":{\"@id\":\"https:\\\/\\\/batijournal.com\\\/index.php\\\/brice-lalonde-president-eden-association-equlibre-energie\\\/98225\\\/#primaryimage\"},\"thumbnailUrl\":\"https:\\\/\\\/batijournal.com\\\/wp-content\\\/uploads\\\/2018\\\/01\\\/Brice_Lalonde_President_Eden.jpg\",\"datePublished\":\"2018-01-25T11:10:34+00:00\",\"dateModified\":\"2019-07-15T10:10:46+00:00\",\"author\":{\"@id\":\"https:\\\/\\\/batijournal.com\\\/#\\\/schema\\\/person\\\/1dc96ec6957aa1ccb25ebe78bb19f100\"},\"description\":\"Brice Lalonde vient d'\u00eatre \u00e9lu Pr\u00e9sident d'EdEn (Association \u00c9quilibre des \u00c9nergies). Il succ\u00e8de \u00e0 Serge Lepeltier dont le mandat est arriv\u00e9 \u00e0 \u00e9ch\u00e9ance.\",\"breadcrumb\":{\"@id\":\"https:\\\/\\\/batijournal.com\\\/index.php\\\/brice-lalonde-president-eden-association-equlibre-energie\\\/98225\\\/#breadcrumb\"},\"inLanguage\":\"fr-FR\",\"potentialAction\":[{\"@type\":\"ReadAction\",\"target\":[\"https:\\\/\\\/batijournal.com\\\/index.php\\\/brice-lalonde-president-eden-association-equlibre-energie\\\/98225\\\/\"]}]},{\"@type\":\"ImageObject\",\"inLanguage\":\"fr-FR\",\"@id\":\"https:\\\/\\\/batijournal.com\\\/index.php\\\/brice-lalonde-president-eden-association-equlibre-energie\\\/98225\\\/#primaryimage\",\"url\":\"https:\\\/\\\/batijournal.com\\\/wp-content\\\/uploads\\\/2018\\\/01\\\/Brice_Lalonde_President_Eden.jpg\",\"contentUrl\":\"https:\\\/\\\/batijournal.com\\\/wp-content\\\/uploads\\\/2018\\\/01\\\/Brice_Lalonde_President_Eden.jpg\",\"width\":1200,\"height\":972,\"caption\":\"Brice_Lalonde_President_Eden-association-equlibre-energie\"},{\"@type\":\"BreadcrumbList\",\"@id\":\"https:\\\/\\\/batijournal.com\\\/index.php\\\/brice-lalonde-president-eden-association-equlibre-energie\\\/98225\\\/#breadcrumb\",\"itemListElement\":[{\"@type\":\"ListItem\",\"position\":1,\"name\":\"Accueil\",\"item\":\"https:\\\/\\\/batijournal.com\\\/\"},{\"@type\":\"ListItem\",\"position\":2,\"name\":\"Actualit\u00e9s\",\"item\":\"https:\\\/\\\/batijournal.com\\\/index.php\\\/category\\\/actualites\\\/\"},{\"@type\":\"ListItem\",\"position\":3,\"name\":\"Brice Lalonde, nouveau Pr\u00e9sident d&rsquo;EdEn (Association \u00c9quilibre des \u00c9nergies)\"}]},{\"@type\":\"WebSite\",\"@id\":\"https:\\\/\\\/batijournal.com\\\/#website\",\"url\":\"https:\\\/\\\/batijournal.com\\\/\",\"name\":\"Batijournal\",\"description\":\"L&#039;actualit\u00e9 du b\u00e2timent\",\"potentialAction\":[{\"@type\":\"SearchAction\",\"target\":{\"@type\":\"EntryPoint\",\"urlTemplate\":\"https:\\\/\\\/batijournal.com\\\/?s={search_term_string}\"},\"query-input\":{\"@type\":\"PropertyValueSpecification\",\"valueRequired\":true,\"valueName\":\"search_term_string\"}}],\"inLanguage\":\"fr-FR\"},{\"@type\":\"Person\",\"@id\":\"https:\\\/\\\/batijournal.com\\\/#\\\/schema\\\/person\\\/1dc96ec6957aa1ccb25ebe78bb19f100\",\"name\":\"St\u00e9phane Miget\",\"image\":{\"@type\":\"ImageObject\",\"inLanguage\":\"fr-FR\",\"@id\":\"https:\\\/\\\/secure.gravatar.com\\\/avatar\\\/89915563d925342126b8ef0281b93d9d7fc337043e8df017f780908eb9644451?s=96&d=mm&r=g\",\"url\":\"https:\\\/\\\/secure.gravatar.com\\\/avatar\\\/89915563d925342126b8ef0281b93d9d7fc337043e8df017f780908eb9644451?s=96&d=mm&r=g\",\"contentUrl\":\"https:\\\/\\\/secure.gravatar.com\\\/avatar\\\/89915563d925342126b8ef0281b93d9d7fc337043e8df017f780908eb9644451?s=96&d=mm&r=g\",\"caption\":\"St\u00e9phane Miget\"},\"url\":\"https:\\\/\\\/batijournal.com\\\/index.php\\\/author\\\/stephane\\\/\"}]}<\/script>\n<!-- \/ Yoast SEO plugin. -->","yoast_head_json":{"title":"Brice Lalonde, nouveau Pr\u00e9sident d'EdEn (Association \u00c9quilibre des \u00c9nergies)","description":"Brice Lalonde vient d'\u00eatre \u00e9lu Pr\u00e9sident d'EdEn (Association \u00c9quilibre des \u00c9nergies). Il succ\u00e8de \u00e0 Serge Lepeltier dont le mandat est arriv\u00e9 \u00e0 \u00e9ch\u00e9ance.","robots":{"index":"index","follow":"follow","max-snippet":"max-snippet:-1","max-image-preview":"max-image-preview:large","max-video-preview":"max-video-preview:-1"},"canonical":"https:\/\/batijournal.com\/index.php\/brice-lalonde-president-eden-association-equlibre-energie\/98225\/","og_locale":"fr_FR","og_type":"article","og_title":"Brice Lalonde, nouveau Pr\u00e9sident d'EdEn (Association \u00c9quilibre des \u00c9nergies)","og_description":"Brice Lalonde vient d'\u00eatre \u00e9lu Pr\u00e9sident d'EdEn (Association \u00c9quilibre des \u00c9nergies). Il succ\u00e8de \u00e0 Serge Lepeltier dont le mandat est arriv\u00e9 \u00e0 \u00e9ch\u00e9ance.","og_url":"https:\/\/batijournal.com\/index.php\/brice-lalonde-president-eden-association-equlibre-energie\/98225\/","og_site_name":"Batijournal","article_published_time":"2018-01-25T11:10:34+00:00","article_modified_time":"2019-07-15T10:10:46+00:00","og_image":[{"width":1200,"height":972,"url":"https:\/\/batijournal.com\/wp-content\/uploads\/2018\/01\/Brice_Lalonde_President_Eden.jpg","type":"image\/jpeg"}],"author":"St\u00e9phane Miget","twitter_card":"summary_large_image","twitter_creator":"@bati_journal","twitter_site":"@bati_journal","twitter_misc":{"\u00c9crit par":"St\u00e9phane Miget","Dur\u00e9e de lecture estim\u00e9e":"1 minute"},"schema":{"@context":"https:\/\/schema.org","@graph":[{"@type":"Article","@id":"https:\/\/batijournal.com\/index.php\/brice-lalonde-president-eden-association-equlibre-energie\/98225\/#article","isPartOf":{"@id":"https:\/\/batijournal.com\/index.php\/brice-lalonde-president-eden-association-equlibre-energie\/98225\/"},"author":{"name":"St\u00e9phane Miget","@id":"https:\/\/batijournal.com\/#\/schema\/person\/1dc96ec6957aa1ccb25ebe78bb19f100"},"headline":"Brice Lalonde, nouveau Pr\u00e9sident d&rsquo;EdEn (Association \u00c9quilibre des \u00c9nergies)","datePublished":"2018-01-25T11:10:34+00:00","dateModified":"2019-07-15T10:10:46+00:00","mainEntityOfPage":{"@id":"https:\/\/batijournal.com\/index.php\/brice-lalonde-president-eden-association-equlibre-energie\/98225\/"},"wordCount":210,"image":{"@id":"https:\/\/batijournal.com\/index.php\/brice-lalonde-president-eden-association-equlibre-energie\/98225\/#primaryimage"},"thumbnailUrl":"https:\/\/batijournal.com\/wp-content\/uploads\/2018\/01\/Brice_Lalonde_President_Eden.jpg","keywords":["\u00e9nergie renouvelable"],"articleSection":["Actualit\u00e9s","Architecture &amp; Conception"],"inLanguage":"fr-FR"},{"@type":"WebPage","@id":"https:\/\/batijournal.com\/index.php\/brice-lalonde-president-eden-association-equlibre-energie\/98225\/","url":"https:\/\/batijournal.com\/index.php\/brice-lalonde-president-eden-association-equlibre-energie\/98225\/","name":"Brice Lalonde, nouveau Pr\u00e9sident d'EdEn (Association \u00c9quilibre des \u00c9nergies)","isPartOf":{"@id":"https:\/\/batijournal.com\/#website"},"primaryImageOfPage":{"@id":"https:\/\/batijournal.com\/index.php\/brice-lalonde-president-eden-association-equlibre-energie\/98225\/#primaryimage"},"image":{"@id":"https:\/\/batijournal.com\/index.php\/brice-lalonde-president-eden-association-equlibre-energie\/98225\/#primaryimage"},"thumbnailUrl":"https:\/\/batijournal.com\/wp-content\/uploads\/2018\/01\/Brice_Lalonde_President_Eden.jpg","datePublished":"2018-01-25T11:10:34+00:00","dateModified":"2019-07-15T10:10:46+00:00","author":{"@id":"https:\/\/batijournal.com\/#\/schema\/person\/1dc96ec6957aa1ccb25ebe78bb19f100"},"description":"Brice Lalonde vient d'\u00eatre \u00e9lu Pr\u00e9sident d'EdEn (Association \u00c9quilibre des \u00c9nergies). Il succ\u00e8de \u00e0 Serge Lepeltier dont le mandat est arriv\u00e9 \u00e0 \u00e9ch\u00e9ance.","breadcrumb":{"@id":"https:\/\/batijournal.com\/index.php\/brice-lalonde-president-eden-association-equlibre-energie\/98225\/#breadcrumb"},"inLanguage":"fr-FR","potentialAction":[{"@type":"ReadAction","target":["https:\/\/batijournal.com\/index.php\/brice-lalonde-president-eden-association-equlibre-energie\/98225\/"]}]},{"@type":"ImageObject","inLanguage":"fr-FR","@id":"https:\/\/batijournal.com\/index.php\/brice-lalonde-president-eden-association-equlibre-energie\/98225\/#primaryimage","url":"https:\/\/batijournal.com\/wp-content\/uploads\/2018\/01\/Brice_Lalonde_President_Eden.jpg","contentUrl":"https:\/\/batijournal.com\/wp-content\/uploads\/2018\/01\/Brice_Lalonde_President_Eden.jpg","width":1200,"height":972,"caption":"Brice_Lalonde_President_Eden-association-equlibre-energie"},{"@type":"BreadcrumbList","@id":"https:\/\/batijournal.com\/index.php\/brice-lalonde-president-eden-association-equlibre-energie\/98225\/#breadcrumb","itemListElement":[{"@type":"ListItem","position":1,"name":"Accueil","item":"https:\/\/batijournal.com\/"},{"@type":"ListItem","position":2,"name":"Actualit\u00e9s","item":"https:\/\/batijournal.com\/index.php\/category\/actualites\/"},{"@type":"ListItem","position":3,"name":"Brice Lalonde, nouveau Pr\u00e9sident d&rsquo;EdEn (Association \u00c9quilibre des \u00c9nergies)"}]},{"@type":"WebSite","@id":"https:\/\/batijournal.com\/#website","url":"https:\/\/batijournal.com\/","name":"Batijournal","description":"L&#039;actualit\u00e9 du b\u00e2timent","potentialAction":[{"@type":"SearchAction","target":{"@type":"EntryPoint","urlTemplate":"https:\/\/batijournal.com\/?s={search_term_string}"},"query-input":{"@type":"PropertyValueSpecification","valueRequired":true,"valueName":"search_term_string"}}],"inLanguage":"fr-FR"},{"@type":"Person","@id":"https:\/\/batijournal.com\/#\/schema\/person\/1dc96ec6957aa1ccb25ebe78bb19f100","name":"St\u00e9phane Miget","image":{"@type":"ImageObject","inLanguage":"fr-FR","@id":"https:\/\/secure.gravatar.com\/avatar\/89915563d925342126b8ef0281b93d9d7fc337043e8df017f780908eb9644451?s=96&d=mm&r=g","url":"https:\/\/secure.gravatar.com\/avatar\/89915563d925342126b8ef0281b93d9d7fc337043e8df017f780908eb9644451?s=96&d=mm&r=g","contentUrl":"https:\/\/secure.gravatar.com\/avatar\/89915563d925342126b8ef0281b93d9d7fc337043e8df017f780908eb9644451?s=96&d=mm&r=g","caption":"St\u00e9phane Miget"},"url":"https:\/\/batijournal.com\/index.php\/author\/stephane\/"}]}},"_links":{"self":[{"href":"https:\/\/batijournal.com\/index.php\/wp-json\/wp\/v2\/posts\/98225","targetHints":{"allow":["GET"]}}],"collection":[{"href":"https:\/\/batijournal.com\/index.php\/wp-json\/wp\/v2\/posts"}],"about":[{"href":"https:\/\/batijournal.com\/index.php\/wp-json\/wp\/v2\/types\/post"}],"author":[{"embeddable":true,"href":"https:\/\/batijournal.com\/index.php\/wp-json\/wp\/v2\/users\/17"}],"replies":[{"embeddable":true,"href":"https:\/\/batijournal.com\/index.php\/wp-json\/wp\/v2\/comments?post=98225"}],"version-history":[{"count":0,"href":"https:\/\/batijournal.com\/index.php\/wp-json\/wp\/v2\/posts\/98225\/revisions"}],"wp:featuredmedia":[{"embeddable":true,"href":"https:\/\/batijournal.com\/index.php\/wp-json\/wp\/v2\/media\/98226"}],"wp:attachment":[{"href":"https:\/\/batijournal.com\/index.php\/wp-json\/wp\/v2\/media?parent=98225"}],"wp:term":[{"taxonomy":"category","embeddable":true,"href":"https:\/\/batijournal.com\/index.php\/wp-json\/wp\/v2\/categories?post=98225"},{"taxonomy":"post_tag","embeddable":true,"href":"https:\/\/batijournal.com\/index.php\/wp-json\/wp\/v2\/tags?post=98225"}],"curies":[{"name":"wp","href":"https:\/\/api.w.org\/{rel}","templated":true}]}}