{"id":98238,"date":"2018-01-29T09:10:57","date_gmt":"2018-01-29T08:10:57","guid":{"rendered":"http:\/\/batijournal.com\/?p=98238"},"modified":"2019-07-15T12:10:46","modified_gmt":"2019-07-15T10:10:46","slug":"smart-city-villes-moyennes-plus-intelligentes","status":"publish","type":"post","link":"https:\/\/batijournal.com\/index.php\/smart-city-villes-moyennes-plus-intelligentes\/98238\/","title":{"rendered":"Mode d\u2019emploi pour des villes moyennes plus intelligentes"},"content":{"rendered":"<p>Villes de France, Orange, Tactis, Veolia et Villes internet publient : \u00ab En route vers des villes plus intelligences \u2013 Comment penser et construire la smart city en Villes de France ? \u00bb. Ensemble, ils dressent un portrait de la smart city en ville moyenne et des outils pour construire une strat\u00e9gie locale. Alors que le concept de ville intelligente prosp\u00e8re et que les m\u00e9tropoles rivalisent de nouvelles pratiques, les villes de taille moyenne ne sont pas en reste. Elles s\u2019appuient sur les sp\u00e9cificit\u00e9s de leur territoire ainsi que sur leurs diff\u00e9rentes comp\u00e9tences, et mettent au point des politiques innovantes et remarquables au service des habitants. Evolution des attentes de la soci\u00e9t\u00e9, nouvelles r\u00e9glementations \u00e0 int\u00e9grer et baisse des moyens financiers incitent les villes et intercommunalit\u00e9s \u00e0 innover, \u00e0 se d\u00e9marquer et \u00e0 se saisir des technologies de l\u2019information et de la communication afin de renforcer l\u2019efficience des politiques publiques. \u00abEn route vers des villes plus intelligentes!\u00bb est un mode d\u2019emploi, donne des statistiques, passe au crible les enjeux et risques tandis que 12 portraits de territoires viennent t\u00e9moigner concr\u00e8tement des politiques men\u00e9es.<\/p>\n<p><a href=\"http:\/\/www.villesdefrance.fr\/upload\/En%20route%20vers%20des%20villes%20plus%20intelligentes.pdf\" target=\"_blank\" rel=\"noopener noreferrer\">A t\u00e9l\u00e9charger ici<\/a><\/p>\n<p>&nbsp;<\/p>\n","protected":false},"excerpt":{"rendered":"<p>Villes de France, Orange, Tactis, Veolia et Villes internet publient : \u00ab En route vers des villes plus intelligences \u2013 Comment penser et construire la smart city en Villes de France ? \u00bb. Ensemble, ils dressent un portrait de la smart city en ville moyenne et des outils pour construire une strat\u00e9gie locale. Alors que [&hellip;]<\/p>\n","protected":false},"author":17,"featured_media":98239,"comment_status":"closed","ping_status":"closed","sticky":false,"template":"","format":"standard","meta":{"_et_pb_use_builder":"","_et_pb_old_content":"","_et_gb_content_width":"","footnotes":""},"categories":[10530,6340],"tags":[8107],"class_list":["post-98238","post","type-post","status-publish","format-standard","has-post-thumbnail","hentry","category-actualites","category-architecture-conception","tag-smart-city"],"yoast_head":"<!-- This site is optimized with the Yoast SEO plugin v27.4 - https:\/\/yoast.com\/product\/yoast-seo-wordpress\/ -->\n<title>Smart city : mode d\u2019emploi pour des villes moyennes plus intelligentes<\/title>\n<meta name=\"description\" content=\"Mode d&#039;emploi : &quot;En route vers des villes plus intelligences \u2013 Comment penser et construire la smart city en Villes de France ?&quot;\" \/>\n<meta name=\"robots\" content=\"index, follow, max-snippet:-1, max-image-preview:large, max-video-preview:-1\" \/>\n<link rel=\"canonical\" href=\"https:\/\/batijournal.com\/index.php\/smart-city-villes-moyennes-plus-intelligentes\/98238\/\" \/>\n<meta property=\"og:locale\" content=\"fr_FR\" \/>\n<meta property=\"og:type\" content=\"article\" \/>\n<meta property=\"og:title\" content=\"Smart city : mode d\u2019emploi pour des villes moyennes plus intelligentes\" \/>\n<meta property=\"og:description\" content=\"Mode d&#039;emploi : &quot;En route vers des villes plus intelligences \u2013 Comment penser et construire la smart city en Villes de France ?&quot;\" \/>\n<meta property=\"og:url\" content=\"https:\/\/batijournal.com\/index.php\/smart-city-villes-moyennes-plus-intelligentes\/98238\/\" \/>\n<meta property=\"og:site_name\" content=\"Batijournal\" \/>\n<meta property=\"article:published_time\" content=\"2018-01-29T08:10:57+00:00\" \/>\n<meta property=\"article:modified_time\" content=\"2019-07-15T10:10:46+00:00\" \/>\n<meta property=\"og:image\" content=\"https:\/\/batijournal.com\/wp-content\/uploads\/2018\/01\/villes-inteligentes.png\" \/>\n\t<meta property=\"og:image:width\" content=\"500\" \/>\n\t<meta property=\"og:image:height\" content=\"626\" \/>\n\t<meta property=\"og:image:type\" content=\"image\/png\" \/>\n<meta name=\"author\" content=\"St\u00e9phane Miget\" \/>\n<meta name=\"twitter:card\" content=\"summary_large_image\" \/>\n<meta name=\"twitter:creator\" content=\"@bati_journal\" \/>\n<meta name=\"twitter:site\" content=\"@bati_journal\" \/>\n<meta name=\"twitter:label1\" content=\"\u00c9crit par\" \/>\n\t<meta name=\"twitter:data1\" content=\"St\u00e9phane Miget\" \/>\n\t<meta name=\"twitter:label2\" content=\"Dur\u00e9e de lecture estim\u00e9e\" \/>\n\t<meta name=\"twitter:data2\" content=\"1 minute\" \/>\n<script type=\"application\/ld+json\" class=\"yoast-schema-graph\">{\"@context\":\"https:\\\/\\\/schema.org\",\"@graph\":[{\"@type\":\"Article\",\"@id\":\"https:\\\/\\\/batijournal.com\\\/index.php\\\/smart-city-villes-moyennes-plus-intelligentes\\\/98238\\\/#article\",\"isPartOf\":{\"@id\":\"https:\\\/\\\/batijournal.com\\\/index.php\\\/smart-city-villes-moyennes-plus-intelligentes\\\/98238\\\/\"},\"author\":{\"name\":\"St\u00e9phane Miget\",\"@id\":\"https:\\\/\\\/batijournal.com\\\/#\\\/schema\\\/person\\\/1dc96ec6957aa1ccb25ebe78bb19f100\"},\"headline\":\"Mode d\u2019emploi pour des villes moyennes plus intelligentes\",\"datePublished\":\"2018-01-29T08:10:57+00:00\",\"dateModified\":\"2019-07-15T10:10:46+00:00\",\"mainEntityOfPage\":{\"@id\":\"https:\\\/\\\/batijournal.com\\\/index.php\\\/smart-city-villes-moyennes-plus-intelligentes\\\/98238\\\/\"},\"wordCount\":207,\"image\":{\"@id\":\"https:\\\/\\\/batijournal.com\\\/index.php\\\/smart-city-villes-moyennes-plus-intelligentes\\\/98238\\\/#primaryimage\"},\"thumbnailUrl\":\"https:\\\/\\\/batijournal.com\\\/wp-content\\\/uploads\\\/2018\\\/01\\\/villes-inteligentes.png\",\"keywords\":[\"smart city\"],\"articleSection\":[\"Actualit\u00e9s\",\"Architecture &amp; Conception\"],\"inLanguage\":\"fr-FR\"},{\"@type\":\"WebPage\",\"@id\":\"https:\\\/\\\/batijournal.com\\\/index.php\\\/smart-city-villes-moyennes-plus-intelligentes\\\/98238\\\/\",\"url\":\"https:\\\/\\\/batijournal.com\\\/index.php\\\/smart-city-villes-moyennes-plus-intelligentes\\\/98238\\\/\",\"name\":\"Smart city : mode d\u2019emploi pour des villes moyennes plus intelligentes\",\"isPartOf\":{\"@id\":\"https:\\\/\\\/batijournal.com\\\/#website\"},\"primaryImageOfPage\":{\"@id\":\"https:\\\/\\\/batijournal.com\\\/index.php\\\/smart-city-villes-moyennes-plus-intelligentes\\\/98238\\\/#primaryimage\"},\"image\":{\"@id\":\"https:\\\/\\\/batijournal.com\\\/index.php\\\/smart-city-villes-moyennes-plus-intelligentes\\\/98238\\\/#primaryimage\"},\"thumbnailUrl\":\"https:\\\/\\\/batijournal.com\\\/wp-content\\\/uploads\\\/2018\\\/01\\\/villes-inteligentes.png\",\"datePublished\":\"2018-01-29T08:10:57+00:00\",\"dateModified\":\"2019-07-15T10:10:46+00:00\",\"author\":{\"@id\":\"https:\\\/\\\/batijournal.com\\\/#\\\/schema\\\/person\\\/1dc96ec6957aa1ccb25ebe78bb19f100\"},\"description\":\"Mode d'emploi : \\\"En route vers des villes plus intelligences \u2013 Comment penser et construire la smart city en Villes de France ?\\\"\",\"breadcrumb\":{\"@id\":\"https:\\\/\\\/batijournal.com\\\/index.php\\\/smart-city-villes-moyennes-plus-intelligentes\\\/98238\\\/#breadcrumb\"},\"inLanguage\":\"fr-FR\",\"potentialAction\":[{\"@type\":\"ReadAction\",\"target\":[\"https:\\\/\\\/batijournal.com\\\/index.php\\\/smart-city-villes-moyennes-plus-intelligentes\\\/98238\\\/\"]}]},{\"@type\":\"ImageObject\",\"inLanguage\":\"fr-FR\",\"@id\":\"https:\\\/\\\/batijournal.com\\\/index.php\\\/smart-city-villes-moyennes-plus-intelligentes\\\/98238\\\/#primaryimage\",\"url\":\"https:\\\/\\\/batijournal.com\\\/wp-content\\\/uploads\\\/2018\\\/01\\\/villes-inteligentes.png\",\"contentUrl\":\"https:\\\/\\\/batijournal.com\\\/wp-content\\\/uploads\\\/2018\\\/01\\\/villes-inteligentes.png\",\"width\":500,\"height\":626},{\"@type\":\"BreadcrumbList\",\"@id\":\"https:\\\/\\\/batijournal.com\\\/index.php\\\/smart-city-villes-moyennes-plus-intelligentes\\\/98238\\\/#breadcrumb\",\"itemListElement\":[{\"@type\":\"ListItem\",\"position\":1,\"name\":\"Accueil\",\"item\":\"https:\\\/\\\/batijournal.com\\\/\"},{\"@type\":\"ListItem\",\"position\":2,\"name\":\"Actualit\u00e9s\",\"item\":\"https:\\\/\\\/batijournal.com\\\/index.php\\\/category\\\/actualites\\\/\"},{\"@type\":\"ListItem\",\"position\":3,\"name\":\"Mode d\u2019emploi pour des villes moyennes plus intelligentes\"}]},{\"@type\":\"WebSite\",\"@id\":\"https:\\\/\\\/batijournal.com\\\/#website\",\"url\":\"https:\\\/\\\/batijournal.com\\\/\",\"name\":\"Batijournal\",\"description\":\"L&#039;actualit\u00e9 du b\u00e2timent\",\"potentialAction\":[{\"@type\":\"SearchAction\",\"target\":{\"@type\":\"EntryPoint\",\"urlTemplate\":\"https:\\\/\\\/batijournal.com\\\/?s={search_term_string}\"},\"query-input\":{\"@type\":\"PropertyValueSpecification\",\"valueRequired\":true,\"valueName\":\"search_term_string\"}}],\"inLanguage\":\"fr-FR\"},{\"@type\":\"Person\",\"@id\":\"https:\\\/\\\/batijournal.com\\\/#\\\/schema\\\/person\\\/1dc96ec6957aa1ccb25ebe78bb19f100\",\"name\":\"St\u00e9phane Miget\",\"image\":{\"@type\":\"ImageObject\",\"inLanguage\":\"fr-FR\",\"@id\":\"https:\\\/\\\/secure.gravatar.com\\\/avatar\\\/89915563d925342126b8ef0281b93d9d7fc337043e8df017f780908eb9644451?s=96&d=mm&r=g\",\"url\":\"https:\\\/\\\/secure.gravatar.com\\\/avatar\\\/89915563d925342126b8ef0281b93d9d7fc337043e8df017f780908eb9644451?s=96&d=mm&r=g\",\"contentUrl\":\"https:\\\/\\\/secure.gravatar.com\\\/avatar\\\/89915563d925342126b8ef0281b93d9d7fc337043e8df017f780908eb9644451?s=96&d=mm&r=g\",\"caption\":\"St\u00e9phane Miget\"},\"url\":\"https:\\\/\\\/batijournal.com\\\/index.php\\\/author\\\/stephane\\\/\"}]}<\/script>\n<!-- \/ Yoast SEO plugin. -->","yoast_head_json":{"title":"Smart city : mode d\u2019emploi pour des villes moyennes plus intelligentes","description":"Mode d'emploi : \"En route vers des villes plus intelligences \u2013 Comment penser et construire la smart city en Villes de France ?\"","robots":{"index":"index","follow":"follow","max-snippet":"max-snippet:-1","max-image-preview":"max-image-preview:large","max-video-preview":"max-video-preview:-1"},"canonical":"https:\/\/batijournal.com\/index.php\/smart-city-villes-moyennes-plus-intelligentes\/98238\/","og_locale":"fr_FR","og_type":"article","og_title":"Smart city : mode d\u2019emploi pour des villes moyennes plus intelligentes","og_description":"Mode d'emploi : \"En route vers des villes plus intelligences \u2013 Comment penser et construire la smart city en Villes de France ?\"","og_url":"https:\/\/batijournal.com\/index.php\/smart-city-villes-moyennes-plus-intelligentes\/98238\/","og_site_name":"Batijournal","article_published_time":"2018-01-29T08:10:57+00:00","article_modified_time":"2019-07-15T10:10:46+00:00","og_image":[{"width":500,"height":626,"url":"https:\/\/batijournal.com\/wp-content\/uploads\/2018\/01\/villes-inteligentes.png","type":"image\/png"}],"author":"St\u00e9phane Miget","twitter_card":"summary_large_image","twitter_creator":"@bati_journal","twitter_site":"@bati_journal","twitter_misc":{"\u00c9crit par":"St\u00e9phane Miget","Dur\u00e9e de lecture estim\u00e9e":"1 minute"},"schema":{"@context":"https:\/\/schema.org","@graph":[{"@type":"Article","@id":"https:\/\/batijournal.com\/index.php\/smart-city-villes-moyennes-plus-intelligentes\/98238\/#article","isPartOf":{"@id":"https:\/\/batijournal.com\/index.php\/smart-city-villes-moyennes-plus-intelligentes\/98238\/"},"author":{"name":"St\u00e9phane Miget","@id":"https:\/\/batijournal.com\/#\/schema\/person\/1dc96ec6957aa1ccb25ebe78bb19f100"},"headline":"Mode d\u2019emploi pour des villes moyennes plus intelligentes","datePublished":"2018-01-29T08:10:57+00:00","dateModified":"2019-07-15T10:10:46+00:00","mainEntityOfPage":{"@id":"https:\/\/batijournal.com\/index.php\/smart-city-villes-moyennes-plus-intelligentes\/98238\/"},"wordCount":207,"image":{"@id":"https:\/\/batijournal.com\/index.php\/smart-city-villes-moyennes-plus-intelligentes\/98238\/#primaryimage"},"thumbnailUrl":"https:\/\/batijournal.com\/wp-content\/uploads\/2018\/01\/villes-inteligentes.png","keywords":["smart city"],"articleSection":["Actualit\u00e9s","Architecture &amp; Conception"],"inLanguage":"fr-FR"},{"@type":"WebPage","@id":"https:\/\/batijournal.com\/index.php\/smart-city-villes-moyennes-plus-intelligentes\/98238\/","url":"https:\/\/batijournal.com\/index.php\/smart-city-villes-moyennes-plus-intelligentes\/98238\/","name":"Smart city : mode d\u2019emploi pour des villes moyennes plus intelligentes","isPartOf":{"@id":"https:\/\/batijournal.com\/#website"},"primaryImageOfPage":{"@id":"https:\/\/batijournal.com\/index.php\/smart-city-villes-moyennes-plus-intelligentes\/98238\/#primaryimage"},"image":{"@id":"https:\/\/batijournal.com\/index.php\/smart-city-villes-moyennes-plus-intelligentes\/98238\/#primaryimage"},"thumbnailUrl":"https:\/\/batijournal.com\/wp-content\/uploads\/2018\/01\/villes-inteligentes.png","datePublished":"2018-01-29T08:10:57+00:00","dateModified":"2019-07-15T10:10:46+00:00","author":{"@id":"https:\/\/batijournal.com\/#\/schema\/person\/1dc96ec6957aa1ccb25ebe78bb19f100"},"description":"Mode d'emploi : \"En route vers des villes plus intelligences \u2013 Comment penser et construire la smart city en Villes de France ?\"","breadcrumb":{"@id":"https:\/\/batijournal.com\/index.php\/smart-city-villes-moyennes-plus-intelligentes\/98238\/#breadcrumb"},"inLanguage":"fr-FR","potentialAction":[{"@type":"ReadAction","target":["https:\/\/batijournal.com\/index.php\/smart-city-villes-moyennes-plus-intelligentes\/98238\/"]}]},{"@type":"ImageObject","inLanguage":"fr-FR","@id":"https:\/\/batijournal.com\/index.php\/smart-city-villes-moyennes-plus-intelligentes\/98238\/#primaryimage","url":"https:\/\/batijournal.com\/wp-content\/uploads\/2018\/01\/villes-inteligentes.png","contentUrl":"https:\/\/batijournal.com\/wp-content\/uploads\/2018\/01\/villes-inteligentes.png","width":500,"height":626},{"@type":"BreadcrumbList","@id":"https:\/\/batijournal.com\/index.php\/smart-city-villes-moyennes-plus-intelligentes\/98238\/#breadcrumb","itemListElement":[{"@type":"ListItem","position":1,"name":"Accueil","item":"https:\/\/batijournal.com\/"},{"@type":"ListItem","position":2,"name":"Actualit\u00e9s","item":"https:\/\/batijournal.com\/index.php\/category\/actualites\/"},{"@type":"ListItem","position":3,"name":"Mode d\u2019emploi pour des villes moyennes plus intelligentes"}]},{"@type":"WebSite","@id":"https:\/\/batijournal.com\/#website","url":"https:\/\/batijournal.com\/","name":"Batijournal","description":"L&#039;actualit\u00e9 du b\u00e2timent","potentialAction":[{"@type":"SearchAction","target":{"@type":"EntryPoint","urlTemplate":"https:\/\/batijournal.com\/?s={search_term_string}"},"query-input":{"@type":"PropertyValueSpecification","valueRequired":true,"valueName":"search_term_string"}}],"inLanguage":"fr-FR"},{"@type":"Person","@id":"https:\/\/batijournal.com\/#\/schema\/person\/1dc96ec6957aa1ccb25ebe78bb19f100","name":"St\u00e9phane Miget","image":{"@type":"ImageObject","inLanguage":"fr-FR","@id":"https:\/\/secure.gravatar.com\/avatar\/89915563d925342126b8ef0281b93d9d7fc337043e8df017f780908eb9644451?s=96&d=mm&r=g","url":"https:\/\/secure.gravatar.com\/avatar\/89915563d925342126b8ef0281b93d9d7fc337043e8df017f780908eb9644451?s=96&d=mm&r=g","contentUrl":"https:\/\/secure.gravatar.com\/avatar\/89915563d925342126b8ef0281b93d9d7fc337043e8df017f780908eb9644451?s=96&d=mm&r=g","caption":"St\u00e9phane Miget"},"url":"https:\/\/batijournal.com\/index.php\/author\/stephane\/"}]}},"_links":{"self":[{"href":"https:\/\/batijournal.com\/index.php\/wp-json\/wp\/v2\/posts\/98238","targetHints":{"allow":["GET"]}}],"collection":[{"href":"https:\/\/batijournal.com\/index.php\/wp-json\/wp\/v2\/posts"}],"about":[{"href":"https:\/\/batijournal.com\/index.php\/wp-json\/wp\/v2\/types\/post"}],"author":[{"embeddable":true,"href":"https:\/\/batijournal.com\/index.php\/wp-json\/wp\/v2\/users\/17"}],"replies":[{"embeddable":true,"href":"https:\/\/batijournal.com\/index.php\/wp-json\/wp\/v2\/comments?post=98238"}],"version-history":[{"count":0,"href":"https:\/\/batijournal.com\/index.php\/wp-json\/wp\/v2\/posts\/98238\/revisions"}],"wp:featuredmedia":[{"embeddable":true,"href":"https:\/\/batijournal.com\/index.php\/wp-json\/wp\/v2\/media\/98239"}],"wp:attachment":[{"href":"https:\/\/batijournal.com\/index.php\/wp-json\/wp\/v2\/media?parent=98238"}],"wp:term":[{"taxonomy":"category","embeddable":true,"href":"https:\/\/batijournal.com\/index.php\/wp-json\/wp\/v2\/categories?post=98238"},{"taxonomy":"post_tag","embeddable":true,"href":"https:\/\/batijournal.com\/index.php\/wp-json\/wp\/v2\/tags?post=98238"}],"curies":[{"name":"wp","href":"https:\/\/api.w.org\/{rel}","templated":true}]}}