{"id":98241,"date":"2018-01-29T09:39:22","date_gmt":"2018-01-29T08:39:22","guid":{"rendered":"http:\/\/batijournal.com\/?p=98241"},"modified":"2019-07-15T12:13:04","modified_gmt":"2019-07-15T10:13:04","slug":"assurances-groupe-sfs-confirme-poursuite-activites","status":"publish","type":"post","link":"https:\/\/batijournal.com\/index.php\/assurances-groupe-sfs-confirme-poursuite-activites\/98241\/","title":{"rendered":"Le Groupe SFS confirme la poursuite de ses activit\u00e9s"},"content":{"rendered":"<p>Selon une d\u00e9cision du Commissariat aux Assurances (C.A.A.), organisme luxembourgeois de surveillance du secteur de l\u2019assurance, au 1er d\u00e9cembre 2017, SFS EUROPE S.A., agr\u00e9\u00e9e au Luxembourg, ne peut continuer \u00e0 op\u00e9rer \u00e0 la fois comme courtier en assurances et comme agent de compagnies d\u2019assurance. SFS a r\u00e9cemment soumis une demande d\u2019injonction provisoire \u00e0 la Cour afin de suspendre la d\u00e9cision du C.A.A. jusqu&rsquo;au jugement au fond de la d\u00e9cision. N\u00e9anmoins la Cour a d\u00e9cid\u00e9 que la d\u00e9cision devait rester en vigueur jusqu&rsquo;\u00e0 ce que le recours en annulation soit entendu ; l\u2019information selon laquelle la d\u00e9cision du C.A.A. fait l\u2019objet d\u2019un recours devant rester publique.<\/p>\n<p>Afin de rassurer ses partenaires et ses clients sur la validit\u00e9 des contrats pris en garantie avant et apr\u00e8s la d\u00e9cision du C.A.A., la Direction G\u00e9n\u00e9rale du Groupe pr\u00e9cise que les contrats en cours et pris en garantie ant\u00e9rieurement au 1er d\u00e9cembre par SFS EUROPE en qualit\u00e9 de mandataire restent valables et conservent leurs pleins effets juridiques. En outre, la gestion des dossiers d\u2019assurance (gestion des contrats et gestion des sinistres) est directement et depuis plusieurs ann\u00e9es confi\u00e9e par les partenaires assureurs \u00e0 la succursale fran\u00e7aise de la soci\u00e9t\u00e9 IMS EXPERT qui n\u2019est aucunement impact\u00e9e par la d\u00e9cision du C.A.A.<br \/>\nLes contrats souscrits et \u00e0 souscrire \u00e0 compter du 1er d\u00e9cembre 2017, sont d\u00e9sormais r\u00e9dig\u00e9s en conformit\u00e9 avec les exigences du C.A.A. Ainsi, les contrats et attestations sont valid\u00e9s et sign\u00e9s directement par les partenaires assureurs qui ont confirm\u00e9 les termes et conditions de garanties initialement accord\u00e9s. Le dispositif de signature \u00e9lectronique directe par les compagnies partenaires permet un retour rapide des conditions particuli\u00e8res et des attestations.<br \/>\nA compter de Janvier 2018, CBL Corporation, actionnaire majoritaire de SFS Holdings et CBL INSURANCE EUROPE DAC, partenaire-assureur, confirment que les activit\u00e9s d\u2019interm\u00e9diation en assurance du Groupe SFS HOLDINGS se poursuivront normalement.<\/p>\n","protected":false},"excerpt":{"rendered":"<p>Selon une d\u00e9cision du Commissariat aux Assurances (C.A.A.), organisme luxembourgeois de surveillance du secteur de l\u2019assurance, au 1er d\u00e9cembre 2017, SFS EUROPE S.A., agr\u00e9\u00e9e au Luxembourg, ne peut continuer \u00e0 op\u00e9rer \u00e0 la fois comme courtier en assurances et comme agent de compagnies d\u2019assurance. SFS a r\u00e9cemment soumis une demande d\u2019injonction provisoire \u00e0 la Cour [&hellip;]<\/p>\n","protected":false},"author":17,"featured_media":98242,"comment_status":"closed","ping_status":"closed","sticky":false,"template":"","format":"standard","meta":{"_et_pb_use_builder":"","_et_pb_old_content":"","_et_gb_content_width":"","footnotes":""},"categories":[10530,6345],"tags":[7749],"class_list":["post-98241","post","type-post","status-publish","format-standard","has-post-thumbnail","hentry","category-actualites","category-economie-marches","tag-sfs"],"yoast_head":"<!-- This site is optimized with the Yoast SEO plugin v27.4 - https:\/\/yoast.com\/product\/yoast-seo-wordpress\/ -->\n<title>Le Groupe SFS confirme la poursuite de ses activit\u00e9s<\/title>\n<meta name=\"description\" content=\"Selon une d\u00e9cision du C.A.A, le Groupe SFS ne peut continuer \u00e0 op\u00e9rer \u00e0 la fois comme courtier en assurances et comme agent de compagnies d\u2019assurance...\" \/>\n<meta name=\"robots\" content=\"index, follow, max-snippet:-1, max-image-preview:large, max-video-preview:-1\" \/>\n<link rel=\"canonical\" href=\"https:\/\/batijournal.com\/index.php\/assurances-groupe-sfs-confirme-poursuite-activites\/98241\/\" \/>\n<meta property=\"og:locale\" content=\"fr_FR\" \/>\n<meta property=\"og:type\" content=\"article\" \/>\n<meta property=\"og:title\" content=\"Le Groupe SFS confirme la poursuite de ses activit\u00e9s\" \/>\n<meta property=\"og:description\" content=\"Selon une d\u00e9cision du C.A.A, le Groupe SFS ne peut continuer \u00e0 op\u00e9rer \u00e0 la fois comme courtier en assurances et comme agent de compagnies d\u2019assurance...\" \/>\n<meta property=\"og:url\" content=\"https:\/\/batijournal.com\/index.php\/assurances-groupe-sfs-confirme-poursuite-activites\/98241\/\" \/>\n<meta property=\"og:site_name\" content=\"Batijournal\" \/>\n<meta property=\"article:published_time\" content=\"2018-01-29T08:39:22+00:00\" \/>\n<meta property=\"article:modified_time\" content=\"2019-07-15T10:13:04+00:00\" \/>\n<meta property=\"og:image\" content=\"https:\/\/batijournal.com\/wp-content\/uploads\/2018\/01\/cbl.jpg\" \/>\n\t<meta property=\"og:image:width\" content=\"2410\" \/>\n\t<meta property=\"og:image:height\" content=\"441\" \/>\n\t<meta property=\"og:image:type\" content=\"image\/jpeg\" \/>\n<meta name=\"author\" content=\"St\u00e9phane Miget\" \/>\n<meta name=\"twitter:card\" content=\"summary_large_image\" \/>\n<meta name=\"twitter:creator\" content=\"@bati_journal\" \/>\n<meta name=\"twitter:site\" content=\"@bati_journal\" \/>\n<meta name=\"twitter:label1\" content=\"\u00c9crit par\" \/>\n\t<meta name=\"twitter:data1\" content=\"St\u00e9phane Miget\" \/>\n\t<meta name=\"twitter:label2\" content=\"Dur\u00e9e de lecture estim\u00e9e\" \/>\n\t<meta name=\"twitter:data2\" content=\"2 minutes\" \/>\n<script type=\"application\/ld+json\" class=\"yoast-schema-graph\">{\"@context\":\"https:\\\/\\\/schema.org\",\"@graph\":[{\"@type\":\"Article\",\"@id\":\"https:\\\/\\\/batijournal.com\\\/index.php\\\/assurances-groupe-sfs-confirme-poursuite-activites\\\/98241\\\/#article\",\"isPartOf\":{\"@id\":\"https:\\\/\\\/batijournal.com\\\/index.php\\\/assurances-groupe-sfs-confirme-poursuite-activites\\\/98241\\\/\"},\"author\":{\"name\":\"St\u00e9phane Miget\",\"@id\":\"https:\\\/\\\/batijournal.com\\\/#\\\/schema\\\/person\\\/1dc96ec6957aa1ccb25ebe78bb19f100\"},\"headline\":\"Le Groupe SFS confirme la poursuite de ses activit\u00e9s\",\"datePublished\":\"2018-01-29T08:39:22+00:00\",\"dateModified\":\"2019-07-15T10:13:04+00:00\",\"mainEntityOfPage\":{\"@id\":\"https:\\\/\\\/batijournal.com\\\/index.php\\\/assurances-groupe-sfs-confirme-poursuite-activites\\\/98241\\\/\"},\"wordCount\":361,\"image\":{\"@id\":\"https:\\\/\\\/batijournal.com\\\/index.php\\\/assurances-groupe-sfs-confirme-poursuite-activites\\\/98241\\\/#primaryimage\"},\"thumbnailUrl\":\"https:\\\/\\\/batijournal.com\\\/wp-content\\\/uploads\\\/2018\\\/01\\\/cbl.jpg\",\"keywords\":[\"sfs\"],\"articleSection\":[\"Actualit\u00e9s\",\"\u00c9conomie &amp; March\u00e9s\"],\"inLanguage\":\"fr-FR\"},{\"@type\":\"WebPage\",\"@id\":\"https:\\\/\\\/batijournal.com\\\/index.php\\\/assurances-groupe-sfs-confirme-poursuite-activites\\\/98241\\\/\",\"url\":\"https:\\\/\\\/batijournal.com\\\/index.php\\\/assurances-groupe-sfs-confirme-poursuite-activites\\\/98241\\\/\",\"name\":\"Le Groupe SFS confirme la poursuite de ses activit\u00e9s\",\"isPartOf\":{\"@id\":\"https:\\\/\\\/batijournal.com\\\/#website\"},\"primaryImageOfPage\":{\"@id\":\"https:\\\/\\\/batijournal.com\\\/index.php\\\/assurances-groupe-sfs-confirme-poursuite-activites\\\/98241\\\/#primaryimage\"},\"image\":{\"@id\":\"https:\\\/\\\/batijournal.com\\\/index.php\\\/assurances-groupe-sfs-confirme-poursuite-activites\\\/98241\\\/#primaryimage\"},\"thumbnailUrl\":\"https:\\\/\\\/batijournal.com\\\/wp-content\\\/uploads\\\/2018\\\/01\\\/cbl.jpg\",\"datePublished\":\"2018-01-29T08:39:22+00:00\",\"dateModified\":\"2019-07-15T10:13:04+00:00\",\"author\":{\"@id\":\"https:\\\/\\\/batijournal.com\\\/#\\\/schema\\\/person\\\/1dc96ec6957aa1ccb25ebe78bb19f100\"},\"description\":\"Selon une d\u00e9cision du C.A.A, le Groupe SFS ne peut continuer \u00e0 op\u00e9rer \u00e0 la fois comme courtier en assurances et comme agent de compagnies d\u2019assurance...\",\"breadcrumb\":{\"@id\":\"https:\\\/\\\/batijournal.com\\\/index.php\\\/assurances-groupe-sfs-confirme-poursuite-activites\\\/98241\\\/#breadcrumb\"},\"inLanguage\":\"fr-FR\",\"potentialAction\":[{\"@type\":\"ReadAction\",\"target\":[\"https:\\\/\\\/batijournal.com\\\/index.php\\\/assurances-groupe-sfs-confirme-poursuite-activites\\\/98241\\\/\"]}]},{\"@type\":\"ImageObject\",\"inLanguage\":\"fr-FR\",\"@id\":\"https:\\\/\\\/batijournal.com\\\/index.php\\\/assurances-groupe-sfs-confirme-poursuite-activites\\\/98241\\\/#primaryimage\",\"url\":\"https:\\\/\\\/batijournal.com\\\/wp-content\\\/uploads\\\/2018\\\/01\\\/cbl.jpg\",\"contentUrl\":\"https:\\\/\\\/batijournal.com\\\/wp-content\\\/uploads\\\/2018\\\/01\\\/cbl.jpg\",\"width\":2410,\"height\":441},{\"@type\":\"BreadcrumbList\",\"@id\":\"https:\\\/\\\/batijournal.com\\\/index.php\\\/assurances-groupe-sfs-confirme-poursuite-activites\\\/98241\\\/#breadcrumb\",\"itemListElement\":[{\"@type\":\"ListItem\",\"position\":1,\"name\":\"Accueil\",\"item\":\"https:\\\/\\\/batijournal.com\\\/\"},{\"@type\":\"ListItem\",\"position\":2,\"name\":\"Actualit\u00e9s\",\"item\":\"https:\\\/\\\/batijournal.com\\\/index.php\\\/category\\\/actualites\\\/\"},{\"@type\":\"ListItem\",\"position\":3,\"name\":\"Le Groupe SFS confirme la poursuite de ses activit\u00e9s\"}]},{\"@type\":\"WebSite\",\"@id\":\"https:\\\/\\\/batijournal.com\\\/#website\",\"url\":\"https:\\\/\\\/batijournal.com\\\/\",\"name\":\"Batijournal\",\"description\":\"L&#039;actualit\u00e9 du b\u00e2timent\",\"potentialAction\":[{\"@type\":\"SearchAction\",\"target\":{\"@type\":\"EntryPoint\",\"urlTemplate\":\"https:\\\/\\\/batijournal.com\\\/?s={search_term_string}\"},\"query-input\":{\"@type\":\"PropertyValueSpecification\",\"valueRequired\":true,\"valueName\":\"search_term_string\"}}],\"inLanguage\":\"fr-FR\"},{\"@type\":\"Person\",\"@id\":\"https:\\\/\\\/batijournal.com\\\/#\\\/schema\\\/person\\\/1dc96ec6957aa1ccb25ebe78bb19f100\",\"name\":\"St\u00e9phane Miget\",\"image\":{\"@type\":\"ImageObject\",\"inLanguage\":\"fr-FR\",\"@id\":\"https:\\\/\\\/secure.gravatar.com\\\/avatar\\\/89915563d925342126b8ef0281b93d9d7fc337043e8df017f780908eb9644451?s=96&d=mm&r=g\",\"url\":\"https:\\\/\\\/secure.gravatar.com\\\/avatar\\\/89915563d925342126b8ef0281b93d9d7fc337043e8df017f780908eb9644451?s=96&d=mm&r=g\",\"contentUrl\":\"https:\\\/\\\/secure.gravatar.com\\\/avatar\\\/89915563d925342126b8ef0281b93d9d7fc337043e8df017f780908eb9644451?s=96&d=mm&r=g\",\"caption\":\"St\u00e9phane Miget\"},\"url\":\"https:\\\/\\\/batijournal.com\\\/index.php\\\/author\\\/stephane\\\/\"}]}<\/script>\n<!-- \/ Yoast SEO plugin. -->","yoast_head_json":{"title":"Le Groupe SFS confirme la poursuite de ses activit\u00e9s","description":"Selon une d\u00e9cision du C.A.A, le Groupe SFS ne peut continuer \u00e0 op\u00e9rer \u00e0 la fois comme courtier en assurances et comme agent de compagnies d\u2019assurance...","robots":{"index":"index","follow":"follow","max-snippet":"max-snippet:-1","max-image-preview":"max-image-preview:large","max-video-preview":"max-video-preview:-1"},"canonical":"https:\/\/batijournal.com\/index.php\/assurances-groupe-sfs-confirme-poursuite-activites\/98241\/","og_locale":"fr_FR","og_type":"article","og_title":"Le Groupe SFS confirme la poursuite de ses activit\u00e9s","og_description":"Selon une d\u00e9cision du C.A.A, le Groupe SFS ne peut continuer \u00e0 op\u00e9rer \u00e0 la fois comme courtier en assurances et comme agent de compagnies d\u2019assurance...","og_url":"https:\/\/batijournal.com\/index.php\/assurances-groupe-sfs-confirme-poursuite-activites\/98241\/","og_site_name":"Batijournal","article_published_time":"2018-01-29T08:39:22+00:00","article_modified_time":"2019-07-15T10:13:04+00:00","og_image":[{"width":2410,"height":441,"url":"https:\/\/batijournal.com\/wp-content\/uploads\/2018\/01\/cbl.jpg","type":"image\/jpeg"}],"author":"St\u00e9phane Miget","twitter_card":"summary_large_image","twitter_creator":"@bati_journal","twitter_site":"@bati_journal","twitter_misc":{"\u00c9crit par":"St\u00e9phane Miget","Dur\u00e9e de lecture estim\u00e9e":"2 minutes"},"schema":{"@context":"https:\/\/schema.org","@graph":[{"@type":"Article","@id":"https:\/\/batijournal.com\/index.php\/assurances-groupe-sfs-confirme-poursuite-activites\/98241\/#article","isPartOf":{"@id":"https:\/\/batijournal.com\/index.php\/assurances-groupe-sfs-confirme-poursuite-activites\/98241\/"},"author":{"name":"St\u00e9phane Miget","@id":"https:\/\/batijournal.com\/#\/schema\/person\/1dc96ec6957aa1ccb25ebe78bb19f100"},"headline":"Le Groupe SFS confirme la poursuite de ses activit\u00e9s","datePublished":"2018-01-29T08:39:22+00:00","dateModified":"2019-07-15T10:13:04+00:00","mainEntityOfPage":{"@id":"https:\/\/batijournal.com\/index.php\/assurances-groupe-sfs-confirme-poursuite-activites\/98241\/"},"wordCount":361,"image":{"@id":"https:\/\/batijournal.com\/index.php\/assurances-groupe-sfs-confirme-poursuite-activites\/98241\/#primaryimage"},"thumbnailUrl":"https:\/\/batijournal.com\/wp-content\/uploads\/2018\/01\/cbl.jpg","keywords":["sfs"],"articleSection":["Actualit\u00e9s","\u00c9conomie &amp; March\u00e9s"],"inLanguage":"fr-FR"},{"@type":"WebPage","@id":"https:\/\/batijournal.com\/index.php\/assurances-groupe-sfs-confirme-poursuite-activites\/98241\/","url":"https:\/\/batijournal.com\/index.php\/assurances-groupe-sfs-confirme-poursuite-activites\/98241\/","name":"Le Groupe SFS confirme la poursuite de ses activit\u00e9s","isPartOf":{"@id":"https:\/\/batijournal.com\/#website"},"primaryImageOfPage":{"@id":"https:\/\/batijournal.com\/index.php\/assurances-groupe-sfs-confirme-poursuite-activites\/98241\/#primaryimage"},"image":{"@id":"https:\/\/batijournal.com\/index.php\/assurances-groupe-sfs-confirme-poursuite-activites\/98241\/#primaryimage"},"thumbnailUrl":"https:\/\/batijournal.com\/wp-content\/uploads\/2018\/01\/cbl.jpg","datePublished":"2018-01-29T08:39:22+00:00","dateModified":"2019-07-15T10:13:04+00:00","author":{"@id":"https:\/\/batijournal.com\/#\/schema\/person\/1dc96ec6957aa1ccb25ebe78bb19f100"},"description":"Selon une d\u00e9cision du C.A.A, le Groupe SFS ne peut continuer \u00e0 op\u00e9rer \u00e0 la fois comme courtier en assurances et comme agent de compagnies d\u2019assurance...","breadcrumb":{"@id":"https:\/\/batijournal.com\/index.php\/assurances-groupe-sfs-confirme-poursuite-activites\/98241\/#breadcrumb"},"inLanguage":"fr-FR","potentialAction":[{"@type":"ReadAction","target":["https:\/\/batijournal.com\/index.php\/assurances-groupe-sfs-confirme-poursuite-activites\/98241\/"]}]},{"@type":"ImageObject","inLanguage":"fr-FR","@id":"https:\/\/batijournal.com\/index.php\/assurances-groupe-sfs-confirme-poursuite-activites\/98241\/#primaryimage","url":"https:\/\/batijournal.com\/wp-content\/uploads\/2018\/01\/cbl.jpg","contentUrl":"https:\/\/batijournal.com\/wp-content\/uploads\/2018\/01\/cbl.jpg","width":2410,"height":441},{"@type":"BreadcrumbList","@id":"https:\/\/batijournal.com\/index.php\/assurances-groupe-sfs-confirme-poursuite-activites\/98241\/#breadcrumb","itemListElement":[{"@type":"ListItem","position":1,"name":"Accueil","item":"https:\/\/batijournal.com\/"},{"@type":"ListItem","position":2,"name":"Actualit\u00e9s","item":"https:\/\/batijournal.com\/index.php\/category\/actualites\/"},{"@type":"ListItem","position":3,"name":"Le Groupe SFS confirme la poursuite de ses activit\u00e9s"}]},{"@type":"WebSite","@id":"https:\/\/batijournal.com\/#website","url":"https:\/\/batijournal.com\/","name":"Batijournal","description":"L&#039;actualit\u00e9 du b\u00e2timent","potentialAction":[{"@type":"SearchAction","target":{"@type":"EntryPoint","urlTemplate":"https:\/\/batijournal.com\/?s={search_term_string}"},"query-input":{"@type":"PropertyValueSpecification","valueRequired":true,"valueName":"search_term_string"}}],"inLanguage":"fr-FR"},{"@type":"Person","@id":"https:\/\/batijournal.com\/#\/schema\/person\/1dc96ec6957aa1ccb25ebe78bb19f100","name":"St\u00e9phane Miget","image":{"@type":"ImageObject","inLanguage":"fr-FR","@id":"https:\/\/secure.gravatar.com\/avatar\/89915563d925342126b8ef0281b93d9d7fc337043e8df017f780908eb9644451?s=96&d=mm&r=g","url":"https:\/\/secure.gravatar.com\/avatar\/89915563d925342126b8ef0281b93d9d7fc337043e8df017f780908eb9644451?s=96&d=mm&r=g","contentUrl":"https:\/\/secure.gravatar.com\/avatar\/89915563d925342126b8ef0281b93d9d7fc337043e8df017f780908eb9644451?s=96&d=mm&r=g","caption":"St\u00e9phane Miget"},"url":"https:\/\/batijournal.com\/index.php\/author\/stephane\/"}]}},"_links":{"self":[{"href":"https:\/\/batijournal.com\/index.php\/wp-json\/wp\/v2\/posts\/98241","targetHints":{"allow":["GET"]}}],"collection":[{"href":"https:\/\/batijournal.com\/index.php\/wp-json\/wp\/v2\/posts"}],"about":[{"href":"https:\/\/batijournal.com\/index.php\/wp-json\/wp\/v2\/types\/post"}],"author":[{"embeddable":true,"href":"https:\/\/batijournal.com\/index.php\/wp-json\/wp\/v2\/users\/17"}],"replies":[{"embeddable":true,"href":"https:\/\/batijournal.com\/index.php\/wp-json\/wp\/v2\/comments?post=98241"}],"version-history":[{"count":0,"href":"https:\/\/batijournal.com\/index.php\/wp-json\/wp\/v2\/posts\/98241\/revisions"}],"wp:featuredmedia":[{"embeddable":true,"href":"https:\/\/batijournal.com\/index.php\/wp-json\/wp\/v2\/media\/98242"}],"wp:attachment":[{"href":"https:\/\/batijournal.com\/index.php\/wp-json\/wp\/v2\/media?parent=98241"}],"wp:term":[{"taxonomy":"category","embeddable":true,"href":"https:\/\/batijournal.com\/index.php\/wp-json\/wp\/v2\/categories?post=98241"},{"taxonomy":"post_tag","embeddable":true,"href":"https:\/\/batijournal.com\/index.php\/wp-json\/wp\/v2\/tags?post=98241"}],"curies":[{"name":"wp","href":"https:\/\/api.w.org\/{rel}","templated":true}]}}