{"id":98264,"date":"2018-01-31T09:03:55","date_gmt":"2018-01-31T08:03:55","guid":{"rendered":"http:\/\/batijournal.com\/?p=98264"},"modified":"2019-07-15T11:15:15","modified_gmt":"2019-07-15T09:15:15","slug":"travaux-dinstallation-dune-zae-devoilent-village-moyen-age-bretagne","status":"publish","type":"post","link":"https:\/\/batijournal.com\/index.php\/travaux-dinstallation-dune-zae-devoilent-village-moyen-age-bretagne\/98264\/","title":{"rendered":"Les travaux d&rsquo;installation d&rsquo;une ZAE d\u00e9voilent un village du Moyen \u00c2ge en Bretagne"},"content":{"rendered":"<p>L\u2019Inrap m\u00e8ne, depuis septembre 2017, une fouille pr\u00e9ventive sur prescription de la Drac Bretagne sur le site d&rsquo;un projet de d\u00e9veloppement de Zone d\u2019activit\u00e9 \u00e9conomique (ZAE) intercommunautaire sur les communes de Ploudaniel et de Plou\u00e9dern, Sant-Alar\/Saint-\u00c9loi. La fouille couvre un peu plus de sept hectares et porte sur quatre secteurs distincts. Elle permet d\u2019\u00e9tudier l\u2019\u00e9volution d\u2019un territoire sur plusieurs mill\u00e9naires. De nombreux vestiges ont d\u00e9j\u00e0 \u00e9t\u00e9 mis au jour. Pour les p\u00e9riodes les plus anciennes, les arch\u00e9ologues ont mis en \u00e9vidence un vaste syst\u00e8me agraire de l\u2019\u00e2ge du Bronze (vers 1400 av. J.-C.). Celui-ci est constitu\u00e9 de foss\u00e9s d\u00e9limitant des chemins ou encore des parcelles destin\u00e9es au parcage du b\u00e9tail ou aux cultures. Au d\u00e9but de l\u2019\u00e2ge du Fer (vers 700 av. J.-C.), comme en t\u00e9moignent les vestiges d\u2019une petite ferme, le secteur est encore habit\u00e9 mais semble-t-il moins dens\u00e9ment. Un peu plus tard, \u00e0 l\u2019\u00e9poque gauloise (entre &#8211; 300 et &#8211; 50 av. J.-C.), l\u2019occupation d\u00e9cro\u00eet. Le secteur semble alors compl\u00e8tement bois\u00e9. Au d\u00e9but de l\u2019\u00e9poque antique (vers le Ier si\u00e8cle ap. J.-C.), la mise en place d\u2019un nouveau r\u00e9seau de chemins et d\u2019un syst\u00e8me parcellaire marque une nouvelle mise en valeur du secteur.<\/p>\n<p>Pour le Moyen \u00c2ge, la densit\u00e9 des vestiges est particuli\u00e8rement remarquable. Les \u00e9l\u00e9ments de datation disponibles indiquent une occupation entre le VIIe si\u00e8cle et le XIVe si\u00e8cle de notre \u00e8re, mat\u00e9rialis\u00e9e par de multiples chemins et foss\u00e9s qui structurent le paysage. Sur les quatre zones de fouille, de nombreux b\u00e2timents ont par ailleurs \u00e9t\u00e9 d\u00e9couverts. Pour certains, il s\u2019agit de simples habitations. Pour d\u2019autres, de dimensions plus importantes, il s\u2019agit de constructions particuli\u00e8res \u00e0 vocation collective ou artisanale. L\u2019une des zones de fouille a livr\u00e9 25 \u00e0 30 constructions qui s\u2019organisent parfaitement autour d\u2019axes de circulation et au c\u0153ur d\u2019un syst\u00e8me d\u2019enclos : ces vestiges t\u00e9moignent de la pr\u00e9sence d\u2019un village complet, occup\u00e9 durant plus de cinq si\u00e8cles. L\u2019organisation de cet ensemble et sa persistance dans le temps sont tout \u00e0 fait in\u00e9dits pour la Bretagne. La forte densit\u00e9 de vestiges du Moyen \u00c2ge sur le site de Ploudaniel\/Plou\u00e9dern semble en partie li\u00e9e \u00e0 la pr\u00e9sence d\u2019un habitat \u00e9litaire \u00e0 proximit\u00e9 (motte castrale pr\u00e8s du village de Leslouc\u2019h) qui a tr\u00e8s probablement cristallis\u00e9 l\u2019installation de populations dans la dur\u00e9e et l\u2019espace.<\/p>\n<p>Photo : Fouille d&rsquo;un b\u00e2timent excav\u00e9 (Moyen \u00c2ge). \u00a9 St\u00e9phane Blanchet, Inrap.<\/p>\n<p>&nbsp;<\/p>\n","protected":false},"excerpt":{"rendered":"<p>L\u2019Inrap m\u00e8ne, depuis septembre 2017, une fouille pr\u00e9ventive sur prescription de la Drac Bretagne sur le site d&rsquo;un projet de d\u00e9veloppement de Zone d\u2019activit\u00e9 \u00e9conomique (ZAE) intercommunautaire sur les communes de Ploudaniel et de Plou\u00e9dern, Sant-Alar\/Saint-\u00c9loi. La fouille couvre un peu plus de sept hectares et porte sur quatre secteurs distincts. Elle permet d\u2019\u00e9tudier l\u2019\u00e9volution [&hellip;]<\/p>\n","protected":false},"author":17,"featured_media":98265,"comment_status":"closed","ping_status":"closed","sticky":false,"template":"","format":"standard","meta":{"_et_pb_use_builder":"","_et_pb_old_content":"","_et_gb_content_width":"","footnotes":""},"categories":[10530,6340,10785],"tags":[6454],"class_list":["post-98264","post","type-post","status-publish","format-standard","has-post-thumbnail","hentry","category-actualites","category-architecture-conception","category-atrium","tag-inrap"],"yoast_head":"<!-- This site is optimized with the Yoast SEO plugin v27.4 - https:\/\/yoast.com\/product\/yoast-seo-wordpress\/ -->\n<title>Inrap : des travaux d&#039;installation d&#039;une ZAE d\u00e9voilent un village du moyen-\u00e2ge<\/title>\n<meta name=\"description\" content=\"l\u2019Inrap m\u00e8ne une fouille pr\u00e9ventive sur le site d&#039;un projet de d\u00e9veloppement de ZAE en Bretagne. La fouille couvre un peu plus de sept hectares...\" \/>\n<meta name=\"robots\" content=\"index, follow, max-snippet:-1, max-image-preview:large, max-video-preview:-1\" \/>\n<link rel=\"canonical\" href=\"https:\/\/batijournal.com\/index.php\/travaux-dinstallation-dune-zae-devoilent-village-moyen-age-bretagne\/98264\/\" \/>\n<meta property=\"og:locale\" content=\"fr_FR\" \/>\n<meta property=\"og:type\" content=\"article\" \/>\n<meta property=\"og:title\" content=\"Inrap : des travaux d&#039;installation d&#039;une ZAE d\u00e9voilent un village du moyen-\u00e2ge\" \/>\n<meta property=\"og:description\" content=\"l\u2019Inrap m\u00e8ne une fouille pr\u00e9ventive sur le site d&#039;un projet de d\u00e9veloppement de ZAE en Bretagne. La fouille couvre un peu plus de sept hectares...\" \/>\n<meta property=\"og:url\" content=\"https:\/\/batijournal.com\/index.php\/travaux-dinstallation-dune-zae-devoilent-village-moyen-age-bretagne\/98264\/\" \/>\n<meta property=\"og:site_name\" content=\"Batijournal\" \/>\n<meta property=\"article:published_time\" content=\"2018-01-31T08:03:55+00:00\" \/>\n<meta property=\"article:modified_time\" content=\"2019-07-15T09:15:15+00:00\" \/>\n<meta property=\"og:image\" content=\"https:\/\/batijournal.com\/wp-content\/uploads\/2018\/01\/bretagne_fouille_dun_batiment_excave_moyen_age.jpg\" \/>\n\t<meta property=\"og:image:width\" content=\"1772\" \/>\n\t<meta property=\"og:image:height\" content=\"1181\" \/>\n\t<meta property=\"og:image:type\" content=\"image\/jpeg\" \/>\n<meta name=\"author\" content=\"St\u00e9phane Miget\" \/>\n<meta name=\"twitter:card\" content=\"summary_large_image\" \/>\n<meta name=\"twitter:creator\" content=\"@bati_journal\" \/>\n<meta name=\"twitter:site\" content=\"@bati_journal\" \/>\n<meta name=\"twitter:label1\" content=\"\u00c9crit par\" \/>\n\t<meta name=\"twitter:data1\" content=\"St\u00e9phane Miget\" \/>\n\t<meta name=\"twitter:label2\" content=\"Dur\u00e9e de lecture estim\u00e9e\" \/>\n\t<meta name=\"twitter:data2\" content=\"2 minutes\" \/>\n<script type=\"application\/ld+json\" class=\"yoast-schema-graph\">{\"@context\":\"https:\\\/\\\/schema.org\",\"@graph\":[{\"@type\":\"Article\",\"@id\":\"https:\\\/\\\/batijournal.com\\\/index.php\\\/travaux-dinstallation-dune-zae-devoilent-village-moyen-age-bretagne\\\/98264\\\/#article\",\"isPartOf\":{\"@id\":\"https:\\\/\\\/batijournal.com\\\/index.php\\\/travaux-dinstallation-dune-zae-devoilent-village-moyen-age-bretagne\\\/98264\\\/\"},\"author\":{\"name\":\"St\u00e9phane Miget\",\"@id\":\"https:\\\/\\\/batijournal.com\\\/#\\\/schema\\\/person\\\/1dc96ec6957aa1ccb25ebe78bb19f100\"},\"headline\":\"Les travaux d&rsquo;installation d&rsquo;une ZAE d\u00e9voilent un village du Moyen \u00c2ge en Bretagne\",\"datePublished\":\"2018-01-31T08:03:55+00:00\",\"dateModified\":\"2019-07-15T09:15:15+00:00\",\"mainEntityOfPage\":{\"@id\":\"https:\\\/\\\/batijournal.com\\\/index.php\\\/travaux-dinstallation-dune-zae-devoilent-village-moyen-age-bretagne\\\/98264\\\/\"},\"wordCount\":472,\"image\":{\"@id\":\"https:\\\/\\\/batijournal.com\\\/index.php\\\/travaux-dinstallation-dune-zae-devoilent-village-moyen-age-bretagne\\\/98264\\\/#primaryimage\"},\"thumbnailUrl\":\"https:\\\/\\\/batijournal.com\\\/wp-content\\\/uploads\\\/2018\\\/01\\\/bretagne_fouille_dun_batiment_excave_moyen_age.jpg\",\"keywords\":[\"inrap\"],\"articleSection\":[\"Actualit\u00e9s\",\"Architecture &amp; Conception\",\"zz_Atrium Patrimoine\"],\"inLanguage\":\"fr-FR\"},{\"@type\":\"WebPage\",\"@id\":\"https:\\\/\\\/batijournal.com\\\/index.php\\\/travaux-dinstallation-dune-zae-devoilent-village-moyen-age-bretagne\\\/98264\\\/\",\"url\":\"https:\\\/\\\/batijournal.com\\\/index.php\\\/travaux-dinstallation-dune-zae-devoilent-village-moyen-age-bretagne\\\/98264\\\/\",\"name\":\"Inrap : des travaux d'installation d'une ZAE d\u00e9voilent un village du moyen-\u00e2ge\",\"isPartOf\":{\"@id\":\"https:\\\/\\\/batijournal.com\\\/#website\"},\"primaryImageOfPage\":{\"@id\":\"https:\\\/\\\/batijournal.com\\\/index.php\\\/travaux-dinstallation-dune-zae-devoilent-village-moyen-age-bretagne\\\/98264\\\/#primaryimage\"},\"image\":{\"@id\":\"https:\\\/\\\/batijournal.com\\\/index.php\\\/travaux-dinstallation-dune-zae-devoilent-village-moyen-age-bretagne\\\/98264\\\/#primaryimage\"},\"thumbnailUrl\":\"https:\\\/\\\/batijournal.com\\\/wp-content\\\/uploads\\\/2018\\\/01\\\/bretagne_fouille_dun_batiment_excave_moyen_age.jpg\",\"datePublished\":\"2018-01-31T08:03:55+00:00\",\"dateModified\":\"2019-07-15T09:15:15+00:00\",\"author\":{\"@id\":\"https:\\\/\\\/batijournal.com\\\/#\\\/schema\\\/person\\\/1dc96ec6957aa1ccb25ebe78bb19f100\"},\"description\":\"l\u2019Inrap m\u00e8ne une fouille pr\u00e9ventive sur le site d'un projet de d\u00e9veloppement de ZAE en Bretagne. La fouille couvre un peu plus de sept hectares...\",\"breadcrumb\":{\"@id\":\"https:\\\/\\\/batijournal.com\\\/index.php\\\/travaux-dinstallation-dune-zae-devoilent-village-moyen-age-bretagne\\\/98264\\\/#breadcrumb\"},\"inLanguage\":\"fr-FR\",\"potentialAction\":[{\"@type\":\"ReadAction\",\"target\":[\"https:\\\/\\\/batijournal.com\\\/index.php\\\/travaux-dinstallation-dune-zae-devoilent-village-moyen-age-bretagne\\\/98264\\\/\"]}]},{\"@type\":\"ImageObject\",\"inLanguage\":\"fr-FR\",\"@id\":\"https:\\\/\\\/batijournal.com\\\/index.php\\\/travaux-dinstallation-dune-zae-devoilent-village-moyen-age-bretagne\\\/98264\\\/#primaryimage\",\"url\":\"https:\\\/\\\/batijournal.com\\\/wp-content\\\/uploads\\\/2018\\\/01\\\/bretagne_fouille_dun_batiment_excave_moyen_age.jpg\",\"contentUrl\":\"https:\\\/\\\/batijournal.com\\\/wp-content\\\/uploads\\\/2018\\\/01\\\/bretagne_fouille_dun_batiment_excave_moyen_age.jpg\",\"width\":1772,\"height\":1181},{\"@type\":\"BreadcrumbList\",\"@id\":\"https:\\\/\\\/batijournal.com\\\/index.php\\\/travaux-dinstallation-dune-zae-devoilent-village-moyen-age-bretagne\\\/98264\\\/#breadcrumb\",\"itemListElement\":[{\"@type\":\"ListItem\",\"position\":1,\"name\":\"Accueil\",\"item\":\"https:\\\/\\\/batijournal.com\\\/\"},{\"@type\":\"ListItem\",\"position\":2,\"name\":\"Actualit\u00e9s\",\"item\":\"https:\\\/\\\/batijournal.com\\\/index.php\\\/category\\\/actualites\\\/\"},{\"@type\":\"ListItem\",\"position\":3,\"name\":\"Les travaux d&rsquo;installation d&rsquo;une ZAE d\u00e9voilent un village du Moyen \u00c2ge en Bretagne\"}]},{\"@type\":\"WebSite\",\"@id\":\"https:\\\/\\\/batijournal.com\\\/#website\",\"url\":\"https:\\\/\\\/batijournal.com\\\/\",\"name\":\"Batijournal\",\"description\":\"L&#039;actualit\u00e9 du b\u00e2timent\",\"potentialAction\":[{\"@type\":\"SearchAction\",\"target\":{\"@type\":\"EntryPoint\",\"urlTemplate\":\"https:\\\/\\\/batijournal.com\\\/?s={search_term_string}\"},\"query-input\":{\"@type\":\"PropertyValueSpecification\",\"valueRequired\":true,\"valueName\":\"search_term_string\"}}],\"inLanguage\":\"fr-FR\"},{\"@type\":\"Person\",\"@id\":\"https:\\\/\\\/batijournal.com\\\/#\\\/schema\\\/person\\\/1dc96ec6957aa1ccb25ebe78bb19f100\",\"name\":\"St\u00e9phane Miget\",\"image\":{\"@type\":\"ImageObject\",\"inLanguage\":\"fr-FR\",\"@id\":\"https:\\\/\\\/secure.gravatar.com\\\/avatar\\\/89915563d925342126b8ef0281b93d9d7fc337043e8df017f780908eb9644451?s=96&d=mm&r=g\",\"url\":\"https:\\\/\\\/secure.gravatar.com\\\/avatar\\\/89915563d925342126b8ef0281b93d9d7fc337043e8df017f780908eb9644451?s=96&d=mm&r=g\",\"contentUrl\":\"https:\\\/\\\/secure.gravatar.com\\\/avatar\\\/89915563d925342126b8ef0281b93d9d7fc337043e8df017f780908eb9644451?s=96&d=mm&r=g\",\"caption\":\"St\u00e9phane Miget\"},\"url\":\"https:\\\/\\\/batijournal.com\\\/index.php\\\/author\\\/stephane\\\/\"}]}<\/script>\n<!-- \/ Yoast SEO plugin. -->","yoast_head_json":{"title":"Inrap : des travaux d'installation d'une ZAE d\u00e9voilent un village du moyen-\u00e2ge","description":"l\u2019Inrap m\u00e8ne une fouille pr\u00e9ventive sur le site d'un projet de d\u00e9veloppement de ZAE en Bretagne. La fouille couvre un peu plus de sept hectares...","robots":{"index":"index","follow":"follow","max-snippet":"max-snippet:-1","max-image-preview":"max-image-preview:large","max-video-preview":"max-video-preview:-1"},"canonical":"https:\/\/batijournal.com\/index.php\/travaux-dinstallation-dune-zae-devoilent-village-moyen-age-bretagne\/98264\/","og_locale":"fr_FR","og_type":"article","og_title":"Inrap : des travaux d'installation d'une ZAE d\u00e9voilent un village du moyen-\u00e2ge","og_description":"l\u2019Inrap m\u00e8ne une fouille pr\u00e9ventive sur le site d'un projet de d\u00e9veloppement de ZAE en Bretagne. La fouille couvre un peu plus de sept hectares...","og_url":"https:\/\/batijournal.com\/index.php\/travaux-dinstallation-dune-zae-devoilent-village-moyen-age-bretagne\/98264\/","og_site_name":"Batijournal","article_published_time":"2018-01-31T08:03:55+00:00","article_modified_time":"2019-07-15T09:15:15+00:00","og_image":[{"width":1772,"height":1181,"url":"https:\/\/batijournal.com\/wp-content\/uploads\/2018\/01\/bretagne_fouille_dun_batiment_excave_moyen_age.jpg","type":"image\/jpeg"}],"author":"St\u00e9phane Miget","twitter_card":"summary_large_image","twitter_creator":"@bati_journal","twitter_site":"@bati_journal","twitter_misc":{"\u00c9crit par":"St\u00e9phane Miget","Dur\u00e9e de lecture estim\u00e9e":"2 minutes"},"schema":{"@context":"https:\/\/schema.org","@graph":[{"@type":"Article","@id":"https:\/\/batijournal.com\/index.php\/travaux-dinstallation-dune-zae-devoilent-village-moyen-age-bretagne\/98264\/#article","isPartOf":{"@id":"https:\/\/batijournal.com\/index.php\/travaux-dinstallation-dune-zae-devoilent-village-moyen-age-bretagne\/98264\/"},"author":{"name":"St\u00e9phane Miget","@id":"https:\/\/batijournal.com\/#\/schema\/person\/1dc96ec6957aa1ccb25ebe78bb19f100"},"headline":"Les travaux d&rsquo;installation d&rsquo;une ZAE d\u00e9voilent un village du Moyen \u00c2ge en Bretagne","datePublished":"2018-01-31T08:03:55+00:00","dateModified":"2019-07-15T09:15:15+00:00","mainEntityOfPage":{"@id":"https:\/\/batijournal.com\/index.php\/travaux-dinstallation-dune-zae-devoilent-village-moyen-age-bretagne\/98264\/"},"wordCount":472,"image":{"@id":"https:\/\/batijournal.com\/index.php\/travaux-dinstallation-dune-zae-devoilent-village-moyen-age-bretagne\/98264\/#primaryimage"},"thumbnailUrl":"https:\/\/batijournal.com\/wp-content\/uploads\/2018\/01\/bretagne_fouille_dun_batiment_excave_moyen_age.jpg","keywords":["inrap"],"articleSection":["Actualit\u00e9s","Architecture &amp; Conception","zz_Atrium Patrimoine"],"inLanguage":"fr-FR"},{"@type":"WebPage","@id":"https:\/\/batijournal.com\/index.php\/travaux-dinstallation-dune-zae-devoilent-village-moyen-age-bretagne\/98264\/","url":"https:\/\/batijournal.com\/index.php\/travaux-dinstallation-dune-zae-devoilent-village-moyen-age-bretagne\/98264\/","name":"Inrap : des travaux d'installation d'une ZAE d\u00e9voilent un village du moyen-\u00e2ge","isPartOf":{"@id":"https:\/\/batijournal.com\/#website"},"primaryImageOfPage":{"@id":"https:\/\/batijournal.com\/index.php\/travaux-dinstallation-dune-zae-devoilent-village-moyen-age-bretagne\/98264\/#primaryimage"},"image":{"@id":"https:\/\/batijournal.com\/index.php\/travaux-dinstallation-dune-zae-devoilent-village-moyen-age-bretagne\/98264\/#primaryimage"},"thumbnailUrl":"https:\/\/batijournal.com\/wp-content\/uploads\/2018\/01\/bretagne_fouille_dun_batiment_excave_moyen_age.jpg","datePublished":"2018-01-31T08:03:55+00:00","dateModified":"2019-07-15T09:15:15+00:00","author":{"@id":"https:\/\/batijournal.com\/#\/schema\/person\/1dc96ec6957aa1ccb25ebe78bb19f100"},"description":"l\u2019Inrap m\u00e8ne une fouille pr\u00e9ventive sur le site d'un projet de d\u00e9veloppement de ZAE en Bretagne. La fouille couvre un peu plus de sept hectares...","breadcrumb":{"@id":"https:\/\/batijournal.com\/index.php\/travaux-dinstallation-dune-zae-devoilent-village-moyen-age-bretagne\/98264\/#breadcrumb"},"inLanguage":"fr-FR","potentialAction":[{"@type":"ReadAction","target":["https:\/\/batijournal.com\/index.php\/travaux-dinstallation-dune-zae-devoilent-village-moyen-age-bretagne\/98264\/"]}]},{"@type":"ImageObject","inLanguage":"fr-FR","@id":"https:\/\/batijournal.com\/index.php\/travaux-dinstallation-dune-zae-devoilent-village-moyen-age-bretagne\/98264\/#primaryimage","url":"https:\/\/batijournal.com\/wp-content\/uploads\/2018\/01\/bretagne_fouille_dun_batiment_excave_moyen_age.jpg","contentUrl":"https:\/\/batijournal.com\/wp-content\/uploads\/2018\/01\/bretagne_fouille_dun_batiment_excave_moyen_age.jpg","width":1772,"height":1181},{"@type":"BreadcrumbList","@id":"https:\/\/batijournal.com\/index.php\/travaux-dinstallation-dune-zae-devoilent-village-moyen-age-bretagne\/98264\/#breadcrumb","itemListElement":[{"@type":"ListItem","position":1,"name":"Accueil","item":"https:\/\/batijournal.com\/"},{"@type":"ListItem","position":2,"name":"Actualit\u00e9s","item":"https:\/\/batijournal.com\/index.php\/category\/actualites\/"},{"@type":"ListItem","position":3,"name":"Les travaux d&rsquo;installation d&rsquo;une ZAE d\u00e9voilent un village du Moyen \u00c2ge en Bretagne"}]},{"@type":"WebSite","@id":"https:\/\/batijournal.com\/#website","url":"https:\/\/batijournal.com\/","name":"Batijournal","description":"L&#039;actualit\u00e9 du b\u00e2timent","potentialAction":[{"@type":"SearchAction","target":{"@type":"EntryPoint","urlTemplate":"https:\/\/batijournal.com\/?s={search_term_string}"},"query-input":{"@type":"PropertyValueSpecification","valueRequired":true,"valueName":"search_term_string"}}],"inLanguage":"fr-FR"},{"@type":"Person","@id":"https:\/\/batijournal.com\/#\/schema\/person\/1dc96ec6957aa1ccb25ebe78bb19f100","name":"St\u00e9phane Miget","image":{"@type":"ImageObject","inLanguage":"fr-FR","@id":"https:\/\/secure.gravatar.com\/avatar\/89915563d925342126b8ef0281b93d9d7fc337043e8df017f780908eb9644451?s=96&d=mm&r=g","url":"https:\/\/secure.gravatar.com\/avatar\/89915563d925342126b8ef0281b93d9d7fc337043e8df017f780908eb9644451?s=96&d=mm&r=g","contentUrl":"https:\/\/secure.gravatar.com\/avatar\/89915563d925342126b8ef0281b93d9d7fc337043e8df017f780908eb9644451?s=96&d=mm&r=g","caption":"St\u00e9phane Miget"},"url":"https:\/\/batijournal.com\/index.php\/author\/stephane\/"}]}},"_links":{"self":[{"href":"https:\/\/batijournal.com\/index.php\/wp-json\/wp\/v2\/posts\/98264","targetHints":{"allow":["GET"]}}],"collection":[{"href":"https:\/\/batijournal.com\/index.php\/wp-json\/wp\/v2\/posts"}],"about":[{"href":"https:\/\/batijournal.com\/index.php\/wp-json\/wp\/v2\/types\/post"}],"author":[{"embeddable":true,"href":"https:\/\/batijournal.com\/index.php\/wp-json\/wp\/v2\/users\/17"}],"replies":[{"embeddable":true,"href":"https:\/\/batijournal.com\/index.php\/wp-json\/wp\/v2\/comments?post=98264"}],"version-history":[{"count":0,"href":"https:\/\/batijournal.com\/index.php\/wp-json\/wp\/v2\/posts\/98264\/revisions"}],"wp:featuredmedia":[{"embeddable":true,"href":"https:\/\/batijournal.com\/index.php\/wp-json\/wp\/v2\/media\/98265"}],"wp:attachment":[{"href":"https:\/\/batijournal.com\/index.php\/wp-json\/wp\/v2\/media?parent=98264"}],"wp:term":[{"taxonomy":"category","embeddable":true,"href":"https:\/\/batijournal.com\/index.php\/wp-json\/wp\/v2\/categories?post=98264"},{"taxonomy":"post_tag","embeddable":true,"href":"https:\/\/batijournal.com\/index.php\/wp-json\/wp\/v2\/tags?post=98264"}],"curies":[{"name":"wp","href":"https:\/\/api.w.org\/{rel}","templated":true}]}}