{"id":98376,"date":"2018-02-09T14:50:03","date_gmt":"2018-02-09T13:50:03","guid":{"rendered":"http:\/\/batijournal.com\/?p=98376"},"modified":"2019-07-15T12:07:10","modified_gmt":"2019-07-15T10:07:10","slug":"transformation-de-lapprentissage","status":"publish","type":"post","link":"https:\/\/batijournal.com\/index.php\/transformation-de-lapprentissage\/98376\/","title":{"rendered":"Transformation de l&rsquo;apprentissage"},"content":{"rendered":"<p><strong>Seulement 7 % des jeunes Fran\u00e7ais de 16 \u00e0 25 ans sont en apprentissage quand ce sont en moyenne 15 % dans les pays europ\u00e9ens o\u00f9 le taux de ch\u00f4mage des jeunes est bas. L\u2019apprentissage est un tremplin vers l\u2019emploi : 70 % des apprentis trouvent un emploi dans les sept mois suivant leur formation. Le Gouvernement, avec les R\u00e9gions, les branches professionnelles et les partenaires sociaux, ont d\u00e9cid\u00e9 de s\u2019engager conjointement dans une mobilisation nationale sans pr\u00e9c\u00e9dent pour une meilleure orientation et une transformation profonde de l\u2019apprentissage. Le projet de transformation de l\u2019apprentissage a \u00e9t\u00e9 pr\u00e9sent\u00e9 le vendredi 9 f\u00e9vrier 2018.<\/strong><\/p>\n<p>Voici 20 mesures propos\u00e9es pour transformer l\u2019apprentissage en France :<\/p>\n<p>1 &#8211; Tous les jeunes de 16 \u00e0 20 ans en apprentissage verront leur r\u00e9mun\u00e9ration augmenter de 30\u20ac nets par mois<br \/>\n2 &#8211; Tous les jeunes d\u2019au moins 18 ans en apprentissage percevront une aide de 500 \u20ac pour passer leur permis de conduire<br \/>\n3 &#8211; Tous les apprentis dont le contrat de travail est interrompu en cours d\u2019ann\u00e9e ne perdront plus leur ann\u00e9e<br \/>\n4 &#8211; Tous les jeunes qui souhaitent s\u2019orienter vers l\u2019apprentissage, mais ne disposent pas des connaissances et des comp\u00e9tences requises, auront acc\u00e8s \u00e0 des pr\u00e9pa-apprentissage<br \/>\n5 &#8211; Tous les jeunes et leurs familles b\u00e9n\u00e9ficieront d\u2019une information transparente sur la qualit\u00e9 des formations en apprentissage qu\u2019ils peuvent choisir<br \/>\n6 &#8211; Tous les jeunes b\u00e9n\u00e9ficieront de plusieurs journ\u00e9es annuelles d\u2019information sur les m\u00e9tiers et les fili\u00e8res en classe de 4\u00e8me, 3\u00e8me, 2nde et 1\u00e8re<br \/>\n7 &#8211; L\u2019apprentissage sera ouvert aux jeunes jusqu\u2019\u00e0 30 ans, au lieu de 26 ans aujourd\u2019hui<br \/>\n8 &#8211; Tout contrat en alternance sera financ\u00e9<br \/>\n9 &#8211; Les campus des m\u00e9tiers seront favoris\u00e9s et d\u00e9velopp\u00e9s<br \/>\n10 &#8211; 15 000 jeunes en apprentissage par an pourront b\u00e9n\u00e9ficier du programme Erasmus de l\u2019apprentissage pour effectuer plusieurs mois de formation dans un autre pays d\u2019Europe<br \/>\n11 &#8211; Les partenaires sociaux co-\u00e9criront les dipl\u00f4mes professionnels avec l\u2019\u00c9tat<br \/>\n12 &#8211; Les aides \u00e0 l\u2019embauche seront unifi\u00e9es et cibl\u00e9es sur les TPE et PME et les niveaux bac et pr\u00e9-bac<br \/>\n13 &#8211; Le passage obligatoire et pr\u00e9alable devant les prud\u2019hommes pour rompre le contrat d\u2019apprentissage apr\u00e8s 45 jours sera supprim\u00e9<br \/>\n14 &#8211; La r\u00e9glementation des conditions de travail sera revue afin de faciliter l\u2019int\u00e9gration des jeunes apprentis dans l\u2019entreprise<br \/>\n15 &#8211; La proc\u00e9dure d\u2019enregistrement du contrat d\u2019apprentissage sera r\u00e9form\u00e9e<br \/>\n16 &#8211; La dur\u00e9e du contrat d\u2019apprentissage pourra rapidement et facilement \u00eatre modul\u00e9e pour tenir compte du niveau de qualification d\u00e9j\u00e0 atteint par le jeune<br \/>\n17 &#8211; L\u2019embauche d&rsquo;apprentis pourra se faire tout au long de l\u2019ann\u00e9e, et sera beaucoup moins contrainte par le rythme scolaire<br \/>\n18 &#8211; La certification des ma\u00eetres d\u2019apprentissage, par voie de formation ou de reconnaissance des acquis de l\u2019exp\u00e9rience, sera encourag\u00e9e<br \/>\n19 &#8211; Les CFA pourront d\u00e9velopper rapidement et sans limite administrative les formations correspondant aux besoins en comp\u00e9tences des entreprises<br \/>\n20 &#8211; La qualit\u00e9 des formations dispens\u00e9es par les CFA sera renforc\u00e9e par un syst\u00e8me de certification<\/p>\n<p>Photo : Minist\u00e8re du Travail<\/p>\n<p>&nbsp;<\/p>\n","protected":false},"excerpt":{"rendered":"<p>Seulement 7 % des jeunes Fran\u00e7ais de 16 \u00e0 25 ans sont en apprentissage quand ce sont en moyenne 15 % dans les pays europ\u00e9ens o\u00f9 le taux de ch\u00f4mage des jeunes est bas. L\u2019apprentissage est un tremplin vers l\u2019emploi : 70 % des apprentis trouvent un emploi dans les sept mois suivant leur formation. [&hellip;]<\/p>\n","protected":false},"author":17,"featured_media":98377,"comment_status":"closed","ping_status":"closed","sticky":false,"template":"","format":"standard","meta":{"_et_pb_use_builder":"","_et_pb_old_content":"","_et_gb_content_width":"","footnotes":""},"categories":[10530,6345],"tags":[],"class_list":["post-98376","post","type-post","status-publish","format-standard","has-post-thumbnail","hentry","category-actualites","category-economie-marches"],"yoast_head":"<!-- This site is optimized with the Yoast SEO plugin v27.4 - https:\/\/yoast.com\/product\/yoast-seo-wordpress\/ -->\n<title>Transformation de l&#039;apprentissage<\/title>\n<meta name=\"robots\" content=\"index, follow, max-snippet:-1, max-image-preview:large, max-video-preview:-1\" \/>\n<link rel=\"canonical\" href=\"https:\/\/batijournal.com\/index.php\/transformation-de-lapprentissage\/98376\/\" \/>\n<meta property=\"og:locale\" content=\"fr_FR\" \/>\n<meta property=\"og:type\" content=\"article\" \/>\n<meta property=\"og:title\" content=\"Transformation de l&#039;apprentissage\" \/>\n<meta property=\"og:description\" content=\"Seulement 7 % des jeunes Fran\u00e7ais de 16 \u00e0 25 ans sont en apprentissage quand ce sont en moyenne 15 % dans les pays europ\u00e9ens o\u00f9 le taux de ch\u00f4mage des jeunes est bas. L\u2019apprentissage est un tremplin vers l\u2019emploi : 70 % des apprentis trouvent un emploi dans les sept mois suivant leur formation. [&hellip;]\" \/>\n<meta property=\"og:url\" content=\"https:\/\/batijournal.com\/index.php\/transformation-de-lapprentissage\/98376\/\" \/>\n<meta property=\"og:site_name\" content=\"Batijournal\" \/>\n<meta property=\"article:published_time\" content=\"2018-02-09T13:50:03+00:00\" \/>\n<meta property=\"article:modified_time\" content=\"2019-07-15T10:07:10+00:00\" \/>\n<meta property=\"og:image\" content=\"https:\/\/batijournal.com\/wp-content\/uploads\/2018\/02\/reforme-apprentissage-matignon.png\" \/>\n\t<meta property=\"og:image:width\" content=\"720\" \/>\n\t<meta property=\"og:image:height\" content=\"420\" \/>\n\t<meta property=\"og:image:type\" content=\"image\/png\" \/>\n<meta name=\"author\" content=\"St\u00e9phane Miget\" \/>\n<meta name=\"twitter:card\" content=\"summary_large_image\" \/>\n<meta name=\"twitter:creator\" content=\"@bati_journal\" \/>\n<meta name=\"twitter:site\" content=\"@bati_journal\" \/>\n<meta name=\"twitter:label1\" content=\"\u00c9crit par\" \/>\n\t<meta name=\"twitter:data1\" content=\"St\u00e9phane Miget\" \/>\n\t<meta name=\"twitter:label2\" content=\"Dur\u00e9e de lecture estim\u00e9e\" \/>\n\t<meta name=\"twitter:data2\" content=\"3 minutes\" \/>\n<script type=\"application\/ld+json\" class=\"yoast-schema-graph\">{\"@context\":\"https:\\\/\\\/schema.org\",\"@graph\":[{\"@type\":\"Article\",\"@id\":\"https:\\\/\\\/batijournal.com\\\/index.php\\\/transformation-de-lapprentissage\\\/98376\\\/#article\",\"isPartOf\":{\"@id\":\"https:\\\/\\\/batijournal.com\\\/index.php\\\/transformation-de-lapprentissage\\\/98376\\\/\"},\"author\":{\"name\":\"St\u00e9phane Miget\",\"@id\":\"https:\\\/\\\/batijournal.com\\\/#\\\/schema\\\/person\\\/1dc96ec6957aa1ccb25ebe78bb19f100\"},\"headline\":\"Transformation de l&rsquo;apprentissage\",\"datePublished\":\"2018-02-09T13:50:03+00:00\",\"dateModified\":\"2019-07-15T10:07:10+00:00\",\"mainEntityOfPage\":{\"@id\":\"https:\\\/\\\/batijournal.com\\\/index.php\\\/transformation-de-lapprentissage\\\/98376\\\/\"},\"wordCount\":540,\"image\":{\"@id\":\"https:\\\/\\\/batijournal.com\\\/index.php\\\/transformation-de-lapprentissage\\\/98376\\\/#primaryimage\"},\"thumbnailUrl\":\"https:\\\/\\\/batijournal.com\\\/wp-content\\\/uploads\\\/2018\\\/02\\\/reforme-apprentissage-matignon.png\",\"articleSection\":[\"Actualit\u00e9s\",\"\u00c9conomie &amp; March\u00e9s\"],\"inLanguage\":\"fr-FR\"},{\"@type\":\"WebPage\",\"@id\":\"https:\\\/\\\/batijournal.com\\\/index.php\\\/transformation-de-lapprentissage\\\/98376\\\/\",\"url\":\"https:\\\/\\\/batijournal.com\\\/index.php\\\/transformation-de-lapprentissage\\\/98376\\\/\",\"name\":\"Transformation de l'apprentissage\",\"isPartOf\":{\"@id\":\"https:\\\/\\\/batijournal.com\\\/#website\"},\"primaryImageOfPage\":{\"@id\":\"https:\\\/\\\/batijournal.com\\\/index.php\\\/transformation-de-lapprentissage\\\/98376\\\/#primaryimage\"},\"image\":{\"@id\":\"https:\\\/\\\/batijournal.com\\\/index.php\\\/transformation-de-lapprentissage\\\/98376\\\/#primaryimage\"},\"thumbnailUrl\":\"https:\\\/\\\/batijournal.com\\\/wp-content\\\/uploads\\\/2018\\\/02\\\/reforme-apprentissage-matignon.png\",\"datePublished\":\"2018-02-09T13:50:03+00:00\",\"dateModified\":\"2019-07-15T10:07:10+00:00\",\"author\":{\"@id\":\"https:\\\/\\\/batijournal.com\\\/#\\\/schema\\\/person\\\/1dc96ec6957aa1ccb25ebe78bb19f100\"},\"breadcrumb\":{\"@id\":\"https:\\\/\\\/batijournal.com\\\/index.php\\\/transformation-de-lapprentissage\\\/98376\\\/#breadcrumb\"},\"inLanguage\":\"fr-FR\",\"potentialAction\":[{\"@type\":\"ReadAction\",\"target\":[\"https:\\\/\\\/batijournal.com\\\/index.php\\\/transformation-de-lapprentissage\\\/98376\\\/\"]}]},{\"@type\":\"ImageObject\",\"inLanguage\":\"fr-FR\",\"@id\":\"https:\\\/\\\/batijournal.com\\\/index.php\\\/transformation-de-lapprentissage\\\/98376\\\/#primaryimage\",\"url\":\"https:\\\/\\\/batijournal.com\\\/wp-content\\\/uploads\\\/2018\\\/02\\\/reforme-apprentissage-matignon.png\",\"contentUrl\":\"https:\\\/\\\/batijournal.com\\\/wp-content\\\/uploads\\\/2018\\\/02\\\/reforme-apprentissage-matignon.png\",\"width\":720,\"height\":420},{\"@type\":\"BreadcrumbList\",\"@id\":\"https:\\\/\\\/batijournal.com\\\/index.php\\\/transformation-de-lapprentissage\\\/98376\\\/#breadcrumb\",\"itemListElement\":[{\"@type\":\"ListItem\",\"position\":1,\"name\":\"Accueil\",\"item\":\"https:\\\/\\\/batijournal.com\\\/\"},{\"@type\":\"ListItem\",\"position\":2,\"name\":\"Actualit\u00e9s\",\"item\":\"https:\\\/\\\/batijournal.com\\\/index.php\\\/category\\\/actualites\\\/\"},{\"@type\":\"ListItem\",\"position\":3,\"name\":\"Transformation de l&rsquo;apprentissage\"}]},{\"@type\":\"WebSite\",\"@id\":\"https:\\\/\\\/batijournal.com\\\/#website\",\"url\":\"https:\\\/\\\/batijournal.com\\\/\",\"name\":\"Batijournal\",\"description\":\"L&#039;actualit\u00e9 du b\u00e2timent\",\"potentialAction\":[{\"@type\":\"SearchAction\",\"target\":{\"@type\":\"EntryPoint\",\"urlTemplate\":\"https:\\\/\\\/batijournal.com\\\/?s={search_term_string}\"},\"query-input\":{\"@type\":\"PropertyValueSpecification\",\"valueRequired\":true,\"valueName\":\"search_term_string\"}}],\"inLanguage\":\"fr-FR\"},{\"@type\":\"Person\",\"@id\":\"https:\\\/\\\/batijournal.com\\\/#\\\/schema\\\/person\\\/1dc96ec6957aa1ccb25ebe78bb19f100\",\"name\":\"St\u00e9phane Miget\",\"image\":{\"@type\":\"ImageObject\",\"inLanguage\":\"fr-FR\",\"@id\":\"https:\\\/\\\/secure.gravatar.com\\\/avatar\\\/89915563d925342126b8ef0281b93d9d7fc337043e8df017f780908eb9644451?s=96&d=mm&r=g\",\"url\":\"https:\\\/\\\/secure.gravatar.com\\\/avatar\\\/89915563d925342126b8ef0281b93d9d7fc337043e8df017f780908eb9644451?s=96&d=mm&r=g\",\"contentUrl\":\"https:\\\/\\\/secure.gravatar.com\\\/avatar\\\/89915563d925342126b8ef0281b93d9d7fc337043e8df017f780908eb9644451?s=96&d=mm&r=g\",\"caption\":\"St\u00e9phane Miget\"},\"url\":\"https:\\\/\\\/batijournal.com\\\/index.php\\\/author\\\/stephane\\\/\"}]}<\/script>\n<!-- \/ Yoast SEO plugin. -->","yoast_head_json":{"title":"Transformation de l'apprentissage","robots":{"index":"index","follow":"follow","max-snippet":"max-snippet:-1","max-image-preview":"max-image-preview:large","max-video-preview":"max-video-preview:-1"},"canonical":"https:\/\/batijournal.com\/index.php\/transformation-de-lapprentissage\/98376\/","og_locale":"fr_FR","og_type":"article","og_title":"Transformation de l'apprentissage","og_description":"Seulement 7 % des jeunes Fran\u00e7ais de 16 \u00e0 25 ans sont en apprentissage quand ce sont en moyenne 15 % dans les pays europ\u00e9ens o\u00f9 le taux de ch\u00f4mage des jeunes est bas. L\u2019apprentissage est un tremplin vers l\u2019emploi : 70 % des apprentis trouvent un emploi dans les sept mois suivant leur formation. [&hellip;]","og_url":"https:\/\/batijournal.com\/index.php\/transformation-de-lapprentissage\/98376\/","og_site_name":"Batijournal","article_published_time":"2018-02-09T13:50:03+00:00","article_modified_time":"2019-07-15T10:07:10+00:00","og_image":[{"width":720,"height":420,"url":"https:\/\/batijournal.com\/wp-content\/uploads\/2018\/02\/reforme-apprentissage-matignon.png","type":"image\/png"}],"author":"St\u00e9phane Miget","twitter_card":"summary_large_image","twitter_creator":"@bati_journal","twitter_site":"@bati_journal","twitter_misc":{"\u00c9crit par":"St\u00e9phane Miget","Dur\u00e9e de lecture estim\u00e9e":"3 minutes"},"schema":{"@context":"https:\/\/schema.org","@graph":[{"@type":"Article","@id":"https:\/\/batijournal.com\/index.php\/transformation-de-lapprentissage\/98376\/#article","isPartOf":{"@id":"https:\/\/batijournal.com\/index.php\/transformation-de-lapprentissage\/98376\/"},"author":{"name":"St\u00e9phane Miget","@id":"https:\/\/batijournal.com\/#\/schema\/person\/1dc96ec6957aa1ccb25ebe78bb19f100"},"headline":"Transformation de l&rsquo;apprentissage","datePublished":"2018-02-09T13:50:03+00:00","dateModified":"2019-07-15T10:07:10+00:00","mainEntityOfPage":{"@id":"https:\/\/batijournal.com\/index.php\/transformation-de-lapprentissage\/98376\/"},"wordCount":540,"image":{"@id":"https:\/\/batijournal.com\/index.php\/transformation-de-lapprentissage\/98376\/#primaryimage"},"thumbnailUrl":"https:\/\/batijournal.com\/wp-content\/uploads\/2018\/02\/reforme-apprentissage-matignon.png","articleSection":["Actualit\u00e9s","\u00c9conomie &amp; March\u00e9s"],"inLanguage":"fr-FR"},{"@type":"WebPage","@id":"https:\/\/batijournal.com\/index.php\/transformation-de-lapprentissage\/98376\/","url":"https:\/\/batijournal.com\/index.php\/transformation-de-lapprentissage\/98376\/","name":"Transformation de l'apprentissage","isPartOf":{"@id":"https:\/\/batijournal.com\/#website"},"primaryImageOfPage":{"@id":"https:\/\/batijournal.com\/index.php\/transformation-de-lapprentissage\/98376\/#primaryimage"},"image":{"@id":"https:\/\/batijournal.com\/index.php\/transformation-de-lapprentissage\/98376\/#primaryimage"},"thumbnailUrl":"https:\/\/batijournal.com\/wp-content\/uploads\/2018\/02\/reforme-apprentissage-matignon.png","datePublished":"2018-02-09T13:50:03+00:00","dateModified":"2019-07-15T10:07:10+00:00","author":{"@id":"https:\/\/batijournal.com\/#\/schema\/person\/1dc96ec6957aa1ccb25ebe78bb19f100"},"breadcrumb":{"@id":"https:\/\/batijournal.com\/index.php\/transformation-de-lapprentissage\/98376\/#breadcrumb"},"inLanguage":"fr-FR","potentialAction":[{"@type":"ReadAction","target":["https:\/\/batijournal.com\/index.php\/transformation-de-lapprentissage\/98376\/"]}]},{"@type":"ImageObject","inLanguage":"fr-FR","@id":"https:\/\/batijournal.com\/index.php\/transformation-de-lapprentissage\/98376\/#primaryimage","url":"https:\/\/batijournal.com\/wp-content\/uploads\/2018\/02\/reforme-apprentissage-matignon.png","contentUrl":"https:\/\/batijournal.com\/wp-content\/uploads\/2018\/02\/reforme-apprentissage-matignon.png","width":720,"height":420},{"@type":"BreadcrumbList","@id":"https:\/\/batijournal.com\/index.php\/transformation-de-lapprentissage\/98376\/#breadcrumb","itemListElement":[{"@type":"ListItem","position":1,"name":"Accueil","item":"https:\/\/batijournal.com\/"},{"@type":"ListItem","position":2,"name":"Actualit\u00e9s","item":"https:\/\/batijournal.com\/index.php\/category\/actualites\/"},{"@type":"ListItem","position":3,"name":"Transformation de l&rsquo;apprentissage"}]},{"@type":"WebSite","@id":"https:\/\/batijournal.com\/#website","url":"https:\/\/batijournal.com\/","name":"Batijournal","description":"L&#039;actualit\u00e9 du b\u00e2timent","potentialAction":[{"@type":"SearchAction","target":{"@type":"EntryPoint","urlTemplate":"https:\/\/batijournal.com\/?s={search_term_string}"},"query-input":{"@type":"PropertyValueSpecification","valueRequired":true,"valueName":"search_term_string"}}],"inLanguage":"fr-FR"},{"@type":"Person","@id":"https:\/\/batijournal.com\/#\/schema\/person\/1dc96ec6957aa1ccb25ebe78bb19f100","name":"St\u00e9phane Miget","image":{"@type":"ImageObject","inLanguage":"fr-FR","@id":"https:\/\/secure.gravatar.com\/avatar\/89915563d925342126b8ef0281b93d9d7fc337043e8df017f780908eb9644451?s=96&d=mm&r=g","url":"https:\/\/secure.gravatar.com\/avatar\/89915563d925342126b8ef0281b93d9d7fc337043e8df017f780908eb9644451?s=96&d=mm&r=g","contentUrl":"https:\/\/secure.gravatar.com\/avatar\/89915563d925342126b8ef0281b93d9d7fc337043e8df017f780908eb9644451?s=96&d=mm&r=g","caption":"St\u00e9phane Miget"},"url":"https:\/\/batijournal.com\/index.php\/author\/stephane\/"}]}},"_links":{"self":[{"href":"https:\/\/batijournal.com\/index.php\/wp-json\/wp\/v2\/posts\/98376","targetHints":{"allow":["GET"]}}],"collection":[{"href":"https:\/\/batijournal.com\/index.php\/wp-json\/wp\/v2\/posts"}],"about":[{"href":"https:\/\/batijournal.com\/index.php\/wp-json\/wp\/v2\/types\/post"}],"author":[{"embeddable":true,"href":"https:\/\/batijournal.com\/index.php\/wp-json\/wp\/v2\/users\/17"}],"replies":[{"embeddable":true,"href":"https:\/\/batijournal.com\/index.php\/wp-json\/wp\/v2\/comments?post=98376"}],"version-history":[{"count":0,"href":"https:\/\/batijournal.com\/index.php\/wp-json\/wp\/v2\/posts\/98376\/revisions"}],"wp:featuredmedia":[{"embeddable":true,"href":"https:\/\/batijournal.com\/index.php\/wp-json\/wp\/v2\/media\/98377"}],"wp:attachment":[{"href":"https:\/\/batijournal.com\/index.php\/wp-json\/wp\/v2\/media?parent=98376"}],"wp:term":[{"taxonomy":"category","embeddable":true,"href":"https:\/\/batijournal.com\/index.php\/wp-json\/wp\/v2\/categories?post=98376"},{"taxonomy":"post_tag","embeddable":true,"href":"https:\/\/batijournal.com\/index.php\/wp-json\/wp\/v2\/tags?post=98376"}],"curies":[{"name":"wp","href":"https:\/\/api.w.org\/{rel}","templated":true}]}}