{"id":98384,"date":"2018-02-12T08:39:52","date_gmt":"2018-02-12T07:39:52","guid":{"rendered":"http:\/\/batijournal.com\/?p=98384"},"modified":"2019-07-15T12:07:10","modified_gmt":"2019-07-15T10:07:10","slug":"regions-soulignent-questions-non-resolues-reforme-de-lapprentissage","status":"publish","type":"post","link":"https:\/\/batijournal.com\/index.php\/regions-soulignent-questions-non-resolues-reforme-de-lapprentissage\/98384\/","title":{"rendered":"Les R\u00e9gions soulignent des questions non r\u00e9solues dans la r\u00e9forme de l\u2019apprentissage"},"content":{"rendered":"<p>Les R\u00e9gions repr\u00e9sent\u00e9es par R\u00e9gions de France prennent acte des propositions gouvernementales sur l&rsquo;apprentissage mais elles soulignent les questions qui n&rsquo;ont pas \u00e9t\u00e9 r\u00e9solues. Selon elles, il y a un risque de v\u00e9ritables fractures territoriales dans l\u2019acc\u00e8s \u00e0 l\u2019apprentissage entre les zones m\u00e9tropolitaines et non m\u00e9tropolitaines (en zone rurale, en zone de montagne, dans les quartiers prioritaires de la politique de la ville). Le pilotage de l\u2019apprentissage de la plupart des branches est victime d&rsquo;une inorganisation territoriale voire d&rsquo;une absence totale dans les territoires d\u2019Outre-mer. Le dispositif engendre une complexit\u00e9 engendr\u00e9e avec pr\u00e8s de 700 branches diff\u00e9rentes. Le risque de fragilisation des CFA interprofessionnels, des formations transverses ou encore l\u2019absence de moyens pour poursuivre le d\u00e9veloppement de l\u2019apprentissage dans l\u2019enseignement sup\u00e9rieur et la fonction publique sont \u00e9galemnt des probl\u00e8mes pour les r\u00e9gions. La question des lyc\u00e9es professionnels est \u00e9galement absente.<\/p>\n","protected":false},"excerpt":{"rendered":"<p>Les R\u00e9gions repr\u00e9sent\u00e9es par R\u00e9gions de France prennent acte des propositions gouvernementales sur l&rsquo;apprentissage mais elles soulignent les questions qui n&rsquo;ont pas \u00e9t\u00e9 r\u00e9solues. Selon elles, il y a un risque de v\u00e9ritables fractures territoriales dans l\u2019acc\u00e8s \u00e0 l\u2019apprentissage entre les zones m\u00e9tropolitaines et non m\u00e9tropolitaines (en zone rurale, en zone de montagne, dans les [&hellip;]<\/p>\n","protected":false},"author":17,"featured_media":87184,"comment_status":"closed","ping_status":"closed","sticky":false,"template":"","format":"standard","meta":{"_et_pb_use_builder":"","_et_pb_old_content":"","_et_gb_content_width":"","footnotes":""},"categories":[10530,6345],"tags":[],"class_list":["post-98384","post","type-post","status-publish","format-standard","has-post-thumbnail","hentry","category-actualites","category-economie-marches"],"yoast_head":"<!-- This site is optimized with the Yoast SEO plugin v27.4 - https:\/\/yoast.com\/product\/yoast-seo-wordpress\/ -->\n<title>Les R\u00e9gions soulignent des questions non r\u00e9solues dans la r\u00e9forme de l\u2019apprentissage<\/title>\n<meta name=\"robots\" content=\"index, follow, max-snippet:-1, max-image-preview:large, max-video-preview:-1\" \/>\n<link rel=\"canonical\" href=\"https:\/\/batijournal.com\/index.php\/regions-soulignent-questions-non-resolues-reforme-de-lapprentissage\/98384\/\" \/>\n<meta property=\"og:locale\" content=\"fr_FR\" \/>\n<meta property=\"og:type\" content=\"article\" \/>\n<meta property=\"og:title\" content=\"Les R\u00e9gions soulignent des questions non r\u00e9solues dans la r\u00e9forme de l\u2019apprentissage\" \/>\n<meta property=\"og:description\" content=\"Les R\u00e9gions repr\u00e9sent\u00e9es par R\u00e9gions de France prennent acte des propositions gouvernementales sur l&rsquo;apprentissage mais elles soulignent les questions qui n&rsquo;ont pas \u00e9t\u00e9 r\u00e9solues. Selon elles, il y a un risque de v\u00e9ritables fractures territoriales dans l\u2019acc\u00e8s \u00e0 l\u2019apprentissage entre les zones m\u00e9tropolitaines et non m\u00e9tropolitaines (en zone rurale, en zone de montagne, dans les [&hellip;]\" \/>\n<meta property=\"og:url\" content=\"https:\/\/batijournal.com\/index.php\/regions-soulignent-questions-non-resolues-reforme-de-lapprentissage\/98384\/\" \/>\n<meta property=\"og:site_name\" content=\"Batijournal\" \/>\n<meta property=\"article:published_time\" content=\"2018-02-12T07:39:52+00:00\" \/>\n<meta property=\"article:modified_time\" content=\"2019-07-15T10:07:10+00:00\" \/>\n<meta property=\"og:image\" content=\"https:\/\/batijournal.com\/wp-content\/uploads\/2015\/05\/99696222.jpg\" \/>\n\t<meta property=\"og:image:width\" content=\"600\" \/>\n\t<meta property=\"og:image:height\" content=\"400\" \/>\n\t<meta property=\"og:image:type\" content=\"image\/jpeg\" \/>\n<meta name=\"author\" content=\"St\u00e9phane Miget\" \/>\n<meta name=\"twitter:card\" content=\"summary_large_image\" \/>\n<meta name=\"twitter:creator\" content=\"@bati_journal\" \/>\n<meta name=\"twitter:site\" content=\"@bati_journal\" \/>\n<meta name=\"twitter:label1\" content=\"\u00c9crit par\" \/>\n\t<meta name=\"twitter:data1\" content=\"St\u00e9phane Miget\" \/>\n\t<meta name=\"twitter:label2\" content=\"Dur\u00e9e de lecture estim\u00e9e\" \/>\n\t<meta name=\"twitter:data2\" content=\"1 minute\" \/>\n<script type=\"application\/ld+json\" class=\"yoast-schema-graph\">{\"@context\":\"https:\\\/\\\/schema.org\",\"@graph\":[{\"@type\":\"Article\",\"@id\":\"https:\\\/\\\/batijournal.com\\\/index.php\\\/regions-soulignent-questions-non-resolues-reforme-de-lapprentissage\\\/98384\\\/#article\",\"isPartOf\":{\"@id\":\"https:\\\/\\\/batijournal.com\\\/index.php\\\/regions-soulignent-questions-non-resolues-reforme-de-lapprentissage\\\/98384\\\/\"},\"author\":{\"name\":\"St\u00e9phane Miget\",\"@id\":\"https:\\\/\\\/batijournal.com\\\/#\\\/schema\\\/person\\\/1dc96ec6957aa1ccb25ebe78bb19f100\"},\"headline\":\"Les R\u00e9gions soulignent des questions non r\u00e9solues dans la r\u00e9forme de l\u2019apprentissage\",\"datePublished\":\"2018-02-12T07:39:52+00:00\",\"dateModified\":\"2019-07-15T10:07:10+00:00\",\"mainEntityOfPage\":{\"@id\":\"https:\\\/\\\/batijournal.com\\\/index.php\\\/regions-soulignent-questions-non-resolues-reforme-de-lapprentissage\\\/98384\\\/\"},\"wordCount\":182,\"image\":{\"@id\":\"https:\\\/\\\/batijournal.com\\\/index.php\\\/regions-soulignent-questions-non-resolues-reforme-de-lapprentissage\\\/98384\\\/#primaryimage\"},\"thumbnailUrl\":\"https:\\\/\\\/batijournal.com\\\/wp-content\\\/uploads\\\/2015\\\/05\\\/99696222.jpg\",\"articleSection\":[\"Actualit\u00e9s\",\"\u00c9conomie &amp; March\u00e9s\"],\"inLanguage\":\"fr-FR\"},{\"@type\":\"WebPage\",\"@id\":\"https:\\\/\\\/batijournal.com\\\/index.php\\\/regions-soulignent-questions-non-resolues-reforme-de-lapprentissage\\\/98384\\\/\",\"url\":\"https:\\\/\\\/batijournal.com\\\/index.php\\\/regions-soulignent-questions-non-resolues-reforme-de-lapprentissage\\\/98384\\\/\",\"name\":\"Les R\u00e9gions soulignent des questions non r\u00e9solues dans la r\u00e9forme de l\u2019apprentissage\",\"isPartOf\":{\"@id\":\"https:\\\/\\\/batijournal.com\\\/#website\"},\"primaryImageOfPage\":{\"@id\":\"https:\\\/\\\/batijournal.com\\\/index.php\\\/regions-soulignent-questions-non-resolues-reforme-de-lapprentissage\\\/98384\\\/#primaryimage\"},\"image\":{\"@id\":\"https:\\\/\\\/batijournal.com\\\/index.php\\\/regions-soulignent-questions-non-resolues-reforme-de-lapprentissage\\\/98384\\\/#primaryimage\"},\"thumbnailUrl\":\"https:\\\/\\\/batijournal.com\\\/wp-content\\\/uploads\\\/2015\\\/05\\\/99696222.jpg\",\"datePublished\":\"2018-02-12T07:39:52+00:00\",\"dateModified\":\"2019-07-15T10:07:10+00:00\",\"author\":{\"@id\":\"https:\\\/\\\/batijournal.com\\\/#\\\/schema\\\/person\\\/1dc96ec6957aa1ccb25ebe78bb19f100\"},\"breadcrumb\":{\"@id\":\"https:\\\/\\\/batijournal.com\\\/index.php\\\/regions-soulignent-questions-non-resolues-reforme-de-lapprentissage\\\/98384\\\/#breadcrumb\"},\"inLanguage\":\"fr-FR\",\"potentialAction\":[{\"@type\":\"ReadAction\",\"target\":[\"https:\\\/\\\/batijournal.com\\\/index.php\\\/regions-soulignent-questions-non-resolues-reforme-de-lapprentissage\\\/98384\\\/\"]}]},{\"@type\":\"ImageObject\",\"inLanguage\":\"fr-FR\",\"@id\":\"https:\\\/\\\/batijournal.com\\\/index.php\\\/regions-soulignent-questions-non-resolues-reforme-de-lapprentissage\\\/98384\\\/#primaryimage\",\"url\":\"https:\\\/\\\/batijournal.com\\\/wp-content\\\/uploads\\\/2015\\\/05\\\/99696222.jpg\",\"contentUrl\":\"https:\\\/\\\/batijournal.com\\\/wp-content\\\/uploads\\\/2015\\\/05\\\/99696222.jpg\",\"width\":600,\"height\":400,\"caption\":\"10Kverts-verdissement-des-formations\"},{\"@type\":\"BreadcrumbList\",\"@id\":\"https:\\\/\\\/batijournal.com\\\/index.php\\\/regions-soulignent-questions-non-resolues-reforme-de-lapprentissage\\\/98384\\\/#breadcrumb\",\"itemListElement\":[{\"@type\":\"ListItem\",\"position\":1,\"name\":\"Accueil\",\"item\":\"https:\\\/\\\/batijournal.com\\\/\"},{\"@type\":\"ListItem\",\"position\":2,\"name\":\"Actualit\u00e9s\",\"item\":\"https:\\\/\\\/batijournal.com\\\/index.php\\\/category\\\/actualites\\\/\"},{\"@type\":\"ListItem\",\"position\":3,\"name\":\"Les R\u00e9gions soulignent des questions non r\u00e9solues dans la r\u00e9forme de l\u2019apprentissage\"}]},{\"@type\":\"WebSite\",\"@id\":\"https:\\\/\\\/batijournal.com\\\/#website\",\"url\":\"https:\\\/\\\/batijournal.com\\\/\",\"name\":\"Batijournal\",\"description\":\"L&#039;actualit\u00e9 du b\u00e2timent\",\"potentialAction\":[{\"@type\":\"SearchAction\",\"target\":{\"@type\":\"EntryPoint\",\"urlTemplate\":\"https:\\\/\\\/batijournal.com\\\/?s={search_term_string}\"},\"query-input\":{\"@type\":\"PropertyValueSpecification\",\"valueRequired\":true,\"valueName\":\"search_term_string\"}}],\"inLanguage\":\"fr-FR\"},{\"@type\":\"Person\",\"@id\":\"https:\\\/\\\/batijournal.com\\\/#\\\/schema\\\/person\\\/1dc96ec6957aa1ccb25ebe78bb19f100\",\"name\":\"St\u00e9phane Miget\",\"image\":{\"@type\":\"ImageObject\",\"inLanguage\":\"fr-FR\",\"@id\":\"https:\\\/\\\/secure.gravatar.com\\\/avatar\\\/89915563d925342126b8ef0281b93d9d7fc337043e8df017f780908eb9644451?s=96&d=mm&r=g\",\"url\":\"https:\\\/\\\/secure.gravatar.com\\\/avatar\\\/89915563d925342126b8ef0281b93d9d7fc337043e8df017f780908eb9644451?s=96&d=mm&r=g\",\"contentUrl\":\"https:\\\/\\\/secure.gravatar.com\\\/avatar\\\/89915563d925342126b8ef0281b93d9d7fc337043e8df017f780908eb9644451?s=96&d=mm&r=g\",\"caption\":\"St\u00e9phane Miget\"},\"url\":\"https:\\\/\\\/batijournal.com\\\/index.php\\\/author\\\/stephane\\\/\"}]}<\/script>\n<!-- \/ Yoast SEO plugin. -->","yoast_head_json":{"title":"Les R\u00e9gions soulignent des questions non r\u00e9solues dans la r\u00e9forme de l\u2019apprentissage","robots":{"index":"index","follow":"follow","max-snippet":"max-snippet:-1","max-image-preview":"max-image-preview:large","max-video-preview":"max-video-preview:-1"},"canonical":"https:\/\/batijournal.com\/index.php\/regions-soulignent-questions-non-resolues-reforme-de-lapprentissage\/98384\/","og_locale":"fr_FR","og_type":"article","og_title":"Les R\u00e9gions soulignent des questions non r\u00e9solues dans la r\u00e9forme de l\u2019apprentissage","og_description":"Les R\u00e9gions repr\u00e9sent\u00e9es par R\u00e9gions de France prennent acte des propositions gouvernementales sur l&rsquo;apprentissage mais elles soulignent les questions qui n&rsquo;ont pas \u00e9t\u00e9 r\u00e9solues. Selon elles, il y a un risque de v\u00e9ritables fractures territoriales dans l\u2019acc\u00e8s \u00e0 l\u2019apprentissage entre les zones m\u00e9tropolitaines et non m\u00e9tropolitaines (en zone rurale, en zone de montagne, dans les [&hellip;]","og_url":"https:\/\/batijournal.com\/index.php\/regions-soulignent-questions-non-resolues-reforme-de-lapprentissage\/98384\/","og_site_name":"Batijournal","article_published_time":"2018-02-12T07:39:52+00:00","article_modified_time":"2019-07-15T10:07:10+00:00","og_image":[{"width":600,"height":400,"url":"https:\/\/batijournal.com\/wp-content\/uploads\/2015\/05\/99696222.jpg","type":"image\/jpeg"}],"author":"St\u00e9phane Miget","twitter_card":"summary_large_image","twitter_creator":"@bati_journal","twitter_site":"@bati_journal","twitter_misc":{"\u00c9crit par":"St\u00e9phane Miget","Dur\u00e9e de lecture estim\u00e9e":"1 minute"},"schema":{"@context":"https:\/\/schema.org","@graph":[{"@type":"Article","@id":"https:\/\/batijournal.com\/index.php\/regions-soulignent-questions-non-resolues-reforme-de-lapprentissage\/98384\/#article","isPartOf":{"@id":"https:\/\/batijournal.com\/index.php\/regions-soulignent-questions-non-resolues-reforme-de-lapprentissage\/98384\/"},"author":{"name":"St\u00e9phane Miget","@id":"https:\/\/batijournal.com\/#\/schema\/person\/1dc96ec6957aa1ccb25ebe78bb19f100"},"headline":"Les R\u00e9gions soulignent des questions non r\u00e9solues dans la r\u00e9forme de l\u2019apprentissage","datePublished":"2018-02-12T07:39:52+00:00","dateModified":"2019-07-15T10:07:10+00:00","mainEntityOfPage":{"@id":"https:\/\/batijournal.com\/index.php\/regions-soulignent-questions-non-resolues-reforme-de-lapprentissage\/98384\/"},"wordCount":182,"image":{"@id":"https:\/\/batijournal.com\/index.php\/regions-soulignent-questions-non-resolues-reforme-de-lapprentissage\/98384\/#primaryimage"},"thumbnailUrl":"https:\/\/batijournal.com\/wp-content\/uploads\/2015\/05\/99696222.jpg","articleSection":["Actualit\u00e9s","\u00c9conomie &amp; March\u00e9s"],"inLanguage":"fr-FR"},{"@type":"WebPage","@id":"https:\/\/batijournal.com\/index.php\/regions-soulignent-questions-non-resolues-reforme-de-lapprentissage\/98384\/","url":"https:\/\/batijournal.com\/index.php\/regions-soulignent-questions-non-resolues-reforme-de-lapprentissage\/98384\/","name":"Les R\u00e9gions soulignent des questions non r\u00e9solues dans la r\u00e9forme de l\u2019apprentissage","isPartOf":{"@id":"https:\/\/batijournal.com\/#website"},"primaryImageOfPage":{"@id":"https:\/\/batijournal.com\/index.php\/regions-soulignent-questions-non-resolues-reforme-de-lapprentissage\/98384\/#primaryimage"},"image":{"@id":"https:\/\/batijournal.com\/index.php\/regions-soulignent-questions-non-resolues-reforme-de-lapprentissage\/98384\/#primaryimage"},"thumbnailUrl":"https:\/\/batijournal.com\/wp-content\/uploads\/2015\/05\/99696222.jpg","datePublished":"2018-02-12T07:39:52+00:00","dateModified":"2019-07-15T10:07:10+00:00","author":{"@id":"https:\/\/batijournal.com\/#\/schema\/person\/1dc96ec6957aa1ccb25ebe78bb19f100"},"breadcrumb":{"@id":"https:\/\/batijournal.com\/index.php\/regions-soulignent-questions-non-resolues-reforme-de-lapprentissage\/98384\/#breadcrumb"},"inLanguage":"fr-FR","potentialAction":[{"@type":"ReadAction","target":["https:\/\/batijournal.com\/index.php\/regions-soulignent-questions-non-resolues-reforme-de-lapprentissage\/98384\/"]}]},{"@type":"ImageObject","inLanguage":"fr-FR","@id":"https:\/\/batijournal.com\/index.php\/regions-soulignent-questions-non-resolues-reforme-de-lapprentissage\/98384\/#primaryimage","url":"https:\/\/batijournal.com\/wp-content\/uploads\/2015\/05\/99696222.jpg","contentUrl":"https:\/\/batijournal.com\/wp-content\/uploads\/2015\/05\/99696222.jpg","width":600,"height":400,"caption":"10Kverts-verdissement-des-formations"},{"@type":"BreadcrumbList","@id":"https:\/\/batijournal.com\/index.php\/regions-soulignent-questions-non-resolues-reforme-de-lapprentissage\/98384\/#breadcrumb","itemListElement":[{"@type":"ListItem","position":1,"name":"Accueil","item":"https:\/\/batijournal.com\/"},{"@type":"ListItem","position":2,"name":"Actualit\u00e9s","item":"https:\/\/batijournal.com\/index.php\/category\/actualites\/"},{"@type":"ListItem","position":3,"name":"Les R\u00e9gions soulignent des questions non r\u00e9solues dans la r\u00e9forme de l\u2019apprentissage"}]},{"@type":"WebSite","@id":"https:\/\/batijournal.com\/#website","url":"https:\/\/batijournal.com\/","name":"Batijournal","description":"L&#039;actualit\u00e9 du b\u00e2timent","potentialAction":[{"@type":"SearchAction","target":{"@type":"EntryPoint","urlTemplate":"https:\/\/batijournal.com\/?s={search_term_string}"},"query-input":{"@type":"PropertyValueSpecification","valueRequired":true,"valueName":"search_term_string"}}],"inLanguage":"fr-FR"},{"@type":"Person","@id":"https:\/\/batijournal.com\/#\/schema\/person\/1dc96ec6957aa1ccb25ebe78bb19f100","name":"St\u00e9phane Miget","image":{"@type":"ImageObject","inLanguage":"fr-FR","@id":"https:\/\/secure.gravatar.com\/avatar\/89915563d925342126b8ef0281b93d9d7fc337043e8df017f780908eb9644451?s=96&d=mm&r=g","url":"https:\/\/secure.gravatar.com\/avatar\/89915563d925342126b8ef0281b93d9d7fc337043e8df017f780908eb9644451?s=96&d=mm&r=g","contentUrl":"https:\/\/secure.gravatar.com\/avatar\/89915563d925342126b8ef0281b93d9d7fc337043e8df017f780908eb9644451?s=96&d=mm&r=g","caption":"St\u00e9phane Miget"},"url":"https:\/\/batijournal.com\/index.php\/author\/stephane\/"}]}},"_links":{"self":[{"href":"https:\/\/batijournal.com\/index.php\/wp-json\/wp\/v2\/posts\/98384","targetHints":{"allow":["GET"]}}],"collection":[{"href":"https:\/\/batijournal.com\/index.php\/wp-json\/wp\/v2\/posts"}],"about":[{"href":"https:\/\/batijournal.com\/index.php\/wp-json\/wp\/v2\/types\/post"}],"author":[{"embeddable":true,"href":"https:\/\/batijournal.com\/index.php\/wp-json\/wp\/v2\/users\/17"}],"replies":[{"embeddable":true,"href":"https:\/\/batijournal.com\/index.php\/wp-json\/wp\/v2\/comments?post=98384"}],"version-history":[{"count":0,"href":"https:\/\/batijournal.com\/index.php\/wp-json\/wp\/v2\/posts\/98384\/revisions"}],"wp:featuredmedia":[{"embeddable":true,"href":"https:\/\/batijournal.com\/index.php\/wp-json\/wp\/v2\/media\/87184"}],"wp:attachment":[{"href":"https:\/\/batijournal.com\/index.php\/wp-json\/wp\/v2\/media?parent=98384"}],"wp:term":[{"taxonomy":"category","embeddable":true,"href":"https:\/\/batijournal.com\/index.php\/wp-json\/wp\/v2\/categories?post=98384"},{"taxonomy":"post_tag","embeddable":true,"href":"https:\/\/batijournal.com\/index.php\/wp-json\/wp\/v2\/tags?post=98384"}],"curies":[{"name":"wp","href":"https:\/\/api.w.org\/{rel}","templated":true}]}}