{"id":98385,"date":"2018-02-12T08:47:41","date_gmt":"2018-02-12T07:47:41","guid":{"rendered":"http:\/\/batijournal.com\/?p=98385"},"modified":"2019-07-15T12:07:10","modified_gmt":"2019-07-15T10:07:10","slug":"contribution-alternance-nouvelle-taxe-apprentissage-touchera-toutes-entreprises","status":"publish","type":"post","link":"https:\/\/batijournal.com\/index.php\/contribution-alternance-nouvelle-taxe-apprentissage-touchera-toutes-entreprises\/98385\/","title":{"rendered":"Contribution alternance : la nouvelle taxe \u00ab\u00a0apprentissage\u00a0\u00bb touchera toutes les entreprises"},"content":{"rendered":"<p>Pour financer la r\u00e9forme de l&rsquo;apprentissage annonc\u00e9e par le gouvernement, toutes les entreprises seront assujetties \u00e0 la future contribution alternance (0,85% de la masse salariale) qui viendra se substituer \u00e0 la taxe d\u2019apprentissage. Ainsi, les entreprises de petite taille et les artisans, jusqu\u2019alors exon\u00e9r\u00e9s, seront assujettis \u00e0 cette taxe. Malgr\u00e9 cette nouvelle ponction sur les TPE, la Capeb salue l\u2019ambition de financer tous les contrats d\u2019apprentissage et elle rappelle que cette transformation de l\u2019apprentissage devra s\u2019effectuer \u00e0 co\u00fbt constant pour les entreprises. A ce titre, elle constate avec satisfaction que les aides \u00e0 l\u2019embauche d\u2019apprentis seront simplifi\u00e9es, p\u00e9rennis\u00e9es et prioris\u00e9es vers les TPE et les PME.<\/p>\n","protected":false},"excerpt":{"rendered":"<p>Pour financer la r\u00e9forme de l&rsquo;apprentissage annonc\u00e9e par le gouvernement, toutes les entreprises seront assujetties \u00e0 la future contribution alternance (0,85% de la masse salariale) qui viendra se substituer \u00e0 la taxe d\u2019apprentissage. Ainsi, les entreprises de petite taille et les artisans, jusqu\u2019alors exon\u00e9r\u00e9s, seront assujettis \u00e0 cette taxe. Malgr\u00e9 cette nouvelle ponction sur les [&hellip;]<\/p>\n","protected":false},"author":17,"featured_media":93986,"comment_status":"closed","ping_status":"closed","sticky":false,"template":"","format":"standard","meta":{"_et_pb_use_builder":"","_et_pb_old_content":"","_et_gb_content_width":"","footnotes":""},"categories":[10530,6345],"tags":[],"class_list":["post-98385","post","type-post","status-publish","format-standard","has-post-thumbnail","hentry","category-actualites","category-economie-marches"],"yoast_head":"<!-- This site is optimized with the Yoast SEO plugin v27.4 - https:\/\/yoast.com\/product\/yoast-seo-wordpress\/ -->\n<title>Contribution alternance : la nouvelle taxe &quot;apprentissage&quot; touchera toutes les entreprises<\/title>\n<meta name=\"robots\" content=\"index, follow, max-snippet:-1, max-image-preview:large, max-video-preview:-1\" \/>\n<link rel=\"canonical\" href=\"https:\/\/batijournal.com\/index.php\/contribution-alternance-nouvelle-taxe-apprentissage-touchera-toutes-entreprises\/98385\/\" \/>\n<meta property=\"og:locale\" content=\"fr_FR\" \/>\n<meta property=\"og:type\" content=\"article\" \/>\n<meta property=\"og:title\" content=\"Contribution alternance : la nouvelle taxe &quot;apprentissage&quot; touchera toutes les entreprises\" \/>\n<meta property=\"og:description\" content=\"Pour financer la r\u00e9forme de l&rsquo;apprentissage annonc\u00e9e par le gouvernement, toutes les entreprises seront assujetties \u00e0 la future contribution alternance (0,85% de la masse salariale) qui viendra se substituer \u00e0 la taxe d\u2019apprentissage. Ainsi, les entreprises de petite taille et les artisans, jusqu\u2019alors exon\u00e9r\u00e9s, seront assujettis \u00e0 cette taxe. Malgr\u00e9 cette nouvelle ponction sur les [&hellip;]\" \/>\n<meta property=\"og:url\" content=\"https:\/\/batijournal.com\/index.php\/contribution-alternance-nouvelle-taxe-apprentissage-touchera-toutes-entreprises\/98385\/\" \/>\n<meta property=\"og:site_name\" content=\"Batijournal\" \/>\n<meta property=\"article:published_time\" content=\"2018-02-12T07:47:41+00:00\" \/>\n<meta property=\"article:modified_time\" content=\"2019-07-15T10:07:10+00:00\" \/>\n<meta property=\"og:image\" content=\"https:\/\/batijournal.com\/wp-content\/uploads\/2016\/10\/apprenti-ccca-btp-erasmus.jpg\" \/>\n\t<meta property=\"og:image:width\" content=\"1000\" \/>\n\t<meta property=\"og:image:height\" content=\"1000\" \/>\n\t<meta property=\"og:image:type\" content=\"image\/jpeg\" \/>\n<meta name=\"author\" content=\"St\u00e9phane Miget\" \/>\n<meta name=\"twitter:card\" content=\"summary_large_image\" \/>\n<meta name=\"twitter:creator\" content=\"@bati_journal\" \/>\n<meta name=\"twitter:site\" content=\"@bati_journal\" \/>\n<meta name=\"twitter:label1\" content=\"\u00c9crit par\" \/>\n\t<meta name=\"twitter:data1\" content=\"St\u00e9phane Miget\" \/>\n\t<meta name=\"twitter:label2\" content=\"Dur\u00e9e de lecture estim\u00e9e\" \/>\n\t<meta name=\"twitter:data2\" content=\"1 minute\" \/>\n<script type=\"application\/ld+json\" class=\"yoast-schema-graph\">{\"@context\":\"https:\\\/\\\/schema.org\",\"@graph\":[{\"@type\":\"Article\",\"@id\":\"https:\\\/\\\/batijournal.com\\\/index.php\\\/contribution-alternance-nouvelle-taxe-apprentissage-touchera-toutes-entreprises\\\/98385\\\/#article\",\"isPartOf\":{\"@id\":\"https:\\\/\\\/batijournal.com\\\/index.php\\\/contribution-alternance-nouvelle-taxe-apprentissage-touchera-toutes-entreprises\\\/98385\\\/\"},\"author\":{\"name\":\"St\u00e9phane Miget\",\"@id\":\"https:\\\/\\\/batijournal.com\\\/#\\\/schema\\\/person\\\/1dc96ec6957aa1ccb25ebe78bb19f100\"},\"headline\":\"Contribution alternance : la nouvelle taxe \u00ab\u00a0apprentissage\u00a0\u00bb touchera toutes les entreprises\",\"datePublished\":\"2018-02-12T07:47:41+00:00\",\"dateModified\":\"2019-07-15T10:07:10+00:00\",\"mainEntityOfPage\":{\"@id\":\"https:\\\/\\\/batijournal.com\\\/index.php\\\/contribution-alternance-nouvelle-taxe-apprentissage-touchera-toutes-entreprises\\\/98385\\\/\"},\"wordCount\":128,\"image\":{\"@id\":\"https:\\\/\\\/batijournal.com\\\/index.php\\\/contribution-alternance-nouvelle-taxe-apprentissage-touchera-toutes-entreprises\\\/98385\\\/#primaryimage\"},\"thumbnailUrl\":\"https:\\\/\\\/batijournal.com\\\/wp-content\\\/uploads\\\/2016\\\/10\\\/apprenti-ccca-btp-erasmus.jpg\",\"articleSection\":[\"Actualit\u00e9s\",\"\u00c9conomie &amp; March\u00e9s\"],\"inLanguage\":\"fr-FR\"},{\"@type\":\"WebPage\",\"@id\":\"https:\\\/\\\/batijournal.com\\\/index.php\\\/contribution-alternance-nouvelle-taxe-apprentissage-touchera-toutes-entreprises\\\/98385\\\/\",\"url\":\"https:\\\/\\\/batijournal.com\\\/index.php\\\/contribution-alternance-nouvelle-taxe-apprentissage-touchera-toutes-entreprises\\\/98385\\\/\",\"name\":\"Contribution alternance : la nouvelle taxe \\\"apprentissage\\\" touchera toutes les entreprises\",\"isPartOf\":{\"@id\":\"https:\\\/\\\/batijournal.com\\\/#website\"},\"primaryImageOfPage\":{\"@id\":\"https:\\\/\\\/batijournal.com\\\/index.php\\\/contribution-alternance-nouvelle-taxe-apprentissage-touchera-toutes-entreprises\\\/98385\\\/#primaryimage\"},\"image\":{\"@id\":\"https:\\\/\\\/batijournal.com\\\/index.php\\\/contribution-alternance-nouvelle-taxe-apprentissage-touchera-toutes-entreprises\\\/98385\\\/#primaryimage\"},\"thumbnailUrl\":\"https:\\\/\\\/batijournal.com\\\/wp-content\\\/uploads\\\/2016\\\/10\\\/apprenti-ccca-btp-erasmus.jpg\",\"datePublished\":\"2018-02-12T07:47:41+00:00\",\"dateModified\":\"2019-07-15T10:07:10+00:00\",\"author\":{\"@id\":\"https:\\\/\\\/batijournal.com\\\/#\\\/schema\\\/person\\\/1dc96ec6957aa1ccb25ebe78bb19f100\"},\"breadcrumb\":{\"@id\":\"https:\\\/\\\/batijournal.com\\\/index.php\\\/contribution-alternance-nouvelle-taxe-apprentissage-touchera-toutes-entreprises\\\/98385\\\/#breadcrumb\"},\"inLanguage\":\"fr-FR\",\"potentialAction\":[{\"@type\":\"ReadAction\",\"target\":[\"https:\\\/\\\/batijournal.com\\\/index.php\\\/contribution-alternance-nouvelle-taxe-apprentissage-touchera-toutes-entreprises\\\/98385\\\/\"]}]},{\"@type\":\"ImageObject\",\"inLanguage\":\"fr-FR\",\"@id\":\"https:\\\/\\\/batijournal.com\\\/index.php\\\/contribution-alternance-nouvelle-taxe-apprentissage-touchera-toutes-entreprises\\\/98385\\\/#primaryimage\",\"url\":\"https:\\\/\\\/batijournal.com\\\/wp-content\\\/uploads\\\/2016\\\/10\\\/apprenti-ccca-btp-erasmus.jpg\",\"contentUrl\":\"https:\\\/\\\/batijournal.com\\\/wp-content\\\/uploads\\\/2016\\\/10\\\/apprenti-ccca-btp-erasmus.jpg\",\"width\":1000,\"height\":1000},{\"@type\":\"BreadcrumbList\",\"@id\":\"https:\\\/\\\/batijournal.com\\\/index.php\\\/contribution-alternance-nouvelle-taxe-apprentissage-touchera-toutes-entreprises\\\/98385\\\/#breadcrumb\",\"itemListElement\":[{\"@type\":\"ListItem\",\"position\":1,\"name\":\"Accueil\",\"item\":\"https:\\\/\\\/batijournal.com\\\/\"},{\"@type\":\"ListItem\",\"position\":2,\"name\":\"Actualit\u00e9s\",\"item\":\"https:\\\/\\\/batijournal.com\\\/index.php\\\/category\\\/actualites\\\/\"},{\"@type\":\"ListItem\",\"position\":3,\"name\":\"Contribution alternance : la nouvelle taxe \u00ab\u00a0apprentissage\u00a0\u00bb touchera toutes les entreprises\"}]},{\"@type\":\"WebSite\",\"@id\":\"https:\\\/\\\/batijournal.com\\\/#website\",\"url\":\"https:\\\/\\\/batijournal.com\\\/\",\"name\":\"Batijournal\",\"description\":\"L&#039;actualit\u00e9 du b\u00e2timent\",\"potentialAction\":[{\"@type\":\"SearchAction\",\"target\":{\"@type\":\"EntryPoint\",\"urlTemplate\":\"https:\\\/\\\/batijournal.com\\\/?s={search_term_string}\"},\"query-input\":{\"@type\":\"PropertyValueSpecification\",\"valueRequired\":true,\"valueName\":\"search_term_string\"}}],\"inLanguage\":\"fr-FR\"},{\"@type\":\"Person\",\"@id\":\"https:\\\/\\\/batijournal.com\\\/#\\\/schema\\\/person\\\/1dc96ec6957aa1ccb25ebe78bb19f100\",\"name\":\"St\u00e9phane Miget\",\"image\":{\"@type\":\"ImageObject\",\"inLanguage\":\"fr-FR\",\"@id\":\"https:\\\/\\\/secure.gravatar.com\\\/avatar\\\/89915563d925342126b8ef0281b93d9d7fc337043e8df017f780908eb9644451?s=96&d=mm&r=g\",\"url\":\"https:\\\/\\\/secure.gravatar.com\\\/avatar\\\/89915563d925342126b8ef0281b93d9d7fc337043e8df017f780908eb9644451?s=96&d=mm&r=g\",\"contentUrl\":\"https:\\\/\\\/secure.gravatar.com\\\/avatar\\\/89915563d925342126b8ef0281b93d9d7fc337043e8df017f780908eb9644451?s=96&d=mm&r=g\",\"caption\":\"St\u00e9phane Miget\"},\"url\":\"https:\\\/\\\/batijournal.com\\\/index.php\\\/author\\\/stephane\\\/\"}]}<\/script>\n<!-- \/ Yoast SEO plugin. -->","yoast_head_json":{"title":"Contribution alternance : la nouvelle taxe \"apprentissage\" touchera toutes les entreprises","robots":{"index":"index","follow":"follow","max-snippet":"max-snippet:-1","max-image-preview":"max-image-preview:large","max-video-preview":"max-video-preview:-1"},"canonical":"https:\/\/batijournal.com\/index.php\/contribution-alternance-nouvelle-taxe-apprentissage-touchera-toutes-entreprises\/98385\/","og_locale":"fr_FR","og_type":"article","og_title":"Contribution alternance : la nouvelle taxe \"apprentissage\" touchera toutes les entreprises","og_description":"Pour financer la r\u00e9forme de l&rsquo;apprentissage annonc\u00e9e par le gouvernement, toutes les entreprises seront assujetties \u00e0 la future contribution alternance (0,85% de la masse salariale) qui viendra se substituer \u00e0 la taxe d\u2019apprentissage. Ainsi, les entreprises de petite taille et les artisans, jusqu\u2019alors exon\u00e9r\u00e9s, seront assujettis \u00e0 cette taxe. Malgr\u00e9 cette nouvelle ponction sur les [&hellip;]","og_url":"https:\/\/batijournal.com\/index.php\/contribution-alternance-nouvelle-taxe-apprentissage-touchera-toutes-entreprises\/98385\/","og_site_name":"Batijournal","article_published_time":"2018-02-12T07:47:41+00:00","article_modified_time":"2019-07-15T10:07:10+00:00","og_image":[{"width":1000,"height":1000,"url":"https:\/\/batijournal.com\/wp-content\/uploads\/2016\/10\/apprenti-ccca-btp-erasmus.jpg","type":"image\/jpeg"}],"author":"St\u00e9phane Miget","twitter_card":"summary_large_image","twitter_creator":"@bati_journal","twitter_site":"@bati_journal","twitter_misc":{"\u00c9crit par":"St\u00e9phane Miget","Dur\u00e9e de lecture estim\u00e9e":"1 minute"},"schema":{"@context":"https:\/\/schema.org","@graph":[{"@type":"Article","@id":"https:\/\/batijournal.com\/index.php\/contribution-alternance-nouvelle-taxe-apprentissage-touchera-toutes-entreprises\/98385\/#article","isPartOf":{"@id":"https:\/\/batijournal.com\/index.php\/contribution-alternance-nouvelle-taxe-apprentissage-touchera-toutes-entreprises\/98385\/"},"author":{"name":"St\u00e9phane Miget","@id":"https:\/\/batijournal.com\/#\/schema\/person\/1dc96ec6957aa1ccb25ebe78bb19f100"},"headline":"Contribution alternance : la nouvelle taxe \u00ab\u00a0apprentissage\u00a0\u00bb touchera toutes les entreprises","datePublished":"2018-02-12T07:47:41+00:00","dateModified":"2019-07-15T10:07:10+00:00","mainEntityOfPage":{"@id":"https:\/\/batijournal.com\/index.php\/contribution-alternance-nouvelle-taxe-apprentissage-touchera-toutes-entreprises\/98385\/"},"wordCount":128,"image":{"@id":"https:\/\/batijournal.com\/index.php\/contribution-alternance-nouvelle-taxe-apprentissage-touchera-toutes-entreprises\/98385\/#primaryimage"},"thumbnailUrl":"https:\/\/batijournal.com\/wp-content\/uploads\/2016\/10\/apprenti-ccca-btp-erasmus.jpg","articleSection":["Actualit\u00e9s","\u00c9conomie &amp; March\u00e9s"],"inLanguage":"fr-FR"},{"@type":"WebPage","@id":"https:\/\/batijournal.com\/index.php\/contribution-alternance-nouvelle-taxe-apprentissage-touchera-toutes-entreprises\/98385\/","url":"https:\/\/batijournal.com\/index.php\/contribution-alternance-nouvelle-taxe-apprentissage-touchera-toutes-entreprises\/98385\/","name":"Contribution alternance : la nouvelle taxe \"apprentissage\" touchera toutes les entreprises","isPartOf":{"@id":"https:\/\/batijournal.com\/#website"},"primaryImageOfPage":{"@id":"https:\/\/batijournal.com\/index.php\/contribution-alternance-nouvelle-taxe-apprentissage-touchera-toutes-entreprises\/98385\/#primaryimage"},"image":{"@id":"https:\/\/batijournal.com\/index.php\/contribution-alternance-nouvelle-taxe-apprentissage-touchera-toutes-entreprises\/98385\/#primaryimage"},"thumbnailUrl":"https:\/\/batijournal.com\/wp-content\/uploads\/2016\/10\/apprenti-ccca-btp-erasmus.jpg","datePublished":"2018-02-12T07:47:41+00:00","dateModified":"2019-07-15T10:07:10+00:00","author":{"@id":"https:\/\/batijournal.com\/#\/schema\/person\/1dc96ec6957aa1ccb25ebe78bb19f100"},"breadcrumb":{"@id":"https:\/\/batijournal.com\/index.php\/contribution-alternance-nouvelle-taxe-apprentissage-touchera-toutes-entreprises\/98385\/#breadcrumb"},"inLanguage":"fr-FR","potentialAction":[{"@type":"ReadAction","target":["https:\/\/batijournal.com\/index.php\/contribution-alternance-nouvelle-taxe-apprentissage-touchera-toutes-entreprises\/98385\/"]}]},{"@type":"ImageObject","inLanguage":"fr-FR","@id":"https:\/\/batijournal.com\/index.php\/contribution-alternance-nouvelle-taxe-apprentissage-touchera-toutes-entreprises\/98385\/#primaryimage","url":"https:\/\/batijournal.com\/wp-content\/uploads\/2016\/10\/apprenti-ccca-btp-erasmus.jpg","contentUrl":"https:\/\/batijournal.com\/wp-content\/uploads\/2016\/10\/apprenti-ccca-btp-erasmus.jpg","width":1000,"height":1000},{"@type":"BreadcrumbList","@id":"https:\/\/batijournal.com\/index.php\/contribution-alternance-nouvelle-taxe-apprentissage-touchera-toutes-entreprises\/98385\/#breadcrumb","itemListElement":[{"@type":"ListItem","position":1,"name":"Accueil","item":"https:\/\/batijournal.com\/"},{"@type":"ListItem","position":2,"name":"Actualit\u00e9s","item":"https:\/\/batijournal.com\/index.php\/category\/actualites\/"},{"@type":"ListItem","position":3,"name":"Contribution alternance : la nouvelle taxe \u00ab\u00a0apprentissage\u00a0\u00bb touchera toutes les entreprises"}]},{"@type":"WebSite","@id":"https:\/\/batijournal.com\/#website","url":"https:\/\/batijournal.com\/","name":"Batijournal","description":"L&#039;actualit\u00e9 du b\u00e2timent","potentialAction":[{"@type":"SearchAction","target":{"@type":"EntryPoint","urlTemplate":"https:\/\/batijournal.com\/?s={search_term_string}"},"query-input":{"@type":"PropertyValueSpecification","valueRequired":true,"valueName":"search_term_string"}}],"inLanguage":"fr-FR"},{"@type":"Person","@id":"https:\/\/batijournal.com\/#\/schema\/person\/1dc96ec6957aa1ccb25ebe78bb19f100","name":"St\u00e9phane Miget","image":{"@type":"ImageObject","inLanguage":"fr-FR","@id":"https:\/\/secure.gravatar.com\/avatar\/89915563d925342126b8ef0281b93d9d7fc337043e8df017f780908eb9644451?s=96&d=mm&r=g","url":"https:\/\/secure.gravatar.com\/avatar\/89915563d925342126b8ef0281b93d9d7fc337043e8df017f780908eb9644451?s=96&d=mm&r=g","contentUrl":"https:\/\/secure.gravatar.com\/avatar\/89915563d925342126b8ef0281b93d9d7fc337043e8df017f780908eb9644451?s=96&d=mm&r=g","caption":"St\u00e9phane Miget"},"url":"https:\/\/batijournal.com\/index.php\/author\/stephane\/"}]}},"_links":{"self":[{"href":"https:\/\/batijournal.com\/index.php\/wp-json\/wp\/v2\/posts\/98385","targetHints":{"allow":["GET"]}}],"collection":[{"href":"https:\/\/batijournal.com\/index.php\/wp-json\/wp\/v2\/posts"}],"about":[{"href":"https:\/\/batijournal.com\/index.php\/wp-json\/wp\/v2\/types\/post"}],"author":[{"embeddable":true,"href":"https:\/\/batijournal.com\/index.php\/wp-json\/wp\/v2\/users\/17"}],"replies":[{"embeddable":true,"href":"https:\/\/batijournal.com\/index.php\/wp-json\/wp\/v2\/comments?post=98385"}],"version-history":[{"count":0,"href":"https:\/\/batijournal.com\/index.php\/wp-json\/wp\/v2\/posts\/98385\/revisions"}],"wp:featuredmedia":[{"embeddable":true,"href":"https:\/\/batijournal.com\/index.php\/wp-json\/wp\/v2\/media\/93986"}],"wp:attachment":[{"href":"https:\/\/batijournal.com\/index.php\/wp-json\/wp\/v2\/media?parent=98385"}],"wp:term":[{"taxonomy":"category","embeddable":true,"href":"https:\/\/batijournal.com\/index.php\/wp-json\/wp\/v2\/categories?post=98385"},{"taxonomy":"post_tag","embeddable":true,"href":"https:\/\/batijournal.com\/index.php\/wp-json\/wp\/v2\/tags?post=98385"}],"curies":[{"name":"wp","href":"https:\/\/api.w.org\/{rel}","templated":true}]}}