{"id":98386,"date":"2018-02-12T10:59:22","date_gmt":"2018-02-12T09:59:22","guid":{"rendered":"http:\/\/batijournal.com\/?p=98386"},"modified":"2019-07-15T12:07:09","modified_gmt":"2019-07-15T10:07:09","slug":"ccca-btp-a-anticipe-mesures-developper-lapprentissage","status":"publish","type":"post","link":"https:\/\/batijournal.com\/index.php\/ccca-btp-a-anticipe-mesures-developper-lapprentissage\/98386\/","title":{"rendered":"Le CCCA-BTP a anticip\u00e9 les mesures pour d\u00e9velopper l\u2019apprentissage"},"content":{"rendered":"<p><strong>Le CCCA-BTP, 1er r\u00e9seau de l\u2019apprentissage en France, se f\u00e9licite des mesures pour d\u00e9velopper l\u2019apprentissage, les grands axes de la r\u00e9forme r\u00e9pondent pleinement aux ambitions anticip\u00e9es par Transform\u2019BTP, le plan strat\u00e9gique des talents et des excellences qu&rsquo;il a initi\u00e9.<\/strong><\/p>\n<p><strong>L\u2019entreprise formatrice replac\u00e9e au c\u0153ur du dispositif<\/strong><\/p>\n<p>Le CCCA-BTP et son r\u00e9seau de CFA du BTP ont d\u2019ores et d\u00e9j\u00e0 anticip\u00e9 pour \u00eatre en capacit\u00e9 de proposer aux entreprises et aux jeunes le bon dipl\u00f4me et les bonnes comp\u00e9tences au bon moment : cycles plus courts de formation via une dynamique de professionnalisation, avec notamment une offre de titres professionnels et de certifications pour compl\u00e9ter la formation initiale.<br \/>\nLes branches professionnelles sont naturellement en premi\u00e8re ligne et plus \u00e0 m\u00eame pour adapter finement les offres de formation aux besoins en comp\u00e9tences des entreprises et aux sp\u00e9cificit\u00e9s des territoires. Les CFA pourront ainsi d\u00e9sormais adapter chaque ann\u00e9e leurs formations en fonction de la demande des entreprises, en constante \u00e9volution dans le BTP.<\/p>\n<p><strong>Un bon \u00e9quilibre entre le r\u00f4le des branches professionnelles et des conseils r\u00e9gionaux<\/strong><\/p>\n<p>Le nouveau syst\u00e8me de financement au contrat permettra de garantir aux entreprises formatrices le financement de chaque contrat d\u2019apprentissage sign\u00e9 et d\u2019assurer une meilleure lisibilit\u00e9 et simplicit\u00e9 des aides \u00e0 l\u2019embauche. Il permettra aussi d\u2019\u00eatre plus efficient, quand on sait que le co\u00fbt d\u2019une formation n\u2019est pas le m\u00eame selon le niveau de formation, ou encore que la formation \u00e0 certains m\u00e9tiers du BTP requi\u00e8re des \u00e9quipements techniques plus sophistiqu\u00e9s. C\u2019est aussi la meilleure voie pour replacer l\u2019entreprise formatrice au c\u0153ur du dispositif.<br \/>\nDe leur c\u00f4t\u00e9, les conseils r\u00e9gionaux, premiers partenaires de l\u2019apprentissage, disposeront des moyens n\u00e9cessaires pour tenir compte des sp\u00e9cificit\u00e9s territoriales et am\u00e9liorer la qualit\u00e9 et l\u2019innovation p\u00e9dagogique. L\u2019enveloppe dont elles disposeront pour financer le b\u00e2ti des CFA permettra au CCCA-BTP de poursuivre sa politique d\u2019investissements pour construire de nouvelles g\u00e9n\u00e9rations de CFA ou les r\u00e9nover.<\/p>\n<p><strong>Une meilleure articulation entre la formation initiale et la formation continue.<\/strong><\/p>\n<p>Le CCCA-BTP, qui b\u00e9n\u00e9ficie d\u2019un maillage territorial unique, s\u2019est fix\u00e9 deux objectifs prioritaires\u00a0qui vont dans le sens du projet de r\u00e9forme pour assurer une meilleure articulation entre formation initiale et continue\u00a0avec :<br \/>\nle d\u00e9veloppement significatif du nombre de jeunes form\u00e9s aux m\u00e9tiers du BTP, qui n\u2019est possible qu\u2019en prenant en compte les besoins des entreprises et la diversification de l\u2019activit\u00e9 des CFA du BTP \u00e0 gouvernance partitaire anim\u00e9 par le CCCA-BTP\u00a0;<br \/>\nl\u2019\u00e9largissement de l\u2019offre de formation, avec les titres professionnels ou encore la certification et le d\u00e9veloppement de l\u2019offre de formation continue.<br \/>\nDans ce cadre, de nouveaux outils de formation adapt\u00e9s aux \u00e9volutions \u00e9mergentes des m\u00e9tiers de la construction\u00a0ont \u00e9t\u00e9 cr\u00e9\u00e9s dans les CFA du BTP : p\u00f4les de r\u00e9f\u00e9rence en mati\u00e8re d\u2019innovation p\u00e9dagogique et de responsabilit\u00e9 soci\u00e9tale et environnementale, installation de plateaux techniques \u00e9nerg\u00e9tiques&#8230;<br \/>\nC\u2019est aussi tout le sens des synergies mises en place entre le CCCA-BTP et Constructys, OPCA de la Construction, dans le cadre de l\u2019accord des partenaires sociaux du BTP de juin 2016. L\u2019objectif est de renforcer le service que les deux outils des branches du BTP apportent aux entreprises et aux apprenants, en mati\u00e8re d\u2019emploi et de formation tout au long de la vie et de s\u00e9curisation des parcours professionnels.<\/p>\n<p><strong>Des conditions plus attractives pour les jeunes<\/strong><\/p>\n<p>\u00c0 l\u2019heure d\u2019une reprise \u00e9conomique, il \u00e9tait urgent de cr\u00e9er de nouvelles mesures pour inciter les jeunes \u00e0 faire le choix des m\u00e9tiers du BTP et de l\u2019apprentissage pour s\u2019y former dans un secteur en pleine mutation et qui recrute. Afin que l\u2019orientation professionnelle choisie et le choix de la fili\u00e8re soient in fine une r\u00e9ussite pour le jeune, le CCCA-BTP d\u00e9veloppe actuellement une plateforme de l\u2019orientation dans le BTP, qui a pour objectif de s\u2019int\u00e9grer au Service public de l\u2019orientation pour le secteur professionnel du BTP. En tant qu\u2019outil des branches du BTP, le CCCA-BTP doit en effet informer les jeunes de fa\u00e7on claire, objective et pragmatique sur la r\u00e9alit\u00e9 des m\u00e9tiers, de l\u2019emploi et des perspectives de carri\u00e8res professionnelles dans le secteur. Un outil de mise en relations entreprises\/jeunes sera \u00e9galement disponible dans les prochains mois.<br \/>\nDe la m\u00eame mani\u00e8re, le CCCA-BTP, engag\u00e9 depuis de nombreuses ann\u00e9es dans l\u2019internationalisation des parcours de formation des apprentis, salue en particulier le d\u00e9veloppement du nombre d\u2019apprentis \u2028(15 000) qui pourront b\u00e9n\u00e9ficier du programme Erasmus de l\u2019apprentissage. La mobilit\u00e9 europ\u00e9enne des apprentis est aussi une belle mani\u00e8re de d\u00e9velopper les comp\u00e9tences professionnelles et l\u2019\u00e9panouissement des jeunes. Le CCCA-BTP a d\u2019ailleurs \u00e9t\u00e9 le premier r\u00e9seau \u00e0 cr\u00e9er un brevet professionnel \u00e0 composante europ\u00e9enne.<\/p>\n<p>&nbsp;<\/p>\n<p>Photo\u00a0: Axel Mellerin &#8211; par Bernard Charpenel &#8211; CCCA-BTP<\/p>\n","protected":false},"excerpt":{"rendered":"<p>Le CCCA-BTP, 1er r\u00e9seau de l\u2019apprentissage en France, se f\u00e9licite des mesures pour d\u00e9velopper l\u2019apprentissage, les grands axes de la r\u00e9forme r\u00e9pondent pleinement aux ambitions anticip\u00e9es par Transform\u2019BTP, le plan strat\u00e9gique des talents et des excellences qu&rsquo;il a initi\u00e9. L\u2019entreprise formatrice replac\u00e9e au c\u0153ur du dispositif Le CCCA-BTP et son r\u00e9seau de CFA du BTP [&hellip;]<\/p>\n","protected":false},"author":17,"featured_media":88918,"comment_status":"closed","ping_status":"closed","sticky":false,"template":"","format":"standard","meta":{"_et_pb_use_builder":"","_et_pb_old_content":"","_et_gb_content_width":"","footnotes":""},"categories":[10530,6345],"tags":[6086],"class_list":["post-98386","post","type-post","status-publish","format-standard","has-post-thumbnail","hentry","category-actualites","category-economie-marches","tag-ccca-btp"],"yoast_head":"<!-- This site is optimized with the Yoast SEO plugin v27.4 - https:\/\/yoast.com\/product\/yoast-seo-wordpress\/ -->\n<title>Le CCCA-BTP a anticip\u00e9 les mesures pour d\u00e9velopper l\u2019apprentissage<\/title>\n<meta name=\"robots\" content=\"index, follow, max-snippet:-1, max-image-preview:large, max-video-preview:-1\" \/>\n<link rel=\"canonical\" href=\"https:\/\/batijournal.com\/index.php\/ccca-btp-a-anticipe-mesures-developper-lapprentissage\/98386\/\" \/>\n<meta property=\"og:locale\" content=\"fr_FR\" \/>\n<meta property=\"og:type\" content=\"article\" \/>\n<meta property=\"og:title\" content=\"Le CCCA-BTP a anticip\u00e9 les mesures pour d\u00e9velopper l\u2019apprentissage\" \/>\n<meta property=\"og:description\" content=\"Le CCCA-BTP, 1er r\u00e9seau de l\u2019apprentissage en France, se f\u00e9licite des mesures pour d\u00e9velopper l\u2019apprentissage, les grands axes de la r\u00e9forme r\u00e9pondent pleinement aux ambitions anticip\u00e9es par Transform\u2019BTP, le plan strat\u00e9gique des talents et des excellences qu&rsquo;il a initi\u00e9. L\u2019entreprise formatrice replac\u00e9e au c\u0153ur du dispositif Le CCCA-BTP et son r\u00e9seau de CFA du BTP [&hellip;]\" \/>\n<meta property=\"og:url\" content=\"https:\/\/batijournal.com\/index.php\/ccca-btp-a-anticipe-mesures-developper-lapprentissage\/98386\/\" \/>\n<meta property=\"og:site_name\" content=\"Batijournal\" \/>\n<meta property=\"article:published_time\" content=\"2018-02-12T09:59:22+00:00\" \/>\n<meta property=\"article:modified_time\" content=\"2019-07-15T10:07:09+00:00\" \/>\n<meta property=\"og:image\" content=\"https:\/\/batijournal.com\/wp-content\/uploads\/2015\/08\/Mellerin.jpg\" \/>\n\t<meta property=\"og:image:width\" content=\"1024\" \/>\n\t<meta property=\"og:image:height\" content=\"681\" \/>\n\t<meta property=\"og:image:type\" content=\"image\/jpeg\" \/>\n<meta name=\"author\" content=\"St\u00e9phane Miget\" \/>\n<meta name=\"twitter:card\" content=\"summary_large_image\" \/>\n<meta name=\"twitter:creator\" content=\"@bati_journal\" \/>\n<meta name=\"twitter:site\" content=\"@bati_journal\" \/>\n<meta name=\"twitter:label1\" content=\"\u00c9crit par\" \/>\n\t<meta name=\"twitter:data1\" content=\"St\u00e9phane Miget\" \/>\n\t<meta name=\"twitter:label2\" content=\"Dur\u00e9e de lecture estim\u00e9e\" \/>\n\t<meta name=\"twitter:data2\" content=\"4 minutes\" \/>\n<script type=\"application\/ld+json\" class=\"yoast-schema-graph\">{\"@context\":\"https:\\\/\\\/schema.org\",\"@graph\":[{\"@type\":\"Article\",\"@id\":\"https:\\\/\\\/batijournal.com\\\/index.php\\\/ccca-btp-a-anticipe-mesures-developper-lapprentissage\\\/98386\\\/#article\",\"isPartOf\":{\"@id\":\"https:\\\/\\\/batijournal.com\\\/index.php\\\/ccca-btp-a-anticipe-mesures-developper-lapprentissage\\\/98386\\\/\"},\"author\":{\"name\":\"St\u00e9phane Miget\",\"@id\":\"https:\\\/\\\/batijournal.com\\\/#\\\/schema\\\/person\\\/1dc96ec6957aa1ccb25ebe78bb19f100\"},\"headline\":\"Le CCCA-BTP a anticip\u00e9 les mesures pour d\u00e9velopper l\u2019apprentissage\",\"datePublished\":\"2018-02-12T09:59:22+00:00\",\"dateModified\":\"2019-07-15T10:07:09+00:00\",\"mainEntityOfPage\":{\"@id\":\"https:\\\/\\\/batijournal.com\\\/index.php\\\/ccca-btp-a-anticipe-mesures-developper-lapprentissage\\\/98386\\\/\"},\"wordCount\":884,\"image\":{\"@id\":\"https:\\\/\\\/batijournal.com\\\/index.php\\\/ccca-btp-a-anticipe-mesures-developper-lapprentissage\\\/98386\\\/#primaryimage\"},\"thumbnailUrl\":\"https:\\\/\\\/batijournal.com\\\/wp-content\\\/uploads\\\/2015\\\/08\\\/Mellerin.jpg\",\"keywords\":[\"CCCA-BTP\"],\"articleSection\":[\"Actualit\u00e9s\",\"\u00c9conomie &amp; March\u00e9s\"],\"inLanguage\":\"fr-FR\"},{\"@type\":\"WebPage\",\"@id\":\"https:\\\/\\\/batijournal.com\\\/index.php\\\/ccca-btp-a-anticipe-mesures-developper-lapprentissage\\\/98386\\\/\",\"url\":\"https:\\\/\\\/batijournal.com\\\/index.php\\\/ccca-btp-a-anticipe-mesures-developper-lapprentissage\\\/98386\\\/\",\"name\":\"Le CCCA-BTP a anticip\u00e9 les mesures pour d\u00e9velopper l\u2019apprentissage\",\"isPartOf\":{\"@id\":\"https:\\\/\\\/batijournal.com\\\/#website\"},\"primaryImageOfPage\":{\"@id\":\"https:\\\/\\\/batijournal.com\\\/index.php\\\/ccca-btp-a-anticipe-mesures-developper-lapprentissage\\\/98386\\\/#primaryimage\"},\"image\":{\"@id\":\"https:\\\/\\\/batijournal.com\\\/index.php\\\/ccca-btp-a-anticipe-mesures-developper-lapprentissage\\\/98386\\\/#primaryimage\"},\"thumbnailUrl\":\"https:\\\/\\\/batijournal.com\\\/wp-content\\\/uploads\\\/2015\\\/08\\\/Mellerin.jpg\",\"datePublished\":\"2018-02-12T09:59:22+00:00\",\"dateModified\":\"2019-07-15T10:07:09+00:00\",\"author\":{\"@id\":\"https:\\\/\\\/batijournal.com\\\/#\\\/schema\\\/person\\\/1dc96ec6957aa1ccb25ebe78bb19f100\"},\"breadcrumb\":{\"@id\":\"https:\\\/\\\/batijournal.com\\\/index.php\\\/ccca-btp-a-anticipe-mesures-developper-lapprentissage\\\/98386\\\/#breadcrumb\"},\"inLanguage\":\"fr-FR\",\"potentialAction\":[{\"@type\":\"ReadAction\",\"target\":[\"https:\\\/\\\/batijournal.com\\\/index.php\\\/ccca-btp-a-anticipe-mesures-developper-lapprentissage\\\/98386\\\/\"]}]},{\"@type\":\"ImageObject\",\"inLanguage\":\"fr-FR\",\"@id\":\"https:\\\/\\\/batijournal.com\\\/index.php\\\/ccca-btp-a-anticipe-mesures-developper-lapprentissage\\\/98386\\\/#primaryimage\",\"url\":\"https:\\\/\\\/batijournal.com\\\/wp-content\\\/uploads\\\/2015\\\/08\\\/Mellerin.jpg\",\"contentUrl\":\"https:\\\/\\\/batijournal.com\\\/wp-content\\\/uploads\\\/2015\\\/08\\\/Mellerin.jpg\",\"width\":1024,\"height\":681,\"caption\":\"Axel Mellerin\"},{\"@type\":\"BreadcrumbList\",\"@id\":\"https:\\\/\\\/batijournal.com\\\/index.php\\\/ccca-btp-a-anticipe-mesures-developper-lapprentissage\\\/98386\\\/#breadcrumb\",\"itemListElement\":[{\"@type\":\"ListItem\",\"position\":1,\"name\":\"Accueil\",\"item\":\"https:\\\/\\\/batijournal.com\\\/\"},{\"@type\":\"ListItem\",\"position\":2,\"name\":\"Actualit\u00e9s\",\"item\":\"https:\\\/\\\/batijournal.com\\\/index.php\\\/category\\\/actualites\\\/\"},{\"@type\":\"ListItem\",\"position\":3,\"name\":\"Le CCCA-BTP a anticip\u00e9 les mesures pour d\u00e9velopper l\u2019apprentissage\"}]},{\"@type\":\"WebSite\",\"@id\":\"https:\\\/\\\/batijournal.com\\\/#website\",\"url\":\"https:\\\/\\\/batijournal.com\\\/\",\"name\":\"Batijournal\",\"description\":\"L&#039;actualit\u00e9 du b\u00e2timent\",\"potentialAction\":[{\"@type\":\"SearchAction\",\"target\":{\"@type\":\"EntryPoint\",\"urlTemplate\":\"https:\\\/\\\/batijournal.com\\\/?s={search_term_string}\"},\"query-input\":{\"@type\":\"PropertyValueSpecification\",\"valueRequired\":true,\"valueName\":\"search_term_string\"}}],\"inLanguage\":\"fr-FR\"},{\"@type\":\"Person\",\"@id\":\"https:\\\/\\\/batijournal.com\\\/#\\\/schema\\\/person\\\/1dc96ec6957aa1ccb25ebe78bb19f100\",\"name\":\"St\u00e9phane Miget\",\"image\":{\"@type\":\"ImageObject\",\"inLanguage\":\"fr-FR\",\"@id\":\"https:\\\/\\\/secure.gravatar.com\\\/avatar\\\/89915563d925342126b8ef0281b93d9d7fc337043e8df017f780908eb9644451?s=96&d=mm&r=g\",\"url\":\"https:\\\/\\\/secure.gravatar.com\\\/avatar\\\/89915563d925342126b8ef0281b93d9d7fc337043e8df017f780908eb9644451?s=96&d=mm&r=g\",\"contentUrl\":\"https:\\\/\\\/secure.gravatar.com\\\/avatar\\\/89915563d925342126b8ef0281b93d9d7fc337043e8df017f780908eb9644451?s=96&d=mm&r=g\",\"caption\":\"St\u00e9phane Miget\"},\"url\":\"https:\\\/\\\/batijournal.com\\\/index.php\\\/author\\\/stephane\\\/\"}]}<\/script>\n<!-- \/ Yoast SEO plugin. -->","yoast_head_json":{"title":"Le CCCA-BTP a anticip\u00e9 les mesures pour d\u00e9velopper l\u2019apprentissage","robots":{"index":"index","follow":"follow","max-snippet":"max-snippet:-1","max-image-preview":"max-image-preview:large","max-video-preview":"max-video-preview:-1"},"canonical":"https:\/\/batijournal.com\/index.php\/ccca-btp-a-anticipe-mesures-developper-lapprentissage\/98386\/","og_locale":"fr_FR","og_type":"article","og_title":"Le CCCA-BTP a anticip\u00e9 les mesures pour d\u00e9velopper l\u2019apprentissage","og_description":"Le CCCA-BTP, 1er r\u00e9seau de l\u2019apprentissage en France, se f\u00e9licite des mesures pour d\u00e9velopper l\u2019apprentissage, les grands axes de la r\u00e9forme r\u00e9pondent pleinement aux ambitions anticip\u00e9es par Transform\u2019BTP, le plan strat\u00e9gique des talents et des excellences qu&rsquo;il a initi\u00e9. L\u2019entreprise formatrice replac\u00e9e au c\u0153ur du dispositif Le CCCA-BTP et son r\u00e9seau de CFA du BTP [&hellip;]","og_url":"https:\/\/batijournal.com\/index.php\/ccca-btp-a-anticipe-mesures-developper-lapprentissage\/98386\/","og_site_name":"Batijournal","article_published_time":"2018-02-12T09:59:22+00:00","article_modified_time":"2019-07-15T10:07:09+00:00","og_image":[{"width":1024,"height":681,"url":"https:\/\/batijournal.com\/wp-content\/uploads\/2015\/08\/Mellerin.jpg","type":"image\/jpeg"}],"author":"St\u00e9phane Miget","twitter_card":"summary_large_image","twitter_creator":"@bati_journal","twitter_site":"@bati_journal","twitter_misc":{"\u00c9crit par":"St\u00e9phane Miget","Dur\u00e9e de lecture estim\u00e9e":"4 minutes"},"schema":{"@context":"https:\/\/schema.org","@graph":[{"@type":"Article","@id":"https:\/\/batijournal.com\/index.php\/ccca-btp-a-anticipe-mesures-developper-lapprentissage\/98386\/#article","isPartOf":{"@id":"https:\/\/batijournal.com\/index.php\/ccca-btp-a-anticipe-mesures-developper-lapprentissage\/98386\/"},"author":{"name":"St\u00e9phane Miget","@id":"https:\/\/batijournal.com\/#\/schema\/person\/1dc96ec6957aa1ccb25ebe78bb19f100"},"headline":"Le CCCA-BTP a anticip\u00e9 les mesures pour d\u00e9velopper l\u2019apprentissage","datePublished":"2018-02-12T09:59:22+00:00","dateModified":"2019-07-15T10:07:09+00:00","mainEntityOfPage":{"@id":"https:\/\/batijournal.com\/index.php\/ccca-btp-a-anticipe-mesures-developper-lapprentissage\/98386\/"},"wordCount":884,"image":{"@id":"https:\/\/batijournal.com\/index.php\/ccca-btp-a-anticipe-mesures-developper-lapprentissage\/98386\/#primaryimage"},"thumbnailUrl":"https:\/\/batijournal.com\/wp-content\/uploads\/2015\/08\/Mellerin.jpg","keywords":["CCCA-BTP"],"articleSection":["Actualit\u00e9s","\u00c9conomie &amp; March\u00e9s"],"inLanguage":"fr-FR"},{"@type":"WebPage","@id":"https:\/\/batijournal.com\/index.php\/ccca-btp-a-anticipe-mesures-developper-lapprentissage\/98386\/","url":"https:\/\/batijournal.com\/index.php\/ccca-btp-a-anticipe-mesures-developper-lapprentissage\/98386\/","name":"Le CCCA-BTP a anticip\u00e9 les mesures pour d\u00e9velopper l\u2019apprentissage","isPartOf":{"@id":"https:\/\/batijournal.com\/#website"},"primaryImageOfPage":{"@id":"https:\/\/batijournal.com\/index.php\/ccca-btp-a-anticipe-mesures-developper-lapprentissage\/98386\/#primaryimage"},"image":{"@id":"https:\/\/batijournal.com\/index.php\/ccca-btp-a-anticipe-mesures-developper-lapprentissage\/98386\/#primaryimage"},"thumbnailUrl":"https:\/\/batijournal.com\/wp-content\/uploads\/2015\/08\/Mellerin.jpg","datePublished":"2018-02-12T09:59:22+00:00","dateModified":"2019-07-15T10:07:09+00:00","author":{"@id":"https:\/\/batijournal.com\/#\/schema\/person\/1dc96ec6957aa1ccb25ebe78bb19f100"},"breadcrumb":{"@id":"https:\/\/batijournal.com\/index.php\/ccca-btp-a-anticipe-mesures-developper-lapprentissage\/98386\/#breadcrumb"},"inLanguage":"fr-FR","potentialAction":[{"@type":"ReadAction","target":["https:\/\/batijournal.com\/index.php\/ccca-btp-a-anticipe-mesures-developper-lapprentissage\/98386\/"]}]},{"@type":"ImageObject","inLanguage":"fr-FR","@id":"https:\/\/batijournal.com\/index.php\/ccca-btp-a-anticipe-mesures-developper-lapprentissage\/98386\/#primaryimage","url":"https:\/\/batijournal.com\/wp-content\/uploads\/2015\/08\/Mellerin.jpg","contentUrl":"https:\/\/batijournal.com\/wp-content\/uploads\/2015\/08\/Mellerin.jpg","width":1024,"height":681,"caption":"Axel Mellerin"},{"@type":"BreadcrumbList","@id":"https:\/\/batijournal.com\/index.php\/ccca-btp-a-anticipe-mesures-developper-lapprentissage\/98386\/#breadcrumb","itemListElement":[{"@type":"ListItem","position":1,"name":"Accueil","item":"https:\/\/batijournal.com\/"},{"@type":"ListItem","position":2,"name":"Actualit\u00e9s","item":"https:\/\/batijournal.com\/index.php\/category\/actualites\/"},{"@type":"ListItem","position":3,"name":"Le CCCA-BTP a anticip\u00e9 les mesures pour d\u00e9velopper l\u2019apprentissage"}]},{"@type":"WebSite","@id":"https:\/\/batijournal.com\/#website","url":"https:\/\/batijournal.com\/","name":"Batijournal","description":"L&#039;actualit\u00e9 du b\u00e2timent","potentialAction":[{"@type":"SearchAction","target":{"@type":"EntryPoint","urlTemplate":"https:\/\/batijournal.com\/?s={search_term_string}"},"query-input":{"@type":"PropertyValueSpecification","valueRequired":true,"valueName":"search_term_string"}}],"inLanguage":"fr-FR"},{"@type":"Person","@id":"https:\/\/batijournal.com\/#\/schema\/person\/1dc96ec6957aa1ccb25ebe78bb19f100","name":"St\u00e9phane Miget","image":{"@type":"ImageObject","inLanguage":"fr-FR","@id":"https:\/\/secure.gravatar.com\/avatar\/89915563d925342126b8ef0281b93d9d7fc337043e8df017f780908eb9644451?s=96&d=mm&r=g","url":"https:\/\/secure.gravatar.com\/avatar\/89915563d925342126b8ef0281b93d9d7fc337043e8df017f780908eb9644451?s=96&d=mm&r=g","contentUrl":"https:\/\/secure.gravatar.com\/avatar\/89915563d925342126b8ef0281b93d9d7fc337043e8df017f780908eb9644451?s=96&d=mm&r=g","caption":"St\u00e9phane Miget"},"url":"https:\/\/batijournal.com\/index.php\/author\/stephane\/"}]}},"_links":{"self":[{"href":"https:\/\/batijournal.com\/index.php\/wp-json\/wp\/v2\/posts\/98386","targetHints":{"allow":["GET"]}}],"collection":[{"href":"https:\/\/batijournal.com\/index.php\/wp-json\/wp\/v2\/posts"}],"about":[{"href":"https:\/\/batijournal.com\/index.php\/wp-json\/wp\/v2\/types\/post"}],"author":[{"embeddable":true,"href":"https:\/\/batijournal.com\/index.php\/wp-json\/wp\/v2\/users\/17"}],"replies":[{"embeddable":true,"href":"https:\/\/batijournal.com\/index.php\/wp-json\/wp\/v2\/comments?post=98386"}],"version-history":[{"count":0,"href":"https:\/\/batijournal.com\/index.php\/wp-json\/wp\/v2\/posts\/98386\/revisions"}],"wp:featuredmedia":[{"embeddable":true,"href":"https:\/\/batijournal.com\/index.php\/wp-json\/wp\/v2\/media\/88918"}],"wp:attachment":[{"href":"https:\/\/batijournal.com\/index.php\/wp-json\/wp\/v2\/media?parent=98386"}],"wp:term":[{"taxonomy":"category","embeddable":true,"href":"https:\/\/batijournal.com\/index.php\/wp-json\/wp\/v2\/categories?post=98386"},{"taxonomy":"post_tag","embeddable":true,"href":"https:\/\/batijournal.com\/index.php\/wp-json\/wp\/v2\/tags?post=98386"}],"curies":[{"name":"wp","href":"https:\/\/api.w.org\/{rel}","templated":true}]}}