{"id":98400,"date":"2018-02-14T09:02:26","date_gmt":"2018-02-14T08:02:26","guid":{"rendered":"http:\/\/batijournal.com\/?p=98400"},"modified":"2019-07-15T11:15:14","modified_gmt":"2019-07-15T09:15:14","slug":"maison-jean-cocteau-a-milly-foret-fermee","status":"publish","type":"post","link":"https:\/\/batijournal.com\/index.php\/maison-jean-cocteau-a-milly-foret-fermee\/98400\/","title":{"rendered":"La Maison Jean Cocteau \u00e0 Milly-la-for\u00eat est ferm\u00e9e"},"content":{"rendered":"<p>En 2010, la Maison Jean Cocteau \u00e0 Milly-la-for\u00eat, ancienne demeure de l&rsquo;acad\u00e9micien, po\u00e8te, \u00e9crivain, dessinateur ouvrait au public. Il l&rsquo;avait achet\u00e9e en 1947 avec Jean Marais et y mourut le 11 octobre 1963. En 2002, Pierre Berg\u00e9 l&rsquo;avait rachet\u00e9e avec l&rsquo;aide du Conseil G\u00e9n\u00e9ral de l&rsquo;Essonne et du Conseil r\u00e9gional \u00cele-de-France pour en faire un lieu de souvenir mais aussi pour promouvoir l&rsquo;oeuvre de Jean Cocteau. Apr\u00e8s le d\u00e9c\u00e8s du m\u00e9c\u00e8ne, le 8 septembre 2018, ses h\u00e9ritiers et l&rsquo;association en charge de la maison ont d\u00e9cid\u00e9 de ne pas poursuivre le financement et de licencier le personnel. La maison est maintenant ferm\u00e9e. L&rsquo;association Milly Avenir a adress\u00e9 une lettre au Conseil D\u00e9partemental et \u00e0 la R\u00e9gion pour leur demander de prendre le relais. \u00ab\u00a0Tout doit \u00eatre mis en oeuvre pour qu&rsquo;une solution p\u00e9renne soit trouv\u00e9e et permette de perp\u00e9tuer le souvenir et l&rsquo;oeuvre de Jean Cocteau tout en contribuant au rayonnement de notre territoire.\u00a0\u00bb Une p\u00e9tition est en ligne.<\/p>\n<p><a href=\"https:\/\/www.change.org\/p\/val\u00e9rie-p\u00e9cresse-sauvons-la-maison-jean-cocteau-a-milly-la-for\u00eat\" target=\"_blank\" rel=\"noopener noreferrer\">https:\/\/www.change.org\/p\/val\u00e9rie-p\u00e9cresse-sauvons-la-maison-jean-cocteau-a-milly-la-for\u00eat<\/a><\/p>\n<p>Photo : Cyrilb1881 &#8211; Wikimedia<\/p>\n<p>&nbsp;<\/p>\n","protected":false},"excerpt":{"rendered":"<p>En 2010, la Maison Jean Cocteau \u00e0 Milly-la-for\u00eat, ancienne demeure de l&rsquo;acad\u00e9micien, po\u00e8te, \u00e9crivain, dessinateur ouvrait au public. Il l&rsquo;avait achet\u00e9e en 1947 avec Jean Marais et y mourut le 11 octobre 1963. En 2002, Pierre Berg\u00e9 l&rsquo;avait rachet\u00e9e avec l&rsquo;aide du Conseil G\u00e9n\u00e9ral de l&rsquo;Essonne et du Conseil r\u00e9gional \u00cele-de-France pour en faire un [&hellip;]<\/p>\n","protected":false},"author":17,"featured_media":98402,"comment_status":"closed","ping_status":"closed","sticky":false,"template":"","format":"standard","meta":{"_et_pb_use_builder":"","_et_pb_old_content":"","_et_gb_content_width":"","footnotes":""},"categories":[10530,6340,10785],"tags":[],"class_list":["post-98400","post","type-post","status-publish","format-standard","has-post-thumbnail","hentry","category-actualites","category-architecture-conception","category-atrium"],"yoast_head":"<!-- This site is optimized with the Yoast SEO plugin v27.4 - https:\/\/yoast.com\/product\/yoast-seo-wordpress\/ -->\n<title>La Maison Jean Cocteau \u00e0 Milly-la-for\u00eat est ferm\u00e9e<\/title>\n<meta name=\"robots\" content=\"index, follow, max-snippet:-1, max-image-preview:large, max-video-preview:-1\" \/>\n<link rel=\"canonical\" href=\"https:\/\/batijournal.com\/index.php\/maison-jean-cocteau-a-milly-foret-fermee\/98400\/\" \/>\n<meta property=\"og:locale\" content=\"fr_FR\" \/>\n<meta property=\"og:type\" content=\"article\" \/>\n<meta property=\"og:title\" content=\"La Maison Jean Cocteau \u00e0 Milly-la-for\u00eat est ferm\u00e9e\" \/>\n<meta property=\"og:description\" content=\"En 2010, la Maison Jean Cocteau \u00e0 Milly-la-for\u00eat, ancienne demeure de l&rsquo;acad\u00e9micien, po\u00e8te, \u00e9crivain, dessinateur ouvrait au public. Il l&rsquo;avait achet\u00e9e en 1947 avec Jean Marais et y mourut le 11 octobre 1963. En 2002, Pierre Berg\u00e9 l&rsquo;avait rachet\u00e9e avec l&rsquo;aide du Conseil G\u00e9n\u00e9ral de l&rsquo;Essonne et du Conseil r\u00e9gional \u00cele-de-France pour en faire un [&hellip;]\" \/>\n<meta property=\"og:url\" content=\"https:\/\/batijournal.com\/index.php\/maison-jean-cocteau-a-milly-foret-fermee\/98400\/\" \/>\n<meta property=\"og:site_name\" content=\"Batijournal\" \/>\n<meta property=\"article:published_time\" content=\"2018-02-14T08:02:26+00:00\" \/>\n<meta property=\"article:modified_time\" content=\"2019-07-15T09:15:14+00:00\" \/>\n<meta property=\"og:image\" content=\"https:\/\/batijournal.com\/wp-content\/uploads\/2018\/02\/Maison-Jean-Cocteau-Milly-la-foret.jpg\" \/>\n\t<meta property=\"og:image:width\" content=\"1200\" \/>\n\t<meta property=\"og:image:height\" content=\"862\" \/>\n\t<meta property=\"og:image:type\" content=\"image\/jpeg\" \/>\n<meta name=\"author\" content=\"St\u00e9phane Miget\" \/>\n<meta name=\"twitter:card\" content=\"summary_large_image\" \/>\n<meta name=\"twitter:creator\" content=\"@bati_journal\" \/>\n<meta name=\"twitter:site\" content=\"@bati_journal\" \/>\n<meta name=\"twitter:label1\" content=\"\u00c9crit par\" \/>\n\t<meta name=\"twitter:data1\" content=\"St\u00e9phane Miget\" \/>\n\t<meta name=\"twitter:label2\" content=\"Dur\u00e9e de lecture estim\u00e9e\" \/>\n\t<meta name=\"twitter:data2\" content=\"1 minute\" \/>\n<script type=\"application\/ld+json\" class=\"yoast-schema-graph\">{\"@context\":\"https:\\\/\\\/schema.org\",\"@graph\":[{\"@type\":\"Article\",\"@id\":\"https:\\\/\\\/batijournal.com\\\/index.php\\\/maison-jean-cocteau-a-milly-foret-fermee\\\/98400\\\/#article\",\"isPartOf\":{\"@id\":\"https:\\\/\\\/batijournal.com\\\/index.php\\\/maison-jean-cocteau-a-milly-foret-fermee\\\/98400\\\/\"},\"author\":{\"name\":\"St\u00e9phane Miget\",\"@id\":\"https:\\\/\\\/batijournal.com\\\/#\\\/schema\\\/person\\\/1dc96ec6957aa1ccb25ebe78bb19f100\"},\"headline\":\"La Maison Jean Cocteau \u00e0 Milly-la-for\u00eat est ferm\u00e9e\",\"datePublished\":\"2018-02-14T08:02:26+00:00\",\"dateModified\":\"2019-07-15T09:15:14+00:00\",\"mainEntityOfPage\":{\"@id\":\"https:\\\/\\\/batijournal.com\\\/index.php\\\/maison-jean-cocteau-a-milly-foret-fermee\\\/98400\\\/\"},\"wordCount\":205,\"image\":{\"@id\":\"https:\\\/\\\/batijournal.com\\\/index.php\\\/maison-jean-cocteau-a-milly-foret-fermee\\\/98400\\\/#primaryimage\"},\"thumbnailUrl\":\"https:\\\/\\\/batijournal.com\\\/wp-content\\\/uploads\\\/2018\\\/02\\\/Maison-Jean-Cocteau-Milly-la-foret.jpg\",\"articleSection\":[\"Actualit\u00e9s\",\"Architecture &amp; Conception\",\"zz_Atrium Patrimoine\"],\"inLanguage\":\"fr-FR\"},{\"@type\":\"WebPage\",\"@id\":\"https:\\\/\\\/batijournal.com\\\/index.php\\\/maison-jean-cocteau-a-milly-foret-fermee\\\/98400\\\/\",\"url\":\"https:\\\/\\\/batijournal.com\\\/index.php\\\/maison-jean-cocteau-a-milly-foret-fermee\\\/98400\\\/\",\"name\":\"La Maison Jean Cocteau \u00e0 Milly-la-for\u00eat est ferm\u00e9e\",\"isPartOf\":{\"@id\":\"https:\\\/\\\/batijournal.com\\\/#website\"},\"primaryImageOfPage\":{\"@id\":\"https:\\\/\\\/batijournal.com\\\/index.php\\\/maison-jean-cocteau-a-milly-foret-fermee\\\/98400\\\/#primaryimage\"},\"image\":{\"@id\":\"https:\\\/\\\/batijournal.com\\\/index.php\\\/maison-jean-cocteau-a-milly-foret-fermee\\\/98400\\\/#primaryimage\"},\"thumbnailUrl\":\"https:\\\/\\\/batijournal.com\\\/wp-content\\\/uploads\\\/2018\\\/02\\\/Maison-Jean-Cocteau-Milly-la-foret.jpg\",\"datePublished\":\"2018-02-14T08:02:26+00:00\",\"dateModified\":\"2019-07-15T09:15:14+00:00\",\"author\":{\"@id\":\"https:\\\/\\\/batijournal.com\\\/#\\\/schema\\\/person\\\/1dc96ec6957aa1ccb25ebe78bb19f100\"},\"breadcrumb\":{\"@id\":\"https:\\\/\\\/batijournal.com\\\/index.php\\\/maison-jean-cocteau-a-milly-foret-fermee\\\/98400\\\/#breadcrumb\"},\"inLanguage\":\"fr-FR\",\"potentialAction\":[{\"@type\":\"ReadAction\",\"target\":[\"https:\\\/\\\/batijournal.com\\\/index.php\\\/maison-jean-cocteau-a-milly-foret-fermee\\\/98400\\\/\"]}]},{\"@type\":\"ImageObject\",\"inLanguage\":\"fr-FR\",\"@id\":\"https:\\\/\\\/batijournal.com\\\/index.php\\\/maison-jean-cocteau-a-milly-foret-fermee\\\/98400\\\/#primaryimage\",\"url\":\"https:\\\/\\\/batijournal.com\\\/wp-content\\\/uploads\\\/2018\\\/02\\\/Maison-Jean-Cocteau-Milly-la-foret.jpg\",\"contentUrl\":\"https:\\\/\\\/batijournal.com\\\/wp-content\\\/uploads\\\/2018\\\/02\\\/Maison-Jean-Cocteau-Milly-la-foret.jpg\",\"width\":1200,\"height\":862},{\"@type\":\"BreadcrumbList\",\"@id\":\"https:\\\/\\\/batijournal.com\\\/index.php\\\/maison-jean-cocteau-a-milly-foret-fermee\\\/98400\\\/#breadcrumb\",\"itemListElement\":[{\"@type\":\"ListItem\",\"position\":1,\"name\":\"Accueil\",\"item\":\"https:\\\/\\\/batijournal.com\\\/\"},{\"@type\":\"ListItem\",\"position\":2,\"name\":\"Actualit\u00e9s\",\"item\":\"https:\\\/\\\/batijournal.com\\\/index.php\\\/category\\\/actualites\\\/\"},{\"@type\":\"ListItem\",\"position\":3,\"name\":\"La Maison Jean Cocteau \u00e0 Milly-la-for\u00eat est ferm\u00e9e\"}]},{\"@type\":\"WebSite\",\"@id\":\"https:\\\/\\\/batijournal.com\\\/#website\",\"url\":\"https:\\\/\\\/batijournal.com\\\/\",\"name\":\"Batijournal\",\"description\":\"L&#039;actualit\u00e9 du b\u00e2timent\",\"potentialAction\":[{\"@type\":\"SearchAction\",\"target\":{\"@type\":\"EntryPoint\",\"urlTemplate\":\"https:\\\/\\\/batijournal.com\\\/?s={search_term_string}\"},\"query-input\":{\"@type\":\"PropertyValueSpecification\",\"valueRequired\":true,\"valueName\":\"search_term_string\"}}],\"inLanguage\":\"fr-FR\"},{\"@type\":\"Person\",\"@id\":\"https:\\\/\\\/batijournal.com\\\/#\\\/schema\\\/person\\\/1dc96ec6957aa1ccb25ebe78bb19f100\",\"name\":\"St\u00e9phane Miget\",\"image\":{\"@type\":\"ImageObject\",\"inLanguage\":\"fr-FR\",\"@id\":\"https:\\\/\\\/secure.gravatar.com\\\/avatar\\\/89915563d925342126b8ef0281b93d9d7fc337043e8df017f780908eb9644451?s=96&d=mm&r=g\",\"url\":\"https:\\\/\\\/secure.gravatar.com\\\/avatar\\\/89915563d925342126b8ef0281b93d9d7fc337043e8df017f780908eb9644451?s=96&d=mm&r=g\",\"contentUrl\":\"https:\\\/\\\/secure.gravatar.com\\\/avatar\\\/89915563d925342126b8ef0281b93d9d7fc337043e8df017f780908eb9644451?s=96&d=mm&r=g\",\"caption\":\"St\u00e9phane Miget\"},\"url\":\"https:\\\/\\\/batijournal.com\\\/index.php\\\/author\\\/stephane\\\/\"}]}<\/script>\n<!-- \/ Yoast SEO plugin. -->","yoast_head_json":{"title":"La Maison Jean Cocteau \u00e0 Milly-la-for\u00eat est ferm\u00e9e","robots":{"index":"index","follow":"follow","max-snippet":"max-snippet:-1","max-image-preview":"max-image-preview:large","max-video-preview":"max-video-preview:-1"},"canonical":"https:\/\/batijournal.com\/index.php\/maison-jean-cocteau-a-milly-foret-fermee\/98400\/","og_locale":"fr_FR","og_type":"article","og_title":"La Maison Jean Cocteau \u00e0 Milly-la-for\u00eat est ferm\u00e9e","og_description":"En 2010, la Maison Jean Cocteau \u00e0 Milly-la-for\u00eat, ancienne demeure de l&rsquo;acad\u00e9micien, po\u00e8te, \u00e9crivain, dessinateur ouvrait au public. Il l&rsquo;avait achet\u00e9e en 1947 avec Jean Marais et y mourut le 11 octobre 1963. En 2002, Pierre Berg\u00e9 l&rsquo;avait rachet\u00e9e avec l&rsquo;aide du Conseil G\u00e9n\u00e9ral de l&rsquo;Essonne et du Conseil r\u00e9gional \u00cele-de-France pour en faire un [&hellip;]","og_url":"https:\/\/batijournal.com\/index.php\/maison-jean-cocteau-a-milly-foret-fermee\/98400\/","og_site_name":"Batijournal","article_published_time":"2018-02-14T08:02:26+00:00","article_modified_time":"2019-07-15T09:15:14+00:00","og_image":[{"width":1200,"height":862,"url":"https:\/\/batijournal.com\/wp-content\/uploads\/2018\/02\/Maison-Jean-Cocteau-Milly-la-foret.jpg","type":"image\/jpeg"}],"author":"St\u00e9phane Miget","twitter_card":"summary_large_image","twitter_creator":"@bati_journal","twitter_site":"@bati_journal","twitter_misc":{"\u00c9crit par":"St\u00e9phane Miget","Dur\u00e9e de lecture estim\u00e9e":"1 minute"},"schema":{"@context":"https:\/\/schema.org","@graph":[{"@type":"Article","@id":"https:\/\/batijournal.com\/index.php\/maison-jean-cocteau-a-milly-foret-fermee\/98400\/#article","isPartOf":{"@id":"https:\/\/batijournal.com\/index.php\/maison-jean-cocteau-a-milly-foret-fermee\/98400\/"},"author":{"name":"St\u00e9phane Miget","@id":"https:\/\/batijournal.com\/#\/schema\/person\/1dc96ec6957aa1ccb25ebe78bb19f100"},"headline":"La Maison Jean Cocteau \u00e0 Milly-la-for\u00eat est ferm\u00e9e","datePublished":"2018-02-14T08:02:26+00:00","dateModified":"2019-07-15T09:15:14+00:00","mainEntityOfPage":{"@id":"https:\/\/batijournal.com\/index.php\/maison-jean-cocteau-a-milly-foret-fermee\/98400\/"},"wordCount":205,"image":{"@id":"https:\/\/batijournal.com\/index.php\/maison-jean-cocteau-a-milly-foret-fermee\/98400\/#primaryimage"},"thumbnailUrl":"https:\/\/batijournal.com\/wp-content\/uploads\/2018\/02\/Maison-Jean-Cocteau-Milly-la-foret.jpg","articleSection":["Actualit\u00e9s","Architecture &amp; Conception","zz_Atrium Patrimoine"],"inLanguage":"fr-FR"},{"@type":"WebPage","@id":"https:\/\/batijournal.com\/index.php\/maison-jean-cocteau-a-milly-foret-fermee\/98400\/","url":"https:\/\/batijournal.com\/index.php\/maison-jean-cocteau-a-milly-foret-fermee\/98400\/","name":"La Maison Jean Cocteau \u00e0 Milly-la-for\u00eat est ferm\u00e9e","isPartOf":{"@id":"https:\/\/batijournal.com\/#website"},"primaryImageOfPage":{"@id":"https:\/\/batijournal.com\/index.php\/maison-jean-cocteau-a-milly-foret-fermee\/98400\/#primaryimage"},"image":{"@id":"https:\/\/batijournal.com\/index.php\/maison-jean-cocteau-a-milly-foret-fermee\/98400\/#primaryimage"},"thumbnailUrl":"https:\/\/batijournal.com\/wp-content\/uploads\/2018\/02\/Maison-Jean-Cocteau-Milly-la-foret.jpg","datePublished":"2018-02-14T08:02:26+00:00","dateModified":"2019-07-15T09:15:14+00:00","author":{"@id":"https:\/\/batijournal.com\/#\/schema\/person\/1dc96ec6957aa1ccb25ebe78bb19f100"},"breadcrumb":{"@id":"https:\/\/batijournal.com\/index.php\/maison-jean-cocteau-a-milly-foret-fermee\/98400\/#breadcrumb"},"inLanguage":"fr-FR","potentialAction":[{"@type":"ReadAction","target":["https:\/\/batijournal.com\/index.php\/maison-jean-cocteau-a-milly-foret-fermee\/98400\/"]}]},{"@type":"ImageObject","inLanguage":"fr-FR","@id":"https:\/\/batijournal.com\/index.php\/maison-jean-cocteau-a-milly-foret-fermee\/98400\/#primaryimage","url":"https:\/\/batijournal.com\/wp-content\/uploads\/2018\/02\/Maison-Jean-Cocteau-Milly-la-foret.jpg","contentUrl":"https:\/\/batijournal.com\/wp-content\/uploads\/2018\/02\/Maison-Jean-Cocteau-Milly-la-foret.jpg","width":1200,"height":862},{"@type":"BreadcrumbList","@id":"https:\/\/batijournal.com\/index.php\/maison-jean-cocteau-a-milly-foret-fermee\/98400\/#breadcrumb","itemListElement":[{"@type":"ListItem","position":1,"name":"Accueil","item":"https:\/\/batijournal.com\/"},{"@type":"ListItem","position":2,"name":"Actualit\u00e9s","item":"https:\/\/batijournal.com\/index.php\/category\/actualites\/"},{"@type":"ListItem","position":3,"name":"La Maison Jean Cocteau \u00e0 Milly-la-for\u00eat est ferm\u00e9e"}]},{"@type":"WebSite","@id":"https:\/\/batijournal.com\/#website","url":"https:\/\/batijournal.com\/","name":"Batijournal","description":"L&#039;actualit\u00e9 du b\u00e2timent","potentialAction":[{"@type":"SearchAction","target":{"@type":"EntryPoint","urlTemplate":"https:\/\/batijournal.com\/?s={search_term_string}"},"query-input":{"@type":"PropertyValueSpecification","valueRequired":true,"valueName":"search_term_string"}}],"inLanguage":"fr-FR"},{"@type":"Person","@id":"https:\/\/batijournal.com\/#\/schema\/person\/1dc96ec6957aa1ccb25ebe78bb19f100","name":"St\u00e9phane Miget","image":{"@type":"ImageObject","inLanguage":"fr-FR","@id":"https:\/\/secure.gravatar.com\/avatar\/89915563d925342126b8ef0281b93d9d7fc337043e8df017f780908eb9644451?s=96&d=mm&r=g","url":"https:\/\/secure.gravatar.com\/avatar\/89915563d925342126b8ef0281b93d9d7fc337043e8df017f780908eb9644451?s=96&d=mm&r=g","contentUrl":"https:\/\/secure.gravatar.com\/avatar\/89915563d925342126b8ef0281b93d9d7fc337043e8df017f780908eb9644451?s=96&d=mm&r=g","caption":"St\u00e9phane Miget"},"url":"https:\/\/batijournal.com\/index.php\/author\/stephane\/"}]}},"_links":{"self":[{"href":"https:\/\/batijournal.com\/index.php\/wp-json\/wp\/v2\/posts\/98400","targetHints":{"allow":["GET"]}}],"collection":[{"href":"https:\/\/batijournal.com\/index.php\/wp-json\/wp\/v2\/posts"}],"about":[{"href":"https:\/\/batijournal.com\/index.php\/wp-json\/wp\/v2\/types\/post"}],"author":[{"embeddable":true,"href":"https:\/\/batijournal.com\/index.php\/wp-json\/wp\/v2\/users\/17"}],"replies":[{"embeddable":true,"href":"https:\/\/batijournal.com\/index.php\/wp-json\/wp\/v2\/comments?post=98400"}],"version-history":[{"count":0,"href":"https:\/\/batijournal.com\/index.php\/wp-json\/wp\/v2\/posts\/98400\/revisions"}],"wp:featuredmedia":[{"embeddable":true,"href":"https:\/\/batijournal.com\/index.php\/wp-json\/wp\/v2\/media\/98402"}],"wp:attachment":[{"href":"https:\/\/batijournal.com\/index.php\/wp-json\/wp\/v2\/media?parent=98400"}],"wp:term":[{"taxonomy":"category","embeddable":true,"href":"https:\/\/batijournal.com\/index.php\/wp-json\/wp\/v2\/categories?post=98400"},{"taxonomy":"post_tag","embeddable":true,"href":"https:\/\/batijournal.com\/index.php\/wp-json\/wp\/v2\/tags?post=98400"}],"curies":[{"name":"wp","href":"https:\/\/api.w.org\/{rel}","templated":true}]}}