{"id":98428,"date":"2018-02-14T18:11:45","date_gmt":"2018-02-14T17:11:45","guid":{"rendered":"http:\/\/batijournal.com\/?p=98428"},"modified":"2018-02-14T18:11:45","modified_gmt":"2018-02-14T17:11:45","slug":"defis-bois-3-0-cuvee-2018","status":"publish","type":"post","link":"https:\/\/batijournal.com\/index.php\/defis-bois-3-0-cuvee-2018\/98428\/","title":{"rendered":"Les D\u00e9fis du Bois 3.0\u00a0: cuv\u00e9e 2018"},"content":{"rendered":"<p align=\"LEFT\"><span style=\"color: #535353\"><span style=\"font-family: ArialMT, sans-serif\"><span style=\"font-size: large\">La 14e \u00e9dition des D\u00e9fis du Bois se d\u00e9roulera sur le Campus Bois de l&rsquo;ENSTIB \u00e0 Epinal, du 19 au 26 mai. Apr\u00e8s 11 ans d&rsquo;archi-structures, la manifestation propose, depuis 4 ans, une nouvelle approche pour cette aventure p\u00e9dagogique, technique et humaine en s&rsquo;int\u00e9ressant aux micro-architectures. Les D\u00e9fis du Bois 3.0 visent \u00e0 produire des structures prototypes, pouvant \u00eatre exploit\u00e9es par un partenaire priv\u00e9 et\/ou public.<\/span><\/span><\/span><\/p>\n<p align=\"LEFT\"><span style=\"color: #535353\"> <span style=\"font-family: ArialMT, sans-serif\"><span style=\"font-size: large\">Les participants de la comp\u00e9tition viennent du Master G\u00e9nie Civil sp\u00e9cialit\u00e9 Architecture Bois Construction co-habilit\u00e9 par l&rsquo;ENSTIB et l&rsquo;ENSA de Nancy, de l&rsquo;universit\u00e9 de Mons en Belgique, de l&rsquo;Universit\u00e9 de Qu\u00e9bec \u00e0 Chicoutimi au Canada et de l&rsquo;Universit\u00e9 HTW de Sarrebruck en Allemagne. <span style=\"font-family: Arial, sans-serif\">\u00c0<\/span> ces architectes et \u00e9l\u00e8ves ing\u00e9nieurs s&rsquo;ajoutent les Compagnons du Devoir. Ils sont repartis par tirage au sort en 10 \u00e9quipes d\u00e8s le d\u00e9but de 2018, pour mettre \u00e0 profit une p\u00e9riode de pr\u00e9paration \u00e0 distance, suivie de 8 jours et 7 nuits de travail sur site, en mai. L&rsquo;objectif 2018\u00a0: concevoir et fabriquer des structures esth\u00e9tiques tr\u00e8s diff\u00e9rentes les unes des autres et adapt\u00e9es aux courbes et aux caract\u00e9ristiques d&rsquo;un paysage riche et vari\u00e9. Comme chaque ann\u00e9e, le sujet sera r\u00e9v\u00e9l\u00e9 le jour de l&rsquo;inauguration.<\/span><\/span><\/span><\/p>\n<p><a href=\"http:\/\/www.defisbois.fr\">www.defisbois.fr<\/a><\/p>\n","protected":false},"excerpt":{"rendered":"<p>La 14e \u00e9dition des D\u00e9fis du Bois se d\u00e9roulera sur le Campus Bois de l&rsquo;ENSTIB \u00e0 Epinal, du 19 au 26 mai. Apr\u00e8s 11 ans d&rsquo;archi-structures, la manifestation propose, depuis 4 ans, une nouvelle approche pour cette aventure p\u00e9dagogique, technique et humaine en s&rsquo;int\u00e9ressant aux micro-architectures. Les D\u00e9fis du Bois 3.0 visent \u00e0 produire des [&hellip;]<\/p>\n","protected":false},"author":17,"featured_media":98430,"comment_status":"closed","ping_status":"closed","sticky":false,"template":"","format":"standard","meta":{"_et_pb_use_builder":"","_et_pb_old_content":"","_et_gb_content_width":"","footnotes":""},"categories":[10530,11953,9192,10764],"tags":[],"class_list":["post-98428","post","type-post","status-publish","format-standard","has-post-thumbnail","hentry","category-actualites","category-actualites-generalistes","category-evenements","category-woodsurfer"],"yoast_head":"<!-- This site is optimized with the Yoast SEO plugin v27.4 - https:\/\/yoast.com\/product\/yoast-seo-wordpress\/ -->\n<title>Les D\u00e9fis du Bois 3.0\u00a0: cuv\u00e9e 2018<\/title>\n<meta name=\"robots\" content=\"index, follow, max-snippet:-1, max-image-preview:large, max-video-preview:-1\" \/>\n<link rel=\"canonical\" href=\"https:\/\/batijournal.com\/index.php\/defis-bois-3-0-cuvee-2018\/98428\/\" \/>\n<meta property=\"og:locale\" content=\"fr_FR\" \/>\n<meta property=\"og:type\" content=\"article\" \/>\n<meta property=\"og:title\" content=\"Les D\u00e9fis du Bois 3.0\u00a0: cuv\u00e9e 2018\" \/>\n<meta property=\"og:description\" content=\"La 14e \u00e9dition des D\u00e9fis du Bois se d\u00e9roulera sur le Campus Bois de l&rsquo;ENSTIB \u00e0 Epinal, du 19 au 26 mai. Apr\u00e8s 11 ans d&rsquo;archi-structures, la manifestation propose, depuis 4 ans, une nouvelle approche pour cette aventure p\u00e9dagogique, technique et humaine en s&rsquo;int\u00e9ressant aux micro-architectures. Les D\u00e9fis du Bois 3.0 visent \u00e0 produire des [&hellip;]\" \/>\n<meta property=\"og:url\" content=\"https:\/\/batijournal.com\/index.php\/defis-bois-3-0-cuvee-2018\/98428\/\" \/>\n<meta property=\"og:site_name\" content=\"Batijournal\" \/>\n<meta property=\"article:published_time\" content=\"2018-02-14T17:11:45+00:00\" \/>\n<meta property=\"og:image\" content=\"https:\/\/batijournal.com\/wp-content\/uploads\/2018\/02\/defis531.jpg\" \/>\n\t<meta property=\"og:image:width\" content=\"1152\" \/>\n\t<meta property=\"og:image:height\" content=\"768\" \/>\n\t<meta property=\"og:image:type\" content=\"image\/jpeg\" \/>\n<meta name=\"author\" content=\"St\u00e9phane Miget\" \/>\n<meta name=\"twitter:card\" content=\"summary_large_image\" \/>\n<meta name=\"twitter:creator\" content=\"@bati_journal\" \/>\n<meta name=\"twitter:site\" content=\"@bati_journal\" \/>\n<meta name=\"twitter:label1\" content=\"\u00c9crit par\" \/>\n\t<meta name=\"twitter:data1\" content=\"St\u00e9phane Miget\" \/>\n\t<meta name=\"twitter:label2\" content=\"Dur\u00e9e de lecture estim\u00e9e\" \/>\n\t<meta name=\"twitter:data2\" content=\"1 minute\" \/>\n<script type=\"application\/ld+json\" class=\"yoast-schema-graph\">{\"@context\":\"https:\\\/\\\/schema.org\",\"@graph\":[{\"@type\":\"Article\",\"@id\":\"https:\\\/\\\/batijournal.com\\\/index.php\\\/defis-bois-3-0-cuvee-2018\\\/98428\\\/#article\",\"isPartOf\":{\"@id\":\"https:\\\/\\\/batijournal.com\\\/index.php\\\/defis-bois-3-0-cuvee-2018\\\/98428\\\/\"},\"author\":{\"name\":\"St\u00e9phane Miget\",\"@id\":\"https:\\\/\\\/batijournal.com\\\/#\\\/schema\\\/person\\\/1dc96ec6957aa1ccb25ebe78bb19f100\"},\"headline\":\"Les D\u00e9fis du Bois 3.0\u00a0: cuv\u00e9e 2018\",\"datePublished\":\"2018-02-14T17:11:45+00:00\",\"mainEntityOfPage\":{\"@id\":\"https:\\\/\\\/batijournal.com\\\/index.php\\\/defis-bois-3-0-cuvee-2018\\\/98428\\\/\"},\"wordCount\":227,\"image\":{\"@id\":\"https:\\\/\\\/batijournal.com\\\/index.php\\\/defis-bois-3-0-cuvee-2018\\\/98428\\\/#primaryimage\"},\"thumbnailUrl\":\"https:\\\/\\\/batijournal.com\\\/wp-content\\\/uploads\\\/2018\\\/02\\\/defis531.jpg\",\"articleSection\":[\"Actualit\u00e9s\",\"Actualit\u00e9s g\u00e9n\u00e9ralistes\",\"\u00c9v\u00e9nements\",\"zz_Woodsurfer\"],\"inLanguage\":\"fr-FR\"},{\"@type\":\"WebPage\",\"@id\":\"https:\\\/\\\/batijournal.com\\\/index.php\\\/defis-bois-3-0-cuvee-2018\\\/98428\\\/\",\"url\":\"https:\\\/\\\/batijournal.com\\\/index.php\\\/defis-bois-3-0-cuvee-2018\\\/98428\\\/\",\"name\":\"Les D\u00e9fis du Bois 3.0\u00a0: cuv\u00e9e 2018\",\"isPartOf\":{\"@id\":\"https:\\\/\\\/batijournal.com\\\/#website\"},\"primaryImageOfPage\":{\"@id\":\"https:\\\/\\\/batijournal.com\\\/index.php\\\/defis-bois-3-0-cuvee-2018\\\/98428\\\/#primaryimage\"},\"image\":{\"@id\":\"https:\\\/\\\/batijournal.com\\\/index.php\\\/defis-bois-3-0-cuvee-2018\\\/98428\\\/#primaryimage\"},\"thumbnailUrl\":\"https:\\\/\\\/batijournal.com\\\/wp-content\\\/uploads\\\/2018\\\/02\\\/defis531.jpg\",\"datePublished\":\"2018-02-14T17:11:45+00:00\",\"author\":{\"@id\":\"https:\\\/\\\/batijournal.com\\\/#\\\/schema\\\/person\\\/1dc96ec6957aa1ccb25ebe78bb19f100\"},\"breadcrumb\":{\"@id\":\"https:\\\/\\\/batijournal.com\\\/index.php\\\/defis-bois-3-0-cuvee-2018\\\/98428\\\/#breadcrumb\"},\"inLanguage\":\"fr-FR\",\"potentialAction\":[{\"@type\":\"ReadAction\",\"target\":[\"https:\\\/\\\/batijournal.com\\\/index.php\\\/defis-bois-3-0-cuvee-2018\\\/98428\\\/\"]}]},{\"@type\":\"ImageObject\",\"inLanguage\":\"fr-FR\",\"@id\":\"https:\\\/\\\/batijournal.com\\\/index.php\\\/defis-bois-3-0-cuvee-2018\\\/98428\\\/#primaryimage\",\"url\":\"https:\\\/\\\/batijournal.com\\\/wp-content\\\/uploads\\\/2018\\\/02\\\/defis531.jpg\",\"contentUrl\":\"https:\\\/\\\/batijournal.com\\\/wp-content\\\/uploads\\\/2018\\\/02\\\/defis531.jpg\",\"width\":1152,\"height\":768},{\"@type\":\"BreadcrumbList\",\"@id\":\"https:\\\/\\\/batijournal.com\\\/index.php\\\/defis-bois-3-0-cuvee-2018\\\/98428\\\/#breadcrumb\",\"itemListElement\":[{\"@type\":\"ListItem\",\"position\":1,\"name\":\"Accueil\",\"item\":\"https:\\\/\\\/batijournal.com\\\/\"},{\"@type\":\"ListItem\",\"position\":2,\"name\":\"Actualit\u00e9s\",\"item\":\"https:\\\/\\\/batijournal.com\\\/index.php\\\/category\\\/actualites\\\/\"},{\"@type\":\"ListItem\",\"position\":3,\"name\":\"Les D\u00e9fis du Bois 3.0\u00a0: cuv\u00e9e 2018\"}]},{\"@type\":\"WebSite\",\"@id\":\"https:\\\/\\\/batijournal.com\\\/#website\",\"url\":\"https:\\\/\\\/batijournal.com\\\/\",\"name\":\"Batijournal\",\"description\":\"L&#039;actualit\u00e9 du b\u00e2timent\",\"potentialAction\":[{\"@type\":\"SearchAction\",\"target\":{\"@type\":\"EntryPoint\",\"urlTemplate\":\"https:\\\/\\\/batijournal.com\\\/?s={search_term_string}\"},\"query-input\":{\"@type\":\"PropertyValueSpecification\",\"valueRequired\":true,\"valueName\":\"search_term_string\"}}],\"inLanguage\":\"fr-FR\"},{\"@type\":\"Person\",\"@id\":\"https:\\\/\\\/batijournal.com\\\/#\\\/schema\\\/person\\\/1dc96ec6957aa1ccb25ebe78bb19f100\",\"name\":\"St\u00e9phane Miget\",\"image\":{\"@type\":\"ImageObject\",\"inLanguage\":\"fr-FR\",\"@id\":\"https:\\\/\\\/secure.gravatar.com\\\/avatar\\\/89915563d925342126b8ef0281b93d9d7fc337043e8df017f780908eb9644451?s=96&d=mm&r=g\",\"url\":\"https:\\\/\\\/secure.gravatar.com\\\/avatar\\\/89915563d925342126b8ef0281b93d9d7fc337043e8df017f780908eb9644451?s=96&d=mm&r=g\",\"contentUrl\":\"https:\\\/\\\/secure.gravatar.com\\\/avatar\\\/89915563d925342126b8ef0281b93d9d7fc337043e8df017f780908eb9644451?s=96&d=mm&r=g\",\"caption\":\"St\u00e9phane Miget\"},\"url\":\"https:\\\/\\\/batijournal.com\\\/index.php\\\/author\\\/stephane\\\/\"}]}<\/script>\n<!-- \/ Yoast SEO plugin. -->","yoast_head_json":{"title":"Les D\u00e9fis du Bois 3.0\u00a0: cuv\u00e9e 2018","robots":{"index":"index","follow":"follow","max-snippet":"max-snippet:-1","max-image-preview":"max-image-preview:large","max-video-preview":"max-video-preview:-1"},"canonical":"https:\/\/batijournal.com\/index.php\/defis-bois-3-0-cuvee-2018\/98428\/","og_locale":"fr_FR","og_type":"article","og_title":"Les D\u00e9fis du Bois 3.0\u00a0: cuv\u00e9e 2018","og_description":"La 14e \u00e9dition des D\u00e9fis du Bois se d\u00e9roulera sur le Campus Bois de l&rsquo;ENSTIB \u00e0 Epinal, du 19 au 26 mai. Apr\u00e8s 11 ans d&rsquo;archi-structures, la manifestation propose, depuis 4 ans, une nouvelle approche pour cette aventure p\u00e9dagogique, technique et humaine en s&rsquo;int\u00e9ressant aux micro-architectures. Les D\u00e9fis du Bois 3.0 visent \u00e0 produire des [&hellip;]","og_url":"https:\/\/batijournal.com\/index.php\/defis-bois-3-0-cuvee-2018\/98428\/","og_site_name":"Batijournal","article_published_time":"2018-02-14T17:11:45+00:00","og_image":[{"width":1152,"height":768,"url":"https:\/\/batijournal.com\/wp-content\/uploads\/2018\/02\/defis531.jpg","type":"image\/jpeg"}],"author":"St\u00e9phane Miget","twitter_card":"summary_large_image","twitter_creator":"@bati_journal","twitter_site":"@bati_journal","twitter_misc":{"\u00c9crit par":"St\u00e9phane Miget","Dur\u00e9e de lecture estim\u00e9e":"1 minute"},"schema":{"@context":"https:\/\/schema.org","@graph":[{"@type":"Article","@id":"https:\/\/batijournal.com\/index.php\/defis-bois-3-0-cuvee-2018\/98428\/#article","isPartOf":{"@id":"https:\/\/batijournal.com\/index.php\/defis-bois-3-0-cuvee-2018\/98428\/"},"author":{"name":"St\u00e9phane Miget","@id":"https:\/\/batijournal.com\/#\/schema\/person\/1dc96ec6957aa1ccb25ebe78bb19f100"},"headline":"Les D\u00e9fis du Bois 3.0\u00a0: cuv\u00e9e 2018","datePublished":"2018-02-14T17:11:45+00:00","mainEntityOfPage":{"@id":"https:\/\/batijournal.com\/index.php\/defis-bois-3-0-cuvee-2018\/98428\/"},"wordCount":227,"image":{"@id":"https:\/\/batijournal.com\/index.php\/defis-bois-3-0-cuvee-2018\/98428\/#primaryimage"},"thumbnailUrl":"https:\/\/batijournal.com\/wp-content\/uploads\/2018\/02\/defis531.jpg","articleSection":["Actualit\u00e9s","Actualit\u00e9s g\u00e9n\u00e9ralistes","\u00c9v\u00e9nements","zz_Woodsurfer"],"inLanguage":"fr-FR"},{"@type":"WebPage","@id":"https:\/\/batijournal.com\/index.php\/defis-bois-3-0-cuvee-2018\/98428\/","url":"https:\/\/batijournal.com\/index.php\/defis-bois-3-0-cuvee-2018\/98428\/","name":"Les D\u00e9fis du Bois 3.0\u00a0: cuv\u00e9e 2018","isPartOf":{"@id":"https:\/\/batijournal.com\/#website"},"primaryImageOfPage":{"@id":"https:\/\/batijournal.com\/index.php\/defis-bois-3-0-cuvee-2018\/98428\/#primaryimage"},"image":{"@id":"https:\/\/batijournal.com\/index.php\/defis-bois-3-0-cuvee-2018\/98428\/#primaryimage"},"thumbnailUrl":"https:\/\/batijournal.com\/wp-content\/uploads\/2018\/02\/defis531.jpg","datePublished":"2018-02-14T17:11:45+00:00","author":{"@id":"https:\/\/batijournal.com\/#\/schema\/person\/1dc96ec6957aa1ccb25ebe78bb19f100"},"breadcrumb":{"@id":"https:\/\/batijournal.com\/index.php\/defis-bois-3-0-cuvee-2018\/98428\/#breadcrumb"},"inLanguage":"fr-FR","potentialAction":[{"@type":"ReadAction","target":["https:\/\/batijournal.com\/index.php\/defis-bois-3-0-cuvee-2018\/98428\/"]}]},{"@type":"ImageObject","inLanguage":"fr-FR","@id":"https:\/\/batijournal.com\/index.php\/defis-bois-3-0-cuvee-2018\/98428\/#primaryimage","url":"https:\/\/batijournal.com\/wp-content\/uploads\/2018\/02\/defis531.jpg","contentUrl":"https:\/\/batijournal.com\/wp-content\/uploads\/2018\/02\/defis531.jpg","width":1152,"height":768},{"@type":"BreadcrumbList","@id":"https:\/\/batijournal.com\/index.php\/defis-bois-3-0-cuvee-2018\/98428\/#breadcrumb","itemListElement":[{"@type":"ListItem","position":1,"name":"Accueil","item":"https:\/\/batijournal.com\/"},{"@type":"ListItem","position":2,"name":"Actualit\u00e9s","item":"https:\/\/batijournal.com\/index.php\/category\/actualites\/"},{"@type":"ListItem","position":3,"name":"Les D\u00e9fis du Bois 3.0\u00a0: cuv\u00e9e 2018"}]},{"@type":"WebSite","@id":"https:\/\/batijournal.com\/#website","url":"https:\/\/batijournal.com\/","name":"Batijournal","description":"L&#039;actualit\u00e9 du b\u00e2timent","potentialAction":[{"@type":"SearchAction","target":{"@type":"EntryPoint","urlTemplate":"https:\/\/batijournal.com\/?s={search_term_string}"},"query-input":{"@type":"PropertyValueSpecification","valueRequired":true,"valueName":"search_term_string"}}],"inLanguage":"fr-FR"},{"@type":"Person","@id":"https:\/\/batijournal.com\/#\/schema\/person\/1dc96ec6957aa1ccb25ebe78bb19f100","name":"St\u00e9phane Miget","image":{"@type":"ImageObject","inLanguage":"fr-FR","@id":"https:\/\/secure.gravatar.com\/avatar\/89915563d925342126b8ef0281b93d9d7fc337043e8df017f780908eb9644451?s=96&d=mm&r=g","url":"https:\/\/secure.gravatar.com\/avatar\/89915563d925342126b8ef0281b93d9d7fc337043e8df017f780908eb9644451?s=96&d=mm&r=g","contentUrl":"https:\/\/secure.gravatar.com\/avatar\/89915563d925342126b8ef0281b93d9d7fc337043e8df017f780908eb9644451?s=96&d=mm&r=g","caption":"St\u00e9phane Miget"},"url":"https:\/\/batijournal.com\/index.php\/author\/stephane\/"}]}},"_links":{"self":[{"href":"https:\/\/batijournal.com\/index.php\/wp-json\/wp\/v2\/posts\/98428","targetHints":{"allow":["GET"]}}],"collection":[{"href":"https:\/\/batijournal.com\/index.php\/wp-json\/wp\/v2\/posts"}],"about":[{"href":"https:\/\/batijournal.com\/index.php\/wp-json\/wp\/v2\/types\/post"}],"author":[{"embeddable":true,"href":"https:\/\/batijournal.com\/index.php\/wp-json\/wp\/v2\/users\/17"}],"replies":[{"embeddable":true,"href":"https:\/\/batijournal.com\/index.php\/wp-json\/wp\/v2\/comments?post=98428"}],"version-history":[{"count":0,"href":"https:\/\/batijournal.com\/index.php\/wp-json\/wp\/v2\/posts\/98428\/revisions"}],"wp:featuredmedia":[{"embeddable":true,"href":"https:\/\/batijournal.com\/index.php\/wp-json\/wp\/v2\/media\/98430"}],"wp:attachment":[{"href":"https:\/\/batijournal.com\/index.php\/wp-json\/wp\/v2\/media?parent=98428"}],"wp:term":[{"taxonomy":"category","embeddable":true,"href":"https:\/\/batijournal.com\/index.php\/wp-json\/wp\/v2\/categories?post=98428"},{"taxonomy":"post_tag","embeddable":true,"href":"https:\/\/batijournal.com\/index.php\/wp-json\/wp\/v2\/tags?post=98428"}],"curies":[{"name":"wp","href":"https:\/\/api.w.org\/{rel}","templated":true}]}}