{"id":98431,"date":"2018-02-15T08:20:43","date_gmt":"2018-02-15T07:20:43","guid":{"rendered":"http:\/\/batijournal.com\/?p=98431"},"modified":"2019-07-15T11:27:00","modified_gmt":"2019-07-15T09:27:00","slug":"projet-oxygen-nouvelle-etape-valorisation-quartier-de-paris-defense","status":"publish","type":"post","link":"https:\/\/batijournal.com\/index.php\/projet-oxygen-nouvelle-etape-valorisation-quartier-de-paris-defense\/98431\/","title":{"rendered":"Projet Oxygen : nouvelle \u00e9tape dans la valorisation du quartier de Paris la D\u00e9fense"},"content":{"rendered":"<p><strong>R\u00e9sultat d\u2019une consultation lanc\u00e9e par Paris-La D\u00e9fense,\u00e9tablissement public local de gestion et d\u2019am\u00e9nagement du quartier d\u2019affaires de La D\u00e9fense, issu de la fusion de Defacto et l\u2019EPADESA, le programme OXYGEN a pour ambition de restructurer et dynamiser la porte d\u2019entr\u00e9e sud du quartier, donnant sur Neuilly-sur-Seine et Paris. Oxygen marque une nouvelle \u00e9tape dans la valorisation des volumes sous-dalle du quartier d\u2019affaires en cr\u00e9ant un espace \u00e0 la fois au-dessus et en dessous de la dalle symbolique du quartier. Le projet qui mixera offres de restauration, lieu \u00e9v\u00e9nementiel et espace de coworking, vise \u00e0 aller au-del\u00e0 de l\u2019image traditionnelle du quartier de bureaux monofonctionnel pour cr\u00e9er un lieu hybride.<\/strong><\/p>\n<p>Le chantier vient de d\u00e9buter avec l\u2019entreprise g\u00e9n\u00e9rale Legendre, qui apporte tout son savoir-faire dans le domaine de r\u00e9habilitation en site contraint et qui s\u2019est investi d\u00e8s le d\u00e9but du concours dans la conception du projet. Ce concours a \u00e9t\u00e9 remport\u00e9 par la soci\u00e9t\u00e9 Avec Investissements, accompagn\u00e9e d\u2019une \u00e9quipe d\u2019exploitants (Liquid corp, bioburger, Sarl M). Paris-La D\u00e9fense a \u00e9t\u00e9 convaincu par la proposition de programmation qui permettra de proposer dans un espace en plein d\u00e9veloppement de nouveaux services de restauration, d\u2019animation et de coworking.<\/p>\n<p>Situ\u00e9e au pied de l\u2019H\u00f4tel M\u00e9lia, des tours First et Allianz One, OXYGEN deviendra la porte d\u2019entr\u00e9e du quartier avec des espaces v\u00e9g\u00e9taux privatifs, et une r\u00e9elle dimension pi\u00e9tonne pens\u00e9e depuis la sortie Esplanade de la D\u00e9fense jusqu\u2019au bassin Takis. Destination m\u00e9tropolitaine, OXYGEN vise \u00e0 offrir une exp\u00e9rience singuli\u00e8re, pr\u00e9figurant la transformation de la D\u00e9fense en un nouveau quartier tourn\u00e9 vers ses habitants, ses actifs et ses \u00e9tudiants. L\u2019ouverture de l\u2019ensemble est pr\u00e9vue pour l\u2019automne 2018.<\/p>\n","protected":false},"excerpt":{"rendered":"<p>R\u00e9sultat d\u2019une consultation lanc\u00e9e par Paris-La D\u00e9fense,\u00e9tablissement public local de gestion et d\u2019am\u00e9nagement du quartier d\u2019affaires de La D\u00e9fense, issu de la fusion de Defacto et l\u2019EPADESA, le programme OXYGEN a pour ambition de restructurer et dynamiser la porte d\u2019entr\u00e9e sud du quartier, donnant sur Neuilly-sur-Seine et Paris. Oxygen marque une nouvelle \u00e9tape dans la [&hellip;]<\/p>\n","protected":false},"author":17,"featured_media":98432,"comment_status":"closed","ping_status":"closed","sticky":false,"template":"","format":"standard","meta":{"_et_pb_use_builder":"","_et_pb_old_content":"","_et_gb_content_width":"","footnotes":""},"categories":[10530,6340],"tags":[],"class_list":["post-98431","post","type-post","status-publish","format-standard","has-post-thumbnail","hentry","category-actualites","category-architecture-conception"],"yoast_head":"<!-- This site is optimized with the Yoast SEO plugin v27.4 - https:\/\/yoast.com\/product\/yoast-seo-wordpress\/ -->\n<title>Projet Oxygen : nouvelle \u00e9tape dans la valorisation du quartier de Paris la D\u00e9fense<\/title>\n<meta name=\"robots\" content=\"index, follow, max-snippet:-1, max-image-preview:large, max-video-preview:-1\" \/>\n<link rel=\"canonical\" href=\"https:\/\/batijournal.com\/index.php\/projet-oxygen-nouvelle-etape-valorisation-quartier-de-paris-defense\/98431\/\" \/>\n<meta property=\"og:locale\" content=\"fr_FR\" \/>\n<meta property=\"og:type\" content=\"article\" \/>\n<meta property=\"og:title\" content=\"Projet Oxygen : nouvelle \u00e9tape dans la valorisation du quartier de Paris la D\u00e9fense\" \/>\n<meta property=\"og:description\" content=\"R\u00e9sultat d\u2019une consultation lanc\u00e9e par Paris-La D\u00e9fense,\u00e9tablissement public local de gestion et d\u2019am\u00e9nagement du quartier d\u2019affaires de La D\u00e9fense, issu de la fusion de Defacto et l\u2019EPADESA, le programme OXYGEN a pour ambition de restructurer et dynamiser la porte d\u2019entr\u00e9e sud du quartier, donnant sur Neuilly-sur-Seine et Paris. Oxygen marque une nouvelle \u00e9tape dans la [&hellip;]\" \/>\n<meta property=\"og:url\" content=\"https:\/\/batijournal.com\/index.php\/projet-oxygen-nouvelle-etape-valorisation-quartier-de-paris-defense\/98431\/\" \/>\n<meta property=\"og:site_name\" content=\"Batijournal\" \/>\n<meta property=\"article:published_time\" content=\"2018-02-15T07:20:43+00:00\" \/>\n<meta property=\"article:modified_time\" content=\"2019-07-15T09:27:00+00:00\" \/>\n<meta property=\"og:image\" content=\"https:\/\/batijournal.com\/wp-content\/uploads\/2018\/02\/OXYGEN-PORTE-DE-LA-DEFENSE.jpg\" \/>\n\t<meta property=\"og:image:width\" content=\"1200\" \/>\n\t<meta property=\"og:image:height\" content=\"687\" \/>\n\t<meta property=\"og:image:type\" content=\"image\/jpeg\" \/>\n<meta name=\"author\" content=\"St\u00e9phane Miget\" \/>\n<meta name=\"twitter:card\" content=\"summary_large_image\" \/>\n<meta name=\"twitter:creator\" content=\"@bati_journal\" \/>\n<meta name=\"twitter:site\" content=\"@bati_journal\" \/>\n<meta name=\"twitter:label1\" content=\"\u00c9crit par\" \/>\n\t<meta name=\"twitter:data1\" content=\"St\u00e9phane Miget\" \/>\n\t<meta name=\"twitter:label2\" content=\"Dur\u00e9e de lecture estim\u00e9e\" \/>\n\t<meta name=\"twitter:data2\" content=\"2 minutes\" \/>\n<script type=\"application\/ld+json\" class=\"yoast-schema-graph\">{\"@context\":\"https:\\\/\\\/schema.org\",\"@graph\":[{\"@type\":\"Article\",\"@id\":\"https:\\\/\\\/batijournal.com\\\/index.php\\\/projet-oxygen-nouvelle-etape-valorisation-quartier-de-paris-defense\\\/98431\\\/#article\",\"isPartOf\":{\"@id\":\"https:\\\/\\\/batijournal.com\\\/index.php\\\/projet-oxygen-nouvelle-etape-valorisation-quartier-de-paris-defense\\\/98431\\\/\"},\"author\":{\"name\":\"St\u00e9phane Miget\",\"@id\":\"https:\\\/\\\/batijournal.com\\\/#\\\/schema\\\/person\\\/1dc96ec6957aa1ccb25ebe78bb19f100\"},\"headline\":\"Projet Oxygen : nouvelle \u00e9tape dans la valorisation du quartier de Paris la D\u00e9fense\",\"datePublished\":\"2018-02-15T07:20:43+00:00\",\"dateModified\":\"2019-07-15T09:27:00+00:00\",\"mainEntityOfPage\":{\"@id\":\"https:\\\/\\\/batijournal.com\\\/index.php\\\/projet-oxygen-nouvelle-etape-valorisation-quartier-de-paris-defense\\\/98431\\\/\"},\"wordCount\":333,\"image\":{\"@id\":\"https:\\\/\\\/batijournal.com\\\/index.php\\\/projet-oxygen-nouvelle-etape-valorisation-quartier-de-paris-defense\\\/98431\\\/#primaryimage\"},\"thumbnailUrl\":\"https:\\\/\\\/batijournal.com\\\/wp-content\\\/uploads\\\/2018\\\/02\\\/OXYGEN-PORTE-DE-LA-DEFENSE.jpg\",\"articleSection\":[\"Actualit\u00e9s\",\"Architecture &amp; Conception\"],\"inLanguage\":\"fr-FR\"},{\"@type\":\"WebPage\",\"@id\":\"https:\\\/\\\/batijournal.com\\\/index.php\\\/projet-oxygen-nouvelle-etape-valorisation-quartier-de-paris-defense\\\/98431\\\/\",\"url\":\"https:\\\/\\\/batijournal.com\\\/index.php\\\/projet-oxygen-nouvelle-etape-valorisation-quartier-de-paris-defense\\\/98431\\\/\",\"name\":\"Projet Oxygen : nouvelle \u00e9tape dans la valorisation du quartier de Paris la D\u00e9fense\",\"isPartOf\":{\"@id\":\"https:\\\/\\\/batijournal.com\\\/#website\"},\"primaryImageOfPage\":{\"@id\":\"https:\\\/\\\/batijournal.com\\\/index.php\\\/projet-oxygen-nouvelle-etape-valorisation-quartier-de-paris-defense\\\/98431\\\/#primaryimage\"},\"image\":{\"@id\":\"https:\\\/\\\/batijournal.com\\\/index.php\\\/projet-oxygen-nouvelle-etape-valorisation-quartier-de-paris-defense\\\/98431\\\/#primaryimage\"},\"thumbnailUrl\":\"https:\\\/\\\/batijournal.com\\\/wp-content\\\/uploads\\\/2018\\\/02\\\/OXYGEN-PORTE-DE-LA-DEFENSE.jpg\",\"datePublished\":\"2018-02-15T07:20:43+00:00\",\"dateModified\":\"2019-07-15T09:27:00+00:00\",\"author\":{\"@id\":\"https:\\\/\\\/batijournal.com\\\/#\\\/schema\\\/person\\\/1dc96ec6957aa1ccb25ebe78bb19f100\"},\"breadcrumb\":{\"@id\":\"https:\\\/\\\/batijournal.com\\\/index.php\\\/projet-oxygen-nouvelle-etape-valorisation-quartier-de-paris-defense\\\/98431\\\/#breadcrumb\"},\"inLanguage\":\"fr-FR\",\"potentialAction\":[{\"@type\":\"ReadAction\",\"target\":[\"https:\\\/\\\/batijournal.com\\\/index.php\\\/projet-oxygen-nouvelle-etape-valorisation-quartier-de-paris-defense\\\/98431\\\/\"]}]},{\"@type\":\"ImageObject\",\"inLanguage\":\"fr-FR\",\"@id\":\"https:\\\/\\\/batijournal.com\\\/index.php\\\/projet-oxygen-nouvelle-etape-valorisation-quartier-de-paris-defense\\\/98431\\\/#primaryimage\",\"url\":\"https:\\\/\\\/batijournal.com\\\/wp-content\\\/uploads\\\/2018\\\/02\\\/OXYGEN-PORTE-DE-LA-DEFENSE.jpg\",\"contentUrl\":\"https:\\\/\\\/batijournal.com\\\/wp-content\\\/uploads\\\/2018\\\/02\\\/OXYGEN-PORTE-DE-LA-DEFENSE.jpg\",\"width\":1200,\"height\":687},{\"@type\":\"BreadcrumbList\",\"@id\":\"https:\\\/\\\/batijournal.com\\\/index.php\\\/projet-oxygen-nouvelle-etape-valorisation-quartier-de-paris-defense\\\/98431\\\/#breadcrumb\",\"itemListElement\":[{\"@type\":\"ListItem\",\"position\":1,\"name\":\"Accueil\",\"item\":\"https:\\\/\\\/batijournal.com\\\/\"},{\"@type\":\"ListItem\",\"position\":2,\"name\":\"Actualit\u00e9s\",\"item\":\"https:\\\/\\\/batijournal.com\\\/index.php\\\/category\\\/actualites\\\/\"},{\"@type\":\"ListItem\",\"position\":3,\"name\":\"Projet Oxygen : nouvelle \u00e9tape dans la valorisation du quartier de Paris la D\u00e9fense\"}]},{\"@type\":\"WebSite\",\"@id\":\"https:\\\/\\\/batijournal.com\\\/#website\",\"url\":\"https:\\\/\\\/batijournal.com\\\/\",\"name\":\"Batijournal\",\"description\":\"L&#039;actualit\u00e9 du b\u00e2timent\",\"potentialAction\":[{\"@type\":\"SearchAction\",\"target\":{\"@type\":\"EntryPoint\",\"urlTemplate\":\"https:\\\/\\\/batijournal.com\\\/?s={search_term_string}\"},\"query-input\":{\"@type\":\"PropertyValueSpecification\",\"valueRequired\":true,\"valueName\":\"search_term_string\"}}],\"inLanguage\":\"fr-FR\"},{\"@type\":\"Person\",\"@id\":\"https:\\\/\\\/batijournal.com\\\/#\\\/schema\\\/person\\\/1dc96ec6957aa1ccb25ebe78bb19f100\",\"name\":\"St\u00e9phane Miget\",\"image\":{\"@type\":\"ImageObject\",\"inLanguage\":\"fr-FR\",\"@id\":\"https:\\\/\\\/secure.gravatar.com\\\/avatar\\\/89915563d925342126b8ef0281b93d9d7fc337043e8df017f780908eb9644451?s=96&d=mm&r=g\",\"url\":\"https:\\\/\\\/secure.gravatar.com\\\/avatar\\\/89915563d925342126b8ef0281b93d9d7fc337043e8df017f780908eb9644451?s=96&d=mm&r=g\",\"contentUrl\":\"https:\\\/\\\/secure.gravatar.com\\\/avatar\\\/89915563d925342126b8ef0281b93d9d7fc337043e8df017f780908eb9644451?s=96&d=mm&r=g\",\"caption\":\"St\u00e9phane Miget\"},\"url\":\"https:\\\/\\\/batijournal.com\\\/index.php\\\/author\\\/stephane\\\/\"}]}<\/script>\n<!-- \/ Yoast SEO plugin. -->","yoast_head_json":{"title":"Projet Oxygen : nouvelle \u00e9tape dans la valorisation du quartier de Paris la D\u00e9fense","robots":{"index":"index","follow":"follow","max-snippet":"max-snippet:-1","max-image-preview":"max-image-preview:large","max-video-preview":"max-video-preview:-1"},"canonical":"https:\/\/batijournal.com\/index.php\/projet-oxygen-nouvelle-etape-valorisation-quartier-de-paris-defense\/98431\/","og_locale":"fr_FR","og_type":"article","og_title":"Projet Oxygen : nouvelle \u00e9tape dans la valorisation du quartier de Paris la D\u00e9fense","og_description":"R\u00e9sultat d\u2019une consultation lanc\u00e9e par Paris-La D\u00e9fense,\u00e9tablissement public local de gestion et d\u2019am\u00e9nagement du quartier d\u2019affaires de La D\u00e9fense, issu de la fusion de Defacto et l\u2019EPADESA, le programme OXYGEN a pour ambition de restructurer et dynamiser la porte d\u2019entr\u00e9e sud du quartier, donnant sur Neuilly-sur-Seine et Paris. Oxygen marque une nouvelle \u00e9tape dans la [&hellip;]","og_url":"https:\/\/batijournal.com\/index.php\/projet-oxygen-nouvelle-etape-valorisation-quartier-de-paris-defense\/98431\/","og_site_name":"Batijournal","article_published_time":"2018-02-15T07:20:43+00:00","article_modified_time":"2019-07-15T09:27:00+00:00","og_image":[{"width":1200,"height":687,"url":"https:\/\/batijournal.com\/wp-content\/uploads\/2018\/02\/OXYGEN-PORTE-DE-LA-DEFENSE.jpg","type":"image\/jpeg"}],"author":"St\u00e9phane Miget","twitter_card":"summary_large_image","twitter_creator":"@bati_journal","twitter_site":"@bati_journal","twitter_misc":{"\u00c9crit par":"St\u00e9phane Miget","Dur\u00e9e de lecture estim\u00e9e":"2 minutes"},"schema":{"@context":"https:\/\/schema.org","@graph":[{"@type":"Article","@id":"https:\/\/batijournal.com\/index.php\/projet-oxygen-nouvelle-etape-valorisation-quartier-de-paris-defense\/98431\/#article","isPartOf":{"@id":"https:\/\/batijournal.com\/index.php\/projet-oxygen-nouvelle-etape-valorisation-quartier-de-paris-defense\/98431\/"},"author":{"name":"St\u00e9phane Miget","@id":"https:\/\/batijournal.com\/#\/schema\/person\/1dc96ec6957aa1ccb25ebe78bb19f100"},"headline":"Projet Oxygen : nouvelle \u00e9tape dans la valorisation du quartier de Paris la D\u00e9fense","datePublished":"2018-02-15T07:20:43+00:00","dateModified":"2019-07-15T09:27:00+00:00","mainEntityOfPage":{"@id":"https:\/\/batijournal.com\/index.php\/projet-oxygen-nouvelle-etape-valorisation-quartier-de-paris-defense\/98431\/"},"wordCount":333,"image":{"@id":"https:\/\/batijournal.com\/index.php\/projet-oxygen-nouvelle-etape-valorisation-quartier-de-paris-defense\/98431\/#primaryimage"},"thumbnailUrl":"https:\/\/batijournal.com\/wp-content\/uploads\/2018\/02\/OXYGEN-PORTE-DE-LA-DEFENSE.jpg","articleSection":["Actualit\u00e9s","Architecture &amp; Conception"],"inLanguage":"fr-FR"},{"@type":"WebPage","@id":"https:\/\/batijournal.com\/index.php\/projet-oxygen-nouvelle-etape-valorisation-quartier-de-paris-defense\/98431\/","url":"https:\/\/batijournal.com\/index.php\/projet-oxygen-nouvelle-etape-valorisation-quartier-de-paris-defense\/98431\/","name":"Projet Oxygen : nouvelle \u00e9tape dans la valorisation du quartier de Paris la D\u00e9fense","isPartOf":{"@id":"https:\/\/batijournal.com\/#website"},"primaryImageOfPage":{"@id":"https:\/\/batijournal.com\/index.php\/projet-oxygen-nouvelle-etape-valorisation-quartier-de-paris-defense\/98431\/#primaryimage"},"image":{"@id":"https:\/\/batijournal.com\/index.php\/projet-oxygen-nouvelle-etape-valorisation-quartier-de-paris-defense\/98431\/#primaryimage"},"thumbnailUrl":"https:\/\/batijournal.com\/wp-content\/uploads\/2018\/02\/OXYGEN-PORTE-DE-LA-DEFENSE.jpg","datePublished":"2018-02-15T07:20:43+00:00","dateModified":"2019-07-15T09:27:00+00:00","author":{"@id":"https:\/\/batijournal.com\/#\/schema\/person\/1dc96ec6957aa1ccb25ebe78bb19f100"},"breadcrumb":{"@id":"https:\/\/batijournal.com\/index.php\/projet-oxygen-nouvelle-etape-valorisation-quartier-de-paris-defense\/98431\/#breadcrumb"},"inLanguage":"fr-FR","potentialAction":[{"@type":"ReadAction","target":["https:\/\/batijournal.com\/index.php\/projet-oxygen-nouvelle-etape-valorisation-quartier-de-paris-defense\/98431\/"]}]},{"@type":"ImageObject","inLanguage":"fr-FR","@id":"https:\/\/batijournal.com\/index.php\/projet-oxygen-nouvelle-etape-valorisation-quartier-de-paris-defense\/98431\/#primaryimage","url":"https:\/\/batijournal.com\/wp-content\/uploads\/2018\/02\/OXYGEN-PORTE-DE-LA-DEFENSE.jpg","contentUrl":"https:\/\/batijournal.com\/wp-content\/uploads\/2018\/02\/OXYGEN-PORTE-DE-LA-DEFENSE.jpg","width":1200,"height":687},{"@type":"BreadcrumbList","@id":"https:\/\/batijournal.com\/index.php\/projet-oxygen-nouvelle-etape-valorisation-quartier-de-paris-defense\/98431\/#breadcrumb","itemListElement":[{"@type":"ListItem","position":1,"name":"Accueil","item":"https:\/\/batijournal.com\/"},{"@type":"ListItem","position":2,"name":"Actualit\u00e9s","item":"https:\/\/batijournal.com\/index.php\/category\/actualites\/"},{"@type":"ListItem","position":3,"name":"Projet Oxygen : nouvelle \u00e9tape dans la valorisation du quartier de Paris la D\u00e9fense"}]},{"@type":"WebSite","@id":"https:\/\/batijournal.com\/#website","url":"https:\/\/batijournal.com\/","name":"Batijournal","description":"L&#039;actualit\u00e9 du b\u00e2timent","potentialAction":[{"@type":"SearchAction","target":{"@type":"EntryPoint","urlTemplate":"https:\/\/batijournal.com\/?s={search_term_string}"},"query-input":{"@type":"PropertyValueSpecification","valueRequired":true,"valueName":"search_term_string"}}],"inLanguage":"fr-FR"},{"@type":"Person","@id":"https:\/\/batijournal.com\/#\/schema\/person\/1dc96ec6957aa1ccb25ebe78bb19f100","name":"St\u00e9phane Miget","image":{"@type":"ImageObject","inLanguage":"fr-FR","@id":"https:\/\/secure.gravatar.com\/avatar\/89915563d925342126b8ef0281b93d9d7fc337043e8df017f780908eb9644451?s=96&d=mm&r=g","url":"https:\/\/secure.gravatar.com\/avatar\/89915563d925342126b8ef0281b93d9d7fc337043e8df017f780908eb9644451?s=96&d=mm&r=g","contentUrl":"https:\/\/secure.gravatar.com\/avatar\/89915563d925342126b8ef0281b93d9d7fc337043e8df017f780908eb9644451?s=96&d=mm&r=g","caption":"St\u00e9phane Miget"},"url":"https:\/\/batijournal.com\/index.php\/author\/stephane\/"}]}},"_links":{"self":[{"href":"https:\/\/batijournal.com\/index.php\/wp-json\/wp\/v2\/posts\/98431","targetHints":{"allow":["GET"]}}],"collection":[{"href":"https:\/\/batijournal.com\/index.php\/wp-json\/wp\/v2\/posts"}],"about":[{"href":"https:\/\/batijournal.com\/index.php\/wp-json\/wp\/v2\/types\/post"}],"author":[{"embeddable":true,"href":"https:\/\/batijournal.com\/index.php\/wp-json\/wp\/v2\/users\/17"}],"replies":[{"embeddable":true,"href":"https:\/\/batijournal.com\/index.php\/wp-json\/wp\/v2\/comments?post=98431"}],"version-history":[{"count":0,"href":"https:\/\/batijournal.com\/index.php\/wp-json\/wp\/v2\/posts\/98431\/revisions"}],"wp:featuredmedia":[{"embeddable":true,"href":"https:\/\/batijournal.com\/index.php\/wp-json\/wp\/v2\/media\/98432"}],"wp:attachment":[{"href":"https:\/\/batijournal.com\/index.php\/wp-json\/wp\/v2\/media?parent=98431"}],"wp:term":[{"taxonomy":"category","embeddable":true,"href":"https:\/\/batijournal.com\/index.php\/wp-json\/wp\/v2\/categories?post=98431"},{"taxonomy":"post_tag","embeddable":true,"href":"https:\/\/batijournal.com\/index.php\/wp-json\/wp\/v2\/tags?post=98431"}],"curies":[{"name":"wp","href":"https:\/\/api.w.org\/{rel}","templated":true}]}}