{"id":98436,"date":"2018-02-16T09:12:08","date_gmt":"2018-02-16T08:12:08","guid":{"rendered":"http:\/\/batijournal.com\/?p=98436"},"modified":"2019-07-15T11:27:00","modified_gmt":"2019-07-15T09:27:00","slug":"construction-bois-beton-garderie","status":"publish","type":"post","link":"https:\/\/batijournal.com\/index.php\/construction-bois-beton-garderie\/98436\/","title":{"rendered":"Construction bois\/b\u00e9ton pour une garderie"},"content":{"rendered":"<p>La commune allemande d&rsquo;Hohentengen a investi 1,9 millions d&rsquo;euros dans une garderie en bois\/b\u00e9ton. Les infrastructures &#8211; cage d&rsquo;ascenseur, escaliers, pi\u00e8ces humides, sas de propret\u00e9 pour les poussettes et les v\u00eatements de pluie mouill\u00e9s &#8211; ont \u00e9t\u00e9 construites en b\u00e9ton arm\u00e9 avec des murs verticaux en ossature bois standard. Pour les plafonds d&rsquo;une port\u00e9e de plus de 7,5 m\u00e8tres par endroits et les structures de toitures-terrasses accessibles, les architectes ont utilis\u00e9 les \u00e9l\u00e9ments portants en lamell\u00e9-crois\u00e9 pr\u00e9fabriqu\u00e9s de \u00e9l\u00e9ments de Lignotrend : LIGNO Dalle R Q3 Acoustique pour les dalles interm\u00e9diaires, LIGNO Bloc Q3 Acoustique pour les toitures. Les concepteurs ont accord\u00e9 une importance toute particuli\u00e8re \u00e0 l&rsquo;isolation phonique entre l&rsquo;\u00e9tage et le rez-de-chauss\u00e9e. Le remplissage des cavit\u00e9s des dalles avec du calcaire broy\u00e9 contribue notamment \u00e0 la r\u00e9duction des bruits sourds de chutes dans les basses fr\u00e9quences.<\/p>\n<p>Architectes : Schanz Architekten, Hohentengen (Bade-Wurtemberg)<br \/>\nConstruction bois : Holzbau Boller-Berger GmbH, Lienheim (Bade-Wurtemberg)<\/p>\n<p>Photos : \u00a9 Lignotrend &#8211; Schanz Architekten &#8211; Photographe : Konrad Richter, Hohentengen<\/p>\n<p>&nbsp;<\/p>\n<p>&nbsp;<\/p>\n","protected":false},"excerpt":{"rendered":"<p>La commune allemande d&rsquo;Hohentengen a investi 1,9 millions d&rsquo;euros dans une garderie en bois\/b\u00e9ton. Les infrastructures &#8211; cage d&rsquo;ascenseur, escaliers, pi\u00e8ces humides, sas de propret\u00e9 pour les poussettes et les v\u00eatements de pluie mouill\u00e9s &#8211; ont \u00e9t\u00e9 construites en b\u00e9ton arm\u00e9 avec des murs verticaux en ossature bois standard. Pour les plafonds d&rsquo;une port\u00e9e de [&hellip;]<\/p>\n","protected":false},"author":17,"featured_media":98437,"comment_status":"closed","ping_status":"closed","sticky":false,"template":"","format":"standard","meta":{"_et_pb_use_builder":"","_et_pb_old_content":"","_et_gb_content_width":"","footnotes":""},"categories":[10530,6340,10764],"tags":[374],"class_list":["post-98436","post","type-post","status-publish","format-standard","has-post-thumbnail","hentry","category-actualites","category-architecture-conception","category-woodsurfer","tag-construction-bois-2"],"yoast_head":"<!-- This site is optimized with the Yoast SEO plugin v27.4 - https:\/\/yoast.com\/product\/yoast-seo-wordpress\/ -->\n<title>Construction bois\/b\u00e9ton pour une garderie<\/title>\n<meta name=\"robots\" content=\"index, follow, max-snippet:-1, max-image-preview:large, max-video-preview:-1\" \/>\n<link rel=\"canonical\" href=\"https:\/\/batijournal.com\/index.php\/construction-bois-beton-garderie\/98436\/\" \/>\n<meta property=\"og:locale\" content=\"fr_FR\" \/>\n<meta property=\"og:type\" content=\"article\" \/>\n<meta property=\"og:title\" content=\"Construction bois\/b\u00e9ton pour une garderie\" \/>\n<meta property=\"og:description\" content=\"La commune allemande d&rsquo;Hohentengen a investi 1,9 millions d&rsquo;euros dans une garderie en bois\/b\u00e9ton. Les infrastructures &#8211; cage d&rsquo;ascenseur, escaliers, pi\u00e8ces humides, sas de propret\u00e9 pour les poussettes et les v\u00eatements de pluie mouill\u00e9s &#8211; ont \u00e9t\u00e9 construites en b\u00e9ton arm\u00e9 avec des murs verticaux en ossature bois standard. Pour les plafonds d&rsquo;une port\u00e9e de [&hellip;]\" \/>\n<meta property=\"og:url\" content=\"https:\/\/batijournal.com\/index.php\/construction-bois-beton-garderie\/98436\/\" \/>\n<meta property=\"og:site_name\" content=\"Batijournal\" \/>\n<meta property=\"article:published_time\" content=\"2018-02-16T08:12:08+00:00\" \/>\n<meta property=\"article:modified_time\" content=\"2019-07-15T09:27:00+00:00\" \/>\n<meta property=\"og:image\" content=\"https:\/\/batijournal.com\/wp-content\/uploads\/2018\/02\/LIGNOTREND_creche_Hohentengen_Schanz_Architekten_photographe_Konrad_Richter_8.jpg\" \/>\n\t<meta property=\"og:image:width\" content=\"1400\" \/>\n\t<meta property=\"og:image:height\" content=\"702\" \/>\n\t<meta property=\"og:image:type\" content=\"image\/jpeg\" \/>\n<meta name=\"author\" content=\"St\u00e9phane Miget\" \/>\n<meta name=\"twitter:card\" content=\"summary_large_image\" \/>\n<meta name=\"twitter:creator\" content=\"@bati_journal\" \/>\n<meta name=\"twitter:site\" content=\"@bati_journal\" \/>\n<meta name=\"twitter:label1\" content=\"\u00c9crit par\" \/>\n\t<meta name=\"twitter:data1\" content=\"St\u00e9phane Miget\" \/>\n\t<meta name=\"twitter:label2\" content=\"Dur\u00e9e de lecture estim\u00e9e\" \/>\n\t<meta name=\"twitter:data2\" content=\"1 minute\" \/>\n<script type=\"application\/ld+json\" class=\"yoast-schema-graph\">{\"@context\":\"https:\\\/\\\/schema.org\",\"@graph\":[{\"@type\":\"Article\",\"@id\":\"https:\\\/\\\/batijournal.com\\\/index.php\\\/construction-bois-beton-garderie\\\/98436\\\/#article\",\"isPartOf\":{\"@id\":\"https:\\\/\\\/batijournal.com\\\/index.php\\\/construction-bois-beton-garderie\\\/98436\\\/\"},\"author\":{\"name\":\"St\u00e9phane Miget\",\"@id\":\"https:\\\/\\\/batijournal.com\\\/#\\\/schema\\\/person\\\/1dc96ec6957aa1ccb25ebe78bb19f100\"},\"headline\":\"Construction bois\\\/b\u00e9ton pour une garderie\",\"datePublished\":\"2018-02-16T08:12:08+00:00\",\"dateModified\":\"2019-07-15T09:27:00+00:00\",\"mainEntityOfPage\":{\"@id\":\"https:\\\/\\\/batijournal.com\\\/index.php\\\/construction-bois-beton-garderie\\\/98436\\\/\"},\"wordCount\":189,\"image\":{\"@id\":\"https:\\\/\\\/batijournal.com\\\/index.php\\\/construction-bois-beton-garderie\\\/98436\\\/#primaryimage\"},\"thumbnailUrl\":\"https:\\\/\\\/batijournal.com\\\/wp-content\\\/uploads\\\/2018\\\/02\\\/LIGNOTREND_creche_Hohentengen_Schanz_Architekten_photographe_Konrad_Richter_8.jpg\",\"keywords\":[\"construction bois\"],\"articleSection\":[\"Actualit\u00e9s\",\"Architecture &amp; Conception\",\"zz_Woodsurfer\"],\"inLanguage\":\"fr-FR\"},{\"@type\":\"WebPage\",\"@id\":\"https:\\\/\\\/batijournal.com\\\/index.php\\\/construction-bois-beton-garderie\\\/98436\\\/\",\"url\":\"https:\\\/\\\/batijournal.com\\\/index.php\\\/construction-bois-beton-garderie\\\/98436\\\/\",\"name\":\"Construction bois\\\/b\u00e9ton pour une garderie\",\"isPartOf\":{\"@id\":\"https:\\\/\\\/batijournal.com\\\/#website\"},\"primaryImageOfPage\":{\"@id\":\"https:\\\/\\\/batijournal.com\\\/index.php\\\/construction-bois-beton-garderie\\\/98436\\\/#primaryimage\"},\"image\":{\"@id\":\"https:\\\/\\\/batijournal.com\\\/index.php\\\/construction-bois-beton-garderie\\\/98436\\\/#primaryimage\"},\"thumbnailUrl\":\"https:\\\/\\\/batijournal.com\\\/wp-content\\\/uploads\\\/2018\\\/02\\\/LIGNOTREND_creche_Hohentengen_Schanz_Architekten_photographe_Konrad_Richter_8.jpg\",\"datePublished\":\"2018-02-16T08:12:08+00:00\",\"dateModified\":\"2019-07-15T09:27:00+00:00\",\"author\":{\"@id\":\"https:\\\/\\\/batijournal.com\\\/#\\\/schema\\\/person\\\/1dc96ec6957aa1ccb25ebe78bb19f100\"},\"breadcrumb\":{\"@id\":\"https:\\\/\\\/batijournal.com\\\/index.php\\\/construction-bois-beton-garderie\\\/98436\\\/#breadcrumb\"},\"inLanguage\":\"fr-FR\",\"potentialAction\":[{\"@type\":\"ReadAction\",\"target\":[\"https:\\\/\\\/batijournal.com\\\/index.php\\\/construction-bois-beton-garderie\\\/98436\\\/\"]}]},{\"@type\":\"ImageObject\",\"inLanguage\":\"fr-FR\",\"@id\":\"https:\\\/\\\/batijournal.com\\\/index.php\\\/construction-bois-beton-garderie\\\/98436\\\/#primaryimage\",\"url\":\"https:\\\/\\\/batijournal.com\\\/wp-content\\\/uploads\\\/2018\\\/02\\\/LIGNOTREND_creche_Hohentengen_Schanz_Architekten_photographe_Konrad_Richter_8.jpg\",\"contentUrl\":\"https:\\\/\\\/batijournal.com\\\/wp-content\\\/uploads\\\/2018\\\/02\\\/LIGNOTREND_creche_Hohentengen_Schanz_Architekten_photographe_Konrad_Richter_8.jpg\",\"width\":1400,\"height\":702},{\"@type\":\"BreadcrumbList\",\"@id\":\"https:\\\/\\\/batijournal.com\\\/index.php\\\/construction-bois-beton-garderie\\\/98436\\\/#breadcrumb\",\"itemListElement\":[{\"@type\":\"ListItem\",\"position\":1,\"name\":\"Accueil\",\"item\":\"https:\\\/\\\/batijournal.com\\\/\"},{\"@type\":\"ListItem\",\"position\":2,\"name\":\"Actualit\u00e9s\",\"item\":\"https:\\\/\\\/batijournal.com\\\/index.php\\\/category\\\/actualites\\\/\"},{\"@type\":\"ListItem\",\"position\":3,\"name\":\"Construction bois\\\/b\u00e9ton pour une garderie\"}]},{\"@type\":\"WebSite\",\"@id\":\"https:\\\/\\\/batijournal.com\\\/#website\",\"url\":\"https:\\\/\\\/batijournal.com\\\/\",\"name\":\"Batijournal\",\"description\":\"L&#039;actualit\u00e9 du b\u00e2timent\",\"potentialAction\":[{\"@type\":\"SearchAction\",\"target\":{\"@type\":\"EntryPoint\",\"urlTemplate\":\"https:\\\/\\\/batijournal.com\\\/?s={search_term_string}\"},\"query-input\":{\"@type\":\"PropertyValueSpecification\",\"valueRequired\":true,\"valueName\":\"search_term_string\"}}],\"inLanguage\":\"fr-FR\"},{\"@type\":\"Person\",\"@id\":\"https:\\\/\\\/batijournal.com\\\/#\\\/schema\\\/person\\\/1dc96ec6957aa1ccb25ebe78bb19f100\",\"name\":\"St\u00e9phane Miget\",\"image\":{\"@type\":\"ImageObject\",\"inLanguage\":\"fr-FR\",\"@id\":\"https:\\\/\\\/secure.gravatar.com\\\/avatar\\\/89915563d925342126b8ef0281b93d9d7fc337043e8df017f780908eb9644451?s=96&d=mm&r=g\",\"url\":\"https:\\\/\\\/secure.gravatar.com\\\/avatar\\\/89915563d925342126b8ef0281b93d9d7fc337043e8df017f780908eb9644451?s=96&d=mm&r=g\",\"contentUrl\":\"https:\\\/\\\/secure.gravatar.com\\\/avatar\\\/89915563d925342126b8ef0281b93d9d7fc337043e8df017f780908eb9644451?s=96&d=mm&r=g\",\"caption\":\"St\u00e9phane Miget\"},\"url\":\"https:\\\/\\\/batijournal.com\\\/index.php\\\/author\\\/stephane\\\/\"}]}<\/script>\n<!-- \/ Yoast SEO plugin. -->","yoast_head_json":{"title":"Construction bois\/b\u00e9ton pour une garderie","robots":{"index":"index","follow":"follow","max-snippet":"max-snippet:-1","max-image-preview":"max-image-preview:large","max-video-preview":"max-video-preview:-1"},"canonical":"https:\/\/batijournal.com\/index.php\/construction-bois-beton-garderie\/98436\/","og_locale":"fr_FR","og_type":"article","og_title":"Construction bois\/b\u00e9ton pour une garderie","og_description":"La commune allemande d&rsquo;Hohentengen a investi 1,9 millions d&rsquo;euros dans une garderie en bois\/b\u00e9ton. Les infrastructures &#8211; cage d&rsquo;ascenseur, escaliers, pi\u00e8ces humides, sas de propret\u00e9 pour les poussettes et les v\u00eatements de pluie mouill\u00e9s &#8211; ont \u00e9t\u00e9 construites en b\u00e9ton arm\u00e9 avec des murs verticaux en ossature bois standard. Pour les plafonds d&rsquo;une port\u00e9e de [&hellip;]","og_url":"https:\/\/batijournal.com\/index.php\/construction-bois-beton-garderie\/98436\/","og_site_name":"Batijournal","article_published_time":"2018-02-16T08:12:08+00:00","article_modified_time":"2019-07-15T09:27:00+00:00","og_image":[{"width":1400,"height":702,"url":"https:\/\/batijournal.com\/wp-content\/uploads\/2018\/02\/LIGNOTREND_creche_Hohentengen_Schanz_Architekten_photographe_Konrad_Richter_8.jpg","type":"image\/jpeg"}],"author":"St\u00e9phane Miget","twitter_card":"summary_large_image","twitter_creator":"@bati_journal","twitter_site":"@bati_journal","twitter_misc":{"\u00c9crit par":"St\u00e9phane Miget","Dur\u00e9e de lecture estim\u00e9e":"1 minute"},"schema":{"@context":"https:\/\/schema.org","@graph":[{"@type":"Article","@id":"https:\/\/batijournal.com\/index.php\/construction-bois-beton-garderie\/98436\/#article","isPartOf":{"@id":"https:\/\/batijournal.com\/index.php\/construction-bois-beton-garderie\/98436\/"},"author":{"name":"St\u00e9phane Miget","@id":"https:\/\/batijournal.com\/#\/schema\/person\/1dc96ec6957aa1ccb25ebe78bb19f100"},"headline":"Construction bois\/b\u00e9ton pour une garderie","datePublished":"2018-02-16T08:12:08+00:00","dateModified":"2019-07-15T09:27:00+00:00","mainEntityOfPage":{"@id":"https:\/\/batijournal.com\/index.php\/construction-bois-beton-garderie\/98436\/"},"wordCount":189,"image":{"@id":"https:\/\/batijournal.com\/index.php\/construction-bois-beton-garderie\/98436\/#primaryimage"},"thumbnailUrl":"https:\/\/batijournal.com\/wp-content\/uploads\/2018\/02\/LIGNOTREND_creche_Hohentengen_Schanz_Architekten_photographe_Konrad_Richter_8.jpg","keywords":["construction bois"],"articleSection":["Actualit\u00e9s","Architecture &amp; Conception","zz_Woodsurfer"],"inLanguage":"fr-FR"},{"@type":"WebPage","@id":"https:\/\/batijournal.com\/index.php\/construction-bois-beton-garderie\/98436\/","url":"https:\/\/batijournal.com\/index.php\/construction-bois-beton-garderie\/98436\/","name":"Construction bois\/b\u00e9ton pour une garderie","isPartOf":{"@id":"https:\/\/batijournal.com\/#website"},"primaryImageOfPage":{"@id":"https:\/\/batijournal.com\/index.php\/construction-bois-beton-garderie\/98436\/#primaryimage"},"image":{"@id":"https:\/\/batijournal.com\/index.php\/construction-bois-beton-garderie\/98436\/#primaryimage"},"thumbnailUrl":"https:\/\/batijournal.com\/wp-content\/uploads\/2018\/02\/LIGNOTREND_creche_Hohentengen_Schanz_Architekten_photographe_Konrad_Richter_8.jpg","datePublished":"2018-02-16T08:12:08+00:00","dateModified":"2019-07-15T09:27:00+00:00","author":{"@id":"https:\/\/batijournal.com\/#\/schema\/person\/1dc96ec6957aa1ccb25ebe78bb19f100"},"breadcrumb":{"@id":"https:\/\/batijournal.com\/index.php\/construction-bois-beton-garderie\/98436\/#breadcrumb"},"inLanguage":"fr-FR","potentialAction":[{"@type":"ReadAction","target":["https:\/\/batijournal.com\/index.php\/construction-bois-beton-garderie\/98436\/"]}]},{"@type":"ImageObject","inLanguage":"fr-FR","@id":"https:\/\/batijournal.com\/index.php\/construction-bois-beton-garderie\/98436\/#primaryimage","url":"https:\/\/batijournal.com\/wp-content\/uploads\/2018\/02\/LIGNOTREND_creche_Hohentengen_Schanz_Architekten_photographe_Konrad_Richter_8.jpg","contentUrl":"https:\/\/batijournal.com\/wp-content\/uploads\/2018\/02\/LIGNOTREND_creche_Hohentengen_Schanz_Architekten_photographe_Konrad_Richter_8.jpg","width":1400,"height":702},{"@type":"BreadcrumbList","@id":"https:\/\/batijournal.com\/index.php\/construction-bois-beton-garderie\/98436\/#breadcrumb","itemListElement":[{"@type":"ListItem","position":1,"name":"Accueil","item":"https:\/\/batijournal.com\/"},{"@type":"ListItem","position":2,"name":"Actualit\u00e9s","item":"https:\/\/batijournal.com\/index.php\/category\/actualites\/"},{"@type":"ListItem","position":3,"name":"Construction bois\/b\u00e9ton pour une garderie"}]},{"@type":"WebSite","@id":"https:\/\/batijournal.com\/#website","url":"https:\/\/batijournal.com\/","name":"Batijournal","description":"L&#039;actualit\u00e9 du b\u00e2timent","potentialAction":[{"@type":"SearchAction","target":{"@type":"EntryPoint","urlTemplate":"https:\/\/batijournal.com\/?s={search_term_string}"},"query-input":{"@type":"PropertyValueSpecification","valueRequired":true,"valueName":"search_term_string"}}],"inLanguage":"fr-FR"},{"@type":"Person","@id":"https:\/\/batijournal.com\/#\/schema\/person\/1dc96ec6957aa1ccb25ebe78bb19f100","name":"St\u00e9phane Miget","image":{"@type":"ImageObject","inLanguage":"fr-FR","@id":"https:\/\/secure.gravatar.com\/avatar\/89915563d925342126b8ef0281b93d9d7fc337043e8df017f780908eb9644451?s=96&d=mm&r=g","url":"https:\/\/secure.gravatar.com\/avatar\/89915563d925342126b8ef0281b93d9d7fc337043e8df017f780908eb9644451?s=96&d=mm&r=g","contentUrl":"https:\/\/secure.gravatar.com\/avatar\/89915563d925342126b8ef0281b93d9d7fc337043e8df017f780908eb9644451?s=96&d=mm&r=g","caption":"St\u00e9phane Miget"},"url":"https:\/\/batijournal.com\/index.php\/author\/stephane\/"}]}},"_links":{"self":[{"href":"https:\/\/batijournal.com\/index.php\/wp-json\/wp\/v2\/posts\/98436","targetHints":{"allow":["GET"]}}],"collection":[{"href":"https:\/\/batijournal.com\/index.php\/wp-json\/wp\/v2\/posts"}],"about":[{"href":"https:\/\/batijournal.com\/index.php\/wp-json\/wp\/v2\/types\/post"}],"author":[{"embeddable":true,"href":"https:\/\/batijournal.com\/index.php\/wp-json\/wp\/v2\/users\/17"}],"replies":[{"embeddable":true,"href":"https:\/\/batijournal.com\/index.php\/wp-json\/wp\/v2\/comments?post=98436"}],"version-history":[{"count":0,"href":"https:\/\/batijournal.com\/index.php\/wp-json\/wp\/v2\/posts\/98436\/revisions"}],"wp:featuredmedia":[{"embeddable":true,"href":"https:\/\/batijournal.com\/index.php\/wp-json\/wp\/v2\/media\/98437"}],"wp:attachment":[{"href":"https:\/\/batijournal.com\/index.php\/wp-json\/wp\/v2\/media?parent=98436"}],"wp:term":[{"taxonomy":"category","embeddable":true,"href":"https:\/\/batijournal.com\/index.php\/wp-json\/wp\/v2\/categories?post=98436"},{"taxonomy":"post_tag","embeddable":true,"href":"https:\/\/batijournal.com\/index.php\/wp-json\/wp\/v2\/tags?post=98436"}],"curies":[{"name":"wp","href":"https:\/\/api.w.org\/{rel}","templated":true}]}}