{"id":98442,"date":"2018-02-19T09:30:36","date_gmt":"2018-02-19T08:30:36","guid":{"rendered":"http:\/\/batijournal.com\/?p=98442"},"modified":"2019-07-15T12:10:46","modified_gmt":"2019-07-15T10:10:46","slug":"tiers-communes-de-metropole-grand-paris-reconnues-etat-de-catastrophe-naturelle","status":"publish","type":"post","link":"https:\/\/batijournal.com\/index.php\/tiers-communes-de-metropole-grand-paris-reconnues-etat-de-catastrophe-naturelle\/98442\/","title":{"rendered":"Un tiers des communes de la M\u00e9tropole du Grand Paris reconnues en \u00e9tat de catastrophe naturelle"},"content":{"rendered":"<p>43 communes de la M\u00e9tropole du Grand Paris ont \u00e9t\u00e9 reconnues en \u00e9tat de catastrophe naturelle et rel\u00e8vent \u00e0 ce titre du dispositif de solidarit\u00e9 nationale, selon l\u2019arr\u00eat\u00e9 paru au Journal officiel le 15 f\u00e9vrier 2018. Le m\u00e9canisme du fonds de concours d\u2019un million d\u2019euros, adopt\u00e9 \u00e0 l\u2019unanimit\u00e9 le 2 f\u00e9vrier 2018 par le Conseil m\u00e9tropolitain, va \u00eatre mis en place. Ce fonds permet aux communes de financer le nettoyage des d\u00e9p\u00f4ts accumul\u00e9s par les crues et la r\u00e9alisation ou la remise en \u00e9tat des \u00e9quipements endommag\u00e9s en raison des inondations. Les villes sont invit\u00e9es \u00e0 contacter la M\u00e9tropole pour en b\u00e9n\u00e9ficier.<\/p>\n<p>La M\u00e9tropole du Grand Paris, comp\u00e9tente en mati\u00e8re de pr\u00e9vention des inondations depuis le 1er janvier 2018, h\u00e9rite d\u2019un syst\u00e8me insuffisamment robuste. D\u00e8s juillet 2016, \u00e0 peine six mois apr\u00e8s sa cr\u00e9ation, la M\u00e9tropole a pris l\u2019engagement de compenser le d\u00e9sengagement du D\u00e9partement de la Seine Saint-Denis dans le financement de la vanne secteur de Joinville afin de faire aboutir un dossier bloqu\u00e9 depuis plus de dix ans. La M\u00e9tropole n\u2019\u00e9tant pas encore comp\u00e9tente en mati\u00e8re de GEMAPI, les \u00e9lus m\u00e9tropolitains ont n\u00e9anmoins traduit cet engagement en votant \u00e0 l\u2019unanimit\u00e9 un financement \u00e0 hauteur de 250 000 \u20ac pour la r\u00e9habilitation de la vanne secteur en recourant au fonds d\u2019investissement m\u00e9tropolitain. Les r\u00e9parations ont \u00e9t\u00e9 effectu\u00e9es mais la vanne n\u2019a malheureusement pas pu \u00eatre activ\u00e9e. Patrick OLLIER, Pr\u00e9sident de la M\u00e9tropole du Grand Paris, a \u00e9crit aux autorit\u00e9s comp\u00e9tentes pour obtenir les explications qui s\u2019imposent et faire la lumi\u00e8re sur cette situation qui a mis 8 communes de la M\u00e9tropole en grande difficult\u00e9.<\/p>\n","protected":false},"excerpt":{"rendered":"<p>43 communes de la M\u00e9tropole du Grand Paris ont \u00e9t\u00e9 reconnues en \u00e9tat de catastrophe naturelle et rel\u00e8vent \u00e0 ce titre du dispositif de solidarit\u00e9 nationale, selon l\u2019arr\u00eat\u00e9 paru au Journal officiel le 15 f\u00e9vrier 2018. Le m\u00e9canisme du fonds de concours d\u2019un million d\u2019euros, adopt\u00e9 \u00e0 l\u2019unanimit\u00e9 le 2 f\u00e9vrier 2018 par le Conseil [&hellip;]<\/p>\n","protected":false},"author":17,"featured_media":98443,"comment_status":"closed","ping_status":"closed","sticky":false,"template":"","format":"standard","meta":{"_et_pb_use_builder":"","_et_pb_old_content":"","_et_gb_content_width":"","footnotes":""},"categories":[10530,6340],"tags":[11131,11137],"class_list":["post-98442","post","type-post","status-publish","format-standard","has-post-thumbnail","hentry","category-actualites","category-architecture-conception","tag-catastrophe-naturelle","tag-inondations"],"yoast_head":"<!-- This site is optimized with the Yoast SEO plugin v27.4 - https:\/\/yoast.com\/product\/yoast-seo-wordpress\/ -->\n<title>Un tiers des communes de la M\u00e9tropole du Grand Paris reconnues en \u00e9tat de catastrophe naturelle<\/title>\n<meta name=\"robots\" content=\"index, follow, max-snippet:-1, max-image-preview:large, max-video-preview:-1\" \/>\n<link rel=\"canonical\" href=\"https:\/\/batijournal.com\/index.php\/tiers-communes-de-metropole-grand-paris-reconnues-etat-de-catastrophe-naturelle\/98442\/\" \/>\n<meta property=\"og:locale\" content=\"fr_FR\" \/>\n<meta property=\"og:type\" content=\"article\" \/>\n<meta property=\"og:title\" content=\"Un tiers des communes de la M\u00e9tropole du Grand Paris reconnues en \u00e9tat de catastrophe naturelle\" \/>\n<meta property=\"og:description\" content=\"43 communes de la M\u00e9tropole du Grand Paris ont \u00e9t\u00e9 reconnues en \u00e9tat de catastrophe naturelle et rel\u00e8vent \u00e0 ce titre du dispositif de solidarit\u00e9 nationale, selon l\u2019arr\u00eat\u00e9 paru au Journal officiel le 15 f\u00e9vrier 2018. Le m\u00e9canisme du fonds de concours d\u2019un million d\u2019euros, adopt\u00e9 \u00e0 l\u2019unanimit\u00e9 le 2 f\u00e9vrier 2018 par le Conseil [&hellip;]\" \/>\n<meta property=\"og:url\" content=\"https:\/\/batijournal.com\/index.php\/tiers-communes-de-metropole-grand-paris-reconnues-etat-de-catastrophe-naturelle\/98442\/\" \/>\n<meta property=\"og:site_name\" content=\"Batijournal\" \/>\n<meta property=\"article:published_time\" content=\"2018-02-19T08:30:36+00:00\" \/>\n<meta property=\"article:modified_time\" content=\"2019-07-15T10:10:46+00:00\" \/>\n<meta property=\"og:image\" content=\"https:\/\/batijournal.com\/wp-content\/uploads\/2018\/02\/metropole-grand-paris.png\" \/>\n\t<meta property=\"og:image:width\" content=\"781\" \/>\n\t<meta property=\"og:image:height\" content=\"362\" \/>\n\t<meta property=\"og:image:type\" content=\"image\/png\" \/>\n<meta name=\"author\" content=\"St\u00e9phane Miget\" \/>\n<meta name=\"twitter:card\" content=\"summary_large_image\" \/>\n<meta name=\"twitter:creator\" content=\"@bati_journal\" \/>\n<meta name=\"twitter:site\" content=\"@bati_journal\" \/>\n<meta name=\"twitter:label1\" content=\"\u00c9crit par\" \/>\n\t<meta name=\"twitter:data1\" content=\"St\u00e9phane Miget\" \/>\n\t<meta name=\"twitter:label2\" content=\"Dur\u00e9e de lecture estim\u00e9e\" \/>\n\t<meta name=\"twitter:data2\" content=\"2 minutes\" \/>\n<script type=\"application\/ld+json\" class=\"yoast-schema-graph\">{\"@context\":\"https:\\\/\\\/schema.org\",\"@graph\":[{\"@type\":\"Article\",\"@id\":\"https:\\\/\\\/batijournal.com\\\/index.php\\\/tiers-communes-de-metropole-grand-paris-reconnues-etat-de-catastrophe-naturelle\\\/98442\\\/#article\",\"isPartOf\":{\"@id\":\"https:\\\/\\\/batijournal.com\\\/index.php\\\/tiers-communes-de-metropole-grand-paris-reconnues-etat-de-catastrophe-naturelle\\\/98442\\\/\"},\"author\":{\"name\":\"St\u00e9phane Miget\",\"@id\":\"https:\\\/\\\/batijournal.com\\\/#\\\/schema\\\/person\\\/1dc96ec6957aa1ccb25ebe78bb19f100\"},\"headline\":\"Un tiers des communes de la M\u00e9tropole du Grand Paris reconnues en \u00e9tat de catastrophe naturelle\",\"datePublished\":\"2018-02-19T08:30:36+00:00\",\"dateModified\":\"2019-07-15T10:10:46+00:00\",\"mainEntityOfPage\":{\"@id\":\"https:\\\/\\\/batijournal.com\\\/index.php\\\/tiers-communes-de-metropole-grand-paris-reconnues-etat-de-catastrophe-naturelle\\\/98442\\\/\"},\"wordCount\":320,\"image\":{\"@id\":\"https:\\\/\\\/batijournal.com\\\/index.php\\\/tiers-communes-de-metropole-grand-paris-reconnues-etat-de-catastrophe-naturelle\\\/98442\\\/#primaryimage\"},\"thumbnailUrl\":\"https:\\\/\\\/batijournal.com\\\/wp-content\\\/uploads\\\/2018\\\/02\\\/metropole-grand-paris.png\",\"keywords\":[\"catastrophe naturelle\",\"inondations\"],\"articleSection\":[\"Actualit\u00e9s\",\"Architecture &amp; Conception\"],\"inLanguage\":\"fr-FR\"},{\"@type\":\"WebPage\",\"@id\":\"https:\\\/\\\/batijournal.com\\\/index.php\\\/tiers-communes-de-metropole-grand-paris-reconnues-etat-de-catastrophe-naturelle\\\/98442\\\/\",\"url\":\"https:\\\/\\\/batijournal.com\\\/index.php\\\/tiers-communes-de-metropole-grand-paris-reconnues-etat-de-catastrophe-naturelle\\\/98442\\\/\",\"name\":\"Un tiers des communes de la M\u00e9tropole du Grand Paris reconnues en \u00e9tat de catastrophe naturelle\",\"isPartOf\":{\"@id\":\"https:\\\/\\\/batijournal.com\\\/#website\"},\"primaryImageOfPage\":{\"@id\":\"https:\\\/\\\/batijournal.com\\\/index.php\\\/tiers-communes-de-metropole-grand-paris-reconnues-etat-de-catastrophe-naturelle\\\/98442\\\/#primaryimage\"},\"image\":{\"@id\":\"https:\\\/\\\/batijournal.com\\\/index.php\\\/tiers-communes-de-metropole-grand-paris-reconnues-etat-de-catastrophe-naturelle\\\/98442\\\/#primaryimage\"},\"thumbnailUrl\":\"https:\\\/\\\/batijournal.com\\\/wp-content\\\/uploads\\\/2018\\\/02\\\/metropole-grand-paris.png\",\"datePublished\":\"2018-02-19T08:30:36+00:00\",\"dateModified\":\"2019-07-15T10:10:46+00:00\",\"author\":{\"@id\":\"https:\\\/\\\/batijournal.com\\\/#\\\/schema\\\/person\\\/1dc96ec6957aa1ccb25ebe78bb19f100\"},\"breadcrumb\":{\"@id\":\"https:\\\/\\\/batijournal.com\\\/index.php\\\/tiers-communes-de-metropole-grand-paris-reconnues-etat-de-catastrophe-naturelle\\\/98442\\\/#breadcrumb\"},\"inLanguage\":\"fr-FR\",\"potentialAction\":[{\"@type\":\"ReadAction\",\"target\":[\"https:\\\/\\\/batijournal.com\\\/index.php\\\/tiers-communes-de-metropole-grand-paris-reconnues-etat-de-catastrophe-naturelle\\\/98442\\\/\"]}]},{\"@type\":\"ImageObject\",\"inLanguage\":\"fr-FR\",\"@id\":\"https:\\\/\\\/batijournal.com\\\/index.php\\\/tiers-communes-de-metropole-grand-paris-reconnues-etat-de-catastrophe-naturelle\\\/98442\\\/#primaryimage\",\"url\":\"https:\\\/\\\/batijournal.com\\\/wp-content\\\/uploads\\\/2018\\\/02\\\/metropole-grand-paris.png\",\"contentUrl\":\"https:\\\/\\\/batijournal.com\\\/wp-content\\\/uploads\\\/2018\\\/02\\\/metropole-grand-paris.png\",\"width\":781,\"height\":362},{\"@type\":\"BreadcrumbList\",\"@id\":\"https:\\\/\\\/batijournal.com\\\/index.php\\\/tiers-communes-de-metropole-grand-paris-reconnues-etat-de-catastrophe-naturelle\\\/98442\\\/#breadcrumb\",\"itemListElement\":[{\"@type\":\"ListItem\",\"position\":1,\"name\":\"Accueil\",\"item\":\"https:\\\/\\\/batijournal.com\\\/\"},{\"@type\":\"ListItem\",\"position\":2,\"name\":\"Actualit\u00e9s\",\"item\":\"https:\\\/\\\/batijournal.com\\\/index.php\\\/category\\\/actualites\\\/\"},{\"@type\":\"ListItem\",\"position\":3,\"name\":\"Un tiers des communes de la M\u00e9tropole du Grand Paris reconnues en \u00e9tat de catastrophe naturelle\"}]},{\"@type\":\"WebSite\",\"@id\":\"https:\\\/\\\/batijournal.com\\\/#website\",\"url\":\"https:\\\/\\\/batijournal.com\\\/\",\"name\":\"Batijournal\",\"description\":\"L&#039;actualit\u00e9 du b\u00e2timent\",\"potentialAction\":[{\"@type\":\"SearchAction\",\"target\":{\"@type\":\"EntryPoint\",\"urlTemplate\":\"https:\\\/\\\/batijournal.com\\\/?s={search_term_string}\"},\"query-input\":{\"@type\":\"PropertyValueSpecification\",\"valueRequired\":true,\"valueName\":\"search_term_string\"}}],\"inLanguage\":\"fr-FR\"},{\"@type\":\"Person\",\"@id\":\"https:\\\/\\\/batijournal.com\\\/#\\\/schema\\\/person\\\/1dc96ec6957aa1ccb25ebe78bb19f100\",\"name\":\"St\u00e9phane Miget\",\"image\":{\"@type\":\"ImageObject\",\"inLanguage\":\"fr-FR\",\"@id\":\"https:\\\/\\\/secure.gravatar.com\\\/avatar\\\/89915563d925342126b8ef0281b93d9d7fc337043e8df017f780908eb9644451?s=96&d=mm&r=g\",\"url\":\"https:\\\/\\\/secure.gravatar.com\\\/avatar\\\/89915563d925342126b8ef0281b93d9d7fc337043e8df017f780908eb9644451?s=96&d=mm&r=g\",\"contentUrl\":\"https:\\\/\\\/secure.gravatar.com\\\/avatar\\\/89915563d925342126b8ef0281b93d9d7fc337043e8df017f780908eb9644451?s=96&d=mm&r=g\",\"caption\":\"St\u00e9phane Miget\"},\"url\":\"https:\\\/\\\/batijournal.com\\\/index.php\\\/author\\\/stephane\\\/\"}]}<\/script>\n<!-- \/ Yoast SEO plugin. -->","yoast_head_json":{"title":"Un tiers des communes de la M\u00e9tropole du Grand Paris reconnues en \u00e9tat de catastrophe naturelle","robots":{"index":"index","follow":"follow","max-snippet":"max-snippet:-1","max-image-preview":"max-image-preview:large","max-video-preview":"max-video-preview:-1"},"canonical":"https:\/\/batijournal.com\/index.php\/tiers-communes-de-metropole-grand-paris-reconnues-etat-de-catastrophe-naturelle\/98442\/","og_locale":"fr_FR","og_type":"article","og_title":"Un tiers des communes de la M\u00e9tropole du Grand Paris reconnues en \u00e9tat de catastrophe naturelle","og_description":"43 communes de la M\u00e9tropole du Grand Paris ont \u00e9t\u00e9 reconnues en \u00e9tat de catastrophe naturelle et rel\u00e8vent \u00e0 ce titre du dispositif de solidarit\u00e9 nationale, selon l\u2019arr\u00eat\u00e9 paru au Journal officiel le 15 f\u00e9vrier 2018. Le m\u00e9canisme du fonds de concours d\u2019un million d\u2019euros, adopt\u00e9 \u00e0 l\u2019unanimit\u00e9 le 2 f\u00e9vrier 2018 par le Conseil [&hellip;]","og_url":"https:\/\/batijournal.com\/index.php\/tiers-communes-de-metropole-grand-paris-reconnues-etat-de-catastrophe-naturelle\/98442\/","og_site_name":"Batijournal","article_published_time":"2018-02-19T08:30:36+00:00","article_modified_time":"2019-07-15T10:10:46+00:00","og_image":[{"width":781,"height":362,"url":"https:\/\/batijournal.com\/wp-content\/uploads\/2018\/02\/metropole-grand-paris.png","type":"image\/png"}],"author":"St\u00e9phane Miget","twitter_card":"summary_large_image","twitter_creator":"@bati_journal","twitter_site":"@bati_journal","twitter_misc":{"\u00c9crit par":"St\u00e9phane Miget","Dur\u00e9e de lecture estim\u00e9e":"2 minutes"},"schema":{"@context":"https:\/\/schema.org","@graph":[{"@type":"Article","@id":"https:\/\/batijournal.com\/index.php\/tiers-communes-de-metropole-grand-paris-reconnues-etat-de-catastrophe-naturelle\/98442\/#article","isPartOf":{"@id":"https:\/\/batijournal.com\/index.php\/tiers-communes-de-metropole-grand-paris-reconnues-etat-de-catastrophe-naturelle\/98442\/"},"author":{"name":"St\u00e9phane Miget","@id":"https:\/\/batijournal.com\/#\/schema\/person\/1dc96ec6957aa1ccb25ebe78bb19f100"},"headline":"Un tiers des communes de la M\u00e9tropole du Grand Paris reconnues en \u00e9tat de catastrophe naturelle","datePublished":"2018-02-19T08:30:36+00:00","dateModified":"2019-07-15T10:10:46+00:00","mainEntityOfPage":{"@id":"https:\/\/batijournal.com\/index.php\/tiers-communes-de-metropole-grand-paris-reconnues-etat-de-catastrophe-naturelle\/98442\/"},"wordCount":320,"image":{"@id":"https:\/\/batijournal.com\/index.php\/tiers-communes-de-metropole-grand-paris-reconnues-etat-de-catastrophe-naturelle\/98442\/#primaryimage"},"thumbnailUrl":"https:\/\/batijournal.com\/wp-content\/uploads\/2018\/02\/metropole-grand-paris.png","keywords":["catastrophe naturelle","inondations"],"articleSection":["Actualit\u00e9s","Architecture &amp; Conception"],"inLanguage":"fr-FR"},{"@type":"WebPage","@id":"https:\/\/batijournal.com\/index.php\/tiers-communes-de-metropole-grand-paris-reconnues-etat-de-catastrophe-naturelle\/98442\/","url":"https:\/\/batijournal.com\/index.php\/tiers-communes-de-metropole-grand-paris-reconnues-etat-de-catastrophe-naturelle\/98442\/","name":"Un tiers des communes de la M\u00e9tropole du Grand Paris reconnues en \u00e9tat de catastrophe naturelle","isPartOf":{"@id":"https:\/\/batijournal.com\/#website"},"primaryImageOfPage":{"@id":"https:\/\/batijournal.com\/index.php\/tiers-communes-de-metropole-grand-paris-reconnues-etat-de-catastrophe-naturelle\/98442\/#primaryimage"},"image":{"@id":"https:\/\/batijournal.com\/index.php\/tiers-communes-de-metropole-grand-paris-reconnues-etat-de-catastrophe-naturelle\/98442\/#primaryimage"},"thumbnailUrl":"https:\/\/batijournal.com\/wp-content\/uploads\/2018\/02\/metropole-grand-paris.png","datePublished":"2018-02-19T08:30:36+00:00","dateModified":"2019-07-15T10:10:46+00:00","author":{"@id":"https:\/\/batijournal.com\/#\/schema\/person\/1dc96ec6957aa1ccb25ebe78bb19f100"},"breadcrumb":{"@id":"https:\/\/batijournal.com\/index.php\/tiers-communes-de-metropole-grand-paris-reconnues-etat-de-catastrophe-naturelle\/98442\/#breadcrumb"},"inLanguage":"fr-FR","potentialAction":[{"@type":"ReadAction","target":["https:\/\/batijournal.com\/index.php\/tiers-communes-de-metropole-grand-paris-reconnues-etat-de-catastrophe-naturelle\/98442\/"]}]},{"@type":"ImageObject","inLanguage":"fr-FR","@id":"https:\/\/batijournal.com\/index.php\/tiers-communes-de-metropole-grand-paris-reconnues-etat-de-catastrophe-naturelle\/98442\/#primaryimage","url":"https:\/\/batijournal.com\/wp-content\/uploads\/2018\/02\/metropole-grand-paris.png","contentUrl":"https:\/\/batijournal.com\/wp-content\/uploads\/2018\/02\/metropole-grand-paris.png","width":781,"height":362},{"@type":"BreadcrumbList","@id":"https:\/\/batijournal.com\/index.php\/tiers-communes-de-metropole-grand-paris-reconnues-etat-de-catastrophe-naturelle\/98442\/#breadcrumb","itemListElement":[{"@type":"ListItem","position":1,"name":"Accueil","item":"https:\/\/batijournal.com\/"},{"@type":"ListItem","position":2,"name":"Actualit\u00e9s","item":"https:\/\/batijournal.com\/index.php\/category\/actualites\/"},{"@type":"ListItem","position":3,"name":"Un tiers des communes de la M\u00e9tropole du Grand Paris reconnues en \u00e9tat de catastrophe naturelle"}]},{"@type":"WebSite","@id":"https:\/\/batijournal.com\/#website","url":"https:\/\/batijournal.com\/","name":"Batijournal","description":"L&#039;actualit\u00e9 du b\u00e2timent","potentialAction":[{"@type":"SearchAction","target":{"@type":"EntryPoint","urlTemplate":"https:\/\/batijournal.com\/?s={search_term_string}"},"query-input":{"@type":"PropertyValueSpecification","valueRequired":true,"valueName":"search_term_string"}}],"inLanguage":"fr-FR"},{"@type":"Person","@id":"https:\/\/batijournal.com\/#\/schema\/person\/1dc96ec6957aa1ccb25ebe78bb19f100","name":"St\u00e9phane Miget","image":{"@type":"ImageObject","inLanguage":"fr-FR","@id":"https:\/\/secure.gravatar.com\/avatar\/89915563d925342126b8ef0281b93d9d7fc337043e8df017f780908eb9644451?s=96&d=mm&r=g","url":"https:\/\/secure.gravatar.com\/avatar\/89915563d925342126b8ef0281b93d9d7fc337043e8df017f780908eb9644451?s=96&d=mm&r=g","contentUrl":"https:\/\/secure.gravatar.com\/avatar\/89915563d925342126b8ef0281b93d9d7fc337043e8df017f780908eb9644451?s=96&d=mm&r=g","caption":"St\u00e9phane Miget"},"url":"https:\/\/batijournal.com\/index.php\/author\/stephane\/"}]}},"_links":{"self":[{"href":"https:\/\/batijournal.com\/index.php\/wp-json\/wp\/v2\/posts\/98442","targetHints":{"allow":["GET"]}}],"collection":[{"href":"https:\/\/batijournal.com\/index.php\/wp-json\/wp\/v2\/posts"}],"about":[{"href":"https:\/\/batijournal.com\/index.php\/wp-json\/wp\/v2\/types\/post"}],"author":[{"embeddable":true,"href":"https:\/\/batijournal.com\/index.php\/wp-json\/wp\/v2\/users\/17"}],"replies":[{"embeddable":true,"href":"https:\/\/batijournal.com\/index.php\/wp-json\/wp\/v2\/comments?post=98442"}],"version-history":[{"count":0,"href":"https:\/\/batijournal.com\/index.php\/wp-json\/wp\/v2\/posts\/98442\/revisions"}],"wp:featuredmedia":[{"embeddable":true,"href":"https:\/\/batijournal.com\/index.php\/wp-json\/wp\/v2\/media\/98443"}],"wp:attachment":[{"href":"https:\/\/batijournal.com\/index.php\/wp-json\/wp\/v2\/media?parent=98442"}],"wp:term":[{"taxonomy":"category","embeddable":true,"href":"https:\/\/batijournal.com\/index.php\/wp-json\/wp\/v2\/categories?post=98442"},{"taxonomy":"post_tag","embeddable":true,"href":"https:\/\/batijournal.com\/index.php\/wp-json\/wp\/v2\/tags?post=98442"}],"curies":[{"name":"wp","href":"https:\/\/api.w.org\/{rel}","templated":true}]}}