{"id":98453,"date":"2018-02-20T07:48:01","date_gmt":"2018-02-20T06:48:01","guid":{"rendered":"http:\/\/batijournal.com\/?p=98453"},"modified":"2019-07-15T12:03:45","modified_gmt":"2019-07-15T10:03:45","slug":"apl-rls-lunion-sociale-lhabitat-sinquiete-premieres-repercutions-parc-social","status":"publish","type":"post","link":"https:\/\/batijournal.com\/index.php\/apl-rls-lunion-sociale-lhabitat-sinquiete-premieres-repercutions-parc-social\/98453\/","title":{"rendered":"APL, RLS : l\u2019Union sociale pour l\u2019habitat s\u2019inqui\u00e8te des premi\u00e8res r\u00e9percutions dans le parc social"},"content":{"rendered":"<p>Le Comit\u00e9 ex\u00e9cutif de l\u2019Union sociale pour l\u2019habitat, r\u00e9uni mercredi 14 f\u00e9vrier 2018, a fait part de son inqui\u00e9tude concernant la mise en \u0153uvre de la R\u00e9duction de Loyer de Solidarit\u00e9 (RLS) et ses impacts en termes de projets de construction. La loi de finances 2018 a impos\u00e9 aux bailleurs sociaux la prise en charge des \u00e9conomies souhait\u00e9es par le Gouvernement sur les APL, \u00e0 hauteur de 800 millions d\u2019euros en 2018. Cette r\u00e9forme, financi\u00e8rement neutre pour les locataires, a en revanche un impact direct sur les fonds propres des organismes Hlm, et donc sur leurs capacit\u00e9s d\u2019investissement. Un premier ralentissement des demandes d\u2019agr\u00e9ments de logements sociaux a \u00e9t\u00e9 enregistr\u00e9 fin 2017 et de nombreux organismes font actuellement part de leurs difficult\u00e9s \u00e0 boucler les plans de financement des op\u00e9rations nouvelles pour 2018 : repli des fonds propres mobilisables, ench\u00e9rissement des co\u00fbts avec la hausse de la TVA, manque de visibilit\u00e9 sur les nouvelles sources de financement annonc\u00e9es, notamment le pr\u00eat de haut de bilan. Le nombre d\u2019agr\u00e9ments de logements sociaux \u00e9tant d\u2019ores et d\u00e9j\u00e0 en baisse, le risque d\u2019une diminution importante de la production de logements sociaux dans les prochaines ann\u00e9es est \u00e9lev\u00e9. Par ailleurs, la suppression de l\u2019APL accession impacte aussi l\u2019activit\u00e9 des organismes Hlm en accession sociale, avec une baisse des ventes de logements neufs de 2% sur le dernier trimestre 2017 et des anticipations n\u00e9gatives pour 2018, en particulier sur les zones B2 et C.<\/p>\n","protected":false},"excerpt":{"rendered":"<p>Le Comit\u00e9 ex\u00e9cutif de l\u2019Union sociale pour l\u2019habitat, r\u00e9uni mercredi 14 f\u00e9vrier 2018, a fait part de son inqui\u00e9tude concernant la mise en \u0153uvre de la R\u00e9duction de Loyer de Solidarit\u00e9 (RLS) et ses impacts en termes de projets de construction. La loi de finances 2018 a impos\u00e9 aux bailleurs sociaux la prise en charge [&hellip;]<\/p>\n","protected":false},"author":17,"featured_media":95957,"comment_status":"closed","ping_status":"closed","sticky":false,"template":"","format":"standard","meta":{"_et_pb_use_builder":"","_et_pb_old_content":"","_et_gb_content_width":"","footnotes":""},"categories":[10736,10530,6345],"tags":[1601,2815],"class_list":["post-98453","post","type-post","status-publish","format-standard","has-post-thumbnail","hentry","category-a-la-une","category-actualites","category-economie-marches","tag-logement-social","tag-ush"],"yoast_head":"<!-- This site is optimized with the Yoast SEO plugin v27.4 - https:\/\/yoast.com\/product\/yoast-seo-wordpress\/ -->\n<title>APL, RLS : l\u2019Union sociale pour l\u2019habitat s\u2019inqui\u00e8te des premi\u00e8res r\u00e9percutions dans le parc social<\/title>\n<meta name=\"robots\" content=\"index, follow, max-snippet:-1, max-image-preview:large, max-video-preview:-1\" \/>\n<link rel=\"canonical\" href=\"https:\/\/batijournal.com\/index.php\/apl-rls-lunion-sociale-lhabitat-sinquiete-premieres-repercutions-parc-social\/98453\/\" \/>\n<meta property=\"og:locale\" content=\"fr_FR\" \/>\n<meta property=\"og:type\" content=\"article\" \/>\n<meta property=\"og:title\" content=\"APL, RLS : l\u2019Union sociale pour l\u2019habitat s\u2019inqui\u00e8te des premi\u00e8res r\u00e9percutions dans le parc social\" \/>\n<meta property=\"og:description\" content=\"Le Comit\u00e9 ex\u00e9cutif de l\u2019Union sociale pour l\u2019habitat, r\u00e9uni mercredi 14 f\u00e9vrier 2018, a fait part de son inqui\u00e9tude concernant la mise en \u0153uvre de la R\u00e9duction de Loyer de Solidarit\u00e9 (RLS) et ses impacts en termes de projets de construction. La loi de finances 2018 a impos\u00e9 aux bailleurs sociaux la prise en charge [&hellip;]\" \/>\n<meta property=\"og:url\" content=\"https:\/\/batijournal.com\/index.php\/apl-rls-lunion-sociale-lhabitat-sinquiete-premieres-repercutions-parc-social\/98453\/\" \/>\n<meta property=\"og:site_name\" content=\"Batijournal\" \/>\n<meta property=\"article:published_time\" content=\"2018-02-20T06:48:01+00:00\" \/>\n<meta property=\"article:modified_time\" content=\"2019-07-15T10:03:45+00:00\" \/>\n<meta property=\"og:image\" content=\"https:\/\/batijournal.com\/wp-content\/uploads\/2017\/05\/chantier-batiment.jpg\" \/>\n\t<meta property=\"og:image:width\" content=\"1200\" \/>\n\t<meta property=\"og:image:height\" content=\"676\" \/>\n\t<meta property=\"og:image:type\" content=\"image\/jpeg\" \/>\n<meta name=\"author\" content=\"St\u00e9phane Miget\" \/>\n<meta name=\"twitter:card\" content=\"summary_large_image\" \/>\n<meta name=\"twitter:creator\" content=\"@bati_journal\" \/>\n<meta name=\"twitter:site\" content=\"@bati_journal\" \/>\n<meta name=\"twitter:label1\" content=\"\u00c9crit par\" \/>\n\t<meta name=\"twitter:data1\" content=\"St\u00e9phane Miget\" \/>\n\t<meta name=\"twitter:label2\" content=\"Dur\u00e9e de lecture estim\u00e9e\" \/>\n\t<meta name=\"twitter:data2\" content=\"1 minute\" \/>\n<script type=\"application\/ld+json\" class=\"yoast-schema-graph\">{\"@context\":\"https:\\\/\\\/schema.org\",\"@graph\":[{\"@type\":\"Article\",\"@id\":\"https:\\\/\\\/batijournal.com\\\/index.php\\\/apl-rls-lunion-sociale-lhabitat-sinquiete-premieres-repercutions-parc-social\\\/98453\\\/#article\",\"isPartOf\":{\"@id\":\"https:\\\/\\\/batijournal.com\\\/index.php\\\/apl-rls-lunion-sociale-lhabitat-sinquiete-premieres-repercutions-parc-social\\\/98453\\\/\"},\"author\":{\"name\":\"St\u00e9phane Miget\",\"@id\":\"https:\\\/\\\/batijournal.com\\\/#\\\/schema\\\/person\\\/1dc96ec6957aa1ccb25ebe78bb19f100\"},\"headline\":\"APL, RLS : l\u2019Union sociale pour l\u2019habitat s\u2019inqui\u00e8te des premi\u00e8res r\u00e9percutions dans le parc social\",\"datePublished\":\"2018-02-20T06:48:01+00:00\",\"dateModified\":\"2019-07-15T10:03:45+00:00\",\"mainEntityOfPage\":{\"@id\":\"https:\\\/\\\/batijournal.com\\\/index.php\\\/apl-rls-lunion-sociale-lhabitat-sinquiete-premieres-repercutions-parc-social\\\/98453\\\/\"},\"wordCount\":276,\"image\":{\"@id\":\"https:\\\/\\\/batijournal.com\\\/index.php\\\/apl-rls-lunion-sociale-lhabitat-sinquiete-premieres-repercutions-parc-social\\\/98453\\\/#primaryimage\"},\"thumbnailUrl\":\"https:\\\/\\\/batijournal.com\\\/wp-content\\\/uploads\\\/2017\\\/05\\\/chantier-batiment.jpg\",\"keywords\":[\"logement social\",\"USH\"],\"articleSection\":[\"A la Une\",\"Actualit\u00e9s\",\"\u00c9conomie &amp; March\u00e9s\"],\"inLanguage\":\"fr-FR\"},{\"@type\":\"WebPage\",\"@id\":\"https:\\\/\\\/batijournal.com\\\/index.php\\\/apl-rls-lunion-sociale-lhabitat-sinquiete-premieres-repercutions-parc-social\\\/98453\\\/\",\"url\":\"https:\\\/\\\/batijournal.com\\\/index.php\\\/apl-rls-lunion-sociale-lhabitat-sinquiete-premieres-repercutions-parc-social\\\/98453\\\/\",\"name\":\"APL, RLS : l\u2019Union sociale pour l\u2019habitat s\u2019inqui\u00e8te des premi\u00e8res r\u00e9percutions dans le parc social\",\"isPartOf\":{\"@id\":\"https:\\\/\\\/batijournal.com\\\/#website\"},\"primaryImageOfPage\":{\"@id\":\"https:\\\/\\\/batijournal.com\\\/index.php\\\/apl-rls-lunion-sociale-lhabitat-sinquiete-premieres-repercutions-parc-social\\\/98453\\\/#primaryimage\"},\"image\":{\"@id\":\"https:\\\/\\\/batijournal.com\\\/index.php\\\/apl-rls-lunion-sociale-lhabitat-sinquiete-premieres-repercutions-parc-social\\\/98453\\\/#primaryimage\"},\"thumbnailUrl\":\"https:\\\/\\\/batijournal.com\\\/wp-content\\\/uploads\\\/2017\\\/05\\\/chantier-batiment.jpg\",\"datePublished\":\"2018-02-20T06:48:01+00:00\",\"dateModified\":\"2019-07-15T10:03:45+00:00\",\"author\":{\"@id\":\"https:\\\/\\\/batijournal.com\\\/#\\\/schema\\\/person\\\/1dc96ec6957aa1ccb25ebe78bb19f100\"},\"breadcrumb\":{\"@id\":\"https:\\\/\\\/batijournal.com\\\/index.php\\\/apl-rls-lunion-sociale-lhabitat-sinquiete-premieres-repercutions-parc-social\\\/98453\\\/#breadcrumb\"},\"inLanguage\":\"fr-FR\",\"potentialAction\":[{\"@type\":\"ReadAction\",\"target\":[\"https:\\\/\\\/batijournal.com\\\/index.php\\\/apl-rls-lunion-sociale-lhabitat-sinquiete-premieres-repercutions-parc-social\\\/98453\\\/\"]}]},{\"@type\":\"ImageObject\",\"inLanguage\":\"fr-FR\",\"@id\":\"https:\\\/\\\/batijournal.com\\\/index.php\\\/apl-rls-lunion-sociale-lhabitat-sinquiete-premieres-repercutions-parc-social\\\/98453\\\/#primaryimage\",\"url\":\"https:\\\/\\\/batijournal.com\\\/wp-content\\\/uploads\\\/2017\\\/05\\\/chantier-batiment.jpg\",\"contentUrl\":\"https:\\\/\\\/batijournal.com\\\/wp-content\\\/uploads\\\/2017\\\/05\\\/chantier-batiment.jpg\",\"width\":1200,\"height\":676},{\"@type\":\"BreadcrumbList\",\"@id\":\"https:\\\/\\\/batijournal.com\\\/index.php\\\/apl-rls-lunion-sociale-lhabitat-sinquiete-premieres-repercutions-parc-social\\\/98453\\\/#breadcrumb\",\"itemListElement\":[{\"@type\":\"ListItem\",\"position\":1,\"name\":\"Accueil\",\"item\":\"https:\\\/\\\/batijournal.com\\\/\"},{\"@type\":\"ListItem\",\"position\":2,\"name\":\"Actualit\u00e9s\",\"item\":\"https:\\\/\\\/batijournal.com\\\/index.php\\\/category\\\/actualites\\\/\"},{\"@type\":\"ListItem\",\"position\":3,\"name\":\"APL, RLS : l\u2019Union sociale pour l\u2019habitat s\u2019inqui\u00e8te des premi\u00e8res r\u00e9percutions dans le parc social\"}]},{\"@type\":\"WebSite\",\"@id\":\"https:\\\/\\\/batijournal.com\\\/#website\",\"url\":\"https:\\\/\\\/batijournal.com\\\/\",\"name\":\"Batijournal\",\"description\":\"L&#039;actualit\u00e9 du b\u00e2timent\",\"potentialAction\":[{\"@type\":\"SearchAction\",\"target\":{\"@type\":\"EntryPoint\",\"urlTemplate\":\"https:\\\/\\\/batijournal.com\\\/?s={search_term_string}\"},\"query-input\":{\"@type\":\"PropertyValueSpecification\",\"valueRequired\":true,\"valueName\":\"search_term_string\"}}],\"inLanguage\":\"fr-FR\"},{\"@type\":\"Person\",\"@id\":\"https:\\\/\\\/batijournal.com\\\/#\\\/schema\\\/person\\\/1dc96ec6957aa1ccb25ebe78bb19f100\",\"name\":\"St\u00e9phane Miget\",\"image\":{\"@type\":\"ImageObject\",\"inLanguage\":\"fr-FR\",\"@id\":\"https:\\\/\\\/secure.gravatar.com\\\/avatar\\\/89915563d925342126b8ef0281b93d9d7fc337043e8df017f780908eb9644451?s=96&d=mm&r=g\",\"url\":\"https:\\\/\\\/secure.gravatar.com\\\/avatar\\\/89915563d925342126b8ef0281b93d9d7fc337043e8df017f780908eb9644451?s=96&d=mm&r=g\",\"contentUrl\":\"https:\\\/\\\/secure.gravatar.com\\\/avatar\\\/89915563d925342126b8ef0281b93d9d7fc337043e8df017f780908eb9644451?s=96&d=mm&r=g\",\"caption\":\"St\u00e9phane Miget\"},\"url\":\"https:\\\/\\\/batijournal.com\\\/index.php\\\/author\\\/stephane\\\/\"}]}<\/script>\n<!-- \/ Yoast SEO plugin. -->","yoast_head_json":{"title":"APL, RLS : l\u2019Union sociale pour l\u2019habitat s\u2019inqui\u00e8te des premi\u00e8res r\u00e9percutions dans le parc social","robots":{"index":"index","follow":"follow","max-snippet":"max-snippet:-1","max-image-preview":"max-image-preview:large","max-video-preview":"max-video-preview:-1"},"canonical":"https:\/\/batijournal.com\/index.php\/apl-rls-lunion-sociale-lhabitat-sinquiete-premieres-repercutions-parc-social\/98453\/","og_locale":"fr_FR","og_type":"article","og_title":"APL, RLS : l\u2019Union sociale pour l\u2019habitat s\u2019inqui\u00e8te des premi\u00e8res r\u00e9percutions dans le parc social","og_description":"Le Comit\u00e9 ex\u00e9cutif de l\u2019Union sociale pour l\u2019habitat, r\u00e9uni mercredi 14 f\u00e9vrier 2018, a fait part de son inqui\u00e9tude concernant la mise en \u0153uvre de la R\u00e9duction de Loyer de Solidarit\u00e9 (RLS) et ses impacts en termes de projets de construction. La loi de finances 2018 a impos\u00e9 aux bailleurs sociaux la prise en charge [&hellip;]","og_url":"https:\/\/batijournal.com\/index.php\/apl-rls-lunion-sociale-lhabitat-sinquiete-premieres-repercutions-parc-social\/98453\/","og_site_name":"Batijournal","article_published_time":"2018-02-20T06:48:01+00:00","article_modified_time":"2019-07-15T10:03:45+00:00","og_image":[{"width":1200,"height":676,"url":"https:\/\/batijournal.com\/wp-content\/uploads\/2017\/05\/chantier-batiment.jpg","type":"image\/jpeg"}],"author":"St\u00e9phane Miget","twitter_card":"summary_large_image","twitter_creator":"@bati_journal","twitter_site":"@bati_journal","twitter_misc":{"\u00c9crit par":"St\u00e9phane Miget","Dur\u00e9e de lecture estim\u00e9e":"1 minute"},"schema":{"@context":"https:\/\/schema.org","@graph":[{"@type":"Article","@id":"https:\/\/batijournal.com\/index.php\/apl-rls-lunion-sociale-lhabitat-sinquiete-premieres-repercutions-parc-social\/98453\/#article","isPartOf":{"@id":"https:\/\/batijournal.com\/index.php\/apl-rls-lunion-sociale-lhabitat-sinquiete-premieres-repercutions-parc-social\/98453\/"},"author":{"name":"St\u00e9phane Miget","@id":"https:\/\/batijournal.com\/#\/schema\/person\/1dc96ec6957aa1ccb25ebe78bb19f100"},"headline":"APL, RLS : l\u2019Union sociale pour l\u2019habitat s\u2019inqui\u00e8te des premi\u00e8res r\u00e9percutions dans le parc social","datePublished":"2018-02-20T06:48:01+00:00","dateModified":"2019-07-15T10:03:45+00:00","mainEntityOfPage":{"@id":"https:\/\/batijournal.com\/index.php\/apl-rls-lunion-sociale-lhabitat-sinquiete-premieres-repercutions-parc-social\/98453\/"},"wordCount":276,"image":{"@id":"https:\/\/batijournal.com\/index.php\/apl-rls-lunion-sociale-lhabitat-sinquiete-premieres-repercutions-parc-social\/98453\/#primaryimage"},"thumbnailUrl":"https:\/\/batijournal.com\/wp-content\/uploads\/2017\/05\/chantier-batiment.jpg","keywords":["logement social","USH"],"articleSection":["A la Une","Actualit\u00e9s","\u00c9conomie &amp; March\u00e9s"],"inLanguage":"fr-FR"},{"@type":"WebPage","@id":"https:\/\/batijournal.com\/index.php\/apl-rls-lunion-sociale-lhabitat-sinquiete-premieres-repercutions-parc-social\/98453\/","url":"https:\/\/batijournal.com\/index.php\/apl-rls-lunion-sociale-lhabitat-sinquiete-premieres-repercutions-parc-social\/98453\/","name":"APL, RLS : l\u2019Union sociale pour l\u2019habitat s\u2019inqui\u00e8te des premi\u00e8res r\u00e9percutions dans le parc social","isPartOf":{"@id":"https:\/\/batijournal.com\/#website"},"primaryImageOfPage":{"@id":"https:\/\/batijournal.com\/index.php\/apl-rls-lunion-sociale-lhabitat-sinquiete-premieres-repercutions-parc-social\/98453\/#primaryimage"},"image":{"@id":"https:\/\/batijournal.com\/index.php\/apl-rls-lunion-sociale-lhabitat-sinquiete-premieres-repercutions-parc-social\/98453\/#primaryimage"},"thumbnailUrl":"https:\/\/batijournal.com\/wp-content\/uploads\/2017\/05\/chantier-batiment.jpg","datePublished":"2018-02-20T06:48:01+00:00","dateModified":"2019-07-15T10:03:45+00:00","author":{"@id":"https:\/\/batijournal.com\/#\/schema\/person\/1dc96ec6957aa1ccb25ebe78bb19f100"},"breadcrumb":{"@id":"https:\/\/batijournal.com\/index.php\/apl-rls-lunion-sociale-lhabitat-sinquiete-premieres-repercutions-parc-social\/98453\/#breadcrumb"},"inLanguage":"fr-FR","potentialAction":[{"@type":"ReadAction","target":["https:\/\/batijournal.com\/index.php\/apl-rls-lunion-sociale-lhabitat-sinquiete-premieres-repercutions-parc-social\/98453\/"]}]},{"@type":"ImageObject","inLanguage":"fr-FR","@id":"https:\/\/batijournal.com\/index.php\/apl-rls-lunion-sociale-lhabitat-sinquiete-premieres-repercutions-parc-social\/98453\/#primaryimage","url":"https:\/\/batijournal.com\/wp-content\/uploads\/2017\/05\/chantier-batiment.jpg","contentUrl":"https:\/\/batijournal.com\/wp-content\/uploads\/2017\/05\/chantier-batiment.jpg","width":1200,"height":676},{"@type":"BreadcrumbList","@id":"https:\/\/batijournal.com\/index.php\/apl-rls-lunion-sociale-lhabitat-sinquiete-premieres-repercutions-parc-social\/98453\/#breadcrumb","itemListElement":[{"@type":"ListItem","position":1,"name":"Accueil","item":"https:\/\/batijournal.com\/"},{"@type":"ListItem","position":2,"name":"Actualit\u00e9s","item":"https:\/\/batijournal.com\/index.php\/category\/actualites\/"},{"@type":"ListItem","position":3,"name":"APL, RLS : l\u2019Union sociale pour l\u2019habitat s\u2019inqui\u00e8te des premi\u00e8res r\u00e9percutions dans le parc social"}]},{"@type":"WebSite","@id":"https:\/\/batijournal.com\/#website","url":"https:\/\/batijournal.com\/","name":"Batijournal","description":"L&#039;actualit\u00e9 du b\u00e2timent","potentialAction":[{"@type":"SearchAction","target":{"@type":"EntryPoint","urlTemplate":"https:\/\/batijournal.com\/?s={search_term_string}"},"query-input":{"@type":"PropertyValueSpecification","valueRequired":true,"valueName":"search_term_string"}}],"inLanguage":"fr-FR"},{"@type":"Person","@id":"https:\/\/batijournal.com\/#\/schema\/person\/1dc96ec6957aa1ccb25ebe78bb19f100","name":"St\u00e9phane Miget","image":{"@type":"ImageObject","inLanguage":"fr-FR","@id":"https:\/\/secure.gravatar.com\/avatar\/89915563d925342126b8ef0281b93d9d7fc337043e8df017f780908eb9644451?s=96&d=mm&r=g","url":"https:\/\/secure.gravatar.com\/avatar\/89915563d925342126b8ef0281b93d9d7fc337043e8df017f780908eb9644451?s=96&d=mm&r=g","contentUrl":"https:\/\/secure.gravatar.com\/avatar\/89915563d925342126b8ef0281b93d9d7fc337043e8df017f780908eb9644451?s=96&d=mm&r=g","caption":"St\u00e9phane Miget"},"url":"https:\/\/batijournal.com\/index.php\/author\/stephane\/"}]}},"_links":{"self":[{"href":"https:\/\/batijournal.com\/index.php\/wp-json\/wp\/v2\/posts\/98453","targetHints":{"allow":["GET"]}}],"collection":[{"href":"https:\/\/batijournal.com\/index.php\/wp-json\/wp\/v2\/posts"}],"about":[{"href":"https:\/\/batijournal.com\/index.php\/wp-json\/wp\/v2\/types\/post"}],"author":[{"embeddable":true,"href":"https:\/\/batijournal.com\/index.php\/wp-json\/wp\/v2\/users\/17"}],"replies":[{"embeddable":true,"href":"https:\/\/batijournal.com\/index.php\/wp-json\/wp\/v2\/comments?post=98453"}],"version-history":[{"count":0,"href":"https:\/\/batijournal.com\/index.php\/wp-json\/wp\/v2\/posts\/98453\/revisions"}],"wp:featuredmedia":[{"embeddable":true,"href":"https:\/\/batijournal.com\/index.php\/wp-json\/wp\/v2\/media\/95957"}],"wp:attachment":[{"href":"https:\/\/batijournal.com\/index.php\/wp-json\/wp\/v2\/media?parent=98453"}],"wp:term":[{"taxonomy":"category","embeddable":true,"href":"https:\/\/batijournal.com\/index.php\/wp-json\/wp\/v2\/categories?post=98453"},{"taxonomy":"post_tag","embeddable":true,"href":"https:\/\/batijournal.com\/index.php\/wp-json\/wp\/v2\/tags?post=98453"}],"curies":[{"name":"wp","href":"https:\/\/api.w.org\/{rel}","templated":true}]}}