{"id":98461,"date":"2018-02-20T17:06:27","date_gmt":"2018-02-20T16:06:27","guid":{"rendered":"http:\/\/batijournal.com\/?p=98461"},"modified":"2019-07-15T12:07:09","modified_gmt":"2019-07-15T10:07:09","slug":"ecoles-nationales-superieures-darchitecture-dotees-dun-nouveau-statut","status":"publish","type":"post","link":"https:\/\/batijournal.com\/index.php\/ecoles-nationales-superieures-darchitecture-dotees-dun-nouveau-statut\/98461\/","title":{"rendered":"Les \u00c9coles nationales sup\u00e9rieures d\u2019architecture dot\u00e9es d&rsquo;un nouveau statut"},"content":{"rendered":"<p><strong>Le cadre de l\u2019enseignement sup\u00e9rieur et de la recherche des vingt \u00e9coles nationales sup\u00e9rieures d\u2019architecture (ENSA) subit des transformations significatives apr\u00e8s la publication de cinq d\u00e9crets. Ces textes prennent appui sur les dispositions de la loi du 7 juillet 2016 relative \u00e0 la libert\u00e9 de la cr\u00e9ation, \u00e0 l&rsquo;architecture et au patrimoine qui d\u00e9finit les missions des ENSA en mati\u00e8re de formation et de recherche dans les domaines de l\u2019architecture, du patrimoine, du paysage, de la ville et des territoires. Ils renforcent \u00e9galement la position des ENSA en tant qu&rsquo;acteurs territoriaux et nationaux des politiques publiques.<\/strong><\/p>\n<p>En 2018 , les ENSA modifieront la composition de leur conseil d\u2019administration, dont la pr\u00e9sidente ou le pr\u00e9sident sera \u00e9lu(e). Elles mettront en place des conseils p\u00e9dagogiques et scientifiques fond\u00e9s sur l\u2019\u00e9lection.\u00a0Parall\u00e8lement, un conseil national des enseignants-chercheurs des \u00e9coles d\u2019architecture (CNECEA) sera constitu\u00e9. Il proc\u00e9dera d\u00e8s cet automne \u00e0 la qualification nationale des futurs candidats aux fonctions de ma\u00eetres de conf\u00e9rences et de professeurs des ENSA.<\/p>\n<p>Au printemps 2019, sur la base de la qualification, les ENSA mettront en place des comit\u00e9s de s\u00e9lection pour proc\u00e9der aux recrutements correspondant \u00e0 leurs ambitions d\u2019ordre besoin p\u00e9dagogique, scientifique et professionnelle.\u00a0Pendant une p\u00e9riode de cinq ans, l\u2019acc\u00e8s des enseignants associ\u00e9s et contractuels aux corps d\u2019enseignants-chercheurs sera ainsi renforc\u00e9.<\/p>\n<p>Cette r\u00e9forme favorise les coop\u00e9rations de toute nature des entit\u00e9s d\u2019enseignement et de recherche, ainsi que les initiatives pour le d\u00e9veloppement de l\u2019\u00e9ducation artistique et culturelle.<\/p>\n<p>&nbsp;<\/p>\n<p><strong>Les cinq d\u00e9crets :<\/strong><\/p>\n<p>&#8211;\u00a0<a class=\"\" title=\"aux \u00e9coles nationales sup\u00e9rieures d\u2019architecture, \u00e9tablissements publics administratifs d\u2019enseignement et de recherche (nouvelle fen\u00eatre)\" href=\"https:\/\/www.legifrance.gouv.fr\/jo_pdf.do?id=JORFTEXT000036609053\" target=\"_blank\" rel=\"noopener noreferrer\">pour les \u00e9coles nationales sup\u00e9rieures d\u2019architecture, \u00e9tablissements publics administratifs d\u2019enseignement et de recherche<\/a>;<\/p>\n<p>&#8211;\u00a0<a class=\"\" title=\"aux corps de professeurs et de ma\u00eetres de conf\u00e9rences des \u00e9coles d\u2019architecture (nouvelle fen\u00eatre)\" href=\"https:\/\/www.legifrance.gouv.fr\/jo_pdf.do?id=JORFTEXT000036608725\" target=\"_blank\" rel=\"noopener noreferrer\">pour les corps de professeurs et de ma\u00eetres de conf\u00e9rences des \u00e9coles d\u2019architecture<\/a>;<\/p>\n<p>&#8211; \u00a0<a class=\"\" title=\"au conseil national des enseignants-chercheurs des \u00e9coles d\u2019architecture (nouvelle fen\u00eatre)\" href=\"https:\/\/www.legifrance.gouv.fr\/jo_pdf.do?id=JORFTEXT000036608949\" target=\"_blank\" rel=\"noopener noreferrer\">pour le conseil national des enseignants-chercheurs des \u00e9coles d\u2019architecture<\/a>;<\/p>\n<p>&#8211;\u00a0<a class=\"\" title=\"aux professeurs et ma\u00eetres de conf\u00e9rences associ\u00e9s et invit\u00e9s des \u00e9coles d\u2019architecture (nouvelle fen\u00eatre)\" href=\"https:\/\/www.legifrance.gouv.fr\/jo_pdf.do?id=JORFTEXT000036608981\" target=\"_blank\" rel=\"noopener noreferrer\">pour les professeurs et ma\u00eetres de conf\u00e9rences associ\u00e9s et invit\u00e9s des \u00e9coles d\u2019architecture<\/a>;<\/p>\n<p>&#8211;\u00a0<a class=\"\" title=\"aux conditions de recrutement des intervenants ext\u00e9rieurs (nouvelle fen\u00eatre)\" href=\"https:\/\/www.legifrance.gouv.fr\/jo_pdf.do?id=JORFTEXT000036609033\" target=\"_blank\" rel=\"noopener noreferrer\">pour les conditions de recrutement des intervenants ext\u00e9rieurs<\/a>.<\/p>\n","protected":false},"excerpt":{"rendered":"<p>Le cadre de l\u2019enseignement sup\u00e9rieur et de la recherche des vingt \u00e9coles nationales sup\u00e9rieures d\u2019architecture (ENSA) subit des transformations significatives apr\u00e8s la publication de cinq d\u00e9crets. Ces textes prennent appui sur les dispositions de la loi du 7 juillet 2016 relative \u00e0 la libert\u00e9 de la cr\u00e9ation, \u00e0 l&rsquo;architecture et au patrimoine qui d\u00e9finit les [&hellip;]<\/p>\n","protected":false},"author":17,"featured_media":86263,"comment_status":"closed","ping_status":"closed","sticky":false,"template":"","format":"standard","meta":{"_et_pb_use_builder":"","_et_pb_old_content":"","_et_gb_content_width":"","footnotes":""},"categories":[10530,6340,6345],"tags":[],"class_list":["post-98461","post","type-post","status-publish","format-standard","has-post-thumbnail","hentry","category-actualites","category-architecture-conception","category-economie-marches"],"yoast_head":"<!-- This site is optimized with the Yoast SEO plugin v27.4 - https:\/\/yoast.com\/product\/yoast-seo-wordpress\/ -->\n<title>Les \u00c9coles nationales sup\u00e9rieures d\u2019architecture dot\u00e9es d&#039;un nouveau statut<\/title>\n<meta name=\"robots\" content=\"index, follow, max-snippet:-1, max-image-preview:large, max-video-preview:-1\" \/>\n<link rel=\"canonical\" href=\"https:\/\/batijournal.com\/index.php\/ecoles-nationales-superieures-darchitecture-dotees-dun-nouveau-statut\/98461\/\" \/>\n<meta property=\"og:locale\" content=\"fr_FR\" \/>\n<meta property=\"og:type\" content=\"article\" \/>\n<meta property=\"og:title\" content=\"Les \u00c9coles nationales sup\u00e9rieures d\u2019architecture dot\u00e9es d&#039;un nouveau statut\" \/>\n<meta property=\"og:description\" content=\"Le cadre de l\u2019enseignement sup\u00e9rieur et de la recherche des vingt \u00e9coles nationales sup\u00e9rieures d\u2019architecture (ENSA) subit des transformations significatives apr\u00e8s la publication de cinq d\u00e9crets. Ces textes prennent appui sur les dispositions de la loi du 7 juillet 2016 relative \u00e0 la libert\u00e9 de la cr\u00e9ation, \u00e0 l&rsquo;architecture et au patrimoine qui d\u00e9finit les [&hellip;]\" \/>\n<meta property=\"og:url\" content=\"https:\/\/batijournal.com\/index.php\/ecoles-nationales-superieures-darchitecture-dotees-dun-nouveau-statut\/98461\/\" \/>\n<meta property=\"og:site_name\" content=\"Batijournal\" \/>\n<meta property=\"article:published_time\" content=\"2018-02-20T16:06:27+00:00\" \/>\n<meta property=\"article:modified_time\" content=\"2019-07-15T10:07:09+00:00\" \/>\n<meta property=\"og:image\" content=\"https:\/\/batijournal.com\/wp-content\/uploads\/2014\/10\/90942841-600x330.jpg\" \/>\n\t<meta property=\"og:image:width\" content=\"600\" \/>\n\t<meta property=\"og:image:height\" content=\"330\" \/>\n\t<meta property=\"og:image:type\" content=\"image\/jpeg\" \/>\n<meta name=\"author\" content=\"St\u00e9phane Miget\" \/>\n<meta name=\"twitter:card\" content=\"summary_large_image\" \/>\n<meta name=\"twitter:creator\" content=\"@bati_journal\" \/>\n<meta name=\"twitter:site\" content=\"@bati_journal\" \/>\n<meta name=\"twitter:label1\" content=\"\u00c9crit par\" \/>\n\t<meta name=\"twitter:data1\" content=\"St\u00e9phane Miget\" \/>\n\t<meta name=\"twitter:label2\" content=\"Dur\u00e9e de lecture estim\u00e9e\" \/>\n\t<meta name=\"twitter:data2\" content=\"2 minutes\" \/>\n<script type=\"application\/ld+json\" class=\"yoast-schema-graph\">{\"@context\":\"https:\\\/\\\/schema.org\",\"@graph\":[{\"@type\":\"Article\",\"@id\":\"https:\\\/\\\/batijournal.com\\\/index.php\\\/ecoles-nationales-superieures-darchitecture-dotees-dun-nouveau-statut\\\/98461\\\/#article\",\"isPartOf\":{\"@id\":\"https:\\\/\\\/batijournal.com\\\/index.php\\\/ecoles-nationales-superieures-darchitecture-dotees-dun-nouveau-statut\\\/98461\\\/\"},\"author\":{\"name\":\"St\u00e9phane Miget\",\"@id\":\"https:\\\/\\\/batijournal.com\\\/#\\\/schema\\\/person\\\/1dc96ec6957aa1ccb25ebe78bb19f100\"},\"headline\":\"Les \u00c9coles nationales sup\u00e9rieures d\u2019architecture dot\u00e9es d&rsquo;un nouveau statut\",\"datePublished\":\"2018-02-20T16:06:27+00:00\",\"dateModified\":\"2019-07-15T10:07:09+00:00\",\"mainEntityOfPage\":{\"@id\":\"https:\\\/\\\/batijournal.com\\\/index.php\\\/ecoles-nationales-superieures-darchitecture-dotees-dun-nouveau-statut\\\/98461\\\/\"},\"wordCount\":363,\"image\":{\"@id\":\"https:\\\/\\\/batijournal.com\\\/index.php\\\/ecoles-nationales-superieures-darchitecture-dotees-dun-nouveau-statut\\\/98461\\\/#primaryimage\"},\"thumbnailUrl\":\"https:\\\/\\\/batijournal.com\\\/wp-content\\\/uploads\\\/2014\\\/10\\\/90942841-600x330.jpg\",\"articleSection\":[\"Actualit\u00e9s\",\"Architecture &amp; Conception\",\"\u00c9conomie &amp; March\u00e9s\"],\"inLanguage\":\"fr-FR\"},{\"@type\":\"WebPage\",\"@id\":\"https:\\\/\\\/batijournal.com\\\/index.php\\\/ecoles-nationales-superieures-darchitecture-dotees-dun-nouveau-statut\\\/98461\\\/\",\"url\":\"https:\\\/\\\/batijournal.com\\\/index.php\\\/ecoles-nationales-superieures-darchitecture-dotees-dun-nouveau-statut\\\/98461\\\/\",\"name\":\"Les \u00c9coles nationales sup\u00e9rieures d\u2019architecture dot\u00e9es d'un nouveau statut\",\"isPartOf\":{\"@id\":\"https:\\\/\\\/batijournal.com\\\/#website\"},\"primaryImageOfPage\":{\"@id\":\"https:\\\/\\\/batijournal.com\\\/index.php\\\/ecoles-nationales-superieures-darchitecture-dotees-dun-nouveau-statut\\\/98461\\\/#primaryimage\"},\"image\":{\"@id\":\"https:\\\/\\\/batijournal.com\\\/index.php\\\/ecoles-nationales-superieures-darchitecture-dotees-dun-nouveau-statut\\\/98461\\\/#primaryimage\"},\"thumbnailUrl\":\"https:\\\/\\\/batijournal.com\\\/wp-content\\\/uploads\\\/2014\\\/10\\\/90942841-600x330.jpg\",\"datePublished\":\"2018-02-20T16:06:27+00:00\",\"dateModified\":\"2019-07-15T10:07:09+00:00\",\"author\":{\"@id\":\"https:\\\/\\\/batijournal.com\\\/#\\\/schema\\\/person\\\/1dc96ec6957aa1ccb25ebe78bb19f100\"},\"breadcrumb\":{\"@id\":\"https:\\\/\\\/batijournal.com\\\/index.php\\\/ecoles-nationales-superieures-darchitecture-dotees-dun-nouveau-statut\\\/98461\\\/#breadcrumb\"},\"inLanguage\":\"fr-FR\",\"potentialAction\":[{\"@type\":\"ReadAction\",\"target\":[\"https:\\\/\\\/batijournal.com\\\/index.php\\\/ecoles-nationales-superieures-darchitecture-dotees-dun-nouveau-statut\\\/98461\\\/\"]}]},{\"@type\":\"ImageObject\",\"inLanguage\":\"fr-FR\",\"@id\":\"https:\\\/\\\/batijournal.com\\\/index.php\\\/ecoles-nationales-superieures-darchitecture-dotees-dun-nouveau-statut\\\/98461\\\/#primaryimage\",\"url\":\"https:\\\/\\\/batijournal.com\\\/wp-content\\\/uploads\\\/2014\\\/10\\\/90942841-600x330.jpg\",\"contentUrl\":\"https:\\\/\\\/batijournal.com\\\/wp-content\\\/uploads\\\/2014\\\/10\\\/90942841-600x330.jpg\",\"width\":600,\"height\":330,\"caption\":\"architecture aluminium\"},{\"@type\":\"BreadcrumbList\",\"@id\":\"https:\\\/\\\/batijournal.com\\\/index.php\\\/ecoles-nationales-superieures-darchitecture-dotees-dun-nouveau-statut\\\/98461\\\/#breadcrumb\",\"itemListElement\":[{\"@type\":\"ListItem\",\"position\":1,\"name\":\"Accueil\",\"item\":\"https:\\\/\\\/batijournal.com\\\/\"},{\"@type\":\"ListItem\",\"position\":2,\"name\":\"Actualit\u00e9s\",\"item\":\"https:\\\/\\\/batijournal.com\\\/index.php\\\/category\\\/actualites\\\/\"},{\"@type\":\"ListItem\",\"position\":3,\"name\":\"Les \u00c9coles nationales sup\u00e9rieures d\u2019architecture dot\u00e9es d&rsquo;un nouveau statut\"}]},{\"@type\":\"WebSite\",\"@id\":\"https:\\\/\\\/batijournal.com\\\/#website\",\"url\":\"https:\\\/\\\/batijournal.com\\\/\",\"name\":\"Batijournal\",\"description\":\"L&#039;actualit\u00e9 du b\u00e2timent\",\"potentialAction\":[{\"@type\":\"SearchAction\",\"target\":{\"@type\":\"EntryPoint\",\"urlTemplate\":\"https:\\\/\\\/batijournal.com\\\/?s={search_term_string}\"},\"query-input\":{\"@type\":\"PropertyValueSpecification\",\"valueRequired\":true,\"valueName\":\"search_term_string\"}}],\"inLanguage\":\"fr-FR\"},{\"@type\":\"Person\",\"@id\":\"https:\\\/\\\/batijournal.com\\\/#\\\/schema\\\/person\\\/1dc96ec6957aa1ccb25ebe78bb19f100\",\"name\":\"St\u00e9phane Miget\",\"image\":{\"@type\":\"ImageObject\",\"inLanguage\":\"fr-FR\",\"@id\":\"https:\\\/\\\/secure.gravatar.com\\\/avatar\\\/89915563d925342126b8ef0281b93d9d7fc337043e8df017f780908eb9644451?s=96&d=mm&r=g\",\"url\":\"https:\\\/\\\/secure.gravatar.com\\\/avatar\\\/89915563d925342126b8ef0281b93d9d7fc337043e8df017f780908eb9644451?s=96&d=mm&r=g\",\"contentUrl\":\"https:\\\/\\\/secure.gravatar.com\\\/avatar\\\/89915563d925342126b8ef0281b93d9d7fc337043e8df017f780908eb9644451?s=96&d=mm&r=g\",\"caption\":\"St\u00e9phane Miget\"},\"url\":\"https:\\\/\\\/batijournal.com\\\/index.php\\\/author\\\/stephane\\\/\"}]}<\/script>\n<!-- \/ Yoast SEO plugin. -->","yoast_head_json":{"title":"Les \u00c9coles nationales sup\u00e9rieures d\u2019architecture dot\u00e9es d'un nouveau statut","robots":{"index":"index","follow":"follow","max-snippet":"max-snippet:-1","max-image-preview":"max-image-preview:large","max-video-preview":"max-video-preview:-1"},"canonical":"https:\/\/batijournal.com\/index.php\/ecoles-nationales-superieures-darchitecture-dotees-dun-nouveau-statut\/98461\/","og_locale":"fr_FR","og_type":"article","og_title":"Les \u00c9coles nationales sup\u00e9rieures d\u2019architecture dot\u00e9es d'un nouveau statut","og_description":"Le cadre de l\u2019enseignement sup\u00e9rieur et de la recherche des vingt \u00e9coles nationales sup\u00e9rieures d\u2019architecture (ENSA) subit des transformations significatives apr\u00e8s la publication de cinq d\u00e9crets. Ces textes prennent appui sur les dispositions de la loi du 7 juillet 2016 relative \u00e0 la libert\u00e9 de la cr\u00e9ation, \u00e0 l&rsquo;architecture et au patrimoine qui d\u00e9finit les [&hellip;]","og_url":"https:\/\/batijournal.com\/index.php\/ecoles-nationales-superieures-darchitecture-dotees-dun-nouveau-statut\/98461\/","og_site_name":"Batijournal","article_published_time":"2018-02-20T16:06:27+00:00","article_modified_time":"2019-07-15T10:07:09+00:00","og_image":[{"width":600,"height":330,"url":"https:\/\/batijournal.com\/wp-content\/uploads\/2014\/10\/90942841-600x330.jpg","type":"image\/jpeg"}],"author":"St\u00e9phane Miget","twitter_card":"summary_large_image","twitter_creator":"@bati_journal","twitter_site":"@bati_journal","twitter_misc":{"\u00c9crit par":"St\u00e9phane Miget","Dur\u00e9e de lecture estim\u00e9e":"2 minutes"},"schema":{"@context":"https:\/\/schema.org","@graph":[{"@type":"Article","@id":"https:\/\/batijournal.com\/index.php\/ecoles-nationales-superieures-darchitecture-dotees-dun-nouveau-statut\/98461\/#article","isPartOf":{"@id":"https:\/\/batijournal.com\/index.php\/ecoles-nationales-superieures-darchitecture-dotees-dun-nouveau-statut\/98461\/"},"author":{"name":"St\u00e9phane Miget","@id":"https:\/\/batijournal.com\/#\/schema\/person\/1dc96ec6957aa1ccb25ebe78bb19f100"},"headline":"Les \u00c9coles nationales sup\u00e9rieures d\u2019architecture dot\u00e9es d&rsquo;un nouveau statut","datePublished":"2018-02-20T16:06:27+00:00","dateModified":"2019-07-15T10:07:09+00:00","mainEntityOfPage":{"@id":"https:\/\/batijournal.com\/index.php\/ecoles-nationales-superieures-darchitecture-dotees-dun-nouveau-statut\/98461\/"},"wordCount":363,"image":{"@id":"https:\/\/batijournal.com\/index.php\/ecoles-nationales-superieures-darchitecture-dotees-dun-nouveau-statut\/98461\/#primaryimage"},"thumbnailUrl":"https:\/\/batijournal.com\/wp-content\/uploads\/2014\/10\/90942841-600x330.jpg","articleSection":["Actualit\u00e9s","Architecture &amp; Conception","\u00c9conomie &amp; March\u00e9s"],"inLanguage":"fr-FR"},{"@type":"WebPage","@id":"https:\/\/batijournal.com\/index.php\/ecoles-nationales-superieures-darchitecture-dotees-dun-nouveau-statut\/98461\/","url":"https:\/\/batijournal.com\/index.php\/ecoles-nationales-superieures-darchitecture-dotees-dun-nouveau-statut\/98461\/","name":"Les \u00c9coles nationales sup\u00e9rieures d\u2019architecture dot\u00e9es d'un nouveau statut","isPartOf":{"@id":"https:\/\/batijournal.com\/#website"},"primaryImageOfPage":{"@id":"https:\/\/batijournal.com\/index.php\/ecoles-nationales-superieures-darchitecture-dotees-dun-nouveau-statut\/98461\/#primaryimage"},"image":{"@id":"https:\/\/batijournal.com\/index.php\/ecoles-nationales-superieures-darchitecture-dotees-dun-nouveau-statut\/98461\/#primaryimage"},"thumbnailUrl":"https:\/\/batijournal.com\/wp-content\/uploads\/2014\/10\/90942841-600x330.jpg","datePublished":"2018-02-20T16:06:27+00:00","dateModified":"2019-07-15T10:07:09+00:00","author":{"@id":"https:\/\/batijournal.com\/#\/schema\/person\/1dc96ec6957aa1ccb25ebe78bb19f100"},"breadcrumb":{"@id":"https:\/\/batijournal.com\/index.php\/ecoles-nationales-superieures-darchitecture-dotees-dun-nouveau-statut\/98461\/#breadcrumb"},"inLanguage":"fr-FR","potentialAction":[{"@type":"ReadAction","target":["https:\/\/batijournal.com\/index.php\/ecoles-nationales-superieures-darchitecture-dotees-dun-nouveau-statut\/98461\/"]}]},{"@type":"ImageObject","inLanguage":"fr-FR","@id":"https:\/\/batijournal.com\/index.php\/ecoles-nationales-superieures-darchitecture-dotees-dun-nouveau-statut\/98461\/#primaryimage","url":"https:\/\/batijournal.com\/wp-content\/uploads\/2014\/10\/90942841-600x330.jpg","contentUrl":"https:\/\/batijournal.com\/wp-content\/uploads\/2014\/10\/90942841-600x330.jpg","width":600,"height":330,"caption":"architecture aluminium"},{"@type":"BreadcrumbList","@id":"https:\/\/batijournal.com\/index.php\/ecoles-nationales-superieures-darchitecture-dotees-dun-nouveau-statut\/98461\/#breadcrumb","itemListElement":[{"@type":"ListItem","position":1,"name":"Accueil","item":"https:\/\/batijournal.com\/"},{"@type":"ListItem","position":2,"name":"Actualit\u00e9s","item":"https:\/\/batijournal.com\/index.php\/category\/actualites\/"},{"@type":"ListItem","position":3,"name":"Les \u00c9coles nationales sup\u00e9rieures d\u2019architecture dot\u00e9es d&rsquo;un nouveau statut"}]},{"@type":"WebSite","@id":"https:\/\/batijournal.com\/#website","url":"https:\/\/batijournal.com\/","name":"Batijournal","description":"L&#039;actualit\u00e9 du b\u00e2timent","potentialAction":[{"@type":"SearchAction","target":{"@type":"EntryPoint","urlTemplate":"https:\/\/batijournal.com\/?s={search_term_string}"},"query-input":{"@type":"PropertyValueSpecification","valueRequired":true,"valueName":"search_term_string"}}],"inLanguage":"fr-FR"},{"@type":"Person","@id":"https:\/\/batijournal.com\/#\/schema\/person\/1dc96ec6957aa1ccb25ebe78bb19f100","name":"St\u00e9phane Miget","image":{"@type":"ImageObject","inLanguage":"fr-FR","@id":"https:\/\/secure.gravatar.com\/avatar\/89915563d925342126b8ef0281b93d9d7fc337043e8df017f780908eb9644451?s=96&d=mm&r=g","url":"https:\/\/secure.gravatar.com\/avatar\/89915563d925342126b8ef0281b93d9d7fc337043e8df017f780908eb9644451?s=96&d=mm&r=g","contentUrl":"https:\/\/secure.gravatar.com\/avatar\/89915563d925342126b8ef0281b93d9d7fc337043e8df017f780908eb9644451?s=96&d=mm&r=g","caption":"St\u00e9phane Miget"},"url":"https:\/\/batijournal.com\/index.php\/author\/stephane\/"}]}},"_links":{"self":[{"href":"https:\/\/batijournal.com\/index.php\/wp-json\/wp\/v2\/posts\/98461","targetHints":{"allow":["GET"]}}],"collection":[{"href":"https:\/\/batijournal.com\/index.php\/wp-json\/wp\/v2\/posts"}],"about":[{"href":"https:\/\/batijournal.com\/index.php\/wp-json\/wp\/v2\/types\/post"}],"author":[{"embeddable":true,"href":"https:\/\/batijournal.com\/index.php\/wp-json\/wp\/v2\/users\/17"}],"replies":[{"embeddable":true,"href":"https:\/\/batijournal.com\/index.php\/wp-json\/wp\/v2\/comments?post=98461"}],"version-history":[{"count":0,"href":"https:\/\/batijournal.com\/index.php\/wp-json\/wp\/v2\/posts\/98461\/revisions"}],"wp:featuredmedia":[{"embeddable":true,"href":"https:\/\/batijournal.com\/index.php\/wp-json\/wp\/v2\/media\/86263"}],"wp:attachment":[{"href":"https:\/\/batijournal.com\/index.php\/wp-json\/wp\/v2\/media?parent=98461"}],"wp:term":[{"taxonomy":"category","embeddable":true,"href":"https:\/\/batijournal.com\/index.php\/wp-json\/wp\/v2\/categories?post=98461"},{"taxonomy":"post_tag","embeddable":true,"href":"https:\/\/batijournal.com\/index.php\/wp-json\/wp\/v2\/tags?post=98461"}],"curies":[{"name":"wp","href":"https:\/\/api.w.org\/{rel}","templated":true}]}}