{"id":98462,"date":"2018-02-20T18:17:03","date_gmt":"2018-02-20T17:17:03","guid":{"rendered":"http:\/\/batijournal.com\/?p=98462"},"modified":"2019-07-15T11:15:14","modified_gmt":"2019-07-15T09:15:14","slug":"apres-visite-virtuelle-de-cathedrale-saint-jean-de-lyon-a-5-ans-decart","status":"publish","type":"post","link":"https:\/\/batijournal.com\/index.php\/apres-visite-virtuelle-de-cathedrale-saint-jean-de-lyon-a-5-ans-decart\/98462\/","title":{"rendered":"Avant \/ apr\u00e8s : visite virtuelle de la cath\u00e9drale Saint-Jean de Lyon \u00e0 5 ans d&rsquo;\u00e9cart"},"content":{"rendered":"<p>La cath\u00e9drale Saint-Jean de Lyon fait l&rsquo;objet d&rsquo;un long chantier de restauration men\u00e9, d&rsquo;abord sous la ma\u00eetrise d\u2019\u0153uvre de Didier Repellin, puis de Fran\u00e7ois Botton, architectes en chef des monuments historiques. La restauration des fa\u00e7ades ext\u00e9rieures s&rsquo;est achev\u00e9e en octobre 2011. Les travaux sur les espaces int\u00e9rieurs, d\u00e9but\u00e9s en 2012 par le ch\u0153ur, se sont poursuivis par le transept. En 2014 ont commenc\u00e9 les travaux de restauration de la nef. La premi\u00e8re trav\u00e9e a \u00e9t\u00e9 achev\u00e9e en 2017, et les travaux vont se continuer dans les trois trav\u00e9es suivantes, puis les bas-c\u00f4t\u00e9s et les chapelles lat\u00e9rales. Parall\u00e8lement, le mobilier de la cath\u00e9drale s\u2019est modernis\u00e9. La designer fran\u00e7aise Andr\u00e9e Putman a dessin\u00e9 de nouveaux luminaires, install\u00e9s en 2007 dans les grandes arcades, et un ambon install\u00e9 en d\u00e9cembre 2015. De nouveaux vitraux ont \u00e9t\u00e9 install\u00e9s dans les baies hautes du transept suite \u00e0 un concours lanc\u00e9 en 2013. L\u2019orgue dit \u00ab Bossan \u00bb, construit par Daublaine en 1841 et install\u00e9 en 1936 dans le transept sud, a \u00e9t\u00e9 d\u00e9mont\u00e9 et sera r\u00e9install\u00e9 dans la premi\u00e8re trav\u00e9e de la nef. Une toute nouvelle visite virtuelle permet de comparer l&rsquo;\u00e9tat avant et apr\u00e8s restauration des int\u00e9rieurs de la primatiale. Elle permet de rendre compte de fa\u00e7on spectaculaire de l\u2019\u00e9tat de l\u2019\u00e9difice apr\u00e8s restauration et de comparer en un clic l\u2019\u00e9tat avant apr\u00e8s. Noircies et difficilement lisibles, les parois et les vo\u00fbtes de la cath\u00e9drale retrouvent progressivement tout leur \u00e9clat, marqu\u00e9 par une polychromie souvent ancienne et devenue invisible au fil des ans.<\/p>\n<p><a href=\"http:\/\/www.visitesvirtuelles-lyon.com\/cathedraleStJean\/\" target=\"_blank\" rel=\"noopener noreferrer\">http:\/\/www.visitesvirtuelles-lyon.com\/cathedraleStJean\/<\/a><\/p>\n<p>&nbsp;<\/p>\n","protected":false},"excerpt":{"rendered":"<p>La cath\u00e9drale Saint-Jean de Lyon fait l&rsquo;objet d&rsquo;un long chantier de restauration men\u00e9, d&rsquo;abord sous la ma\u00eetrise d\u2019\u0153uvre de Didier Repellin, puis de Fran\u00e7ois Botton, architectes en chef des monuments historiques. La restauration des fa\u00e7ades ext\u00e9rieures s&rsquo;est achev\u00e9e en octobre 2011. Les travaux sur les espaces int\u00e9rieurs, d\u00e9but\u00e9s en 2012 par le ch\u0153ur, se sont [&hellip;]<\/p>\n","protected":false},"author":17,"featured_media":98464,"comment_status":"closed","ping_status":"closed","sticky":false,"template":"","format":"standard","meta":{"_et_pb_use_builder":"","_et_pb_old_content":"","_et_gb_content_width":"","footnotes":""},"categories":[10530,6340,10785],"tags":[7202],"class_list":["post-98462","post","type-post","status-publish","format-standard","has-post-thumbnail","hentry","category-actualites","category-architecture-conception","category-atrium","tag-restauration-du-patrimoine"],"yoast_head":"<!-- This site is optimized with the Yoast SEO plugin v27.4 - https:\/\/yoast.com\/product\/yoast-seo-wordpress\/ -->\n<title>Avant \/ apr\u00e8s : visite virtuelle de la cath\u00e9drale Saint-Jean de Lyon \u00e0 5 ans d&#039;\u00e9cart<\/title>\n<meta name=\"robots\" content=\"index, follow, max-snippet:-1, max-image-preview:large, max-video-preview:-1\" \/>\n<link rel=\"canonical\" href=\"https:\/\/batijournal.com\/index.php\/apres-visite-virtuelle-de-cathedrale-saint-jean-de-lyon-a-5-ans-decart\/98462\/\" \/>\n<meta property=\"og:locale\" content=\"fr_FR\" \/>\n<meta property=\"og:type\" content=\"article\" \/>\n<meta property=\"og:title\" content=\"Avant \/ apr\u00e8s : visite virtuelle de la cath\u00e9drale Saint-Jean de Lyon \u00e0 5 ans d&#039;\u00e9cart\" \/>\n<meta property=\"og:description\" content=\"La cath\u00e9drale Saint-Jean de Lyon fait l&rsquo;objet d&rsquo;un long chantier de restauration men\u00e9, d&rsquo;abord sous la ma\u00eetrise d\u2019\u0153uvre de Didier Repellin, puis de Fran\u00e7ois Botton, architectes en chef des monuments historiques. La restauration des fa\u00e7ades ext\u00e9rieures s&rsquo;est achev\u00e9e en octobre 2011. Les travaux sur les espaces int\u00e9rieurs, d\u00e9but\u00e9s en 2012 par le ch\u0153ur, se sont [&hellip;]\" \/>\n<meta property=\"og:url\" content=\"https:\/\/batijournal.com\/index.php\/apres-visite-virtuelle-de-cathedrale-saint-jean-de-lyon-a-5-ans-decart\/98462\/\" \/>\n<meta property=\"og:site_name\" content=\"Batijournal\" \/>\n<meta property=\"article:published_time\" content=\"2018-02-20T17:17:03+00:00\" \/>\n<meta property=\"article:modified_time\" content=\"2019-07-15T09:15:14+00:00\" \/>\n<meta property=\"og:image\" content=\"https:\/\/batijournal.com\/wp-content\/uploads\/2018\/02\/visite-virtuelle-cathedrale-lyon.png\" \/>\n\t<meta property=\"og:image:width\" content=\"1322\" \/>\n\t<meta property=\"og:image:height\" content=\"707\" \/>\n\t<meta property=\"og:image:type\" content=\"image\/png\" \/>\n<meta name=\"author\" content=\"St\u00e9phane Miget\" \/>\n<meta name=\"twitter:card\" content=\"summary_large_image\" \/>\n<meta name=\"twitter:creator\" content=\"@bati_journal\" \/>\n<meta name=\"twitter:site\" content=\"@bati_journal\" \/>\n<meta name=\"twitter:label1\" content=\"\u00c9crit par\" \/>\n\t<meta name=\"twitter:data1\" content=\"St\u00e9phane Miget\" \/>\n\t<meta name=\"twitter:label2\" content=\"Dur\u00e9e de lecture estim\u00e9e\" \/>\n\t<meta name=\"twitter:data2\" content=\"1 minute\" \/>\n<script type=\"application\/ld+json\" class=\"yoast-schema-graph\">{\"@context\":\"https:\\\/\\\/schema.org\",\"@graph\":[{\"@type\":\"Article\",\"@id\":\"https:\\\/\\\/batijournal.com\\\/index.php\\\/apres-visite-virtuelle-de-cathedrale-saint-jean-de-lyon-a-5-ans-decart\\\/98462\\\/#article\",\"isPartOf\":{\"@id\":\"https:\\\/\\\/batijournal.com\\\/index.php\\\/apres-visite-virtuelle-de-cathedrale-saint-jean-de-lyon-a-5-ans-decart\\\/98462\\\/\"},\"author\":{\"name\":\"St\u00e9phane Miget\",\"@id\":\"https:\\\/\\\/batijournal.com\\\/#\\\/schema\\\/person\\\/1dc96ec6957aa1ccb25ebe78bb19f100\"},\"headline\":\"Avant \\\/ apr\u00e8s : visite virtuelle de la cath\u00e9drale Saint-Jean de Lyon \u00e0 5 ans d&rsquo;\u00e9cart\",\"datePublished\":\"2018-02-20T17:17:03+00:00\",\"dateModified\":\"2019-07-15T09:15:14+00:00\",\"mainEntityOfPage\":{\"@id\":\"https:\\\/\\\/batijournal.com\\\/index.php\\\/apres-visite-virtuelle-de-cathedrale-saint-jean-de-lyon-a-5-ans-decart\\\/98462\\\/\"},\"wordCount\":304,\"image\":{\"@id\":\"https:\\\/\\\/batijournal.com\\\/index.php\\\/apres-visite-virtuelle-de-cathedrale-saint-jean-de-lyon-a-5-ans-decart\\\/98462\\\/#primaryimage\"},\"thumbnailUrl\":\"https:\\\/\\\/batijournal.com\\\/wp-content\\\/uploads\\\/2018\\\/02\\\/visite-virtuelle-cathedrale-lyon.png\",\"keywords\":[\"restauration du patrimoine\"],\"articleSection\":[\"Actualit\u00e9s\",\"Architecture &amp; Conception\",\"zz_Atrium Patrimoine\"],\"inLanguage\":\"fr-FR\"},{\"@type\":\"WebPage\",\"@id\":\"https:\\\/\\\/batijournal.com\\\/index.php\\\/apres-visite-virtuelle-de-cathedrale-saint-jean-de-lyon-a-5-ans-decart\\\/98462\\\/\",\"url\":\"https:\\\/\\\/batijournal.com\\\/index.php\\\/apres-visite-virtuelle-de-cathedrale-saint-jean-de-lyon-a-5-ans-decart\\\/98462\\\/\",\"name\":\"Avant \\\/ apr\u00e8s : visite virtuelle de la cath\u00e9drale Saint-Jean de Lyon \u00e0 5 ans d'\u00e9cart\",\"isPartOf\":{\"@id\":\"https:\\\/\\\/batijournal.com\\\/#website\"},\"primaryImageOfPage\":{\"@id\":\"https:\\\/\\\/batijournal.com\\\/index.php\\\/apres-visite-virtuelle-de-cathedrale-saint-jean-de-lyon-a-5-ans-decart\\\/98462\\\/#primaryimage\"},\"image\":{\"@id\":\"https:\\\/\\\/batijournal.com\\\/index.php\\\/apres-visite-virtuelle-de-cathedrale-saint-jean-de-lyon-a-5-ans-decart\\\/98462\\\/#primaryimage\"},\"thumbnailUrl\":\"https:\\\/\\\/batijournal.com\\\/wp-content\\\/uploads\\\/2018\\\/02\\\/visite-virtuelle-cathedrale-lyon.png\",\"datePublished\":\"2018-02-20T17:17:03+00:00\",\"dateModified\":\"2019-07-15T09:15:14+00:00\",\"author\":{\"@id\":\"https:\\\/\\\/batijournal.com\\\/#\\\/schema\\\/person\\\/1dc96ec6957aa1ccb25ebe78bb19f100\"},\"breadcrumb\":{\"@id\":\"https:\\\/\\\/batijournal.com\\\/index.php\\\/apres-visite-virtuelle-de-cathedrale-saint-jean-de-lyon-a-5-ans-decart\\\/98462\\\/#breadcrumb\"},\"inLanguage\":\"fr-FR\",\"potentialAction\":[{\"@type\":\"ReadAction\",\"target\":[\"https:\\\/\\\/batijournal.com\\\/index.php\\\/apres-visite-virtuelle-de-cathedrale-saint-jean-de-lyon-a-5-ans-decart\\\/98462\\\/\"]}]},{\"@type\":\"ImageObject\",\"inLanguage\":\"fr-FR\",\"@id\":\"https:\\\/\\\/batijournal.com\\\/index.php\\\/apres-visite-virtuelle-de-cathedrale-saint-jean-de-lyon-a-5-ans-decart\\\/98462\\\/#primaryimage\",\"url\":\"https:\\\/\\\/batijournal.com\\\/wp-content\\\/uploads\\\/2018\\\/02\\\/visite-virtuelle-cathedrale-lyon.png\",\"contentUrl\":\"https:\\\/\\\/batijournal.com\\\/wp-content\\\/uploads\\\/2018\\\/02\\\/visite-virtuelle-cathedrale-lyon.png\",\"width\":1322,\"height\":707},{\"@type\":\"BreadcrumbList\",\"@id\":\"https:\\\/\\\/batijournal.com\\\/index.php\\\/apres-visite-virtuelle-de-cathedrale-saint-jean-de-lyon-a-5-ans-decart\\\/98462\\\/#breadcrumb\",\"itemListElement\":[{\"@type\":\"ListItem\",\"position\":1,\"name\":\"Accueil\",\"item\":\"https:\\\/\\\/batijournal.com\\\/\"},{\"@type\":\"ListItem\",\"position\":2,\"name\":\"Actualit\u00e9s\",\"item\":\"https:\\\/\\\/batijournal.com\\\/index.php\\\/category\\\/actualites\\\/\"},{\"@type\":\"ListItem\",\"position\":3,\"name\":\"Avant \\\/ apr\u00e8s : visite virtuelle de la cath\u00e9drale Saint-Jean de Lyon \u00e0 5 ans d&rsquo;\u00e9cart\"}]},{\"@type\":\"WebSite\",\"@id\":\"https:\\\/\\\/batijournal.com\\\/#website\",\"url\":\"https:\\\/\\\/batijournal.com\\\/\",\"name\":\"Batijournal\",\"description\":\"L&#039;actualit\u00e9 du b\u00e2timent\",\"potentialAction\":[{\"@type\":\"SearchAction\",\"target\":{\"@type\":\"EntryPoint\",\"urlTemplate\":\"https:\\\/\\\/batijournal.com\\\/?s={search_term_string}\"},\"query-input\":{\"@type\":\"PropertyValueSpecification\",\"valueRequired\":true,\"valueName\":\"search_term_string\"}}],\"inLanguage\":\"fr-FR\"},{\"@type\":\"Person\",\"@id\":\"https:\\\/\\\/batijournal.com\\\/#\\\/schema\\\/person\\\/1dc96ec6957aa1ccb25ebe78bb19f100\",\"name\":\"St\u00e9phane Miget\",\"image\":{\"@type\":\"ImageObject\",\"inLanguage\":\"fr-FR\",\"@id\":\"https:\\\/\\\/secure.gravatar.com\\\/avatar\\\/89915563d925342126b8ef0281b93d9d7fc337043e8df017f780908eb9644451?s=96&d=mm&r=g\",\"url\":\"https:\\\/\\\/secure.gravatar.com\\\/avatar\\\/89915563d925342126b8ef0281b93d9d7fc337043e8df017f780908eb9644451?s=96&d=mm&r=g\",\"contentUrl\":\"https:\\\/\\\/secure.gravatar.com\\\/avatar\\\/89915563d925342126b8ef0281b93d9d7fc337043e8df017f780908eb9644451?s=96&d=mm&r=g\",\"caption\":\"St\u00e9phane Miget\"},\"url\":\"https:\\\/\\\/batijournal.com\\\/index.php\\\/author\\\/stephane\\\/\"}]}<\/script>\n<!-- \/ Yoast SEO plugin. -->","yoast_head_json":{"title":"Avant \/ apr\u00e8s : visite virtuelle de la cath\u00e9drale Saint-Jean de Lyon \u00e0 5 ans d'\u00e9cart","robots":{"index":"index","follow":"follow","max-snippet":"max-snippet:-1","max-image-preview":"max-image-preview:large","max-video-preview":"max-video-preview:-1"},"canonical":"https:\/\/batijournal.com\/index.php\/apres-visite-virtuelle-de-cathedrale-saint-jean-de-lyon-a-5-ans-decart\/98462\/","og_locale":"fr_FR","og_type":"article","og_title":"Avant \/ apr\u00e8s : visite virtuelle de la cath\u00e9drale Saint-Jean de Lyon \u00e0 5 ans d'\u00e9cart","og_description":"La cath\u00e9drale Saint-Jean de Lyon fait l&rsquo;objet d&rsquo;un long chantier de restauration men\u00e9, d&rsquo;abord sous la ma\u00eetrise d\u2019\u0153uvre de Didier Repellin, puis de Fran\u00e7ois Botton, architectes en chef des monuments historiques. La restauration des fa\u00e7ades ext\u00e9rieures s&rsquo;est achev\u00e9e en octobre 2011. Les travaux sur les espaces int\u00e9rieurs, d\u00e9but\u00e9s en 2012 par le ch\u0153ur, se sont [&hellip;]","og_url":"https:\/\/batijournal.com\/index.php\/apres-visite-virtuelle-de-cathedrale-saint-jean-de-lyon-a-5-ans-decart\/98462\/","og_site_name":"Batijournal","article_published_time":"2018-02-20T17:17:03+00:00","article_modified_time":"2019-07-15T09:15:14+00:00","og_image":[{"width":1322,"height":707,"url":"https:\/\/batijournal.com\/wp-content\/uploads\/2018\/02\/visite-virtuelle-cathedrale-lyon.png","type":"image\/png"}],"author":"St\u00e9phane Miget","twitter_card":"summary_large_image","twitter_creator":"@bati_journal","twitter_site":"@bati_journal","twitter_misc":{"\u00c9crit par":"St\u00e9phane Miget","Dur\u00e9e de lecture estim\u00e9e":"1 minute"},"schema":{"@context":"https:\/\/schema.org","@graph":[{"@type":"Article","@id":"https:\/\/batijournal.com\/index.php\/apres-visite-virtuelle-de-cathedrale-saint-jean-de-lyon-a-5-ans-decart\/98462\/#article","isPartOf":{"@id":"https:\/\/batijournal.com\/index.php\/apres-visite-virtuelle-de-cathedrale-saint-jean-de-lyon-a-5-ans-decart\/98462\/"},"author":{"name":"St\u00e9phane Miget","@id":"https:\/\/batijournal.com\/#\/schema\/person\/1dc96ec6957aa1ccb25ebe78bb19f100"},"headline":"Avant \/ apr\u00e8s : visite virtuelle de la cath\u00e9drale Saint-Jean de Lyon \u00e0 5 ans d&rsquo;\u00e9cart","datePublished":"2018-02-20T17:17:03+00:00","dateModified":"2019-07-15T09:15:14+00:00","mainEntityOfPage":{"@id":"https:\/\/batijournal.com\/index.php\/apres-visite-virtuelle-de-cathedrale-saint-jean-de-lyon-a-5-ans-decart\/98462\/"},"wordCount":304,"image":{"@id":"https:\/\/batijournal.com\/index.php\/apres-visite-virtuelle-de-cathedrale-saint-jean-de-lyon-a-5-ans-decart\/98462\/#primaryimage"},"thumbnailUrl":"https:\/\/batijournal.com\/wp-content\/uploads\/2018\/02\/visite-virtuelle-cathedrale-lyon.png","keywords":["restauration du patrimoine"],"articleSection":["Actualit\u00e9s","Architecture &amp; Conception","zz_Atrium Patrimoine"],"inLanguage":"fr-FR"},{"@type":"WebPage","@id":"https:\/\/batijournal.com\/index.php\/apres-visite-virtuelle-de-cathedrale-saint-jean-de-lyon-a-5-ans-decart\/98462\/","url":"https:\/\/batijournal.com\/index.php\/apres-visite-virtuelle-de-cathedrale-saint-jean-de-lyon-a-5-ans-decart\/98462\/","name":"Avant \/ apr\u00e8s : visite virtuelle de la cath\u00e9drale Saint-Jean de Lyon \u00e0 5 ans d'\u00e9cart","isPartOf":{"@id":"https:\/\/batijournal.com\/#website"},"primaryImageOfPage":{"@id":"https:\/\/batijournal.com\/index.php\/apres-visite-virtuelle-de-cathedrale-saint-jean-de-lyon-a-5-ans-decart\/98462\/#primaryimage"},"image":{"@id":"https:\/\/batijournal.com\/index.php\/apres-visite-virtuelle-de-cathedrale-saint-jean-de-lyon-a-5-ans-decart\/98462\/#primaryimage"},"thumbnailUrl":"https:\/\/batijournal.com\/wp-content\/uploads\/2018\/02\/visite-virtuelle-cathedrale-lyon.png","datePublished":"2018-02-20T17:17:03+00:00","dateModified":"2019-07-15T09:15:14+00:00","author":{"@id":"https:\/\/batijournal.com\/#\/schema\/person\/1dc96ec6957aa1ccb25ebe78bb19f100"},"breadcrumb":{"@id":"https:\/\/batijournal.com\/index.php\/apres-visite-virtuelle-de-cathedrale-saint-jean-de-lyon-a-5-ans-decart\/98462\/#breadcrumb"},"inLanguage":"fr-FR","potentialAction":[{"@type":"ReadAction","target":["https:\/\/batijournal.com\/index.php\/apres-visite-virtuelle-de-cathedrale-saint-jean-de-lyon-a-5-ans-decart\/98462\/"]}]},{"@type":"ImageObject","inLanguage":"fr-FR","@id":"https:\/\/batijournal.com\/index.php\/apres-visite-virtuelle-de-cathedrale-saint-jean-de-lyon-a-5-ans-decart\/98462\/#primaryimage","url":"https:\/\/batijournal.com\/wp-content\/uploads\/2018\/02\/visite-virtuelle-cathedrale-lyon.png","contentUrl":"https:\/\/batijournal.com\/wp-content\/uploads\/2018\/02\/visite-virtuelle-cathedrale-lyon.png","width":1322,"height":707},{"@type":"BreadcrumbList","@id":"https:\/\/batijournal.com\/index.php\/apres-visite-virtuelle-de-cathedrale-saint-jean-de-lyon-a-5-ans-decart\/98462\/#breadcrumb","itemListElement":[{"@type":"ListItem","position":1,"name":"Accueil","item":"https:\/\/batijournal.com\/"},{"@type":"ListItem","position":2,"name":"Actualit\u00e9s","item":"https:\/\/batijournal.com\/index.php\/category\/actualites\/"},{"@type":"ListItem","position":3,"name":"Avant \/ apr\u00e8s : visite virtuelle de la cath\u00e9drale Saint-Jean de Lyon \u00e0 5 ans d&rsquo;\u00e9cart"}]},{"@type":"WebSite","@id":"https:\/\/batijournal.com\/#website","url":"https:\/\/batijournal.com\/","name":"Batijournal","description":"L&#039;actualit\u00e9 du b\u00e2timent","potentialAction":[{"@type":"SearchAction","target":{"@type":"EntryPoint","urlTemplate":"https:\/\/batijournal.com\/?s={search_term_string}"},"query-input":{"@type":"PropertyValueSpecification","valueRequired":true,"valueName":"search_term_string"}}],"inLanguage":"fr-FR"},{"@type":"Person","@id":"https:\/\/batijournal.com\/#\/schema\/person\/1dc96ec6957aa1ccb25ebe78bb19f100","name":"St\u00e9phane Miget","image":{"@type":"ImageObject","inLanguage":"fr-FR","@id":"https:\/\/secure.gravatar.com\/avatar\/89915563d925342126b8ef0281b93d9d7fc337043e8df017f780908eb9644451?s=96&d=mm&r=g","url":"https:\/\/secure.gravatar.com\/avatar\/89915563d925342126b8ef0281b93d9d7fc337043e8df017f780908eb9644451?s=96&d=mm&r=g","contentUrl":"https:\/\/secure.gravatar.com\/avatar\/89915563d925342126b8ef0281b93d9d7fc337043e8df017f780908eb9644451?s=96&d=mm&r=g","caption":"St\u00e9phane Miget"},"url":"https:\/\/batijournal.com\/index.php\/author\/stephane\/"}]}},"_links":{"self":[{"href":"https:\/\/batijournal.com\/index.php\/wp-json\/wp\/v2\/posts\/98462","targetHints":{"allow":["GET"]}}],"collection":[{"href":"https:\/\/batijournal.com\/index.php\/wp-json\/wp\/v2\/posts"}],"about":[{"href":"https:\/\/batijournal.com\/index.php\/wp-json\/wp\/v2\/types\/post"}],"author":[{"embeddable":true,"href":"https:\/\/batijournal.com\/index.php\/wp-json\/wp\/v2\/users\/17"}],"replies":[{"embeddable":true,"href":"https:\/\/batijournal.com\/index.php\/wp-json\/wp\/v2\/comments?post=98462"}],"version-history":[{"count":0,"href":"https:\/\/batijournal.com\/index.php\/wp-json\/wp\/v2\/posts\/98462\/revisions"}],"wp:featuredmedia":[{"embeddable":true,"href":"https:\/\/batijournal.com\/index.php\/wp-json\/wp\/v2\/media\/98464"}],"wp:attachment":[{"href":"https:\/\/batijournal.com\/index.php\/wp-json\/wp\/v2\/media?parent=98462"}],"wp:term":[{"taxonomy":"category","embeddable":true,"href":"https:\/\/batijournal.com\/index.php\/wp-json\/wp\/v2\/categories?post=98462"},{"taxonomy":"post_tag","embeddable":true,"href":"https:\/\/batijournal.com\/index.php\/wp-json\/wp\/v2\/tags?post=98462"}],"curies":[{"name":"wp","href":"https:\/\/api.w.org\/{rel}","templated":true}]}}