{"id":98465,"date":"2018-02-21T07:01:09","date_gmt":"2018-02-21T06:01:09","guid":{"rendered":"http:\/\/batijournal.com\/?p=98465"},"modified":"2019-07-15T11:15:14","modified_gmt":"2019-07-15T09:15:14","slug":"festival-film-darcheologie-damiens-10-14-avril-2018","status":"publish","type":"post","link":"https:\/\/batijournal.com\/index.php\/festival-film-darcheologie-damiens-10-14-avril-2018\/98465\/","title":{"rendered":"Festival du film d\u2019arch\u00e9ologie d\u2019Amiens du 10 au 14 avril 2018"},"content":{"rendered":"<p>Le Festival du film d\u2019arch\u00e9ologie est rythm\u00e9 par plus de 70 documentaires programm\u00e9s au travers de 16 s\u00e9ances et offre un vaste panorama g\u00e9ographique des d\u00e9couvertes arch\u00e9ologiques r\u00e9centes. Les projections ont lieu principalement au Gaumont \u00e0 Amiens, mais aussi \u00e0 l&rsquo;Universit\u00e9 de Picardie Jules Verne, au Lyc\u00e9e Robert de Luzarches et \u00e0 la Facult\u00e9 des Arts.<\/p>\n<p>En proposant, depuis 1990, \u00e0 un large public de nombreux documentaires, les festivals successifs ont renouvel\u00e9 la pr\u00e9sentation du patrimoine arch\u00e9ologique. Le film offre en effet une vision attrayante de notre pass\u00e9, appuy\u00e9e sur une recherche scientifique d\u00e9barrass\u00e9e par l\u2019image de son aspect r\u00e9barbatif. Il permet de faire d\u00e9couvrir, de la fouille \u00e0 la reconstitution arch\u00e9ologique en passant par les travaux de laboratoire, les diff\u00e9rentes \u00e9tapes de la recherche arch\u00e9ologique.<\/p>\n<p><a href=\"https:\/\/www.facebook.com\/Festival-du-film-darch\u00e9ologie-Amiens-Gaumont-297164768398\/?ref=ts\" target=\"_blank\" rel=\"noopener noreferrer\">https:\/\/www.facebook.com\/Festival-du-film-darch\u00e9ologie-Amiens-Gaumont-297164768398\/?ref=ts<\/a><\/p>\n<p>&nbsp;<\/p>\n","protected":false},"excerpt":{"rendered":"<p>Le Festival du film d\u2019arch\u00e9ologie est rythm\u00e9 par plus de 70 documentaires programm\u00e9s au travers de 16 s\u00e9ances et offre un vaste panorama g\u00e9ographique des d\u00e9couvertes arch\u00e9ologiques r\u00e9centes. Les projections ont lieu principalement au Gaumont \u00e0 Amiens, mais aussi \u00e0 l&rsquo;Universit\u00e9 de Picardie Jules Verne, au Lyc\u00e9e Robert de Luzarches et \u00e0 la Facult\u00e9 des [&hellip;]<\/p>\n","protected":false},"author":17,"featured_media":98467,"comment_status":"closed","ping_status":"closed","sticky":false,"template":"","format":"standard","meta":{"_et_pb_use_builder":"","_et_pb_old_content":"","_et_gb_content_width":"","footnotes":""},"categories":[10530,6340],"tags":[],"class_list":["post-98465","post","type-post","status-publish","format-standard","has-post-thumbnail","hentry","category-actualites","category-architecture-conception"],"yoast_head":"<!-- This site is optimized with the Yoast SEO plugin v27.4 - https:\/\/yoast.com\/product\/yoast-seo-wordpress\/ -->\n<title>Festival du film d\u2019arch\u00e9ologie d\u2019Amiens du 10 au 14 avril 2018<\/title>\n<meta name=\"robots\" content=\"index, follow, max-snippet:-1, max-image-preview:large, max-video-preview:-1\" \/>\n<link rel=\"canonical\" href=\"https:\/\/batijournal.com\/index.php\/festival-film-darcheologie-damiens-10-14-avril-2018\/98465\/\" \/>\n<meta property=\"og:locale\" content=\"fr_FR\" \/>\n<meta property=\"og:type\" content=\"article\" \/>\n<meta property=\"og:title\" content=\"Festival du film d\u2019arch\u00e9ologie d\u2019Amiens du 10 au 14 avril 2018\" \/>\n<meta property=\"og:description\" content=\"Le Festival du film d\u2019arch\u00e9ologie est rythm\u00e9 par plus de 70 documentaires programm\u00e9s au travers de 16 s\u00e9ances et offre un vaste panorama g\u00e9ographique des d\u00e9couvertes arch\u00e9ologiques r\u00e9centes. Les projections ont lieu principalement au Gaumont \u00e0 Amiens, mais aussi \u00e0 l&rsquo;Universit\u00e9 de Picardie Jules Verne, au Lyc\u00e9e Robert de Luzarches et \u00e0 la Facult\u00e9 des [&hellip;]\" \/>\n<meta property=\"og:url\" content=\"https:\/\/batijournal.com\/index.php\/festival-film-darcheologie-damiens-10-14-avril-2018\/98465\/\" \/>\n<meta property=\"og:site_name\" content=\"Batijournal\" \/>\n<meta property=\"article:published_time\" content=\"2018-02-21T06:01:09+00:00\" \/>\n<meta property=\"article:modified_time\" content=\"2019-07-15T09:15:14+00:00\" \/>\n<meta property=\"og:image\" content=\"https:\/\/batijournal.com\/wp-content\/uploads\/2018\/02\/festival-film-archeologie.jpg\" \/>\n\t<meta property=\"og:image:width\" content=\"681\" \/>\n\t<meta property=\"og:image:height\" content=\"960\" \/>\n\t<meta property=\"og:image:type\" content=\"image\/jpeg\" \/>\n<meta name=\"author\" content=\"St\u00e9phane Miget\" \/>\n<meta name=\"twitter:card\" content=\"summary_large_image\" \/>\n<meta name=\"twitter:creator\" content=\"@bati_journal\" \/>\n<meta name=\"twitter:site\" content=\"@bati_journal\" \/>\n<meta name=\"twitter:label1\" content=\"\u00c9crit par\" \/>\n\t<meta name=\"twitter:data1\" content=\"St\u00e9phane Miget\" \/>\n\t<meta name=\"twitter:label2\" content=\"Dur\u00e9e de lecture estim\u00e9e\" \/>\n\t<meta name=\"twitter:data2\" content=\"1 minute\" \/>\n<script type=\"application\/ld+json\" class=\"yoast-schema-graph\">{\"@context\":\"https:\\\/\\\/schema.org\",\"@graph\":[{\"@type\":\"Article\",\"@id\":\"https:\\\/\\\/batijournal.com\\\/index.php\\\/festival-film-darcheologie-damiens-10-14-avril-2018\\\/98465\\\/#article\",\"isPartOf\":{\"@id\":\"https:\\\/\\\/batijournal.com\\\/index.php\\\/festival-film-darcheologie-damiens-10-14-avril-2018\\\/98465\\\/\"},\"author\":{\"name\":\"St\u00e9phane Miget\",\"@id\":\"https:\\\/\\\/batijournal.com\\\/#\\\/schema\\\/person\\\/1dc96ec6957aa1ccb25ebe78bb19f100\"},\"headline\":\"Festival du film d\u2019arch\u00e9ologie d\u2019Amiens du 10 au 14 avril 2018\",\"datePublished\":\"2018-02-21T06:01:09+00:00\",\"dateModified\":\"2019-07-15T09:15:14+00:00\",\"mainEntityOfPage\":{\"@id\":\"https:\\\/\\\/batijournal.com\\\/index.php\\\/festival-film-darcheologie-damiens-10-14-avril-2018\\\/98465\\\/\"},\"wordCount\":159,\"image\":{\"@id\":\"https:\\\/\\\/batijournal.com\\\/index.php\\\/festival-film-darcheologie-damiens-10-14-avril-2018\\\/98465\\\/#primaryimage\"},\"thumbnailUrl\":\"https:\\\/\\\/batijournal.com\\\/wp-content\\\/uploads\\\/2018\\\/02\\\/festival-film-archeologie.jpg\",\"articleSection\":[\"Actualit\u00e9s\",\"Architecture &amp; Conception\"],\"inLanguage\":\"fr-FR\"},{\"@type\":\"WebPage\",\"@id\":\"https:\\\/\\\/batijournal.com\\\/index.php\\\/festival-film-darcheologie-damiens-10-14-avril-2018\\\/98465\\\/\",\"url\":\"https:\\\/\\\/batijournal.com\\\/index.php\\\/festival-film-darcheologie-damiens-10-14-avril-2018\\\/98465\\\/\",\"name\":\"Festival du film d\u2019arch\u00e9ologie d\u2019Amiens du 10 au 14 avril 2018\",\"isPartOf\":{\"@id\":\"https:\\\/\\\/batijournal.com\\\/#website\"},\"primaryImageOfPage\":{\"@id\":\"https:\\\/\\\/batijournal.com\\\/index.php\\\/festival-film-darcheologie-damiens-10-14-avril-2018\\\/98465\\\/#primaryimage\"},\"image\":{\"@id\":\"https:\\\/\\\/batijournal.com\\\/index.php\\\/festival-film-darcheologie-damiens-10-14-avril-2018\\\/98465\\\/#primaryimage\"},\"thumbnailUrl\":\"https:\\\/\\\/batijournal.com\\\/wp-content\\\/uploads\\\/2018\\\/02\\\/festival-film-archeologie.jpg\",\"datePublished\":\"2018-02-21T06:01:09+00:00\",\"dateModified\":\"2019-07-15T09:15:14+00:00\",\"author\":{\"@id\":\"https:\\\/\\\/batijournal.com\\\/#\\\/schema\\\/person\\\/1dc96ec6957aa1ccb25ebe78bb19f100\"},\"breadcrumb\":{\"@id\":\"https:\\\/\\\/batijournal.com\\\/index.php\\\/festival-film-darcheologie-damiens-10-14-avril-2018\\\/98465\\\/#breadcrumb\"},\"inLanguage\":\"fr-FR\",\"potentialAction\":[{\"@type\":\"ReadAction\",\"target\":[\"https:\\\/\\\/batijournal.com\\\/index.php\\\/festival-film-darcheologie-damiens-10-14-avril-2018\\\/98465\\\/\"]}]},{\"@type\":\"ImageObject\",\"inLanguage\":\"fr-FR\",\"@id\":\"https:\\\/\\\/batijournal.com\\\/index.php\\\/festival-film-darcheologie-damiens-10-14-avril-2018\\\/98465\\\/#primaryimage\",\"url\":\"https:\\\/\\\/batijournal.com\\\/wp-content\\\/uploads\\\/2018\\\/02\\\/festival-film-archeologie.jpg\",\"contentUrl\":\"https:\\\/\\\/batijournal.com\\\/wp-content\\\/uploads\\\/2018\\\/02\\\/festival-film-archeologie.jpg\",\"width\":681,\"height\":960},{\"@type\":\"BreadcrumbList\",\"@id\":\"https:\\\/\\\/batijournal.com\\\/index.php\\\/festival-film-darcheologie-damiens-10-14-avril-2018\\\/98465\\\/#breadcrumb\",\"itemListElement\":[{\"@type\":\"ListItem\",\"position\":1,\"name\":\"Accueil\",\"item\":\"https:\\\/\\\/batijournal.com\\\/\"},{\"@type\":\"ListItem\",\"position\":2,\"name\":\"Actualit\u00e9s\",\"item\":\"https:\\\/\\\/batijournal.com\\\/index.php\\\/category\\\/actualites\\\/\"},{\"@type\":\"ListItem\",\"position\":3,\"name\":\"Festival du film d\u2019arch\u00e9ologie d\u2019Amiens du 10 au 14 avril 2018\"}]},{\"@type\":\"WebSite\",\"@id\":\"https:\\\/\\\/batijournal.com\\\/#website\",\"url\":\"https:\\\/\\\/batijournal.com\\\/\",\"name\":\"Batijournal\",\"description\":\"L&#039;actualit\u00e9 du b\u00e2timent\",\"potentialAction\":[{\"@type\":\"SearchAction\",\"target\":{\"@type\":\"EntryPoint\",\"urlTemplate\":\"https:\\\/\\\/batijournal.com\\\/?s={search_term_string}\"},\"query-input\":{\"@type\":\"PropertyValueSpecification\",\"valueRequired\":true,\"valueName\":\"search_term_string\"}}],\"inLanguage\":\"fr-FR\"},{\"@type\":\"Person\",\"@id\":\"https:\\\/\\\/batijournal.com\\\/#\\\/schema\\\/person\\\/1dc96ec6957aa1ccb25ebe78bb19f100\",\"name\":\"St\u00e9phane Miget\",\"image\":{\"@type\":\"ImageObject\",\"inLanguage\":\"fr-FR\",\"@id\":\"https:\\\/\\\/secure.gravatar.com\\\/avatar\\\/89915563d925342126b8ef0281b93d9d7fc337043e8df017f780908eb9644451?s=96&d=mm&r=g\",\"url\":\"https:\\\/\\\/secure.gravatar.com\\\/avatar\\\/89915563d925342126b8ef0281b93d9d7fc337043e8df017f780908eb9644451?s=96&d=mm&r=g\",\"contentUrl\":\"https:\\\/\\\/secure.gravatar.com\\\/avatar\\\/89915563d925342126b8ef0281b93d9d7fc337043e8df017f780908eb9644451?s=96&d=mm&r=g\",\"caption\":\"St\u00e9phane Miget\"},\"url\":\"https:\\\/\\\/batijournal.com\\\/index.php\\\/author\\\/stephane\\\/\"}]}<\/script>\n<!-- \/ Yoast SEO plugin. -->","yoast_head_json":{"title":"Festival du film d\u2019arch\u00e9ologie d\u2019Amiens du 10 au 14 avril 2018","robots":{"index":"index","follow":"follow","max-snippet":"max-snippet:-1","max-image-preview":"max-image-preview:large","max-video-preview":"max-video-preview:-1"},"canonical":"https:\/\/batijournal.com\/index.php\/festival-film-darcheologie-damiens-10-14-avril-2018\/98465\/","og_locale":"fr_FR","og_type":"article","og_title":"Festival du film d\u2019arch\u00e9ologie d\u2019Amiens du 10 au 14 avril 2018","og_description":"Le Festival du film d\u2019arch\u00e9ologie est rythm\u00e9 par plus de 70 documentaires programm\u00e9s au travers de 16 s\u00e9ances et offre un vaste panorama g\u00e9ographique des d\u00e9couvertes arch\u00e9ologiques r\u00e9centes. Les projections ont lieu principalement au Gaumont \u00e0 Amiens, mais aussi \u00e0 l&rsquo;Universit\u00e9 de Picardie Jules Verne, au Lyc\u00e9e Robert de Luzarches et \u00e0 la Facult\u00e9 des [&hellip;]","og_url":"https:\/\/batijournal.com\/index.php\/festival-film-darcheologie-damiens-10-14-avril-2018\/98465\/","og_site_name":"Batijournal","article_published_time":"2018-02-21T06:01:09+00:00","article_modified_time":"2019-07-15T09:15:14+00:00","og_image":[{"width":681,"height":960,"url":"https:\/\/batijournal.com\/wp-content\/uploads\/2018\/02\/festival-film-archeologie.jpg","type":"image\/jpeg"}],"author":"St\u00e9phane Miget","twitter_card":"summary_large_image","twitter_creator":"@bati_journal","twitter_site":"@bati_journal","twitter_misc":{"\u00c9crit par":"St\u00e9phane Miget","Dur\u00e9e de lecture estim\u00e9e":"1 minute"},"schema":{"@context":"https:\/\/schema.org","@graph":[{"@type":"Article","@id":"https:\/\/batijournal.com\/index.php\/festival-film-darcheologie-damiens-10-14-avril-2018\/98465\/#article","isPartOf":{"@id":"https:\/\/batijournal.com\/index.php\/festival-film-darcheologie-damiens-10-14-avril-2018\/98465\/"},"author":{"name":"St\u00e9phane Miget","@id":"https:\/\/batijournal.com\/#\/schema\/person\/1dc96ec6957aa1ccb25ebe78bb19f100"},"headline":"Festival du film d\u2019arch\u00e9ologie d\u2019Amiens du 10 au 14 avril 2018","datePublished":"2018-02-21T06:01:09+00:00","dateModified":"2019-07-15T09:15:14+00:00","mainEntityOfPage":{"@id":"https:\/\/batijournal.com\/index.php\/festival-film-darcheologie-damiens-10-14-avril-2018\/98465\/"},"wordCount":159,"image":{"@id":"https:\/\/batijournal.com\/index.php\/festival-film-darcheologie-damiens-10-14-avril-2018\/98465\/#primaryimage"},"thumbnailUrl":"https:\/\/batijournal.com\/wp-content\/uploads\/2018\/02\/festival-film-archeologie.jpg","articleSection":["Actualit\u00e9s","Architecture &amp; Conception"],"inLanguage":"fr-FR"},{"@type":"WebPage","@id":"https:\/\/batijournal.com\/index.php\/festival-film-darcheologie-damiens-10-14-avril-2018\/98465\/","url":"https:\/\/batijournal.com\/index.php\/festival-film-darcheologie-damiens-10-14-avril-2018\/98465\/","name":"Festival du film d\u2019arch\u00e9ologie d\u2019Amiens du 10 au 14 avril 2018","isPartOf":{"@id":"https:\/\/batijournal.com\/#website"},"primaryImageOfPage":{"@id":"https:\/\/batijournal.com\/index.php\/festival-film-darcheologie-damiens-10-14-avril-2018\/98465\/#primaryimage"},"image":{"@id":"https:\/\/batijournal.com\/index.php\/festival-film-darcheologie-damiens-10-14-avril-2018\/98465\/#primaryimage"},"thumbnailUrl":"https:\/\/batijournal.com\/wp-content\/uploads\/2018\/02\/festival-film-archeologie.jpg","datePublished":"2018-02-21T06:01:09+00:00","dateModified":"2019-07-15T09:15:14+00:00","author":{"@id":"https:\/\/batijournal.com\/#\/schema\/person\/1dc96ec6957aa1ccb25ebe78bb19f100"},"breadcrumb":{"@id":"https:\/\/batijournal.com\/index.php\/festival-film-darcheologie-damiens-10-14-avril-2018\/98465\/#breadcrumb"},"inLanguage":"fr-FR","potentialAction":[{"@type":"ReadAction","target":["https:\/\/batijournal.com\/index.php\/festival-film-darcheologie-damiens-10-14-avril-2018\/98465\/"]}]},{"@type":"ImageObject","inLanguage":"fr-FR","@id":"https:\/\/batijournal.com\/index.php\/festival-film-darcheologie-damiens-10-14-avril-2018\/98465\/#primaryimage","url":"https:\/\/batijournal.com\/wp-content\/uploads\/2018\/02\/festival-film-archeologie.jpg","contentUrl":"https:\/\/batijournal.com\/wp-content\/uploads\/2018\/02\/festival-film-archeologie.jpg","width":681,"height":960},{"@type":"BreadcrumbList","@id":"https:\/\/batijournal.com\/index.php\/festival-film-darcheologie-damiens-10-14-avril-2018\/98465\/#breadcrumb","itemListElement":[{"@type":"ListItem","position":1,"name":"Accueil","item":"https:\/\/batijournal.com\/"},{"@type":"ListItem","position":2,"name":"Actualit\u00e9s","item":"https:\/\/batijournal.com\/index.php\/category\/actualites\/"},{"@type":"ListItem","position":3,"name":"Festival du film d\u2019arch\u00e9ologie d\u2019Amiens du 10 au 14 avril 2018"}]},{"@type":"WebSite","@id":"https:\/\/batijournal.com\/#website","url":"https:\/\/batijournal.com\/","name":"Batijournal","description":"L&#039;actualit\u00e9 du b\u00e2timent","potentialAction":[{"@type":"SearchAction","target":{"@type":"EntryPoint","urlTemplate":"https:\/\/batijournal.com\/?s={search_term_string}"},"query-input":{"@type":"PropertyValueSpecification","valueRequired":true,"valueName":"search_term_string"}}],"inLanguage":"fr-FR"},{"@type":"Person","@id":"https:\/\/batijournal.com\/#\/schema\/person\/1dc96ec6957aa1ccb25ebe78bb19f100","name":"St\u00e9phane Miget","image":{"@type":"ImageObject","inLanguage":"fr-FR","@id":"https:\/\/secure.gravatar.com\/avatar\/89915563d925342126b8ef0281b93d9d7fc337043e8df017f780908eb9644451?s=96&d=mm&r=g","url":"https:\/\/secure.gravatar.com\/avatar\/89915563d925342126b8ef0281b93d9d7fc337043e8df017f780908eb9644451?s=96&d=mm&r=g","contentUrl":"https:\/\/secure.gravatar.com\/avatar\/89915563d925342126b8ef0281b93d9d7fc337043e8df017f780908eb9644451?s=96&d=mm&r=g","caption":"St\u00e9phane Miget"},"url":"https:\/\/batijournal.com\/index.php\/author\/stephane\/"}]}},"_links":{"self":[{"href":"https:\/\/batijournal.com\/index.php\/wp-json\/wp\/v2\/posts\/98465","targetHints":{"allow":["GET"]}}],"collection":[{"href":"https:\/\/batijournal.com\/index.php\/wp-json\/wp\/v2\/posts"}],"about":[{"href":"https:\/\/batijournal.com\/index.php\/wp-json\/wp\/v2\/types\/post"}],"author":[{"embeddable":true,"href":"https:\/\/batijournal.com\/index.php\/wp-json\/wp\/v2\/users\/17"}],"replies":[{"embeddable":true,"href":"https:\/\/batijournal.com\/index.php\/wp-json\/wp\/v2\/comments?post=98465"}],"version-history":[{"count":0,"href":"https:\/\/batijournal.com\/index.php\/wp-json\/wp\/v2\/posts\/98465\/revisions"}],"wp:featuredmedia":[{"embeddable":true,"href":"https:\/\/batijournal.com\/index.php\/wp-json\/wp\/v2\/media\/98467"}],"wp:attachment":[{"href":"https:\/\/batijournal.com\/index.php\/wp-json\/wp\/v2\/media?parent=98465"}],"wp:term":[{"taxonomy":"category","embeddable":true,"href":"https:\/\/batijournal.com\/index.php\/wp-json\/wp\/v2\/categories?post=98465"},{"taxonomy":"post_tag","embeddable":true,"href":"https:\/\/batijournal.com\/index.php\/wp-json\/wp\/v2\/tags?post=98465"}],"curies":[{"name":"wp","href":"https:\/\/api.w.org\/{rel}","templated":true}]}}