{"id":98470,"date":"2018-02-21T07:41:32","date_gmt":"2018-02-21T06:41:32","guid":{"rendered":"http:\/\/batijournal.com\/?p=98470"},"modified":"2019-07-15T11:15:13","modified_gmt":"2019-07-15T09:15:13","slug":"restauration-vitraux-darnaut-de-moles-de-cathedrale-sainte-marie-dauch","status":"publish","type":"post","link":"https:\/\/batijournal.com\/index.php\/restauration-vitraux-darnaut-de-moles-de-cathedrale-sainte-marie-dauch\/98470\/","title":{"rendered":"Restauration des vitraux d&rsquo;Arnaut de Moles de la cath\u00e9drale Sainte-Marie d\u2019Auch"},"content":{"rendered":"<p>Le comit\u00e9 de suivi scientifique pour la restauration des vitraux Renaissance de la cath\u00e9drale Sainte-Marie d\u2019Auch s&rsquo;est r\u00e9uni \u00e0 Tusson (16), dans l&rsquo;atelier du ma\u00eetre-verrier Anne Pinto, pour examiner l&rsquo;ensemble des panneaux des trois baies de la chapelle Saint-Louis, qui servira de test au projet de conservation et de restauration de l\u2019ensemble des vitraux de la cath\u00e9drale. Autour de l\u2019\u00e9quipe de la conservation r\u00e9gionale des monuments historiques (conservateur r\u00e9gional, conservatrice des monuments historiques et ing\u00e9nieur du patrimoine) \u00e9taient pr\u00e9sents : l&rsquo;inspectrice des monuments historiques, l\u2019architecte en chef des monuments historiques, l\u2019architecte des b\u00e2timents de France du Gers, la responsable du p\u00f4le vitrail du Laboratoire de recherche des Monuments historiques de Champs-sur-Marne, les historiens de l\u2019art sp\u00e9cialistes du vitrail du Centre Andr\u00e9-Chastel et de l\u2019universit\u00e9 Jean-Jaur\u00e8s \u00e0 Toulouse, afin d\u2019\u00e9changer avec les deux ateliers associ\u00e9s, Anne Pinto et Claire Babet, retenus pour effectuer cette restauration exceptionnelle des vitraux histori\u00e9s d&rsquo;Arnaut de Moles. La r\u00e9union a permis d&rsquo;\u00e9tablir et de valider le protocole de nettoyage des verres, le principe d&rsquo;\u00e9limination des plombs de casse, de fabrication de la verri\u00e8re de doublage et du prototype de serrurerie qui supportera les panneaux de vitraux anciens. \u00c0 l&rsquo;issue de la rencontre, les panneaux de la verri\u00e8re centrale ont quitt\u00e9 Tusson \u00e0 destination de l\u2019atelier de Claire Babet, \u00e0 Chartres, o\u00f9 ils seront restaur\u00e9s selon le protocole \u00e9tabli.<\/p>\n<p>Source et photo : Drac Occitanie<\/p>\n<p>&nbsp;<\/p>\n","protected":false},"excerpt":{"rendered":"<p>Le comit\u00e9 de suivi scientifique pour la restauration des vitraux Renaissance de la cath\u00e9drale Sainte-Marie d\u2019Auch s&rsquo;est r\u00e9uni \u00e0 Tusson (16), dans l&rsquo;atelier du ma\u00eetre-verrier Anne Pinto, pour examiner l&rsquo;ensemble des panneaux des trois baies de la chapelle Saint-Louis, qui servira de test au projet de conservation et de restauration de l\u2019ensemble des vitraux de [&hellip;]<\/p>\n","protected":false},"author":17,"featured_media":98471,"comment_status":"closed","ping_status":"closed","sticky":false,"template":"","format":"standard","meta":{"_et_pb_use_builder":"","_et_pb_old_content":"","_et_gb_content_width":"","footnotes":""},"categories":[10530,6340,10785],"tags":[8570],"class_list":["post-98470","post","type-post","status-publish","format-standard","has-post-thumbnail","hentry","category-actualites","category-architecture-conception","category-atrium","tag-vitraux"],"yoast_head":"<!-- This site is optimized with the Yoast SEO plugin v27.4 - https:\/\/yoast.com\/product\/yoast-seo-wordpress\/ -->\n<title>Restauration des vitraux d&#039;Arnaut de Moles de la cath\u00e9drale Sainte-Marie d\u2019Auch<\/title>\n<meta name=\"robots\" content=\"index, follow, max-snippet:-1, max-image-preview:large, max-video-preview:-1\" \/>\n<link rel=\"canonical\" href=\"https:\/\/batijournal.com\/index.php\/restauration-vitraux-darnaut-de-moles-de-cathedrale-sainte-marie-dauch\/98470\/\" \/>\n<meta property=\"og:locale\" content=\"fr_FR\" \/>\n<meta property=\"og:type\" content=\"article\" \/>\n<meta property=\"og:title\" content=\"Restauration des vitraux d&#039;Arnaut de Moles de la cath\u00e9drale Sainte-Marie d\u2019Auch\" \/>\n<meta property=\"og:description\" content=\"Le comit\u00e9 de suivi scientifique pour la restauration des vitraux Renaissance de la cath\u00e9drale Sainte-Marie d\u2019Auch s&rsquo;est r\u00e9uni \u00e0 Tusson (16), dans l&rsquo;atelier du ma\u00eetre-verrier Anne Pinto, pour examiner l&rsquo;ensemble des panneaux des trois baies de la chapelle Saint-Louis, qui servira de test au projet de conservation et de restauration de l\u2019ensemble des vitraux de [&hellip;]\" \/>\n<meta property=\"og:url\" content=\"https:\/\/batijournal.com\/index.php\/restauration-vitraux-darnaut-de-moles-de-cathedrale-sainte-marie-dauch\/98470\/\" \/>\n<meta property=\"og:site_name\" content=\"Batijournal\" \/>\n<meta property=\"article:published_time\" content=\"2018-02-21T06:41:32+00:00\" \/>\n<meta property=\"article:modified_time\" content=\"2019-07-15T09:15:13+00:00\" \/>\n<meta property=\"og:image\" content=\"https:\/\/batijournal.com\/wp-content\/uploads\/2018\/02\/Les-vitraux-d-Arnaut-de-Moles-dans-l-atelier-d-Anne-Pinto.jpg\" \/>\n\t<meta property=\"og:image:width\" content=\"800\" \/>\n\t<meta property=\"og:image:height\" content=\"450\" \/>\n\t<meta property=\"og:image:type\" content=\"image\/jpeg\" \/>\n<meta name=\"author\" content=\"St\u00e9phane Miget\" \/>\n<meta name=\"twitter:card\" content=\"summary_large_image\" \/>\n<meta name=\"twitter:creator\" content=\"@bati_journal\" \/>\n<meta name=\"twitter:site\" content=\"@bati_journal\" \/>\n<meta name=\"twitter:label1\" content=\"\u00c9crit par\" \/>\n\t<meta name=\"twitter:data1\" content=\"St\u00e9phane Miget\" \/>\n\t<meta name=\"twitter:label2\" content=\"Dur\u00e9e de lecture estim\u00e9e\" \/>\n\t<meta name=\"twitter:data2\" content=\"1 minute\" \/>\n<script type=\"application\/ld+json\" class=\"yoast-schema-graph\">{\"@context\":\"https:\\\/\\\/schema.org\",\"@graph\":[{\"@type\":\"Article\",\"@id\":\"https:\\\/\\\/batijournal.com\\\/index.php\\\/restauration-vitraux-darnaut-de-moles-de-cathedrale-sainte-marie-dauch\\\/98470\\\/#article\",\"isPartOf\":{\"@id\":\"https:\\\/\\\/batijournal.com\\\/index.php\\\/restauration-vitraux-darnaut-de-moles-de-cathedrale-sainte-marie-dauch\\\/98470\\\/\"},\"author\":{\"name\":\"St\u00e9phane Miget\",\"@id\":\"https:\\\/\\\/batijournal.com\\\/#\\\/schema\\\/person\\\/1dc96ec6957aa1ccb25ebe78bb19f100\"},\"headline\":\"Restauration des vitraux d&rsquo;Arnaut de Moles de la cath\u00e9drale Sainte-Marie d\u2019Auch\",\"datePublished\":\"2018-02-21T06:41:32+00:00\",\"dateModified\":\"2019-07-15T09:15:13+00:00\",\"mainEntityOfPage\":{\"@id\":\"https:\\\/\\\/batijournal.com\\\/index.php\\\/restauration-vitraux-darnaut-de-moles-de-cathedrale-sainte-marie-dauch\\\/98470\\\/\"},\"wordCount\":271,\"image\":{\"@id\":\"https:\\\/\\\/batijournal.com\\\/index.php\\\/restauration-vitraux-darnaut-de-moles-de-cathedrale-sainte-marie-dauch\\\/98470\\\/#primaryimage\"},\"thumbnailUrl\":\"https:\\\/\\\/batijournal.com\\\/wp-content\\\/uploads\\\/2018\\\/02\\\/Les-vitraux-d-Arnaut-de-Moles-dans-l-atelier-d-Anne-Pinto.jpg\",\"keywords\":[\"vitraux\"],\"articleSection\":[\"Actualit\u00e9s\",\"Architecture &amp; Conception\",\"zz_Atrium Patrimoine\"],\"inLanguage\":\"fr-FR\"},{\"@type\":\"WebPage\",\"@id\":\"https:\\\/\\\/batijournal.com\\\/index.php\\\/restauration-vitraux-darnaut-de-moles-de-cathedrale-sainte-marie-dauch\\\/98470\\\/\",\"url\":\"https:\\\/\\\/batijournal.com\\\/index.php\\\/restauration-vitraux-darnaut-de-moles-de-cathedrale-sainte-marie-dauch\\\/98470\\\/\",\"name\":\"Restauration des vitraux d'Arnaut de Moles de la cath\u00e9drale Sainte-Marie d\u2019Auch\",\"isPartOf\":{\"@id\":\"https:\\\/\\\/batijournal.com\\\/#website\"},\"primaryImageOfPage\":{\"@id\":\"https:\\\/\\\/batijournal.com\\\/index.php\\\/restauration-vitraux-darnaut-de-moles-de-cathedrale-sainte-marie-dauch\\\/98470\\\/#primaryimage\"},\"image\":{\"@id\":\"https:\\\/\\\/batijournal.com\\\/index.php\\\/restauration-vitraux-darnaut-de-moles-de-cathedrale-sainte-marie-dauch\\\/98470\\\/#primaryimage\"},\"thumbnailUrl\":\"https:\\\/\\\/batijournal.com\\\/wp-content\\\/uploads\\\/2018\\\/02\\\/Les-vitraux-d-Arnaut-de-Moles-dans-l-atelier-d-Anne-Pinto.jpg\",\"datePublished\":\"2018-02-21T06:41:32+00:00\",\"dateModified\":\"2019-07-15T09:15:13+00:00\",\"author\":{\"@id\":\"https:\\\/\\\/batijournal.com\\\/#\\\/schema\\\/person\\\/1dc96ec6957aa1ccb25ebe78bb19f100\"},\"breadcrumb\":{\"@id\":\"https:\\\/\\\/batijournal.com\\\/index.php\\\/restauration-vitraux-darnaut-de-moles-de-cathedrale-sainte-marie-dauch\\\/98470\\\/#breadcrumb\"},\"inLanguage\":\"fr-FR\",\"potentialAction\":[{\"@type\":\"ReadAction\",\"target\":[\"https:\\\/\\\/batijournal.com\\\/index.php\\\/restauration-vitraux-darnaut-de-moles-de-cathedrale-sainte-marie-dauch\\\/98470\\\/\"]}]},{\"@type\":\"ImageObject\",\"inLanguage\":\"fr-FR\",\"@id\":\"https:\\\/\\\/batijournal.com\\\/index.php\\\/restauration-vitraux-darnaut-de-moles-de-cathedrale-sainte-marie-dauch\\\/98470\\\/#primaryimage\",\"url\":\"https:\\\/\\\/batijournal.com\\\/wp-content\\\/uploads\\\/2018\\\/02\\\/Les-vitraux-d-Arnaut-de-Moles-dans-l-atelier-d-Anne-Pinto.jpg\",\"contentUrl\":\"https:\\\/\\\/batijournal.com\\\/wp-content\\\/uploads\\\/2018\\\/02\\\/Les-vitraux-d-Arnaut-de-Moles-dans-l-atelier-d-Anne-Pinto.jpg\",\"width\":800,\"height\":450},{\"@type\":\"BreadcrumbList\",\"@id\":\"https:\\\/\\\/batijournal.com\\\/index.php\\\/restauration-vitraux-darnaut-de-moles-de-cathedrale-sainte-marie-dauch\\\/98470\\\/#breadcrumb\",\"itemListElement\":[{\"@type\":\"ListItem\",\"position\":1,\"name\":\"Accueil\",\"item\":\"https:\\\/\\\/batijournal.com\\\/\"},{\"@type\":\"ListItem\",\"position\":2,\"name\":\"Actualit\u00e9s\",\"item\":\"https:\\\/\\\/batijournal.com\\\/index.php\\\/category\\\/actualites\\\/\"},{\"@type\":\"ListItem\",\"position\":3,\"name\":\"Restauration des vitraux d&rsquo;Arnaut de Moles de la cath\u00e9drale Sainte-Marie d\u2019Auch\"}]},{\"@type\":\"WebSite\",\"@id\":\"https:\\\/\\\/batijournal.com\\\/#website\",\"url\":\"https:\\\/\\\/batijournal.com\\\/\",\"name\":\"Batijournal\",\"description\":\"L&#039;actualit\u00e9 du b\u00e2timent\",\"potentialAction\":[{\"@type\":\"SearchAction\",\"target\":{\"@type\":\"EntryPoint\",\"urlTemplate\":\"https:\\\/\\\/batijournal.com\\\/?s={search_term_string}\"},\"query-input\":{\"@type\":\"PropertyValueSpecification\",\"valueRequired\":true,\"valueName\":\"search_term_string\"}}],\"inLanguage\":\"fr-FR\"},{\"@type\":\"Person\",\"@id\":\"https:\\\/\\\/batijournal.com\\\/#\\\/schema\\\/person\\\/1dc96ec6957aa1ccb25ebe78bb19f100\",\"name\":\"St\u00e9phane Miget\",\"image\":{\"@type\":\"ImageObject\",\"inLanguage\":\"fr-FR\",\"@id\":\"https:\\\/\\\/secure.gravatar.com\\\/avatar\\\/89915563d925342126b8ef0281b93d9d7fc337043e8df017f780908eb9644451?s=96&d=mm&r=g\",\"url\":\"https:\\\/\\\/secure.gravatar.com\\\/avatar\\\/89915563d925342126b8ef0281b93d9d7fc337043e8df017f780908eb9644451?s=96&d=mm&r=g\",\"contentUrl\":\"https:\\\/\\\/secure.gravatar.com\\\/avatar\\\/89915563d925342126b8ef0281b93d9d7fc337043e8df017f780908eb9644451?s=96&d=mm&r=g\",\"caption\":\"St\u00e9phane Miget\"},\"url\":\"https:\\\/\\\/batijournal.com\\\/index.php\\\/author\\\/stephane\\\/\"}]}<\/script>\n<!-- \/ Yoast SEO plugin. -->","yoast_head_json":{"title":"Restauration des vitraux d'Arnaut de Moles de la cath\u00e9drale Sainte-Marie d\u2019Auch","robots":{"index":"index","follow":"follow","max-snippet":"max-snippet:-1","max-image-preview":"max-image-preview:large","max-video-preview":"max-video-preview:-1"},"canonical":"https:\/\/batijournal.com\/index.php\/restauration-vitraux-darnaut-de-moles-de-cathedrale-sainte-marie-dauch\/98470\/","og_locale":"fr_FR","og_type":"article","og_title":"Restauration des vitraux d'Arnaut de Moles de la cath\u00e9drale Sainte-Marie d\u2019Auch","og_description":"Le comit\u00e9 de suivi scientifique pour la restauration des vitraux Renaissance de la cath\u00e9drale Sainte-Marie d\u2019Auch s&rsquo;est r\u00e9uni \u00e0 Tusson (16), dans l&rsquo;atelier du ma\u00eetre-verrier Anne Pinto, pour examiner l&rsquo;ensemble des panneaux des trois baies de la chapelle Saint-Louis, qui servira de test au projet de conservation et de restauration de l\u2019ensemble des vitraux de [&hellip;]","og_url":"https:\/\/batijournal.com\/index.php\/restauration-vitraux-darnaut-de-moles-de-cathedrale-sainte-marie-dauch\/98470\/","og_site_name":"Batijournal","article_published_time":"2018-02-21T06:41:32+00:00","article_modified_time":"2019-07-15T09:15:13+00:00","og_image":[{"width":800,"height":450,"url":"https:\/\/batijournal.com\/wp-content\/uploads\/2018\/02\/Les-vitraux-d-Arnaut-de-Moles-dans-l-atelier-d-Anne-Pinto.jpg","type":"image\/jpeg"}],"author":"St\u00e9phane Miget","twitter_card":"summary_large_image","twitter_creator":"@bati_journal","twitter_site":"@bati_journal","twitter_misc":{"\u00c9crit par":"St\u00e9phane Miget","Dur\u00e9e de lecture estim\u00e9e":"1 minute"},"schema":{"@context":"https:\/\/schema.org","@graph":[{"@type":"Article","@id":"https:\/\/batijournal.com\/index.php\/restauration-vitraux-darnaut-de-moles-de-cathedrale-sainte-marie-dauch\/98470\/#article","isPartOf":{"@id":"https:\/\/batijournal.com\/index.php\/restauration-vitraux-darnaut-de-moles-de-cathedrale-sainte-marie-dauch\/98470\/"},"author":{"name":"St\u00e9phane Miget","@id":"https:\/\/batijournal.com\/#\/schema\/person\/1dc96ec6957aa1ccb25ebe78bb19f100"},"headline":"Restauration des vitraux d&rsquo;Arnaut de Moles de la cath\u00e9drale Sainte-Marie d\u2019Auch","datePublished":"2018-02-21T06:41:32+00:00","dateModified":"2019-07-15T09:15:13+00:00","mainEntityOfPage":{"@id":"https:\/\/batijournal.com\/index.php\/restauration-vitraux-darnaut-de-moles-de-cathedrale-sainte-marie-dauch\/98470\/"},"wordCount":271,"image":{"@id":"https:\/\/batijournal.com\/index.php\/restauration-vitraux-darnaut-de-moles-de-cathedrale-sainte-marie-dauch\/98470\/#primaryimage"},"thumbnailUrl":"https:\/\/batijournal.com\/wp-content\/uploads\/2018\/02\/Les-vitraux-d-Arnaut-de-Moles-dans-l-atelier-d-Anne-Pinto.jpg","keywords":["vitraux"],"articleSection":["Actualit\u00e9s","Architecture &amp; Conception","zz_Atrium Patrimoine"],"inLanguage":"fr-FR"},{"@type":"WebPage","@id":"https:\/\/batijournal.com\/index.php\/restauration-vitraux-darnaut-de-moles-de-cathedrale-sainte-marie-dauch\/98470\/","url":"https:\/\/batijournal.com\/index.php\/restauration-vitraux-darnaut-de-moles-de-cathedrale-sainte-marie-dauch\/98470\/","name":"Restauration des vitraux d'Arnaut de Moles de la cath\u00e9drale Sainte-Marie d\u2019Auch","isPartOf":{"@id":"https:\/\/batijournal.com\/#website"},"primaryImageOfPage":{"@id":"https:\/\/batijournal.com\/index.php\/restauration-vitraux-darnaut-de-moles-de-cathedrale-sainte-marie-dauch\/98470\/#primaryimage"},"image":{"@id":"https:\/\/batijournal.com\/index.php\/restauration-vitraux-darnaut-de-moles-de-cathedrale-sainte-marie-dauch\/98470\/#primaryimage"},"thumbnailUrl":"https:\/\/batijournal.com\/wp-content\/uploads\/2018\/02\/Les-vitraux-d-Arnaut-de-Moles-dans-l-atelier-d-Anne-Pinto.jpg","datePublished":"2018-02-21T06:41:32+00:00","dateModified":"2019-07-15T09:15:13+00:00","author":{"@id":"https:\/\/batijournal.com\/#\/schema\/person\/1dc96ec6957aa1ccb25ebe78bb19f100"},"breadcrumb":{"@id":"https:\/\/batijournal.com\/index.php\/restauration-vitraux-darnaut-de-moles-de-cathedrale-sainte-marie-dauch\/98470\/#breadcrumb"},"inLanguage":"fr-FR","potentialAction":[{"@type":"ReadAction","target":["https:\/\/batijournal.com\/index.php\/restauration-vitraux-darnaut-de-moles-de-cathedrale-sainte-marie-dauch\/98470\/"]}]},{"@type":"ImageObject","inLanguage":"fr-FR","@id":"https:\/\/batijournal.com\/index.php\/restauration-vitraux-darnaut-de-moles-de-cathedrale-sainte-marie-dauch\/98470\/#primaryimage","url":"https:\/\/batijournal.com\/wp-content\/uploads\/2018\/02\/Les-vitraux-d-Arnaut-de-Moles-dans-l-atelier-d-Anne-Pinto.jpg","contentUrl":"https:\/\/batijournal.com\/wp-content\/uploads\/2018\/02\/Les-vitraux-d-Arnaut-de-Moles-dans-l-atelier-d-Anne-Pinto.jpg","width":800,"height":450},{"@type":"BreadcrumbList","@id":"https:\/\/batijournal.com\/index.php\/restauration-vitraux-darnaut-de-moles-de-cathedrale-sainte-marie-dauch\/98470\/#breadcrumb","itemListElement":[{"@type":"ListItem","position":1,"name":"Accueil","item":"https:\/\/batijournal.com\/"},{"@type":"ListItem","position":2,"name":"Actualit\u00e9s","item":"https:\/\/batijournal.com\/index.php\/category\/actualites\/"},{"@type":"ListItem","position":3,"name":"Restauration des vitraux d&rsquo;Arnaut de Moles de la cath\u00e9drale Sainte-Marie d\u2019Auch"}]},{"@type":"WebSite","@id":"https:\/\/batijournal.com\/#website","url":"https:\/\/batijournal.com\/","name":"Batijournal","description":"L&#039;actualit\u00e9 du b\u00e2timent","potentialAction":[{"@type":"SearchAction","target":{"@type":"EntryPoint","urlTemplate":"https:\/\/batijournal.com\/?s={search_term_string}"},"query-input":{"@type":"PropertyValueSpecification","valueRequired":true,"valueName":"search_term_string"}}],"inLanguage":"fr-FR"},{"@type":"Person","@id":"https:\/\/batijournal.com\/#\/schema\/person\/1dc96ec6957aa1ccb25ebe78bb19f100","name":"St\u00e9phane Miget","image":{"@type":"ImageObject","inLanguage":"fr-FR","@id":"https:\/\/secure.gravatar.com\/avatar\/89915563d925342126b8ef0281b93d9d7fc337043e8df017f780908eb9644451?s=96&d=mm&r=g","url":"https:\/\/secure.gravatar.com\/avatar\/89915563d925342126b8ef0281b93d9d7fc337043e8df017f780908eb9644451?s=96&d=mm&r=g","contentUrl":"https:\/\/secure.gravatar.com\/avatar\/89915563d925342126b8ef0281b93d9d7fc337043e8df017f780908eb9644451?s=96&d=mm&r=g","caption":"St\u00e9phane Miget"},"url":"https:\/\/batijournal.com\/index.php\/author\/stephane\/"}]}},"_links":{"self":[{"href":"https:\/\/batijournal.com\/index.php\/wp-json\/wp\/v2\/posts\/98470","targetHints":{"allow":["GET"]}}],"collection":[{"href":"https:\/\/batijournal.com\/index.php\/wp-json\/wp\/v2\/posts"}],"about":[{"href":"https:\/\/batijournal.com\/index.php\/wp-json\/wp\/v2\/types\/post"}],"author":[{"embeddable":true,"href":"https:\/\/batijournal.com\/index.php\/wp-json\/wp\/v2\/users\/17"}],"replies":[{"embeddable":true,"href":"https:\/\/batijournal.com\/index.php\/wp-json\/wp\/v2\/comments?post=98470"}],"version-history":[{"count":0,"href":"https:\/\/batijournal.com\/index.php\/wp-json\/wp\/v2\/posts\/98470\/revisions"}],"wp:featuredmedia":[{"embeddable":true,"href":"https:\/\/batijournal.com\/index.php\/wp-json\/wp\/v2\/media\/98471"}],"wp:attachment":[{"href":"https:\/\/batijournal.com\/index.php\/wp-json\/wp\/v2\/media?parent=98470"}],"wp:term":[{"taxonomy":"category","embeddable":true,"href":"https:\/\/batijournal.com\/index.php\/wp-json\/wp\/v2\/categories?post=98470"},{"taxonomy":"post_tag","embeddable":true,"href":"https:\/\/batijournal.com\/index.php\/wp-json\/wp\/v2\/tags?post=98470"}],"curies":[{"name":"wp","href":"https:\/\/api.w.org\/{rel}","templated":true}]}}