{"id":98486,"date":"2018-02-23T10:58:56","date_gmt":"2018-02-23T09:58:56","guid":{"rendered":"http:\/\/batijournal.com\/?p=98486"},"modified":"2019-07-15T12:33:30","modified_gmt":"2019-07-15T10:33:30","slug":"laine-de-verre-lisolation-acoustique-cloisons-distributives","status":"publish","type":"post","link":"https:\/\/batijournal.com\/index.php\/laine-de-verre-lisolation-acoustique-cloisons-distributives\/98486\/","title":{"rendered":"Laine de verre pour l\u2019isolation acoustique des cloisons distributives"},"content":{"rendered":"<p>URSA lance sa nouvelle solution d\u00e9di\u00e9e \u00e0 l\u2019isolation acoustique des cloisons distributives : URSACOUSTIC Twin R. Superposant deux \u00e9paisseurs de 45 mm chacune, cette nouvelle solution devrait faire gagner du temps aux poseurs. Ils pourront en effet plus facilement et plus rapidement couper simultan\u00e9ment les deux l\u00e8s int\u00e9gr\u00e9s au produit. Avec un haut niveau de performance acoustique, une r\u00e9action au feu A1 et une tenue m\u00e9canique renforc\u00e9e, ce produit associe performances et confort de pose.<\/p>\n","protected":false},"excerpt":{"rendered":"<p>URSA lance sa nouvelle solution d\u00e9di\u00e9e \u00e0 l\u2019isolation acoustique des cloisons distributives : URSACOUSTIC Twin R. Superposant deux \u00e9paisseurs de 45 mm chacune, cette nouvelle solution devrait faire gagner du temps aux poseurs. Ils pourront en effet plus facilement et plus rapidement couper simultan\u00e9ment les deux l\u00e8s int\u00e9gr\u00e9s au produit. Avec un haut niveau de [&hellip;]<\/p>\n","protected":false},"author":17,"featured_media":98487,"comment_status":"closed","ping_status":"closed","sticky":false,"template":"","format":"standard","meta":{"_et_pb_use_builder":"","_et_pb_old_content":"","_et_gb_content_width":"","footnotes":""},"categories":[6356],"tags":[3693],"class_list":["post-98486","post","type-post","status-publish","format-standard","has-post-thumbnail","hentry","category-produits-solutions-techniques","tag-isolation-acoustique-2"],"yoast_head":"<!-- This site is optimized with the Yoast SEO plugin v27.4 - https:\/\/yoast.com\/product\/yoast-seo-wordpress\/ -->\n<title>Laine de verre pour l\u2019isolation acoustique des cloisons distributives<\/title>\n<meta name=\"robots\" content=\"index, follow, max-snippet:-1, max-image-preview:large, max-video-preview:-1\" \/>\n<link rel=\"canonical\" href=\"https:\/\/batijournal.com\/index.php\/laine-de-verre-lisolation-acoustique-cloisons-distributives\/98486\/\" \/>\n<meta property=\"og:locale\" content=\"fr_FR\" \/>\n<meta property=\"og:type\" content=\"article\" \/>\n<meta property=\"og:title\" content=\"Laine de verre pour l\u2019isolation acoustique des cloisons distributives\" \/>\n<meta property=\"og:description\" content=\"URSA lance sa nouvelle solution d\u00e9di\u00e9e \u00e0 l\u2019isolation acoustique des cloisons distributives : URSACOUSTIC Twin R. Superposant deux \u00e9paisseurs de 45 mm chacune, cette nouvelle solution devrait faire gagner du temps aux poseurs. Ils pourront en effet plus facilement et plus rapidement couper simultan\u00e9ment les deux l\u00e8s int\u00e9gr\u00e9s au produit. Avec un haut niveau de [&hellip;]\" \/>\n<meta property=\"og:url\" content=\"https:\/\/batijournal.com\/index.php\/laine-de-verre-lisolation-acoustique-cloisons-distributives\/98486\/\" \/>\n<meta property=\"og:site_name\" content=\"Batijournal\" \/>\n<meta property=\"article:published_time\" content=\"2018-02-23T09:58:56+00:00\" \/>\n<meta property=\"article:modified_time\" content=\"2019-07-15T10:33:30+00:00\" \/>\n<meta property=\"og:image\" content=\"https:\/\/batijournal.com\/wp-content\/uploads\/2018\/02\/ursa.png\" \/>\n\t<meta property=\"og:image:width\" content=\"472\" \/>\n\t<meta property=\"og:image:height\" content=\"388\" \/>\n\t<meta property=\"og:image:type\" content=\"image\/png\" \/>\n<meta name=\"author\" content=\"St\u00e9phane Miget\" \/>\n<meta name=\"twitter:card\" content=\"summary_large_image\" \/>\n<meta name=\"twitter:creator\" content=\"@bati_journal\" \/>\n<meta name=\"twitter:site\" content=\"@bati_journal\" \/>\n<meta name=\"twitter:label1\" content=\"\u00c9crit par\" \/>\n\t<meta name=\"twitter:data1\" content=\"St\u00e9phane Miget\" \/>\n<script type=\"application\/ld+json\" class=\"yoast-schema-graph\">{\"@context\":\"https:\\\/\\\/schema.org\",\"@graph\":[{\"@type\":\"Article\",\"@id\":\"https:\\\/\\\/batijournal.com\\\/index.php\\\/laine-de-verre-lisolation-acoustique-cloisons-distributives\\\/98486\\\/#article\",\"isPartOf\":{\"@id\":\"https:\\\/\\\/batijournal.com\\\/index.php\\\/laine-de-verre-lisolation-acoustique-cloisons-distributives\\\/98486\\\/\"},\"author\":{\"name\":\"St\u00e9phane Miget\",\"@id\":\"https:\\\/\\\/batijournal.com\\\/#\\\/schema\\\/person\\\/1dc96ec6957aa1ccb25ebe78bb19f100\"},\"headline\":\"Laine de verre pour l\u2019isolation acoustique des cloisons distributives\",\"datePublished\":\"2018-02-23T09:58:56+00:00\",\"dateModified\":\"2019-07-15T10:33:30+00:00\",\"mainEntityOfPage\":{\"@id\":\"https:\\\/\\\/batijournal.com\\\/index.php\\\/laine-de-verre-lisolation-acoustique-cloisons-distributives\\\/98486\\\/\"},\"wordCount\":92,\"image\":{\"@id\":\"https:\\\/\\\/batijournal.com\\\/index.php\\\/laine-de-verre-lisolation-acoustique-cloisons-distributives\\\/98486\\\/#primaryimage\"},\"thumbnailUrl\":\"https:\\\/\\\/batijournal.com\\\/wp-content\\\/uploads\\\/2018\\\/02\\\/ursa.png\",\"keywords\":[\"isolation acoustique\"],\"articleSection\":[\"Produits &amp; Solutions techniques\"],\"inLanguage\":\"fr-FR\"},{\"@type\":\"WebPage\",\"@id\":\"https:\\\/\\\/batijournal.com\\\/index.php\\\/laine-de-verre-lisolation-acoustique-cloisons-distributives\\\/98486\\\/\",\"url\":\"https:\\\/\\\/batijournal.com\\\/index.php\\\/laine-de-verre-lisolation-acoustique-cloisons-distributives\\\/98486\\\/\",\"name\":\"Laine de verre pour l\u2019isolation acoustique des cloisons distributives\",\"isPartOf\":{\"@id\":\"https:\\\/\\\/batijournal.com\\\/#website\"},\"primaryImageOfPage\":{\"@id\":\"https:\\\/\\\/batijournal.com\\\/index.php\\\/laine-de-verre-lisolation-acoustique-cloisons-distributives\\\/98486\\\/#primaryimage\"},\"image\":{\"@id\":\"https:\\\/\\\/batijournal.com\\\/index.php\\\/laine-de-verre-lisolation-acoustique-cloisons-distributives\\\/98486\\\/#primaryimage\"},\"thumbnailUrl\":\"https:\\\/\\\/batijournal.com\\\/wp-content\\\/uploads\\\/2018\\\/02\\\/ursa.png\",\"datePublished\":\"2018-02-23T09:58:56+00:00\",\"dateModified\":\"2019-07-15T10:33:30+00:00\",\"author\":{\"@id\":\"https:\\\/\\\/batijournal.com\\\/#\\\/schema\\\/person\\\/1dc96ec6957aa1ccb25ebe78bb19f100\"},\"breadcrumb\":{\"@id\":\"https:\\\/\\\/batijournal.com\\\/index.php\\\/laine-de-verre-lisolation-acoustique-cloisons-distributives\\\/98486\\\/#breadcrumb\"},\"inLanguage\":\"fr-FR\",\"potentialAction\":[{\"@type\":\"ReadAction\",\"target\":[\"https:\\\/\\\/batijournal.com\\\/index.php\\\/laine-de-verre-lisolation-acoustique-cloisons-distributives\\\/98486\\\/\"]}]},{\"@type\":\"ImageObject\",\"inLanguage\":\"fr-FR\",\"@id\":\"https:\\\/\\\/batijournal.com\\\/index.php\\\/laine-de-verre-lisolation-acoustique-cloisons-distributives\\\/98486\\\/#primaryimage\",\"url\":\"https:\\\/\\\/batijournal.com\\\/wp-content\\\/uploads\\\/2018\\\/02\\\/ursa.png\",\"contentUrl\":\"https:\\\/\\\/batijournal.com\\\/wp-content\\\/uploads\\\/2018\\\/02\\\/ursa.png\",\"width\":472,\"height\":388},{\"@type\":\"BreadcrumbList\",\"@id\":\"https:\\\/\\\/batijournal.com\\\/index.php\\\/laine-de-verre-lisolation-acoustique-cloisons-distributives\\\/98486\\\/#breadcrumb\",\"itemListElement\":[{\"@type\":\"ListItem\",\"position\":1,\"name\":\"Accueil\",\"item\":\"https:\\\/\\\/batijournal.com\\\/\"},{\"@type\":\"ListItem\",\"position\":2,\"name\":\"Produits &amp; Solutions techniques\",\"item\":\"https:\\\/\\\/batijournal.com\\\/index.php\\\/category\\\/produits-solutions-techniques\\\/\"},{\"@type\":\"ListItem\",\"position\":3,\"name\":\"Laine de verre pour l\u2019isolation acoustique des cloisons distributives\"}]},{\"@type\":\"WebSite\",\"@id\":\"https:\\\/\\\/batijournal.com\\\/#website\",\"url\":\"https:\\\/\\\/batijournal.com\\\/\",\"name\":\"Batijournal\",\"description\":\"L&#039;actualit\u00e9 du b\u00e2timent\",\"potentialAction\":[{\"@type\":\"SearchAction\",\"target\":{\"@type\":\"EntryPoint\",\"urlTemplate\":\"https:\\\/\\\/batijournal.com\\\/?s={search_term_string}\"},\"query-input\":{\"@type\":\"PropertyValueSpecification\",\"valueRequired\":true,\"valueName\":\"search_term_string\"}}],\"inLanguage\":\"fr-FR\"},{\"@type\":\"Person\",\"@id\":\"https:\\\/\\\/batijournal.com\\\/#\\\/schema\\\/person\\\/1dc96ec6957aa1ccb25ebe78bb19f100\",\"name\":\"St\u00e9phane Miget\",\"image\":{\"@type\":\"ImageObject\",\"inLanguage\":\"fr-FR\",\"@id\":\"https:\\\/\\\/secure.gravatar.com\\\/avatar\\\/89915563d925342126b8ef0281b93d9d7fc337043e8df017f780908eb9644451?s=96&d=mm&r=g\",\"url\":\"https:\\\/\\\/secure.gravatar.com\\\/avatar\\\/89915563d925342126b8ef0281b93d9d7fc337043e8df017f780908eb9644451?s=96&d=mm&r=g\",\"contentUrl\":\"https:\\\/\\\/secure.gravatar.com\\\/avatar\\\/89915563d925342126b8ef0281b93d9d7fc337043e8df017f780908eb9644451?s=96&d=mm&r=g\",\"caption\":\"St\u00e9phane Miget\"},\"url\":\"https:\\\/\\\/batijournal.com\\\/index.php\\\/author\\\/stephane\\\/\"}]}<\/script>\n<!-- \/ Yoast SEO plugin. -->","yoast_head_json":{"title":"Laine de verre pour l\u2019isolation acoustique des cloisons distributives","robots":{"index":"index","follow":"follow","max-snippet":"max-snippet:-1","max-image-preview":"max-image-preview:large","max-video-preview":"max-video-preview:-1"},"canonical":"https:\/\/batijournal.com\/index.php\/laine-de-verre-lisolation-acoustique-cloisons-distributives\/98486\/","og_locale":"fr_FR","og_type":"article","og_title":"Laine de verre pour l\u2019isolation acoustique des cloisons distributives","og_description":"URSA lance sa nouvelle solution d\u00e9di\u00e9e \u00e0 l\u2019isolation acoustique des cloisons distributives : URSACOUSTIC Twin R. Superposant deux \u00e9paisseurs de 45 mm chacune, cette nouvelle solution devrait faire gagner du temps aux poseurs. Ils pourront en effet plus facilement et plus rapidement couper simultan\u00e9ment les deux l\u00e8s int\u00e9gr\u00e9s au produit. Avec un haut niveau de [&hellip;]","og_url":"https:\/\/batijournal.com\/index.php\/laine-de-verre-lisolation-acoustique-cloisons-distributives\/98486\/","og_site_name":"Batijournal","article_published_time":"2018-02-23T09:58:56+00:00","article_modified_time":"2019-07-15T10:33:30+00:00","og_image":[{"width":472,"height":388,"url":"https:\/\/batijournal.com\/wp-content\/uploads\/2018\/02\/ursa.png","type":"image\/png"}],"author":"St\u00e9phane Miget","twitter_card":"summary_large_image","twitter_creator":"@bati_journal","twitter_site":"@bati_journal","twitter_misc":{"\u00c9crit par":"St\u00e9phane Miget"},"schema":{"@context":"https:\/\/schema.org","@graph":[{"@type":"Article","@id":"https:\/\/batijournal.com\/index.php\/laine-de-verre-lisolation-acoustique-cloisons-distributives\/98486\/#article","isPartOf":{"@id":"https:\/\/batijournal.com\/index.php\/laine-de-verre-lisolation-acoustique-cloisons-distributives\/98486\/"},"author":{"name":"St\u00e9phane Miget","@id":"https:\/\/batijournal.com\/#\/schema\/person\/1dc96ec6957aa1ccb25ebe78bb19f100"},"headline":"Laine de verre pour l\u2019isolation acoustique des cloisons distributives","datePublished":"2018-02-23T09:58:56+00:00","dateModified":"2019-07-15T10:33:30+00:00","mainEntityOfPage":{"@id":"https:\/\/batijournal.com\/index.php\/laine-de-verre-lisolation-acoustique-cloisons-distributives\/98486\/"},"wordCount":92,"image":{"@id":"https:\/\/batijournal.com\/index.php\/laine-de-verre-lisolation-acoustique-cloisons-distributives\/98486\/#primaryimage"},"thumbnailUrl":"https:\/\/batijournal.com\/wp-content\/uploads\/2018\/02\/ursa.png","keywords":["isolation acoustique"],"articleSection":["Produits &amp; Solutions techniques"],"inLanguage":"fr-FR"},{"@type":"WebPage","@id":"https:\/\/batijournal.com\/index.php\/laine-de-verre-lisolation-acoustique-cloisons-distributives\/98486\/","url":"https:\/\/batijournal.com\/index.php\/laine-de-verre-lisolation-acoustique-cloisons-distributives\/98486\/","name":"Laine de verre pour l\u2019isolation acoustique des cloisons distributives","isPartOf":{"@id":"https:\/\/batijournal.com\/#website"},"primaryImageOfPage":{"@id":"https:\/\/batijournal.com\/index.php\/laine-de-verre-lisolation-acoustique-cloisons-distributives\/98486\/#primaryimage"},"image":{"@id":"https:\/\/batijournal.com\/index.php\/laine-de-verre-lisolation-acoustique-cloisons-distributives\/98486\/#primaryimage"},"thumbnailUrl":"https:\/\/batijournal.com\/wp-content\/uploads\/2018\/02\/ursa.png","datePublished":"2018-02-23T09:58:56+00:00","dateModified":"2019-07-15T10:33:30+00:00","author":{"@id":"https:\/\/batijournal.com\/#\/schema\/person\/1dc96ec6957aa1ccb25ebe78bb19f100"},"breadcrumb":{"@id":"https:\/\/batijournal.com\/index.php\/laine-de-verre-lisolation-acoustique-cloisons-distributives\/98486\/#breadcrumb"},"inLanguage":"fr-FR","potentialAction":[{"@type":"ReadAction","target":["https:\/\/batijournal.com\/index.php\/laine-de-verre-lisolation-acoustique-cloisons-distributives\/98486\/"]}]},{"@type":"ImageObject","inLanguage":"fr-FR","@id":"https:\/\/batijournal.com\/index.php\/laine-de-verre-lisolation-acoustique-cloisons-distributives\/98486\/#primaryimage","url":"https:\/\/batijournal.com\/wp-content\/uploads\/2018\/02\/ursa.png","contentUrl":"https:\/\/batijournal.com\/wp-content\/uploads\/2018\/02\/ursa.png","width":472,"height":388},{"@type":"BreadcrumbList","@id":"https:\/\/batijournal.com\/index.php\/laine-de-verre-lisolation-acoustique-cloisons-distributives\/98486\/#breadcrumb","itemListElement":[{"@type":"ListItem","position":1,"name":"Accueil","item":"https:\/\/batijournal.com\/"},{"@type":"ListItem","position":2,"name":"Produits &amp; Solutions techniques","item":"https:\/\/batijournal.com\/index.php\/category\/produits-solutions-techniques\/"},{"@type":"ListItem","position":3,"name":"Laine de verre pour l\u2019isolation acoustique des cloisons distributives"}]},{"@type":"WebSite","@id":"https:\/\/batijournal.com\/#website","url":"https:\/\/batijournal.com\/","name":"Batijournal","description":"L&#039;actualit\u00e9 du b\u00e2timent","potentialAction":[{"@type":"SearchAction","target":{"@type":"EntryPoint","urlTemplate":"https:\/\/batijournal.com\/?s={search_term_string}"},"query-input":{"@type":"PropertyValueSpecification","valueRequired":true,"valueName":"search_term_string"}}],"inLanguage":"fr-FR"},{"@type":"Person","@id":"https:\/\/batijournal.com\/#\/schema\/person\/1dc96ec6957aa1ccb25ebe78bb19f100","name":"St\u00e9phane Miget","image":{"@type":"ImageObject","inLanguage":"fr-FR","@id":"https:\/\/secure.gravatar.com\/avatar\/89915563d925342126b8ef0281b93d9d7fc337043e8df017f780908eb9644451?s=96&d=mm&r=g","url":"https:\/\/secure.gravatar.com\/avatar\/89915563d925342126b8ef0281b93d9d7fc337043e8df017f780908eb9644451?s=96&d=mm&r=g","contentUrl":"https:\/\/secure.gravatar.com\/avatar\/89915563d925342126b8ef0281b93d9d7fc337043e8df017f780908eb9644451?s=96&d=mm&r=g","caption":"St\u00e9phane Miget"},"url":"https:\/\/batijournal.com\/index.php\/author\/stephane\/"}]}},"_links":{"self":[{"href":"https:\/\/batijournal.com\/index.php\/wp-json\/wp\/v2\/posts\/98486","targetHints":{"allow":["GET"]}}],"collection":[{"href":"https:\/\/batijournal.com\/index.php\/wp-json\/wp\/v2\/posts"}],"about":[{"href":"https:\/\/batijournal.com\/index.php\/wp-json\/wp\/v2\/types\/post"}],"author":[{"embeddable":true,"href":"https:\/\/batijournal.com\/index.php\/wp-json\/wp\/v2\/users\/17"}],"replies":[{"embeddable":true,"href":"https:\/\/batijournal.com\/index.php\/wp-json\/wp\/v2\/comments?post=98486"}],"version-history":[{"count":0,"href":"https:\/\/batijournal.com\/index.php\/wp-json\/wp\/v2\/posts\/98486\/revisions"}],"wp:featuredmedia":[{"embeddable":true,"href":"https:\/\/batijournal.com\/index.php\/wp-json\/wp\/v2\/media\/98487"}],"wp:attachment":[{"href":"https:\/\/batijournal.com\/index.php\/wp-json\/wp\/v2\/media?parent=98486"}],"wp:term":[{"taxonomy":"category","embeddable":true,"href":"https:\/\/batijournal.com\/index.php\/wp-json\/wp\/v2\/categories?post=98486"},{"taxonomy":"post_tag","embeddable":true,"href":"https:\/\/batijournal.com\/index.php\/wp-json\/wp\/v2\/tags?post=98486"}],"curies":[{"name":"wp","href":"https:\/\/api.w.org\/{rel}","templated":true}]}}