{"id":98488,"date":"2018-02-24T10:02:25","date_gmt":"2018-02-24T09:02:25","guid":{"rendered":"http:\/\/batijournal.com\/?p=98488"},"modified":"2019-07-15T11:15:13","modified_gmt":"2019-07-15T09:15:13","slug":"fouilles-archeologiques-prealables-a-reconstitution-grandes-allees-chateau-de-villers-cotterets","status":"publish","type":"post","link":"https:\/\/batijournal.com\/index.php\/fouilles-archeologiques-prealables-a-reconstitution-grandes-allees-chateau-de-villers-cotterets\/98488\/","title":{"rendered":"Fouilles arch\u00e9ologiques pr\u00e9alables \u00e0 la reconstitution des Grandes all\u00e9es du ch\u00e2teau de Villers-Cotter\u00eats"},"content":{"rendered":"<p>Un projet de r\u00e9habilitation du parc du ch\u00e2teau de Villers-Cotter\u00eats est men\u00e9 par l&rsquo;ONF depuis 2015. Des travaux de fouilles arch\u00e9ologiques ont \u00e9t\u00e9 entrepris en pr\u00e9alable de toute intervention de replantation de ce joyau de l&rsquo;histoire des jardins et du paysage. Ces travaux se sont d\u00e9roul\u00e9s entre le 1er et le 12 f\u00e9vrier 2018. Elabor\u00e9e en concertation avec les services de l&rsquo;Etat, le D\u00e9partement, la Communaut\u00e9 de communes Retz-en-Valois et la Ville de Villers-Cotter\u00eats, la reconstitution est financ\u00e9e par les mesures de compensations environnementales li\u00e9es aux travaux d&rsquo;am\u00e9nagement pr\u00e9vus sur la Route Nationale 2 entre Villers-Cotter\u00eats et Soissons. Certains travaux ont d&rsquo;ores et d\u00e9j\u00e0 \u00e9t\u00e9 effectu\u00e9s en 2017 tels que le d\u00e9frichement de la Grande all\u00e9e par la coupe des rejets de tilleuls. Les produits issus de ces actions ont \u00e9t\u00e9 transform\u00e9s en plaquettes foresti\u00e8res pour les chaudi\u00e8res \u00e0 bois. Les premi\u00e8res plantations pourront avoir lieu \u00e0 l&rsquo;automne 2018 : alignement de tilleuls \u00e0 petite feuille (tilia cordata) en quinconce sur la Grande all\u00e9e et plantation de charmes de part et d&rsquo;autres de l&rsquo;all\u00e9e des Soupirs. Le parti pris de restauration choisi est celui d&rsquo;une restauration \u00ab\u00a0douce\u00a0\u00bb, redonnant une lisibilit\u00e9 de la structure de base, des traces en places, et non d&rsquo;une reconstitution. Il s&rsquo;agit \u00e9galement de redonner \u00e0 la Grande all\u00e9e, axe majeur du territoire, son statut d&rsquo;acc\u00e8s monumental au ch\u00e2teau. Et par la m\u00eame, d&rsquo;offrir, tant aux habitants qu&rsquo;aux usagers et promeneurs, une liaison douce et confortable reliant centre bourg, ch\u00e2teau, et la for\u00eat de Retz.<\/p>\n<p>Photo : J\u00e9r\u00f4me Jaminon \/ ONF<\/p>\n<p>&nbsp;<\/p>\n","protected":false},"excerpt":{"rendered":"<p>Un projet de r\u00e9habilitation du parc du ch\u00e2teau de Villers-Cotter\u00eats est men\u00e9 par l&rsquo;ONF depuis 2015. Des travaux de fouilles arch\u00e9ologiques ont \u00e9t\u00e9 entrepris en pr\u00e9alable de toute intervention de replantation de ce joyau de l&rsquo;histoire des jardins et du paysage. Ces travaux se sont d\u00e9roul\u00e9s entre le 1er et le 12 f\u00e9vrier 2018. Elabor\u00e9e [&hellip;]<\/p>\n","protected":false},"author":17,"featured_media":98489,"comment_status":"closed","ping_status":"closed","sticky":false,"template":"","format":"standard","meta":{"_et_pb_use_builder":"","_et_pb_old_content":"","_et_gb_content_width":"","footnotes":""},"categories":[10530,6340,10785],"tags":[8535,2327],"class_list":["post-98488","post","type-post","status-publish","format-standard","has-post-thumbnail","hentry","category-actualites","category-architecture-conception","category-atrium","tag-jardin-historique","tag-paysage"],"yoast_head":"<!-- This site is optimized with the Yoast SEO plugin v27.4 - https:\/\/yoast.com\/product\/yoast-seo-wordpress\/ -->\n<title>Fouilles arch\u00e9ologiques pr\u00e9alables \u00e0 la reconstitution des Grandes all\u00e9es du ch\u00e2teau de Villers-Cotter\u00eats<\/title>\n<meta name=\"robots\" content=\"index, follow, max-snippet:-1, max-image-preview:large, max-video-preview:-1\" \/>\n<link rel=\"canonical\" href=\"https:\/\/batijournal.com\/index.php\/fouilles-archeologiques-prealables-a-reconstitution-grandes-allees-chateau-de-villers-cotterets\/98488\/\" \/>\n<meta property=\"og:locale\" content=\"fr_FR\" \/>\n<meta property=\"og:type\" content=\"article\" \/>\n<meta property=\"og:title\" content=\"Fouilles arch\u00e9ologiques pr\u00e9alables \u00e0 la reconstitution des Grandes all\u00e9es du ch\u00e2teau de Villers-Cotter\u00eats\" \/>\n<meta property=\"og:description\" content=\"Un projet de r\u00e9habilitation du parc du ch\u00e2teau de Villers-Cotter\u00eats est men\u00e9 par l&rsquo;ONF depuis 2015. Des travaux de fouilles arch\u00e9ologiques ont \u00e9t\u00e9 entrepris en pr\u00e9alable de toute intervention de replantation de ce joyau de l&rsquo;histoire des jardins et du paysage. Ces travaux se sont d\u00e9roul\u00e9s entre le 1er et le 12 f\u00e9vrier 2018. Elabor\u00e9e [&hellip;]\" \/>\n<meta property=\"og:url\" content=\"https:\/\/batijournal.com\/index.php\/fouilles-archeologiques-prealables-a-reconstitution-grandes-allees-chateau-de-villers-cotterets\/98488\/\" \/>\n<meta property=\"og:site_name\" content=\"Batijournal\" \/>\n<meta property=\"article:published_time\" content=\"2018-02-24T09:02:25+00:00\" \/>\n<meta property=\"article:modified_time\" content=\"2019-07-15T09:15:13+00:00\" \/>\n<meta property=\"og:image\" content=\"https:\/\/batijournal.com\/wp-content\/uploads\/2018\/02\/fouilles-parc-chateau-de-Villers-Cotterets.jpeg\" \/>\n\t<meta property=\"og:image:width\" content=\"950\" \/>\n\t<meta property=\"og:image:height\" content=\"639\" \/>\n\t<meta property=\"og:image:type\" content=\"image\/jpeg\" \/>\n<meta name=\"author\" content=\"St\u00e9phane Miget\" \/>\n<meta name=\"twitter:card\" content=\"summary_large_image\" \/>\n<meta name=\"twitter:creator\" content=\"@bati_journal\" \/>\n<meta name=\"twitter:site\" content=\"@bati_journal\" \/>\n<meta name=\"twitter:label1\" content=\"\u00c9crit par\" \/>\n\t<meta name=\"twitter:data1\" content=\"St\u00e9phane Miget\" \/>\n\t<meta name=\"twitter:label2\" content=\"Dur\u00e9e de lecture estim\u00e9e\" \/>\n\t<meta name=\"twitter:data2\" content=\"1 minute\" \/>\n<script type=\"application\/ld+json\" class=\"yoast-schema-graph\">{\"@context\":\"https:\\\/\\\/schema.org\",\"@graph\":[{\"@type\":\"Article\",\"@id\":\"https:\\\/\\\/batijournal.com\\\/index.php\\\/fouilles-archeologiques-prealables-a-reconstitution-grandes-allees-chateau-de-villers-cotterets\\\/98488\\\/#article\",\"isPartOf\":{\"@id\":\"https:\\\/\\\/batijournal.com\\\/index.php\\\/fouilles-archeologiques-prealables-a-reconstitution-grandes-allees-chateau-de-villers-cotterets\\\/98488\\\/\"},\"author\":{\"name\":\"St\u00e9phane Miget\",\"@id\":\"https:\\\/\\\/batijournal.com\\\/#\\\/schema\\\/person\\\/1dc96ec6957aa1ccb25ebe78bb19f100\"},\"headline\":\"Fouilles arch\u00e9ologiques pr\u00e9alables \u00e0 la reconstitution des Grandes all\u00e9es du ch\u00e2teau de Villers-Cotter\u00eats\",\"datePublished\":\"2018-02-24T09:02:25+00:00\",\"dateModified\":\"2019-07-15T09:15:13+00:00\",\"mainEntityOfPage\":{\"@id\":\"https:\\\/\\\/batijournal.com\\\/index.php\\\/fouilles-archeologiques-prealables-a-reconstitution-grandes-allees-chateau-de-villers-cotterets\\\/98488\\\/\"},\"wordCount\":307,\"image\":{\"@id\":\"https:\\\/\\\/batijournal.com\\\/index.php\\\/fouilles-archeologiques-prealables-a-reconstitution-grandes-allees-chateau-de-villers-cotterets\\\/98488\\\/#primaryimage\"},\"thumbnailUrl\":\"https:\\\/\\\/batijournal.com\\\/wp-content\\\/uploads\\\/2018\\\/02\\\/fouilles-parc-chateau-de-Villers-Cotterets.jpeg\",\"keywords\":[\"jardin historique\",\"paysage\"],\"articleSection\":[\"Actualit\u00e9s\",\"Architecture &amp; Conception\",\"zz_Atrium Patrimoine\"],\"inLanguage\":\"fr-FR\"},{\"@type\":\"WebPage\",\"@id\":\"https:\\\/\\\/batijournal.com\\\/index.php\\\/fouilles-archeologiques-prealables-a-reconstitution-grandes-allees-chateau-de-villers-cotterets\\\/98488\\\/\",\"url\":\"https:\\\/\\\/batijournal.com\\\/index.php\\\/fouilles-archeologiques-prealables-a-reconstitution-grandes-allees-chateau-de-villers-cotterets\\\/98488\\\/\",\"name\":\"Fouilles arch\u00e9ologiques pr\u00e9alables \u00e0 la reconstitution des Grandes all\u00e9es du ch\u00e2teau de Villers-Cotter\u00eats\",\"isPartOf\":{\"@id\":\"https:\\\/\\\/batijournal.com\\\/#website\"},\"primaryImageOfPage\":{\"@id\":\"https:\\\/\\\/batijournal.com\\\/index.php\\\/fouilles-archeologiques-prealables-a-reconstitution-grandes-allees-chateau-de-villers-cotterets\\\/98488\\\/#primaryimage\"},\"image\":{\"@id\":\"https:\\\/\\\/batijournal.com\\\/index.php\\\/fouilles-archeologiques-prealables-a-reconstitution-grandes-allees-chateau-de-villers-cotterets\\\/98488\\\/#primaryimage\"},\"thumbnailUrl\":\"https:\\\/\\\/batijournal.com\\\/wp-content\\\/uploads\\\/2018\\\/02\\\/fouilles-parc-chateau-de-Villers-Cotterets.jpeg\",\"datePublished\":\"2018-02-24T09:02:25+00:00\",\"dateModified\":\"2019-07-15T09:15:13+00:00\",\"author\":{\"@id\":\"https:\\\/\\\/batijournal.com\\\/#\\\/schema\\\/person\\\/1dc96ec6957aa1ccb25ebe78bb19f100\"},\"breadcrumb\":{\"@id\":\"https:\\\/\\\/batijournal.com\\\/index.php\\\/fouilles-archeologiques-prealables-a-reconstitution-grandes-allees-chateau-de-villers-cotterets\\\/98488\\\/#breadcrumb\"},\"inLanguage\":\"fr-FR\",\"potentialAction\":[{\"@type\":\"ReadAction\",\"target\":[\"https:\\\/\\\/batijournal.com\\\/index.php\\\/fouilles-archeologiques-prealables-a-reconstitution-grandes-allees-chateau-de-villers-cotterets\\\/98488\\\/\"]}]},{\"@type\":\"ImageObject\",\"inLanguage\":\"fr-FR\",\"@id\":\"https:\\\/\\\/batijournal.com\\\/index.php\\\/fouilles-archeologiques-prealables-a-reconstitution-grandes-allees-chateau-de-villers-cotterets\\\/98488\\\/#primaryimage\",\"url\":\"https:\\\/\\\/batijournal.com\\\/wp-content\\\/uploads\\\/2018\\\/02\\\/fouilles-parc-chateau-de-Villers-Cotterets.jpeg\",\"contentUrl\":\"https:\\\/\\\/batijournal.com\\\/wp-content\\\/uploads\\\/2018\\\/02\\\/fouilles-parc-chateau-de-Villers-Cotterets.jpeg\",\"width\":950,\"height\":639},{\"@type\":\"BreadcrumbList\",\"@id\":\"https:\\\/\\\/batijournal.com\\\/index.php\\\/fouilles-archeologiques-prealables-a-reconstitution-grandes-allees-chateau-de-villers-cotterets\\\/98488\\\/#breadcrumb\",\"itemListElement\":[{\"@type\":\"ListItem\",\"position\":1,\"name\":\"Accueil\",\"item\":\"https:\\\/\\\/batijournal.com\\\/\"},{\"@type\":\"ListItem\",\"position\":2,\"name\":\"Actualit\u00e9s\",\"item\":\"https:\\\/\\\/batijournal.com\\\/index.php\\\/category\\\/actualites\\\/\"},{\"@type\":\"ListItem\",\"position\":3,\"name\":\"Fouilles arch\u00e9ologiques pr\u00e9alables \u00e0 la reconstitution des Grandes all\u00e9es du ch\u00e2teau de Villers-Cotter\u00eats\"}]},{\"@type\":\"WebSite\",\"@id\":\"https:\\\/\\\/batijournal.com\\\/#website\",\"url\":\"https:\\\/\\\/batijournal.com\\\/\",\"name\":\"Batijournal\",\"description\":\"L&#039;actualit\u00e9 du b\u00e2timent\",\"potentialAction\":[{\"@type\":\"SearchAction\",\"target\":{\"@type\":\"EntryPoint\",\"urlTemplate\":\"https:\\\/\\\/batijournal.com\\\/?s={search_term_string}\"},\"query-input\":{\"@type\":\"PropertyValueSpecification\",\"valueRequired\":true,\"valueName\":\"search_term_string\"}}],\"inLanguage\":\"fr-FR\"},{\"@type\":\"Person\",\"@id\":\"https:\\\/\\\/batijournal.com\\\/#\\\/schema\\\/person\\\/1dc96ec6957aa1ccb25ebe78bb19f100\",\"name\":\"St\u00e9phane Miget\",\"image\":{\"@type\":\"ImageObject\",\"inLanguage\":\"fr-FR\",\"@id\":\"https:\\\/\\\/secure.gravatar.com\\\/avatar\\\/89915563d925342126b8ef0281b93d9d7fc337043e8df017f780908eb9644451?s=96&d=mm&r=g\",\"url\":\"https:\\\/\\\/secure.gravatar.com\\\/avatar\\\/89915563d925342126b8ef0281b93d9d7fc337043e8df017f780908eb9644451?s=96&d=mm&r=g\",\"contentUrl\":\"https:\\\/\\\/secure.gravatar.com\\\/avatar\\\/89915563d925342126b8ef0281b93d9d7fc337043e8df017f780908eb9644451?s=96&d=mm&r=g\",\"caption\":\"St\u00e9phane Miget\"},\"url\":\"https:\\\/\\\/batijournal.com\\\/index.php\\\/author\\\/stephane\\\/\"}]}<\/script>\n<!-- \/ Yoast SEO plugin. -->","yoast_head_json":{"title":"Fouilles arch\u00e9ologiques pr\u00e9alables \u00e0 la reconstitution des Grandes all\u00e9es du ch\u00e2teau de Villers-Cotter\u00eats","robots":{"index":"index","follow":"follow","max-snippet":"max-snippet:-1","max-image-preview":"max-image-preview:large","max-video-preview":"max-video-preview:-1"},"canonical":"https:\/\/batijournal.com\/index.php\/fouilles-archeologiques-prealables-a-reconstitution-grandes-allees-chateau-de-villers-cotterets\/98488\/","og_locale":"fr_FR","og_type":"article","og_title":"Fouilles arch\u00e9ologiques pr\u00e9alables \u00e0 la reconstitution des Grandes all\u00e9es du ch\u00e2teau de Villers-Cotter\u00eats","og_description":"Un projet de r\u00e9habilitation du parc du ch\u00e2teau de Villers-Cotter\u00eats est men\u00e9 par l&rsquo;ONF depuis 2015. Des travaux de fouilles arch\u00e9ologiques ont \u00e9t\u00e9 entrepris en pr\u00e9alable de toute intervention de replantation de ce joyau de l&rsquo;histoire des jardins et du paysage. Ces travaux se sont d\u00e9roul\u00e9s entre le 1er et le 12 f\u00e9vrier 2018. Elabor\u00e9e [&hellip;]","og_url":"https:\/\/batijournal.com\/index.php\/fouilles-archeologiques-prealables-a-reconstitution-grandes-allees-chateau-de-villers-cotterets\/98488\/","og_site_name":"Batijournal","article_published_time":"2018-02-24T09:02:25+00:00","article_modified_time":"2019-07-15T09:15:13+00:00","og_image":[{"width":950,"height":639,"url":"https:\/\/batijournal.com\/wp-content\/uploads\/2018\/02\/fouilles-parc-chateau-de-Villers-Cotterets.jpeg","type":"image\/jpeg"}],"author":"St\u00e9phane Miget","twitter_card":"summary_large_image","twitter_creator":"@bati_journal","twitter_site":"@bati_journal","twitter_misc":{"\u00c9crit par":"St\u00e9phane Miget","Dur\u00e9e de lecture estim\u00e9e":"1 minute"},"schema":{"@context":"https:\/\/schema.org","@graph":[{"@type":"Article","@id":"https:\/\/batijournal.com\/index.php\/fouilles-archeologiques-prealables-a-reconstitution-grandes-allees-chateau-de-villers-cotterets\/98488\/#article","isPartOf":{"@id":"https:\/\/batijournal.com\/index.php\/fouilles-archeologiques-prealables-a-reconstitution-grandes-allees-chateau-de-villers-cotterets\/98488\/"},"author":{"name":"St\u00e9phane Miget","@id":"https:\/\/batijournal.com\/#\/schema\/person\/1dc96ec6957aa1ccb25ebe78bb19f100"},"headline":"Fouilles arch\u00e9ologiques pr\u00e9alables \u00e0 la reconstitution des Grandes all\u00e9es du ch\u00e2teau de Villers-Cotter\u00eats","datePublished":"2018-02-24T09:02:25+00:00","dateModified":"2019-07-15T09:15:13+00:00","mainEntityOfPage":{"@id":"https:\/\/batijournal.com\/index.php\/fouilles-archeologiques-prealables-a-reconstitution-grandes-allees-chateau-de-villers-cotterets\/98488\/"},"wordCount":307,"image":{"@id":"https:\/\/batijournal.com\/index.php\/fouilles-archeologiques-prealables-a-reconstitution-grandes-allees-chateau-de-villers-cotterets\/98488\/#primaryimage"},"thumbnailUrl":"https:\/\/batijournal.com\/wp-content\/uploads\/2018\/02\/fouilles-parc-chateau-de-Villers-Cotterets.jpeg","keywords":["jardin historique","paysage"],"articleSection":["Actualit\u00e9s","Architecture &amp; Conception","zz_Atrium Patrimoine"],"inLanguage":"fr-FR"},{"@type":"WebPage","@id":"https:\/\/batijournal.com\/index.php\/fouilles-archeologiques-prealables-a-reconstitution-grandes-allees-chateau-de-villers-cotterets\/98488\/","url":"https:\/\/batijournal.com\/index.php\/fouilles-archeologiques-prealables-a-reconstitution-grandes-allees-chateau-de-villers-cotterets\/98488\/","name":"Fouilles arch\u00e9ologiques pr\u00e9alables \u00e0 la reconstitution des Grandes all\u00e9es du ch\u00e2teau de Villers-Cotter\u00eats","isPartOf":{"@id":"https:\/\/batijournal.com\/#website"},"primaryImageOfPage":{"@id":"https:\/\/batijournal.com\/index.php\/fouilles-archeologiques-prealables-a-reconstitution-grandes-allees-chateau-de-villers-cotterets\/98488\/#primaryimage"},"image":{"@id":"https:\/\/batijournal.com\/index.php\/fouilles-archeologiques-prealables-a-reconstitution-grandes-allees-chateau-de-villers-cotterets\/98488\/#primaryimage"},"thumbnailUrl":"https:\/\/batijournal.com\/wp-content\/uploads\/2018\/02\/fouilles-parc-chateau-de-Villers-Cotterets.jpeg","datePublished":"2018-02-24T09:02:25+00:00","dateModified":"2019-07-15T09:15:13+00:00","author":{"@id":"https:\/\/batijournal.com\/#\/schema\/person\/1dc96ec6957aa1ccb25ebe78bb19f100"},"breadcrumb":{"@id":"https:\/\/batijournal.com\/index.php\/fouilles-archeologiques-prealables-a-reconstitution-grandes-allees-chateau-de-villers-cotterets\/98488\/#breadcrumb"},"inLanguage":"fr-FR","potentialAction":[{"@type":"ReadAction","target":["https:\/\/batijournal.com\/index.php\/fouilles-archeologiques-prealables-a-reconstitution-grandes-allees-chateau-de-villers-cotterets\/98488\/"]}]},{"@type":"ImageObject","inLanguage":"fr-FR","@id":"https:\/\/batijournal.com\/index.php\/fouilles-archeologiques-prealables-a-reconstitution-grandes-allees-chateau-de-villers-cotterets\/98488\/#primaryimage","url":"https:\/\/batijournal.com\/wp-content\/uploads\/2018\/02\/fouilles-parc-chateau-de-Villers-Cotterets.jpeg","contentUrl":"https:\/\/batijournal.com\/wp-content\/uploads\/2018\/02\/fouilles-parc-chateau-de-Villers-Cotterets.jpeg","width":950,"height":639},{"@type":"BreadcrumbList","@id":"https:\/\/batijournal.com\/index.php\/fouilles-archeologiques-prealables-a-reconstitution-grandes-allees-chateau-de-villers-cotterets\/98488\/#breadcrumb","itemListElement":[{"@type":"ListItem","position":1,"name":"Accueil","item":"https:\/\/batijournal.com\/"},{"@type":"ListItem","position":2,"name":"Actualit\u00e9s","item":"https:\/\/batijournal.com\/index.php\/category\/actualites\/"},{"@type":"ListItem","position":3,"name":"Fouilles arch\u00e9ologiques pr\u00e9alables \u00e0 la reconstitution des Grandes all\u00e9es du ch\u00e2teau de Villers-Cotter\u00eats"}]},{"@type":"WebSite","@id":"https:\/\/batijournal.com\/#website","url":"https:\/\/batijournal.com\/","name":"Batijournal","description":"L&#039;actualit\u00e9 du b\u00e2timent","potentialAction":[{"@type":"SearchAction","target":{"@type":"EntryPoint","urlTemplate":"https:\/\/batijournal.com\/?s={search_term_string}"},"query-input":{"@type":"PropertyValueSpecification","valueRequired":true,"valueName":"search_term_string"}}],"inLanguage":"fr-FR"},{"@type":"Person","@id":"https:\/\/batijournal.com\/#\/schema\/person\/1dc96ec6957aa1ccb25ebe78bb19f100","name":"St\u00e9phane Miget","image":{"@type":"ImageObject","inLanguage":"fr-FR","@id":"https:\/\/secure.gravatar.com\/avatar\/89915563d925342126b8ef0281b93d9d7fc337043e8df017f780908eb9644451?s=96&d=mm&r=g","url":"https:\/\/secure.gravatar.com\/avatar\/89915563d925342126b8ef0281b93d9d7fc337043e8df017f780908eb9644451?s=96&d=mm&r=g","contentUrl":"https:\/\/secure.gravatar.com\/avatar\/89915563d925342126b8ef0281b93d9d7fc337043e8df017f780908eb9644451?s=96&d=mm&r=g","caption":"St\u00e9phane Miget"},"url":"https:\/\/batijournal.com\/index.php\/author\/stephane\/"}]}},"_links":{"self":[{"href":"https:\/\/batijournal.com\/index.php\/wp-json\/wp\/v2\/posts\/98488","targetHints":{"allow":["GET"]}}],"collection":[{"href":"https:\/\/batijournal.com\/index.php\/wp-json\/wp\/v2\/posts"}],"about":[{"href":"https:\/\/batijournal.com\/index.php\/wp-json\/wp\/v2\/types\/post"}],"author":[{"embeddable":true,"href":"https:\/\/batijournal.com\/index.php\/wp-json\/wp\/v2\/users\/17"}],"replies":[{"embeddable":true,"href":"https:\/\/batijournal.com\/index.php\/wp-json\/wp\/v2\/comments?post=98488"}],"version-history":[{"count":0,"href":"https:\/\/batijournal.com\/index.php\/wp-json\/wp\/v2\/posts\/98488\/revisions"}],"wp:featuredmedia":[{"embeddable":true,"href":"https:\/\/batijournal.com\/index.php\/wp-json\/wp\/v2\/media\/98489"}],"wp:attachment":[{"href":"https:\/\/batijournal.com\/index.php\/wp-json\/wp\/v2\/media?parent=98488"}],"wp:term":[{"taxonomy":"category","embeddable":true,"href":"https:\/\/batijournal.com\/index.php\/wp-json\/wp\/v2\/categories?post=98488"},{"taxonomy":"post_tag","embeddable":true,"href":"https:\/\/batijournal.com\/index.php\/wp-json\/wp\/v2\/tags?post=98488"}],"curies":[{"name":"wp","href":"https:\/\/api.w.org\/{rel}","templated":true}]}}