{"id":98492,"date":"2018-02-27T09:20:23","date_gmt":"2018-02-27T08:20:23","guid":{"rendered":"http:\/\/batijournal.com\/?p=98492"},"modified":"2019-07-15T12:21:56","modified_gmt":"2019-07-15T10:21:56","slug":"arnaud-leroy-va-etre-nomme-a-tete-de-lademe","status":"publish","type":"post","link":"https:\/\/batijournal.com\/index.php\/arnaud-leroy-va-etre-nomme-a-tete-de-lademe\/98492\/","title":{"rendered":"Arnaud LEROY va \u00eatre nomm\u00e9 \u00e0 la t\u00eate de l&rsquo;Ademe"},"content":{"rendered":"<p>Le Pr\u00e9sident de la R\u00e9publique envisage, sur proposition du Premier ministre, de nommer Arnaud LEROY \u00e0 la pr\u00e9sidence de l&rsquo;Ademe. Arnaud Leroy, 41 ans, ancien \u00ab\u00a0Vert\u00a0\u00bb, puis membre du PS, ex-porte-parole d&rsquo;Emmanuel Macron durant la campagne pr\u00e9sidentielle, charg\u00e9 d\u2019\u00e9laborer le programme \u00e9nerg\u00e9tique du candidat, est membre du bureau ex\u00e9cutif de La R\u00e9publique en marche. Il succ\u00e9dera \u00e0 Bruno L\u00e9chevin, ancien syndicaliste et ex-M\u00e9diateur de l&rsquo;\u00e9nergie, qui avait \u00e9t\u00e9 nomm\u00e9 en 2013 par Fran\u00e7ois Hollande.<br \/>\nLe Pr\u00e9sident de l\u2019Assembl\u00e9e nationale et le Pr\u00e9sident du S\u00e9nat sont saisis de ce projet de nomination, afin que la commission int\u00e9ress\u00e9e de chacune des assembl\u00e9es se prononce dans les conditions pr\u00e9vues par le cinqui\u00e8me alin\u00e9a de l\u2019article 13 de la Constitution.<\/p>\n","protected":false},"excerpt":{"rendered":"<p>Le Pr\u00e9sident de la R\u00e9publique envisage, sur proposition du Premier ministre, de nommer Arnaud LEROY \u00e0 la pr\u00e9sidence de l&rsquo;Ademe. Arnaud Leroy, 41 ans, ancien \u00ab\u00a0Vert\u00a0\u00bb, puis membre du PS, ex-porte-parole d&rsquo;Emmanuel Macron durant la campagne pr\u00e9sidentielle, charg\u00e9 d\u2019\u00e9laborer le programme \u00e9nerg\u00e9tique du candidat, est membre du bureau ex\u00e9cutif de La R\u00e9publique en marche. Il [&hellip;]<\/p>\n","protected":false},"author":17,"featured_media":98493,"comment_status":"closed","ping_status":"closed","sticky":false,"template":"","format":"standard","meta":{"_et_pb_use_builder":"","_et_pb_old_content":"","_et_gb_content_width":"","footnotes":""},"categories":[10530,6351],"tags":[],"class_list":["post-98492","post","type-post","status-publish","format-standard","has-post-thumbnail","hentry","category-actualites","category-energie-environnement"],"yoast_head":"<!-- This site is optimized with the Yoast SEO plugin v27.4 - https:\/\/yoast.com\/product\/yoast-seo-wordpress\/ -->\n<title>Arnaud LEROY va \u00eatre nomm\u00e9 \u00e0 la t\u00eate de l&#039;Ademe<\/title>\n<meta name=\"robots\" content=\"index, follow, max-snippet:-1, max-image-preview:large, max-video-preview:-1\" \/>\n<link rel=\"canonical\" href=\"https:\/\/batijournal.com\/index.php\/arnaud-leroy-va-etre-nomme-a-tete-de-lademe\/98492\/\" \/>\n<meta property=\"og:locale\" content=\"fr_FR\" \/>\n<meta property=\"og:type\" content=\"article\" \/>\n<meta property=\"og:title\" content=\"Arnaud LEROY va \u00eatre nomm\u00e9 \u00e0 la t\u00eate de l&#039;Ademe\" \/>\n<meta property=\"og:description\" content=\"Le Pr\u00e9sident de la R\u00e9publique envisage, sur proposition du Premier ministre, de nommer Arnaud LEROY \u00e0 la pr\u00e9sidence de l&rsquo;Ademe. Arnaud Leroy, 41 ans, ancien \u00ab\u00a0Vert\u00a0\u00bb, puis membre du PS, ex-porte-parole d&rsquo;Emmanuel Macron durant la campagne pr\u00e9sidentielle, charg\u00e9 d\u2019\u00e9laborer le programme \u00e9nerg\u00e9tique du candidat, est membre du bureau ex\u00e9cutif de La R\u00e9publique en marche. Il [&hellip;]\" \/>\n<meta property=\"og:url\" content=\"https:\/\/batijournal.com\/index.php\/arnaud-leroy-va-etre-nomme-a-tete-de-lademe\/98492\/\" \/>\n<meta property=\"og:site_name\" content=\"Batijournal\" \/>\n<meta property=\"article:published_time\" content=\"2018-02-27T08:20:23+00:00\" \/>\n<meta property=\"article:modified_time\" content=\"2019-07-15T10:21:56+00:00\" \/>\n<meta property=\"og:image\" content=\"https:\/\/batijournal.com\/wp-content\/uploads\/2018\/02\/arnaud-leroy.png\" \/>\n\t<meta property=\"og:image:width\" content=\"1156\" \/>\n\t<meta property=\"og:image:height\" content=\"708\" \/>\n\t<meta property=\"og:image:type\" content=\"image\/png\" \/>\n<meta name=\"author\" content=\"St\u00e9phane Miget\" \/>\n<meta name=\"twitter:card\" content=\"summary_large_image\" \/>\n<meta name=\"twitter:creator\" content=\"@bati_journal\" \/>\n<meta name=\"twitter:site\" content=\"@bati_journal\" \/>\n<meta name=\"twitter:label1\" content=\"\u00c9crit par\" \/>\n\t<meta name=\"twitter:data1\" content=\"St\u00e9phane Miget\" \/>\n\t<meta name=\"twitter:label2\" content=\"Dur\u00e9e de lecture estim\u00e9e\" \/>\n\t<meta name=\"twitter:data2\" content=\"1 minute\" \/>\n<script type=\"application\/ld+json\" class=\"yoast-schema-graph\">{\"@context\":\"https:\\\/\\\/schema.org\",\"@graph\":[{\"@type\":\"Article\",\"@id\":\"https:\\\/\\\/batijournal.com\\\/index.php\\\/arnaud-leroy-va-etre-nomme-a-tete-de-lademe\\\/98492\\\/#article\",\"isPartOf\":{\"@id\":\"https:\\\/\\\/batijournal.com\\\/index.php\\\/arnaud-leroy-va-etre-nomme-a-tete-de-lademe\\\/98492\\\/\"},\"author\":{\"name\":\"St\u00e9phane Miget\",\"@id\":\"https:\\\/\\\/batijournal.com\\\/#\\\/schema\\\/person\\\/1dc96ec6957aa1ccb25ebe78bb19f100\"},\"headline\":\"Arnaud LEROY va \u00eatre nomm\u00e9 \u00e0 la t\u00eate de l&rsquo;Ademe\",\"datePublished\":\"2018-02-27T08:20:23+00:00\",\"dateModified\":\"2019-07-15T10:21:56+00:00\",\"mainEntityOfPage\":{\"@id\":\"https:\\\/\\\/batijournal.com\\\/index.php\\\/arnaud-leroy-va-etre-nomme-a-tete-de-lademe\\\/98492\\\/\"},\"wordCount\":149,\"image\":{\"@id\":\"https:\\\/\\\/batijournal.com\\\/index.php\\\/arnaud-leroy-va-etre-nomme-a-tete-de-lademe\\\/98492\\\/#primaryimage\"},\"thumbnailUrl\":\"https:\\\/\\\/batijournal.com\\\/wp-content\\\/uploads\\\/2018\\\/02\\\/arnaud-leroy.png\",\"articleSection\":[\"Actualit\u00e9s\",\"\u00c9nergie &amp; Environnement\"],\"inLanguage\":\"fr-FR\"},{\"@type\":\"WebPage\",\"@id\":\"https:\\\/\\\/batijournal.com\\\/index.php\\\/arnaud-leroy-va-etre-nomme-a-tete-de-lademe\\\/98492\\\/\",\"url\":\"https:\\\/\\\/batijournal.com\\\/index.php\\\/arnaud-leroy-va-etre-nomme-a-tete-de-lademe\\\/98492\\\/\",\"name\":\"Arnaud LEROY va \u00eatre nomm\u00e9 \u00e0 la t\u00eate de l'Ademe\",\"isPartOf\":{\"@id\":\"https:\\\/\\\/batijournal.com\\\/#website\"},\"primaryImageOfPage\":{\"@id\":\"https:\\\/\\\/batijournal.com\\\/index.php\\\/arnaud-leroy-va-etre-nomme-a-tete-de-lademe\\\/98492\\\/#primaryimage\"},\"image\":{\"@id\":\"https:\\\/\\\/batijournal.com\\\/index.php\\\/arnaud-leroy-va-etre-nomme-a-tete-de-lademe\\\/98492\\\/#primaryimage\"},\"thumbnailUrl\":\"https:\\\/\\\/batijournal.com\\\/wp-content\\\/uploads\\\/2018\\\/02\\\/arnaud-leroy.png\",\"datePublished\":\"2018-02-27T08:20:23+00:00\",\"dateModified\":\"2019-07-15T10:21:56+00:00\",\"author\":{\"@id\":\"https:\\\/\\\/batijournal.com\\\/#\\\/schema\\\/person\\\/1dc96ec6957aa1ccb25ebe78bb19f100\"},\"breadcrumb\":{\"@id\":\"https:\\\/\\\/batijournal.com\\\/index.php\\\/arnaud-leroy-va-etre-nomme-a-tete-de-lademe\\\/98492\\\/#breadcrumb\"},\"inLanguage\":\"fr-FR\",\"potentialAction\":[{\"@type\":\"ReadAction\",\"target\":[\"https:\\\/\\\/batijournal.com\\\/index.php\\\/arnaud-leroy-va-etre-nomme-a-tete-de-lademe\\\/98492\\\/\"]}]},{\"@type\":\"ImageObject\",\"inLanguage\":\"fr-FR\",\"@id\":\"https:\\\/\\\/batijournal.com\\\/index.php\\\/arnaud-leroy-va-etre-nomme-a-tete-de-lademe\\\/98492\\\/#primaryimage\",\"url\":\"https:\\\/\\\/batijournal.com\\\/wp-content\\\/uploads\\\/2018\\\/02\\\/arnaud-leroy.png\",\"contentUrl\":\"https:\\\/\\\/batijournal.com\\\/wp-content\\\/uploads\\\/2018\\\/02\\\/arnaud-leroy.png\",\"width\":1156,\"height\":708},{\"@type\":\"BreadcrumbList\",\"@id\":\"https:\\\/\\\/batijournal.com\\\/index.php\\\/arnaud-leroy-va-etre-nomme-a-tete-de-lademe\\\/98492\\\/#breadcrumb\",\"itemListElement\":[{\"@type\":\"ListItem\",\"position\":1,\"name\":\"Accueil\",\"item\":\"https:\\\/\\\/batijournal.com\\\/\"},{\"@type\":\"ListItem\",\"position\":2,\"name\":\"Actualit\u00e9s\",\"item\":\"https:\\\/\\\/batijournal.com\\\/index.php\\\/category\\\/actualites\\\/\"},{\"@type\":\"ListItem\",\"position\":3,\"name\":\"Arnaud LEROY va \u00eatre nomm\u00e9 \u00e0 la t\u00eate de l&rsquo;Ademe\"}]},{\"@type\":\"WebSite\",\"@id\":\"https:\\\/\\\/batijournal.com\\\/#website\",\"url\":\"https:\\\/\\\/batijournal.com\\\/\",\"name\":\"Batijournal\",\"description\":\"L&#039;actualit\u00e9 du b\u00e2timent\",\"potentialAction\":[{\"@type\":\"SearchAction\",\"target\":{\"@type\":\"EntryPoint\",\"urlTemplate\":\"https:\\\/\\\/batijournal.com\\\/?s={search_term_string}\"},\"query-input\":{\"@type\":\"PropertyValueSpecification\",\"valueRequired\":true,\"valueName\":\"search_term_string\"}}],\"inLanguage\":\"fr-FR\"},{\"@type\":\"Person\",\"@id\":\"https:\\\/\\\/batijournal.com\\\/#\\\/schema\\\/person\\\/1dc96ec6957aa1ccb25ebe78bb19f100\",\"name\":\"St\u00e9phane Miget\",\"image\":{\"@type\":\"ImageObject\",\"inLanguage\":\"fr-FR\",\"@id\":\"https:\\\/\\\/secure.gravatar.com\\\/avatar\\\/89915563d925342126b8ef0281b93d9d7fc337043e8df017f780908eb9644451?s=96&d=mm&r=g\",\"url\":\"https:\\\/\\\/secure.gravatar.com\\\/avatar\\\/89915563d925342126b8ef0281b93d9d7fc337043e8df017f780908eb9644451?s=96&d=mm&r=g\",\"contentUrl\":\"https:\\\/\\\/secure.gravatar.com\\\/avatar\\\/89915563d925342126b8ef0281b93d9d7fc337043e8df017f780908eb9644451?s=96&d=mm&r=g\",\"caption\":\"St\u00e9phane Miget\"},\"url\":\"https:\\\/\\\/batijournal.com\\\/index.php\\\/author\\\/stephane\\\/\"}]}<\/script>\n<!-- \/ Yoast SEO plugin. -->","yoast_head_json":{"title":"Arnaud LEROY va \u00eatre nomm\u00e9 \u00e0 la t\u00eate de l'Ademe","robots":{"index":"index","follow":"follow","max-snippet":"max-snippet:-1","max-image-preview":"max-image-preview:large","max-video-preview":"max-video-preview:-1"},"canonical":"https:\/\/batijournal.com\/index.php\/arnaud-leroy-va-etre-nomme-a-tete-de-lademe\/98492\/","og_locale":"fr_FR","og_type":"article","og_title":"Arnaud LEROY va \u00eatre nomm\u00e9 \u00e0 la t\u00eate de l'Ademe","og_description":"Le Pr\u00e9sident de la R\u00e9publique envisage, sur proposition du Premier ministre, de nommer Arnaud LEROY \u00e0 la pr\u00e9sidence de l&rsquo;Ademe. Arnaud Leroy, 41 ans, ancien \u00ab\u00a0Vert\u00a0\u00bb, puis membre du PS, ex-porte-parole d&rsquo;Emmanuel Macron durant la campagne pr\u00e9sidentielle, charg\u00e9 d\u2019\u00e9laborer le programme \u00e9nerg\u00e9tique du candidat, est membre du bureau ex\u00e9cutif de La R\u00e9publique en marche. Il [&hellip;]","og_url":"https:\/\/batijournal.com\/index.php\/arnaud-leroy-va-etre-nomme-a-tete-de-lademe\/98492\/","og_site_name":"Batijournal","article_published_time":"2018-02-27T08:20:23+00:00","article_modified_time":"2019-07-15T10:21:56+00:00","og_image":[{"width":1156,"height":708,"url":"https:\/\/batijournal.com\/wp-content\/uploads\/2018\/02\/arnaud-leroy.png","type":"image\/png"}],"author":"St\u00e9phane Miget","twitter_card":"summary_large_image","twitter_creator":"@bati_journal","twitter_site":"@bati_journal","twitter_misc":{"\u00c9crit par":"St\u00e9phane Miget","Dur\u00e9e de lecture estim\u00e9e":"1 minute"},"schema":{"@context":"https:\/\/schema.org","@graph":[{"@type":"Article","@id":"https:\/\/batijournal.com\/index.php\/arnaud-leroy-va-etre-nomme-a-tete-de-lademe\/98492\/#article","isPartOf":{"@id":"https:\/\/batijournal.com\/index.php\/arnaud-leroy-va-etre-nomme-a-tete-de-lademe\/98492\/"},"author":{"name":"St\u00e9phane Miget","@id":"https:\/\/batijournal.com\/#\/schema\/person\/1dc96ec6957aa1ccb25ebe78bb19f100"},"headline":"Arnaud LEROY va \u00eatre nomm\u00e9 \u00e0 la t\u00eate de l&rsquo;Ademe","datePublished":"2018-02-27T08:20:23+00:00","dateModified":"2019-07-15T10:21:56+00:00","mainEntityOfPage":{"@id":"https:\/\/batijournal.com\/index.php\/arnaud-leroy-va-etre-nomme-a-tete-de-lademe\/98492\/"},"wordCount":149,"image":{"@id":"https:\/\/batijournal.com\/index.php\/arnaud-leroy-va-etre-nomme-a-tete-de-lademe\/98492\/#primaryimage"},"thumbnailUrl":"https:\/\/batijournal.com\/wp-content\/uploads\/2018\/02\/arnaud-leroy.png","articleSection":["Actualit\u00e9s","\u00c9nergie &amp; Environnement"],"inLanguage":"fr-FR"},{"@type":"WebPage","@id":"https:\/\/batijournal.com\/index.php\/arnaud-leroy-va-etre-nomme-a-tete-de-lademe\/98492\/","url":"https:\/\/batijournal.com\/index.php\/arnaud-leroy-va-etre-nomme-a-tete-de-lademe\/98492\/","name":"Arnaud LEROY va \u00eatre nomm\u00e9 \u00e0 la t\u00eate de l'Ademe","isPartOf":{"@id":"https:\/\/batijournal.com\/#website"},"primaryImageOfPage":{"@id":"https:\/\/batijournal.com\/index.php\/arnaud-leroy-va-etre-nomme-a-tete-de-lademe\/98492\/#primaryimage"},"image":{"@id":"https:\/\/batijournal.com\/index.php\/arnaud-leroy-va-etre-nomme-a-tete-de-lademe\/98492\/#primaryimage"},"thumbnailUrl":"https:\/\/batijournal.com\/wp-content\/uploads\/2018\/02\/arnaud-leroy.png","datePublished":"2018-02-27T08:20:23+00:00","dateModified":"2019-07-15T10:21:56+00:00","author":{"@id":"https:\/\/batijournal.com\/#\/schema\/person\/1dc96ec6957aa1ccb25ebe78bb19f100"},"breadcrumb":{"@id":"https:\/\/batijournal.com\/index.php\/arnaud-leroy-va-etre-nomme-a-tete-de-lademe\/98492\/#breadcrumb"},"inLanguage":"fr-FR","potentialAction":[{"@type":"ReadAction","target":["https:\/\/batijournal.com\/index.php\/arnaud-leroy-va-etre-nomme-a-tete-de-lademe\/98492\/"]}]},{"@type":"ImageObject","inLanguage":"fr-FR","@id":"https:\/\/batijournal.com\/index.php\/arnaud-leroy-va-etre-nomme-a-tete-de-lademe\/98492\/#primaryimage","url":"https:\/\/batijournal.com\/wp-content\/uploads\/2018\/02\/arnaud-leroy.png","contentUrl":"https:\/\/batijournal.com\/wp-content\/uploads\/2018\/02\/arnaud-leroy.png","width":1156,"height":708},{"@type":"BreadcrumbList","@id":"https:\/\/batijournal.com\/index.php\/arnaud-leroy-va-etre-nomme-a-tete-de-lademe\/98492\/#breadcrumb","itemListElement":[{"@type":"ListItem","position":1,"name":"Accueil","item":"https:\/\/batijournal.com\/"},{"@type":"ListItem","position":2,"name":"Actualit\u00e9s","item":"https:\/\/batijournal.com\/index.php\/category\/actualites\/"},{"@type":"ListItem","position":3,"name":"Arnaud LEROY va \u00eatre nomm\u00e9 \u00e0 la t\u00eate de l&rsquo;Ademe"}]},{"@type":"WebSite","@id":"https:\/\/batijournal.com\/#website","url":"https:\/\/batijournal.com\/","name":"Batijournal","description":"L&#039;actualit\u00e9 du b\u00e2timent","potentialAction":[{"@type":"SearchAction","target":{"@type":"EntryPoint","urlTemplate":"https:\/\/batijournal.com\/?s={search_term_string}"},"query-input":{"@type":"PropertyValueSpecification","valueRequired":true,"valueName":"search_term_string"}}],"inLanguage":"fr-FR"},{"@type":"Person","@id":"https:\/\/batijournal.com\/#\/schema\/person\/1dc96ec6957aa1ccb25ebe78bb19f100","name":"St\u00e9phane Miget","image":{"@type":"ImageObject","inLanguage":"fr-FR","@id":"https:\/\/secure.gravatar.com\/avatar\/89915563d925342126b8ef0281b93d9d7fc337043e8df017f780908eb9644451?s=96&d=mm&r=g","url":"https:\/\/secure.gravatar.com\/avatar\/89915563d925342126b8ef0281b93d9d7fc337043e8df017f780908eb9644451?s=96&d=mm&r=g","contentUrl":"https:\/\/secure.gravatar.com\/avatar\/89915563d925342126b8ef0281b93d9d7fc337043e8df017f780908eb9644451?s=96&d=mm&r=g","caption":"St\u00e9phane Miget"},"url":"https:\/\/batijournal.com\/index.php\/author\/stephane\/"}]}},"_links":{"self":[{"href":"https:\/\/batijournal.com\/index.php\/wp-json\/wp\/v2\/posts\/98492","targetHints":{"allow":["GET"]}}],"collection":[{"href":"https:\/\/batijournal.com\/index.php\/wp-json\/wp\/v2\/posts"}],"about":[{"href":"https:\/\/batijournal.com\/index.php\/wp-json\/wp\/v2\/types\/post"}],"author":[{"embeddable":true,"href":"https:\/\/batijournal.com\/index.php\/wp-json\/wp\/v2\/users\/17"}],"replies":[{"embeddable":true,"href":"https:\/\/batijournal.com\/index.php\/wp-json\/wp\/v2\/comments?post=98492"}],"version-history":[{"count":0,"href":"https:\/\/batijournal.com\/index.php\/wp-json\/wp\/v2\/posts\/98492\/revisions"}],"wp:featuredmedia":[{"embeddable":true,"href":"https:\/\/batijournal.com\/index.php\/wp-json\/wp\/v2\/media\/98493"}],"wp:attachment":[{"href":"https:\/\/batijournal.com\/index.php\/wp-json\/wp\/v2\/media?parent=98492"}],"wp:term":[{"taxonomy":"category","embeddable":true,"href":"https:\/\/batijournal.com\/index.php\/wp-json\/wp\/v2\/categories?post=98492"},{"taxonomy":"post_tag","embeddable":true,"href":"https:\/\/batijournal.com\/index.php\/wp-json\/wp\/v2\/tags?post=98492"}],"curies":[{"name":"wp","href":"https:\/\/api.w.org\/{rel}","templated":true}]}}