{"id":98507,"date":"2018-02-28T09:19:18","date_gmt":"2018-02-28T08:19:18","guid":{"rendered":"http:\/\/batijournal.com\/?p=98507"},"modified":"2019-07-15T11:15:13","modified_gmt":"2019-07-15T09:15:13","slug":"banque-de-semences-mondiale-patrimoine-vegetal-cultive-va-ameliorer-capacites-de-stockage","status":"publish","type":"post","link":"https:\/\/batijournal.com\/index.php\/banque-de-semences-mondiale-patrimoine-vegetal-cultive-va-ameliorer-capacites-de-stockage\/98507\/","title":{"rendered":"La banque de semences mondiale du patrimoine v\u00e9g\u00e9tal cultiv\u00e9 va am\u00e9liorer ses capacit\u00e9s de stockage"},"content":{"rendered":"<p><strong>La r\u00e9serve qui conserve les semences de nombreuses cultures essentielles dans un espace sous-terrain pr\u00e8s de Svalbard en Norv\u00e8ge, c\u00e9l\u00e9brera bient\u00f4t son 10\u00e8me anniversaire. C&rsquo;est l&rsquo;adoption du Trait\u00e9 international sur les ressources phytog\u00e9n\u00e9tiques pour l&rsquo;alimentation et l&rsquo;agriculture en 2001 qui a donn\u00e9 au gouvernement norv\u00e9gien l&rsquo;\u00e9lan n\u00e9cessaire pour lancer ce projet.<\/strong><\/p>\n<p>La r\u00e9serve de Svalbard conserve pr\u00e8s d&rsquo;un million de plantes uniques. Alors que les agriculteurs les ont cultiv\u00e9es pendant plusieurs mill\u00e9naires, le fait de mettre l&rsquo;accent sur la protection de la diversit\u00e9 des cultures ex situ est historiquement li\u00e9 \u00e0 Nikolai Vavilov, fondateur de l&rsquo;une des premi\u00e8res banques de g\u00e8nes en Russie, en 1921. Dans le but de mettre un terme aux famines, le botaniste a voyag\u00e9 \u00e0 travers plus de 60 pays, r\u00e9coltant les t\u00e9moignages des agriculteurs et collectionnant les semences, en gardant \u00e0 l&rsquo;esprit leur potentiel de r\u00e9sistance dans un monde en constante \u00e9volution. Les nombreuses adh\u00e9sions aux banques de g\u00e8nes qui s&rsquo;en sont suivies ont permis de cultiver des vari\u00e9t\u00e9s de culture mieux adapt\u00e9es \u00e0 la production alimentaire, comme par exemple celles r\u00e9sistantes aux maladies de la rouille qui peuvent d\u00e9cimer des r\u00e9coltes enti\u00e8res de bl\u00e9 et de ma\u00efs. Elles ont \u00e9galement permis de produire des vari\u00e9t\u00e9s de riz capables de r\u00e9sister aux sols salins, de rendre des esp\u00e8ces tr\u00e8s domestiqu\u00e9es encore plus r\u00e9silientes et de contribuer aux innovations n\u00e9cessaires afin de faire face au changement climatique, tels que le fait d&rsquo;arriver \u00e0 maturation plus rapidement ou encore une meilleure tol\u00e9rance face \u00e0 la s\u00e9cheresse.<\/p>\n<p>Apr\u00e8s dix ann\u00e9es de fonctionnement, le gouvernement norv\u00e9gien d\u00e9bloque des fonds pour s\u00e9curiser davantage la r\u00e9serve de semences et ouvrir son espace de stockage aux banques de g\u00e8nes du monde entier. Le projet comprend la construction d&rsquo;un nouveau tunnel d&rsquo;acc\u00e8s en b\u00e9ton, d&rsquo;un b\u00e2timent de service pour placer des sources d&rsquo;\u00e9nergie et de refroidissement d&rsquo;urgence ainsi que d&rsquo;autres \u00e9quipements \u00e9metteurs de chaleur en dehors de la cavit\u00e9 souterraine.<\/p>\n<p>Photo : Landbruks-og matdepartemente<\/p>\n<p>&nbsp;<\/p>\n","protected":false},"excerpt":{"rendered":"<p>La r\u00e9serve qui conserve les semences de nombreuses cultures essentielles dans un espace sous-terrain pr\u00e8s de Svalbard en Norv\u00e8ge, c\u00e9l\u00e9brera bient\u00f4t son 10\u00e8me anniversaire. C&rsquo;est l&rsquo;adoption du Trait\u00e9 international sur les ressources phytog\u00e9n\u00e9tiques pour l&rsquo;alimentation et l&rsquo;agriculture en 2001 qui a donn\u00e9 au gouvernement norv\u00e9gien l&rsquo;\u00e9lan n\u00e9cessaire pour lancer ce projet. La r\u00e9serve de Svalbard [&hellip;]<\/p>\n","protected":false},"author":17,"featured_media":98508,"comment_status":"closed","ping_status":"closed","sticky":false,"template":"","format":"standard","meta":{"_et_pb_use_builder":"","_et_pb_old_content":"","_et_gb_content_width":"","footnotes":""},"categories":[10530,6340,10785],"tags":[6710],"class_list":["post-98507","post","type-post","status-publish","format-standard","has-post-thumbnail","hentry","category-actualites","category-architecture-conception","category-atrium","tag-patrimoine-vivant"],"yoast_head":"<!-- This site is optimized with the Yoast SEO plugin v27.4 - https:\/\/yoast.com\/product\/yoast-seo-wordpress\/ -->\n<title>La banque de semences mondiale du patrimoine v\u00e9g\u00e9tal cultiv\u00e9 va am\u00e9liorer ses capacit\u00e9s de stockage<\/title>\n<meta name=\"robots\" content=\"index, follow, max-snippet:-1, max-image-preview:large, max-video-preview:-1\" \/>\n<link rel=\"canonical\" href=\"https:\/\/batijournal.com\/index.php\/banque-de-semences-mondiale-patrimoine-vegetal-cultive-va-ameliorer-capacites-de-stockage\/98507\/\" \/>\n<meta property=\"og:locale\" content=\"fr_FR\" \/>\n<meta property=\"og:type\" content=\"article\" \/>\n<meta property=\"og:title\" content=\"La banque de semences mondiale du patrimoine v\u00e9g\u00e9tal cultiv\u00e9 va am\u00e9liorer ses capacit\u00e9s de stockage\" \/>\n<meta property=\"og:description\" content=\"La r\u00e9serve qui conserve les semences de nombreuses cultures essentielles dans un espace sous-terrain pr\u00e8s de Svalbard en Norv\u00e8ge, c\u00e9l\u00e9brera bient\u00f4t son 10\u00e8me anniversaire. C&rsquo;est l&rsquo;adoption du Trait\u00e9 international sur les ressources phytog\u00e9n\u00e9tiques pour l&rsquo;alimentation et l&rsquo;agriculture en 2001 qui a donn\u00e9 au gouvernement norv\u00e9gien l&rsquo;\u00e9lan n\u00e9cessaire pour lancer ce projet. La r\u00e9serve de Svalbard [&hellip;]\" \/>\n<meta property=\"og:url\" content=\"https:\/\/batijournal.com\/index.php\/banque-de-semences-mondiale-patrimoine-vegetal-cultive-va-ameliorer-capacites-de-stockage\/98507\/\" \/>\n<meta property=\"og:site_name\" content=\"Batijournal\" \/>\n<meta property=\"article:published_time\" content=\"2018-02-28T08:19:18+00:00\" \/>\n<meta property=\"article:modified_time\" content=\"2019-07-15T09:15:13+00:00\" \/>\n<meta property=\"og:image\" content=\"https:\/\/batijournal.com\/wp-content\/uploads\/2018\/02\/reserve-semences-Svalbard.jpg\" \/>\n\t<meta property=\"og:image:width\" content=\"1200\" \/>\n\t<meta property=\"og:image:height\" content=\"900\" \/>\n\t<meta property=\"og:image:type\" content=\"image\/jpeg\" \/>\n<meta name=\"author\" content=\"St\u00e9phane Miget\" \/>\n<meta name=\"twitter:card\" content=\"summary_large_image\" \/>\n<meta name=\"twitter:creator\" content=\"@bati_journal\" \/>\n<meta name=\"twitter:site\" content=\"@bati_journal\" \/>\n<meta name=\"twitter:label1\" content=\"\u00c9crit par\" \/>\n\t<meta name=\"twitter:data1\" content=\"St\u00e9phane Miget\" \/>\n\t<meta name=\"twitter:label2\" content=\"Dur\u00e9e de lecture estim\u00e9e\" \/>\n\t<meta name=\"twitter:data2\" content=\"2 minutes\" \/>\n<script type=\"application\/ld+json\" class=\"yoast-schema-graph\">{\"@context\":\"https:\\\/\\\/schema.org\",\"@graph\":[{\"@type\":\"Article\",\"@id\":\"https:\\\/\\\/batijournal.com\\\/index.php\\\/banque-de-semences-mondiale-patrimoine-vegetal-cultive-va-ameliorer-capacites-de-stockage\\\/98507\\\/#article\",\"isPartOf\":{\"@id\":\"https:\\\/\\\/batijournal.com\\\/index.php\\\/banque-de-semences-mondiale-patrimoine-vegetal-cultive-va-ameliorer-capacites-de-stockage\\\/98507\\\/\"},\"author\":{\"name\":\"St\u00e9phane Miget\",\"@id\":\"https:\\\/\\\/batijournal.com\\\/#\\\/schema\\\/person\\\/1dc96ec6957aa1ccb25ebe78bb19f100\"},\"headline\":\"La banque de semences mondiale du patrimoine v\u00e9g\u00e9tal cultiv\u00e9 va am\u00e9liorer ses capacit\u00e9s de stockage\",\"datePublished\":\"2018-02-28T08:19:18+00:00\",\"dateModified\":\"2019-07-15T09:15:13+00:00\",\"mainEntityOfPage\":{\"@id\":\"https:\\\/\\\/batijournal.com\\\/index.php\\\/banque-de-semences-mondiale-patrimoine-vegetal-cultive-va-ameliorer-capacites-de-stockage\\\/98507\\\/\"},\"wordCount\":397,\"image\":{\"@id\":\"https:\\\/\\\/batijournal.com\\\/index.php\\\/banque-de-semences-mondiale-patrimoine-vegetal-cultive-va-ameliorer-capacites-de-stockage\\\/98507\\\/#primaryimage\"},\"thumbnailUrl\":\"https:\\\/\\\/batijournal.com\\\/wp-content\\\/uploads\\\/2018\\\/02\\\/reserve-semences-Svalbard.jpg\",\"keywords\":[\"patrimoine vivant\"],\"articleSection\":[\"Actualit\u00e9s\",\"Architecture &amp; Conception\",\"zz_Atrium Patrimoine\"],\"inLanguage\":\"fr-FR\"},{\"@type\":\"WebPage\",\"@id\":\"https:\\\/\\\/batijournal.com\\\/index.php\\\/banque-de-semences-mondiale-patrimoine-vegetal-cultive-va-ameliorer-capacites-de-stockage\\\/98507\\\/\",\"url\":\"https:\\\/\\\/batijournal.com\\\/index.php\\\/banque-de-semences-mondiale-patrimoine-vegetal-cultive-va-ameliorer-capacites-de-stockage\\\/98507\\\/\",\"name\":\"La banque de semences mondiale du patrimoine v\u00e9g\u00e9tal cultiv\u00e9 va am\u00e9liorer ses capacit\u00e9s de stockage\",\"isPartOf\":{\"@id\":\"https:\\\/\\\/batijournal.com\\\/#website\"},\"primaryImageOfPage\":{\"@id\":\"https:\\\/\\\/batijournal.com\\\/index.php\\\/banque-de-semences-mondiale-patrimoine-vegetal-cultive-va-ameliorer-capacites-de-stockage\\\/98507\\\/#primaryimage\"},\"image\":{\"@id\":\"https:\\\/\\\/batijournal.com\\\/index.php\\\/banque-de-semences-mondiale-patrimoine-vegetal-cultive-va-ameliorer-capacites-de-stockage\\\/98507\\\/#primaryimage\"},\"thumbnailUrl\":\"https:\\\/\\\/batijournal.com\\\/wp-content\\\/uploads\\\/2018\\\/02\\\/reserve-semences-Svalbard.jpg\",\"datePublished\":\"2018-02-28T08:19:18+00:00\",\"dateModified\":\"2019-07-15T09:15:13+00:00\",\"author\":{\"@id\":\"https:\\\/\\\/batijournal.com\\\/#\\\/schema\\\/person\\\/1dc96ec6957aa1ccb25ebe78bb19f100\"},\"breadcrumb\":{\"@id\":\"https:\\\/\\\/batijournal.com\\\/index.php\\\/banque-de-semences-mondiale-patrimoine-vegetal-cultive-va-ameliorer-capacites-de-stockage\\\/98507\\\/#breadcrumb\"},\"inLanguage\":\"fr-FR\",\"potentialAction\":[{\"@type\":\"ReadAction\",\"target\":[\"https:\\\/\\\/batijournal.com\\\/index.php\\\/banque-de-semences-mondiale-patrimoine-vegetal-cultive-va-ameliorer-capacites-de-stockage\\\/98507\\\/\"]}]},{\"@type\":\"ImageObject\",\"inLanguage\":\"fr-FR\",\"@id\":\"https:\\\/\\\/batijournal.com\\\/index.php\\\/banque-de-semences-mondiale-patrimoine-vegetal-cultive-va-ameliorer-capacites-de-stockage\\\/98507\\\/#primaryimage\",\"url\":\"https:\\\/\\\/batijournal.com\\\/wp-content\\\/uploads\\\/2018\\\/02\\\/reserve-semences-Svalbard.jpg\",\"contentUrl\":\"https:\\\/\\\/batijournal.com\\\/wp-content\\\/uploads\\\/2018\\\/02\\\/reserve-semences-Svalbard.jpg\",\"width\":1200,\"height\":900},{\"@type\":\"BreadcrumbList\",\"@id\":\"https:\\\/\\\/batijournal.com\\\/index.php\\\/banque-de-semences-mondiale-patrimoine-vegetal-cultive-va-ameliorer-capacites-de-stockage\\\/98507\\\/#breadcrumb\",\"itemListElement\":[{\"@type\":\"ListItem\",\"position\":1,\"name\":\"Accueil\",\"item\":\"https:\\\/\\\/batijournal.com\\\/\"},{\"@type\":\"ListItem\",\"position\":2,\"name\":\"Actualit\u00e9s\",\"item\":\"https:\\\/\\\/batijournal.com\\\/index.php\\\/category\\\/actualites\\\/\"},{\"@type\":\"ListItem\",\"position\":3,\"name\":\"La banque de semences mondiale du patrimoine v\u00e9g\u00e9tal cultiv\u00e9 va am\u00e9liorer ses capacit\u00e9s de stockage\"}]},{\"@type\":\"WebSite\",\"@id\":\"https:\\\/\\\/batijournal.com\\\/#website\",\"url\":\"https:\\\/\\\/batijournal.com\\\/\",\"name\":\"Batijournal\",\"description\":\"L&#039;actualit\u00e9 du b\u00e2timent\",\"potentialAction\":[{\"@type\":\"SearchAction\",\"target\":{\"@type\":\"EntryPoint\",\"urlTemplate\":\"https:\\\/\\\/batijournal.com\\\/?s={search_term_string}\"},\"query-input\":{\"@type\":\"PropertyValueSpecification\",\"valueRequired\":true,\"valueName\":\"search_term_string\"}}],\"inLanguage\":\"fr-FR\"},{\"@type\":\"Person\",\"@id\":\"https:\\\/\\\/batijournal.com\\\/#\\\/schema\\\/person\\\/1dc96ec6957aa1ccb25ebe78bb19f100\",\"name\":\"St\u00e9phane Miget\",\"image\":{\"@type\":\"ImageObject\",\"inLanguage\":\"fr-FR\",\"@id\":\"https:\\\/\\\/secure.gravatar.com\\\/avatar\\\/89915563d925342126b8ef0281b93d9d7fc337043e8df017f780908eb9644451?s=96&d=mm&r=g\",\"url\":\"https:\\\/\\\/secure.gravatar.com\\\/avatar\\\/89915563d925342126b8ef0281b93d9d7fc337043e8df017f780908eb9644451?s=96&d=mm&r=g\",\"contentUrl\":\"https:\\\/\\\/secure.gravatar.com\\\/avatar\\\/89915563d925342126b8ef0281b93d9d7fc337043e8df017f780908eb9644451?s=96&d=mm&r=g\",\"caption\":\"St\u00e9phane Miget\"},\"url\":\"https:\\\/\\\/batijournal.com\\\/index.php\\\/author\\\/stephane\\\/\"}]}<\/script>\n<!-- \/ Yoast SEO plugin. -->","yoast_head_json":{"title":"La banque de semences mondiale du patrimoine v\u00e9g\u00e9tal cultiv\u00e9 va am\u00e9liorer ses capacit\u00e9s de stockage","robots":{"index":"index","follow":"follow","max-snippet":"max-snippet:-1","max-image-preview":"max-image-preview:large","max-video-preview":"max-video-preview:-1"},"canonical":"https:\/\/batijournal.com\/index.php\/banque-de-semences-mondiale-patrimoine-vegetal-cultive-va-ameliorer-capacites-de-stockage\/98507\/","og_locale":"fr_FR","og_type":"article","og_title":"La banque de semences mondiale du patrimoine v\u00e9g\u00e9tal cultiv\u00e9 va am\u00e9liorer ses capacit\u00e9s de stockage","og_description":"La r\u00e9serve qui conserve les semences de nombreuses cultures essentielles dans un espace sous-terrain pr\u00e8s de Svalbard en Norv\u00e8ge, c\u00e9l\u00e9brera bient\u00f4t son 10\u00e8me anniversaire. C&rsquo;est l&rsquo;adoption du Trait\u00e9 international sur les ressources phytog\u00e9n\u00e9tiques pour l&rsquo;alimentation et l&rsquo;agriculture en 2001 qui a donn\u00e9 au gouvernement norv\u00e9gien l&rsquo;\u00e9lan n\u00e9cessaire pour lancer ce projet. La r\u00e9serve de Svalbard [&hellip;]","og_url":"https:\/\/batijournal.com\/index.php\/banque-de-semences-mondiale-patrimoine-vegetal-cultive-va-ameliorer-capacites-de-stockage\/98507\/","og_site_name":"Batijournal","article_published_time":"2018-02-28T08:19:18+00:00","article_modified_time":"2019-07-15T09:15:13+00:00","og_image":[{"width":1200,"height":900,"url":"https:\/\/batijournal.com\/wp-content\/uploads\/2018\/02\/reserve-semences-Svalbard.jpg","type":"image\/jpeg"}],"author":"St\u00e9phane Miget","twitter_card":"summary_large_image","twitter_creator":"@bati_journal","twitter_site":"@bati_journal","twitter_misc":{"\u00c9crit par":"St\u00e9phane Miget","Dur\u00e9e de lecture estim\u00e9e":"2 minutes"},"schema":{"@context":"https:\/\/schema.org","@graph":[{"@type":"Article","@id":"https:\/\/batijournal.com\/index.php\/banque-de-semences-mondiale-patrimoine-vegetal-cultive-va-ameliorer-capacites-de-stockage\/98507\/#article","isPartOf":{"@id":"https:\/\/batijournal.com\/index.php\/banque-de-semences-mondiale-patrimoine-vegetal-cultive-va-ameliorer-capacites-de-stockage\/98507\/"},"author":{"name":"St\u00e9phane Miget","@id":"https:\/\/batijournal.com\/#\/schema\/person\/1dc96ec6957aa1ccb25ebe78bb19f100"},"headline":"La banque de semences mondiale du patrimoine v\u00e9g\u00e9tal cultiv\u00e9 va am\u00e9liorer ses capacit\u00e9s de stockage","datePublished":"2018-02-28T08:19:18+00:00","dateModified":"2019-07-15T09:15:13+00:00","mainEntityOfPage":{"@id":"https:\/\/batijournal.com\/index.php\/banque-de-semences-mondiale-patrimoine-vegetal-cultive-va-ameliorer-capacites-de-stockage\/98507\/"},"wordCount":397,"image":{"@id":"https:\/\/batijournal.com\/index.php\/banque-de-semences-mondiale-patrimoine-vegetal-cultive-va-ameliorer-capacites-de-stockage\/98507\/#primaryimage"},"thumbnailUrl":"https:\/\/batijournal.com\/wp-content\/uploads\/2018\/02\/reserve-semences-Svalbard.jpg","keywords":["patrimoine vivant"],"articleSection":["Actualit\u00e9s","Architecture &amp; Conception","zz_Atrium Patrimoine"],"inLanguage":"fr-FR"},{"@type":"WebPage","@id":"https:\/\/batijournal.com\/index.php\/banque-de-semences-mondiale-patrimoine-vegetal-cultive-va-ameliorer-capacites-de-stockage\/98507\/","url":"https:\/\/batijournal.com\/index.php\/banque-de-semences-mondiale-patrimoine-vegetal-cultive-va-ameliorer-capacites-de-stockage\/98507\/","name":"La banque de semences mondiale du patrimoine v\u00e9g\u00e9tal cultiv\u00e9 va am\u00e9liorer ses capacit\u00e9s de stockage","isPartOf":{"@id":"https:\/\/batijournal.com\/#website"},"primaryImageOfPage":{"@id":"https:\/\/batijournal.com\/index.php\/banque-de-semences-mondiale-patrimoine-vegetal-cultive-va-ameliorer-capacites-de-stockage\/98507\/#primaryimage"},"image":{"@id":"https:\/\/batijournal.com\/index.php\/banque-de-semences-mondiale-patrimoine-vegetal-cultive-va-ameliorer-capacites-de-stockage\/98507\/#primaryimage"},"thumbnailUrl":"https:\/\/batijournal.com\/wp-content\/uploads\/2018\/02\/reserve-semences-Svalbard.jpg","datePublished":"2018-02-28T08:19:18+00:00","dateModified":"2019-07-15T09:15:13+00:00","author":{"@id":"https:\/\/batijournal.com\/#\/schema\/person\/1dc96ec6957aa1ccb25ebe78bb19f100"},"breadcrumb":{"@id":"https:\/\/batijournal.com\/index.php\/banque-de-semences-mondiale-patrimoine-vegetal-cultive-va-ameliorer-capacites-de-stockage\/98507\/#breadcrumb"},"inLanguage":"fr-FR","potentialAction":[{"@type":"ReadAction","target":["https:\/\/batijournal.com\/index.php\/banque-de-semences-mondiale-patrimoine-vegetal-cultive-va-ameliorer-capacites-de-stockage\/98507\/"]}]},{"@type":"ImageObject","inLanguage":"fr-FR","@id":"https:\/\/batijournal.com\/index.php\/banque-de-semences-mondiale-patrimoine-vegetal-cultive-va-ameliorer-capacites-de-stockage\/98507\/#primaryimage","url":"https:\/\/batijournal.com\/wp-content\/uploads\/2018\/02\/reserve-semences-Svalbard.jpg","contentUrl":"https:\/\/batijournal.com\/wp-content\/uploads\/2018\/02\/reserve-semences-Svalbard.jpg","width":1200,"height":900},{"@type":"BreadcrumbList","@id":"https:\/\/batijournal.com\/index.php\/banque-de-semences-mondiale-patrimoine-vegetal-cultive-va-ameliorer-capacites-de-stockage\/98507\/#breadcrumb","itemListElement":[{"@type":"ListItem","position":1,"name":"Accueil","item":"https:\/\/batijournal.com\/"},{"@type":"ListItem","position":2,"name":"Actualit\u00e9s","item":"https:\/\/batijournal.com\/index.php\/category\/actualites\/"},{"@type":"ListItem","position":3,"name":"La banque de semences mondiale du patrimoine v\u00e9g\u00e9tal cultiv\u00e9 va am\u00e9liorer ses capacit\u00e9s de stockage"}]},{"@type":"WebSite","@id":"https:\/\/batijournal.com\/#website","url":"https:\/\/batijournal.com\/","name":"Batijournal","description":"L&#039;actualit\u00e9 du b\u00e2timent","potentialAction":[{"@type":"SearchAction","target":{"@type":"EntryPoint","urlTemplate":"https:\/\/batijournal.com\/?s={search_term_string}"},"query-input":{"@type":"PropertyValueSpecification","valueRequired":true,"valueName":"search_term_string"}}],"inLanguage":"fr-FR"},{"@type":"Person","@id":"https:\/\/batijournal.com\/#\/schema\/person\/1dc96ec6957aa1ccb25ebe78bb19f100","name":"St\u00e9phane Miget","image":{"@type":"ImageObject","inLanguage":"fr-FR","@id":"https:\/\/secure.gravatar.com\/avatar\/89915563d925342126b8ef0281b93d9d7fc337043e8df017f780908eb9644451?s=96&d=mm&r=g","url":"https:\/\/secure.gravatar.com\/avatar\/89915563d925342126b8ef0281b93d9d7fc337043e8df017f780908eb9644451?s=96&d=mm&r=g","contentUrl":"https:\/\/secure.gravatar.com\/avatar\/89915563d925342126b8ef0281b93d9d7fc337043e8df017f780908eb9644451?s=96&d=mm&r=g","caption":"St\u00e9phane Miget"},"url":"https:\/\/batijournal.com\/index.php\/author\/stephane\/"}]}},"_links":{"self":[{"href":"https:\/\/batijournal.com\/index.php\/wp-json\/wp\/v2\/posts\/98507","targetHints":{"allow":["GET"]}}],"collection":[{"href":"https:\/\/batijournal.com\/index.php\/wp-json\/wp\/v2\/posts"}],"about":[{"href":"https:\/\/batijournal.com\/index.php\/wp-json\/wp\/v2\/types\/post"}],"author":[{"embeddable":true,"href":"https:\/\/batijournal.com\/index.php\/wp-json\/wp\/v2\/users\/17"}],"replies":[{"embeddable":true,"href":"https:\/\/batijournal.com\/index.php\/wp-json\/wp\/v2\/comments?post=98507"}],"version-history":[{"count":0,"href":"https:\/\/batijournal.com\/index.php\/wp-json\/wp\/v2\/posts\/98507\/revisions"}],"wp:featuredmedia":[{"embeddable":true,"href":"https:\/\/batijournal.com\/index.php\/wp-json\/wp\/v2\/media\/98508"}],"wp:attachment":[{"href":"https:\/\/batijournal.com\/index.php\/wp-json\/wp\/v2\/media?parent=98507"}],"wp:term":[{"taxonomy":"category","embeddable":true,"href":"https:\/\/batijournal.com\/index.php\/wp-json\/wp\/v2\/categories?post=98507"},{"taxonomy":"post_tag","embeddable":true,"href":"https:\/\/batijournal.com\/index.php\/wp-json\/wp\/v2\/tags?post=98507"}],"curies":[{"name":"wp","href":"https:\/\/api.w.org\/{rel}","templated":true}]}}