{"id":98521,"date":"2018-03-01T17:24:13","date_gmt":"2018-03-01T16:24:13","guid":{"rendered":"http:\/\/batijournal.com\/?p=98521"},"modified":"2018-03-01T17:24:13","modified_gmt":"2018-03-01T16:24:13","slug":"uicb-fauteuil-deux","status":"publish","type":"post","link":"https:\/\/batijournal.com\/index.php\/uicb-fauteuil-deux\/98521\/","title":{"rendered":"UICB\u00a0: un fauteuil pour deux"},"content":{"rendered":"<p align=\"LEFT\"><a name=\"__DdeLink__526_1465128400\"><\/a><\/p>\n<p align=\"LEFT\"><span style=\"color: #000000\"><span style=\"font-family: Arial, sans-serif\"><span style=\"font-size: medium\">Romain Canler a rejoint l&rsquo;Union des Industriels et Constructeurs Bois en janvier dernier. Apr\u00e8s une p\u00e9riode de familiarisation aux enjeux sp\u00e9cifiques de la fili\u00e8re, il sera amen\u00e9 \u00e0 succ\u00e9der \u00e0 Dominique Millereux, actuel d\u00e9l\u00e9gu\u00e9 g\u00e9n\u00e9ral de l&rsquo;UICB. Ag\u00e9 de 37 ans, Romain Canler (Institut d&rsquo;Etudes politiques de Bordeaux, Celsa, EGE) a pr\u00e9c\u00e9demment travaill\u00e9 au sein du groupe V\u00e9olia Environnement et dans un cabinet de communication sp\u00e9cialis\u00e9 dans le domaine industriel, avant d&rsquo;int\u00e9grer, en 2010, la F\u00e9d\u00e9ration Fran\u00e7aise des M\u00e9tiers de l&rsquo;Incendie. D\u00e9l\u00e9gu\u00e9 g\u00e9n\u00e9ral de la FFMI, il a pilot\u00e9 sa r\u00e9organisation ainsi que l&rsquo;int\u00e9gration de nouveaux syndicats m\u00e9tiers.\u00a0<\/span><\/span><\/span><\/p>\n<p align=\"LEFT\"><a href=\"http:\/\/www.uicb.pro\">www.uicb.pro<\/a><\/p>\n","protected":false},"excerpt":{"rendered":"<p>Romain Canler a rejoint l&rsquo;Union des Industriels et Constructeurs Bois en janvier dernier. Apr\u00e8s une p\u00e9riode de familiarisation aux enjeux sp\u00e9cifiques de la fili\u00e8re, il sera amen\u00e9 \u00e0 succ\u00e9der \u00e0 Dominique Millereux, actuel d\u00e9l\u00e9gu\u00e9 g\u00e9n\u00e9ral de l&rsquo;UICB. Ag\u00e9 de 37 ans, Romain Canler (Institut d&rsquo;Etudes politiques de Bordeaux, Celsa, EGE) a pr\u00e9c\u00e9demment travaill\u00e9 au sein [&hellip;]<\/p>\n","protected":false},"author":17,"featured_media":98522,"comment_status":"closed","ping_status":"closed","sticky":false,"template":"","format":"standard","meta":{"_et_pb_use_builder":"","_et_pb_old_content":"","_et_gb_content_width":"","footnotes":""},"categories":[10530,11953,10768,10764],"tags":[],"class_list":["post-98521","post","type-post","status-publish","format-standard","has-post-thumbnail","hentry","category-actualites","category-actualites-generalistes","category-nouvelles-tetes","category-woodsurfer"],"yoast_head":"<!-- This site is optimized with the Yoast SEO plugin v27.4 - https:\/\/yoast.com\/product\/yoast-seo-wordpress\/ -->\n<title>UICB\u00a0: un fauteuil pour deux<\/title>\n<meta name=\"robots\" content=\"index, follow, max-snippet:-1, max-image-preview:large, max-video-preview:-1\" \/>\n<link rel=\"canonical\" href=\"https:\/\/batijournal.com\/index.php\/uicb-fauteuil-deux\/98521\/\" \/>\n<meta property=\"og:locale\" content=\"fr_FR\" \/>\n<meta property=\"og:type\" content=\"article\" \/>\n<meta property=\"og:title\" content=\"UICB\u00a0: un fauteuil pour deux\" \/>\n<meta property=\"og:description\" content=\"Romain Canler a rejoint l&rsquo;Union des Industriels et Constructeurs Bois en janvier dernier. Apr\u00e8s une p\u00e9riode de familiarisation aux enjeux sp\u00e9cifiques de la fili\u00e8re, il sera amen\u00e9 \u00e0 succ\u00e9der \u00e0 Dominique Millereux, actuel d\u00e9l\u00e9gu\u00e9 g\u00e9n\u00e9ral de l&rsquo;UICB. Ag\u00e9 de 37 ans, Romain Canler (Institut d&rsquo;Etudes politiques de Bordeaux, Celsa, EGE) a pr\u00e9c\u00e9demment travaill\u00e9 au sein [&hellip;]\" \/>\n<meta property=\"og:url\" content=\"https:\/\/batijournal.com\/index.php\/uicb-fauteuil-deux\/98521\/\" \/>\n<meta property=\"og:site_name\" content=\"Batijournal\" \/>\n<meta property=\"article:published_time\" content=\"2018-03-01T16:24:13+00:00\" \/>\n<meta property=\"og:image\" content=\"https:\/\/batijournal.com\/wp-content\/uploads\/2018\/03\/Romain-CANLER.png\" \/>\n\t<meta property=\"og:image:width\" content=\"293\" \/>\n\t<meta property=\"og:image:height\" content=\"293\" \/>\n\t<meta property=\"og:image:type\" content=\"image\/png\" \/>\n<meta name=\"author\" content=\"St\u00e9phane Miget\" \/>\n<meta name=\"twitter:card\" content=\"summary_large_image\" \/>\n<meta name=\"twitter:creator\" content=\"@bati_journal\" \/>\n<meta name=\"twitter:site\" content=\"@bati_journal\" \/>\n<meta name=\"twitter:label1\" content=\"\u00c9crit par\" \/>\n\t<meta name=\"twitter:data1\" content=\"St\u00e9phane Miget\" \/>\n\t<meta name=\"twitter:label2\" content=\"Dur\u00e9e de lecture estim\u00e9e\" \/>\n\t<meta name=\"twitter:data2\" content=\"1 minute\" \/>\n<script type=\"application\/ld+json\" class=\"yoast-schema-graph\">{\"@context\":\"https:\\\/\\\/schema.org\",\"@graph\":[{\"@type\":\"Article\",\"@id\":\"https:\\\/\\\/batijournal.com\\\/index.php\\\/uicb-fauteuil-deux\\\/98521\\\/#article\",\"isPartOf\":{\"@id\":\"https:\\\/\\\/batijournal.com\\\/index.php\\\/uicb-fauteuil-deux\\\/98521\\\/\"},\"author\":{\"name\":\"St\u00e9phane Miget\",\"@id\":\"https:\\\/\\\/batijournal.com\\\/#\\\/schema\\\/person\\\/1dc96ec6957aa1ccb25ebe78bb19f100\"},\"headline\":\"UICB\u00a0: un fauteuil pour deux\",\"datePublished\":\"2018-03-01T16:24:13+00:00\",\"mainEntityOfPage\":{\"@id\":\"https:\\\/\\\/batijournal.com\\\/index.php\\\/uicb-fauteuil-deux\\\/98521\\\/\"},\"wordCount\":133,\"image\":{\"@id\":\"https:\\\/\\\/batijournal.com\\\/index.php\\\/uicb-fauteuil-deux\\\/98521\\\/#primaryimage\"},\"thumbnailUrl\":\"https:\\\/\\\/batijournal.com\\\/wp-content\\\/uploads\\\/2018\\\/03\\\/Romain-CANLER.png\",\"articleSection\":[\"Actualit\u00e9s\",\"Actualit\u00e9s g\u00e9n\u00e9ralistes\",\"zz_Nouvelles t\u00eates - Woodsurfer\",\"zz_Woodsurfer\"],\"inLanguage\":\"fr-FR\"},{\"@type\":\"WebPage\",\"@id\":\"https:\\\/\\\/batijournal.com\\\/index.php\\\/uicb-fauteuil-deux\\\/98521\\\/\",\"url\":\"https:\\\/\\\/batijournal.com\\\/index.php\\\/uicb-fauteuil-deux\\\/98521\\\/\",\"name\":\"UICB\u00a0: un fauteuil pour deux\",\"isPartOf\":{\"@id\":\"https:\\\/\\\/batijournal.com\\\/#website\"},\"primaryImageOfPage\":{\"@id\":\"https:\\\/\\\/batijournal.com\\\/index.php\\\/uicb-fauteuil-deux\\\/98521\\\/#primaryimage\"},\"image\":{\"@id\":\"https:\\\/\\\/batijournal.com\\\/index.php\\\/uicb-fauteuil-deux\\\/98521\\\/#primaryimage\"},\"thumbnailUrl\":\"https:\\\/\\\/batijournal.com\\\/wp-content\\\/uploads\\\/2018\\\/03\\\/Romain-CANLER.png\",\"datePublished\":\"2018-03-01T16:24:13+00:00\",\"author\":{\"@id\":\"https:\\\/\\\/batijournal.com\\\/#\\\/schema\\\/person\\\/1dc96ec6957aa1ccb25ebe78bb19f100\"},\"breadcrumb\":{\"@id\":\"https:\\\/\\\/batijournal.com\\\/index.php\\\/uicb-fauteuil-deux\\\/98521\\\/#breadcrumb\"},\"inLanguage\":\"fr-FR\",\"potentialAction\":[{\"@type\":\"ReadAction\",\"target\":[\"https:\\\/\\\/batijournal.com\\\/index.php\\\/uicb-fauteuil-deux\\\/98521\\\/\"]}]},{\"@type\":\"ImageObject\",\"inLanguage\":\"fr-FR\",\"@id\":\"https:\\\/\\\/batijournal.com\\\/index.php\\\/uicb-fauteuil-deux\\\/98521\\\/#primaryimage\",\"url\":\"https:\\\/\\\/batijournal.com\\\/wp-content\\\/uploads\\\/2018\\\/03\\\/Romain-CANLER.png\",\"contentUrl\":\"https:\\\/\\\/batijournal.com\\\/wp-content\\\/uploads\\\/2018\\\/03\\\/Romain-CANLER.png\",\"width\":293,\"height\":293},{\"@type\":\"BreadcrumbList\",\"@id\":\"https:\\\/\\\/batijournal.com\\\/index.php\\\/uicb-fauteuil-deux\\\/98521\\\/#breadcrumb\",\"itemListElement\":[{\"@type\":\"ListItem\",\"position\":1,\"name\":\"Accueil\",\"item\":\"https:\\\/\\\/batijournal.com\\\/\"},{\"@type\":\"ListItem\",\"position\":2,\"name\":\"Actualit\u00e9s\",\"item\":\"https:\\\/\\\/batijournal.com\\\/index.php\\\/category\\\/actualites\\\/\"},{\"@type\":\"ListItem\",\"position\":3,\"name\":\"UICB\u00a0: un fauteuil pour deux\"}]},{\"@type\":\"WebSite\",\"@id\":\"https:\\\/\\\/batijournal.com\\\/#website\",\"url\":\"https:\\\/\\\/batijournal.com\\\/\",\"name\":\"Batijournal\",\"description\":\"L&#039;actualit\u00e9 du b\u00e2timent\",\"potentialAction\":[{\"@type\":\"SearchAction\",\"target\":{\"@type\":\"EntryPoint\",\"urlTemplate\":\"https:\\\/\\\/batijournal.com\\\/?s={search_term_string}\"},\"query-input\":{\"@type\":\"PropertyValueSpecification\",\"valueRequired\":true,\"valueName\":\"search_term_string\"}}],\"inLanguage\":\"fr-FR\"},{\"@type\":\"Person\",\"@id\":\"https:\\\/\\\/batijournal.com\\\/#\\\/schema\\\/person\\\/1dc96ec6957aa1ccb25ebe78bb19f100\",\"name\":\"St\u00e9phane Miget\",\"image\":{\"@type\":\"ImageObject\",\"inLanguage\":\"fr-FR\",\"@id\":\"https:\\\/\\\/secure.gravatar.com\\\/avatar\\\/89915563d925342126b8ef0281b93d9d7fc337043e8df017f780908eb9644451?s=96&d=mm&r=g\",\"url\":\"https:\\\/\\\/secure.gravatar.com\\\/avatar\\\/89915563d925342126b8ef0281b93d9d7fc337043e8df017f780908eb9644451?s=96&d=mm&r=g\",\"contentUrl\":\"https:\\\/\\\/secure.gravatar.com\\\/avatar\\\/89915563d925342126b8ef0281b93d9d7fc337043e8df017f780908eb9644451?s=96&d=mm&r=g\",\"caption\":\"St\u00e9phane Miget\"},\"url\":\"https:\\\/\\\/batijournal.com\\\/index.php\\\/author\\\/stephane\\\/\"}]}<\/script>\n<!-- \/ Yoast SEO plugin. -->","yoast_head_json":{"title":"UICB\u00a0: un fauteuil pour deux","robots":{"index":"index","follow":"follow","max-snippet":"max-snippet:-1","max-image-preview":"max-image-preview:large","max-video-preview":"max-video-preview:-1"},"canonical":"https:\/\/batijournal.com\/index.php\/uicb-fauteuil-deux\/98521\/","og_locale":"fr_FR","og_type":"article","og_title":"UICB\u00a0: un fauteuil pour deux","og_description":"Romain Canler a rejoint l&rsquo;Union des Industriels et Constructeurs Bois en janvier dernier. Apr\u00e8s une p\u00e9riode de familiarisation aux enjeux sp\u00e9cifiques de la fili\u00e8re, il sera amen\u00e9 \u00e0 succ\u00e9der \u00e0 Dominique Millereux, actuel d\u00e9l\u00e9gu\u00e9 g\u00e9n\u00e9ral de l&rsquo;UICB. Ag\u00e9 de 37 ans, Romain Canler (Institut d&rsquo;Etudes politiques de Bordeaux, Celsa, EGE) a pr\u00e9c\u00e9demment travaill\u00e9 au sein [&hellip;]","og_url":"https:\/\/batijournal.com\/index.php\/uicb-fauteuil-deux\/98521\/","og_site_name":"Batijournal","article_published_time":"2018-03-01T16:24:13+00:00","og_image":[{"width":293,"height":293,"url":"https:\/\/batijournal.com\/wp-content\/uploads\/2018\/03\/Romain-CANLER.png","type":"image\/png"}],"author":"St\u00e9phane Miget","twitter_card":"summary_large_image","twitter_creator":"@bati_journal","twitter_site":"@bati_journal","twitter_misc":{"\u00c9crit par":"St\u00e9phane Miget","Dur\u00e9e de lecture estim\u00e9e":"1 minute"},"schema":{"@context":"https:\/\/schema.org","@graph":[{"@type":"Article","@id":"https:\/\/batijournal.com\/index.php\/uicb-fauteuil-deux\/98521\/#article","isPartOf":{"@id":"https:\/\/batijournal.com\/index.php\/uicb-fauteuil-deux\/98521\/"},"author":{"name":"St\u00e9phane Miget","@id":"https:\/\/batijournal.com\/#\/schema\/person\/1dc96ec6957aa1ccb25ebe78bb19f100"},"headline":"UICB\u00a0: un fauteuil pour deux","datePublished":"2018-03-01T16:24:13+00:00","mainEntityOfPage":{"@id":"https:\/\/batijournal.com\/index.php\/uicb-fauteuil-deux\/98521\/"},"wordCount":133,"image":{"@id":"https:\/\/batijournal.com\/index.php\/uicb-fauteuil-deux\/98521\/#primaryimage"},"thumbnailUrl":"https:\/\/batijournal.com\/wp-content\/uploads\/2018\/03\/Romain-CANLER.png","articleSection":["Actualit\u00e9s","Actualit\u00e9s g\u00e9n\u00e9ralistes","zz_Nouvelles t\u00eates - Woodsurfer","zz_Woodsurfer"],"inLanguage":"fr-FR"},{"@type":"WebPage","@id":"https:\/\/batijournal.com\/index.php\/uicb-fauteuil-deux\/98521\/","url":"https:\/\/batijournal.com\/index.php\/uicb-fauteuil-deux\/98521\/","name":"UICB\u00a0: un fauteuil pour deux","isPartOf":{"@id":"https:\/\/batijournal.com\/#website"},"primaryImageOfPage":{"@id":"https:\/\/batijournal.com\/index.php\/uicb-fauteuil-deux\/98521\/#primaryimage"},"image":{"@id":"https:\/\/batijournal.com\/index.php\/uicb-fauteuil-deux\/98521\/#primaryimage"},"thumbnailUrl":"https:\/\/batijournal.com\/wp-content\/uploads\/2018\/03\/Romain-CANLER.png","datePublished":"2018-03-01T16:24:13+00:00","author":{"@id":"https:\/\/batijournal.com\/#\/schema\/person\/1dc96ec6957aa1ccb25ebe78bb19f100"},"breadcrumb":{"@id":"https:\/\/batijournal.com\/index.php\/uicb-fauteuil-deux\/98521\/#breadcrumb"},"inLanguage":"fr-FR","potentialAction":[{"@type":"ReadAction","target":["https:\/\/batijournal.com\/index.php\/uicb-fauteuil-deux\/98521\/"]}]},{"@type":"ImageObject","inLanguage":"fr-FR","@id":"https:\/\/batijournal.com\/index.php\/uicb-fauteuil-deux\/98521\/#primaryimage","url":"https:\/\/batijournal.com\/wp-content\/uploads\/2018\/03\/Romain-CANLER.png","contentUrl":"https:\/\/batijournal.com\/wp-content\/uploads\/2018\/03\/Romain-CANLER.png","width":293,"height":293},{"@type":"BreadcrumbList","@id":"https:\/\/batijournal.com\/index.php\/uicb-fauteuil-deux\/98521\/#breadcrumb","itemListElement":[{"@type":"ListItem","position":1,"name":"Accueil","item":"https:\/\/batijournal.com\/"},{"@type":"ListItem","position":2,"name":"Actualit\u00e9s","item":"https:\/\/batijournal.com\/index.php\/category\/actualites\/"},{"@type":"ListItem","position":3,"name":"UICB\u00a0: un fauteuil pour deux"}]},{"@type":"WebSite","@id":"https:\/\/batijournal.com\/#website","url":"https:\/\/batijournal.com\/","name":"Batijournal","description":"L&#039;actualit\u00e9 du b\u00e2timent","potentialAction":[{"@type":"SearchAction","target":{"@type":"EntryPoint","urlTemplate":"https:\/\/batijournal.com\/?s={search_term_string}"},"query-input":{"@type":"PropertyValueSpecification","valueRequired":true,"valueName":"search_term_string"}}],"inLanguage":"fr-FR"},{"@type":"Person","@id":"https:\/\/batijournal.com\/#\/schema\/person\/1dc96ec6957aa1ccb25ebe78bb19f100","name":"St\u00e9phane Miget","image":{"@type":"ImageObject","inLanguage":"fr-FR","@id":"https:\/\/secure.gravatar.com\/avatar\/89915563d925342126b8ef0281b93d9d7fc337043e8df017f780908eb9644451?s=96&d=mm&r=g","url":"https:\/\/secure.gravatar.com\/avatar\/89915563d925342126b8ef0281b93d9d7fc337043e8df017f780908eb9644451?s=96&d=mm&r=g","contentUrl":"https:\/\/secure.gravatar.com\/avatar\/89915563d925342126b8ef0281b93d9d7fc337043e8df017f780908eb9644451?s=96&d=mm&r=g","caption":"St\u00e9phane Miget"},"url":"https:\/\/batijournal.com\/index.php\/author\/stephane\/"}]}},"_links":{"self":[{"href":"https:\/\/batijournal.com\/index.php\/wp-json\/wp\/v2\/posts\/98521","targetHints":{"allow":["GET"]}}],"collection":[{"href":"https:\/\/batijournal.com\/index.php\/wp-json\/wp\/v2\/posts"}],"about":[{"href":"https:\/\/batijournal.com\/index.php\/wp-json\/wp\/v2\/types\/post"}],"author":[{"embeddable":true,"href":"https:\/\/batijournal.com\/index.php\/wp-json\/wp\/v2\/users\/17"}],"replies":[{"embeddable":true,"href":"https:\/\/batijournal.com\/index.php\/wp-json\/wp\/v2\/comments?post=98521"}],"version-history":[{"count":0,"href":"https:\/\/batijournal.com\/index.php\/wp-json\/wp\/v2\/posts\/98521\/revisions"}],"wp:featuredmedia":[{"embeddable":true,"href":"https:\/\/batijournal.com\/index.php\/wp-json\/wp\/v2\/media\/98522"}],"wp:attachment":[{"href":"https:\/\/batijournal.com\/index.php\/wp-json\/wp\/v2\/media?parent=98521"}],"wp:term":[{"taxonomy":"category","embeddable":true,"href":"https:\/\/batijournal.com\/index.php\/wp-json\/wp\/v2\/categories?post=98521"},{"taxonomy":"post_tag","embeddable":true,"href":"https:\/\/batijournal.com\/index.php\/wp-json\/wp\/v2\/tags?post=98521"}],"curies":[{"name":"wp","href":"https:\/\/api.w.org\/{rel}","templated":true}]}}