{"id":98523,"date":"2018-03-02T14:34:20","date_gmt":"2018-03-02T13:34:20","guid":{"rendered":"http:\/\/batijournal.com\/?p=98523"},"modified":"2018-03-02T14:34:20","modified_gmt":"2018-03-02T13:34:20","slug":"forum-international-bois-construction-revient-bourgogne","status":"publish","type":"post","link":"https:\/\/batijournal.com\/index.php\/forum-international-bois-construction-revient-bourgogne\/98523\/","title":{"rendered":"Le Forum International Bois Construction revient en Bourgogne"},"content":{"rendered":"<p>Le Forum International Bois Construction revient en Bourgogne pour sa huiti\u00e8me \u00e9dition. Il se d\u00e9roulera \u00e0 Dijon, du 11 au 13 avril 2018, au pied de la tour Elithis, pionni\u00e8re de l\u2019\u00e9nergie positive. Attentif au contexte local, il propose n\u00e9anmoins un programme d\u2019envergure internationale, toujours plus riche, et au plus pr\u00e8s de l\u2019actualit\u00e9 de l\u2019architecture bois en France et dans le monde. La pl\u00e9ni\u00e8re d\u2019ouverture est ax\u00e9e sur les politiques d\u2019urbanisme exemplaires en Europe. Pour la premi\u00e8re fois, un prix d\u2019architecture bois sera attribu\u00e9 par la presse internationale. Les bailleurs sociaux disposeront au sein du programme d\u2019un colloque d\u00e9di\u00e9. Les ateliers th\u00e9matiques aborderont des sujets nouveaux comme l\u2019int\u00e9gration d\u2019\u00e9co-mat\u00e9riaux, l\u2019architecture \u00e9ph\u00e9m\u00e8re, les parkings en bois&#8230;<\/p>\n<p><a href=\"http:\/\/www.forum-boisconstruction.com\/\" target=\"_blank\" rel=\"noopener\">http:\/\/www.forum-boisconstruction.com<\/a><\/p>\n<p>&nbsp;<\/p>\n<p>&nbsp;<\/p>\n","protected":false},"excerpt":{"rendered":"<p>Le Forum International Bois Construction revient en Bourgogne pour sa huiti\u00e8me \u00e9dition. Il se d\u00e9roulera \u00e0 Dijon, du 11 au 13 avril 2018, au pied de la tour Elithis, pionni\u00e8re de l\u2019\u00e9nergie positive. Attentif au contexte local, il propose n\u00e9anmoins un programme d\u2019envergure internationale, toujours plus riche, et au plus pr\u00e8s de l\u2019actualit\u00e9 de l\u2019architecture [&hellip;]<\/p>\n","protected":false},"author":17,"featured_media":98525,"comment_status":"closed","ping_status":"closed","sticky":false,"template":"","format":"standard","meta":{"_et_pb_use_builder":"","_et_pb_old_content":"","_et_gb_content_width":"","footnotes":""},"categories":[10530,6345,9192,10764],"tags":[12337],"class_list":["post-98523","post","type-post","status-publish","format-standard","has-post-thumbnail","hentry","category-actualites","category-economie-marches","category-evenements","category-woodsurfer","tag-forum-international-bois-construction"],"yoast_head":"<!-- This site is optimized with the Yoast SEO plugin v27.4 - https:\/\/yoast.com\/product\/yoast-seo-wordpress\/ -->\n<title>Le Forum International Bois Construction revient en Bourgogne<\/title>\n<meta name=\"robots\" content=\"index, follow, max-snippet:-1, max-image-preview:large, max-video-preview:-1\" \/>\n<link rel=\"canonical\" href=\"https:\/\/batijournal.com\/index.php\/forum-international-bois-construction-revient-bourgogne\/98523\/\" \/>\n<meta property=\"og:locale\" content=\"fr_FR\" \/>\n<meta property=\"og:type\" content=\"article\" \/>\n<meta property=\"og:title\" content=\"Le Forum International Bois Construction revient en Bourgogne\" \/>\n<meta property=\"og:description\" content=\"Le Forum International Bois Construction revient en Bourgogne pour sa huiti\u00e8me \u00e9dition. Il se d\u00e9roulera \u00e0 Dijon, du 11 au 13 avril 2018, au pied de la tour Elithis, pionni\u00e8re de l\u2019\u00e9nergie positive. Attentif au contexte local, il propose n\u00e9anmoins un programme d\u2019envergure internationale, toujours plus riche, et au plus pr\u00e8s de l\u2019actualit\u00e9 de l\u2019architecture [&hellip;]\" \/>\n<meta property=\"og:url\" content=\"https:\/\/batijournal.com\/index.php\/forum-international-bois-construction-revient-bourgogne\/98523\/\" \/>\n<meta property=\"og:site_name\" content=\"Batijournal\" \/>\n<meta property=\"article:published_time\" content=\"2018-03-02T13:34:20+00:00\" \/>\n<meta property=\"og:image\" content=\"https:\/\/batijournal.com\/wp-content\/uploads\/2018\/03\/logo_FBC.png\" \/>\n\t<meta property=\"og:image:width\" content=\"992\" \/>\n\t<meta property=\"og:image:height\" content=\"595\" \/>\n\t<meta property=\"og:image:type\" content=\"image\/png\" \/>\n<meta name=\"author\" content=\"St\u00e9phane Miget\" \/>\n<meta name=\"twitter:card\" content=\"summary_large_image\" \/>\n<meta name=\"twitter:creator\" content=\"@bati_journal\" \/>\n<meta name=\"twitter:site\" content=\"@bati_journal\" \/>\n<meta name=\"twitter:label1\" content=\"\u00c9crit par\" \/>\n\t<meta name=\"twitter:data1\" content=\"St\u00e9phane Miget\" \/>\n\t<meta name=\"twitter:label2\" content=\"Dur\u00e9e de lecture estim\u00e9e\" \/>\n\t<meta name=\"twitter:data2\" content=\"1 minute\" \/>\n<script type=\"application\/ld+json\" class=\"yoast-schema-graph\">{\"@context\":\"https:\\\/\\\/schema.org\",\"@graph\":[{\"@type\":\"Article\",\"@id\":\"https:\\\/\\\/batijournal.com\\\/index.php\\\/forum-international-bois-construction-revient-bourgogne\\\/98523\\\/#article\",\"isPartOf\":{\"@id\":\"https:\\\/\\\/batijournal.com\\\/index.php\\\/forum-international-bois-construction-revient-bourgogne\\\/98523\\\/\"},\"author\":{\"name\":\"St\u00e9phane Miget\",\"@id\":\"https:\\\/\\\/batijournal.com\\\/#\\\/schema\\\/person\\\/1dc96ec6957aa1ccb25ebe78bb19f100\"},\"headline\":\"Le Forum International Bois Construction revient en Bourgogne\",\"datePublished\":\"2018-03-02T13:34:20+00:00\",\"mainEntityOfPage\":{\"@id\":\"https:\\\/\\\/batijournal.com\\\/index.php\\\/forum-international-bois-construction-revient-bourgogne\\\/98523\\\/\"},\"wordCount\":151,\"image\":{\"@id\":\"https:\\\/\\\/batijournal.com\\\/index.php\\\/forum-international-bois-construction-revient-bourgogne\\\/98523\\\/#primaryimage\"},\"thumbnailUrl\":\"https:\\\/\\\/batijournal.com\\\/wp-content\\\/uploads\\\/2018\\\/03\\\/logo_FBC.png\",\"keywords\":[\"Forum International Bois Construction\"],\"articleSection\":[\"Actualit\u00e9s\",\"\u00c9conomie &amp; March\u00e9s\",\"\u00c9v\u00e9nements\",\"zz_Woodsurfer\"],\"inLanguage\":\"fr-FR\"},{\"@type\":\"WebPage\",\"@id\":\"https:\\\/\\\/batijournal.com\\\/index.php\\\/forum-international-bois-construction-revient-bourgogne\\\/98523\\\/\",\"url\":\"https:\\\/\\\/batijournal.com\\\/index.php\\\/forum-international-bois-construction-revient-bourgogne\\\/98523\\\/\",\"name\":\"Le Forum International Bois Construction revient en Bourgogne\",\"isPartOf\":{\"@id\":\"https:\\\/\\\/batijournal.com\\\/#website\"},\"primaryImageOfPage\":{\"@id\":\"https:\\\/\\\/batijournal.com\\\/index.php\\\/forum-international-bois-construction-revient-bourgogne\\\/98523\\\/#primaryimage\"},\"image\":{\"@id\":\"https:\\\/\\\/batijournal.com\\\/index.php\\\/forum-international-bois-construction-revient-bourgogne\\\/98523\\\/#primaryimage\"},\"thumbnailUrl\":\"https:\\\/\\\/batijournal.com\\\/wp-content\\\/uploads\\\/2018\\\/03\\\/logo_FBC.png\",\"datePublished\":\"2018-03-02T13:34:20+00:00\",\"author\":{\"@id\":\"https:\\\/\\\/batijournal.com\\\/#\\\/schema\\\/person\\\/1dc96ec6957aa1ccb25ebe78bb19f100\"},\"breadcrumb\":{\"@id\":\"https:\\\/\\\/batijournal.com\\\/index.php\\\/forum-international-bois-construction-revient-bourgogne\\\/98523\\\/#breadcrumb\"},\"inLanguage\":\"fr-FR\",\"potentialAction\":[{\"@type\":\"ReadAction\",\"target\":[\"https:\\\/\\\/batijournal.com\\\/index.php\\\/forum-international-bois-construction-revient-bourgogne\\\/98523\\\/\"]}]},{\"@type\":\"ImageObject\",\"inLanguage\":\"fr-FR\",\"@id\":\"https:\\\/\\\/batijournal.com\\\/index.php\\\/forum-international-bois-construction-revient-bourgogne\\\/98523\\\/#primaryimage\",\"url\":\"https:\\\/\\\/batijournal.com\\\/wp-content\\\/uploads\\\/2018\\\/03\\\/logo_FBC.png\",\"contentUrl\":\"https:\\\/\\\/batijournal.com\\\/wp-content\\\/uploads\\\/2018\\\/03\\\/logo_FBC.png\",\"width\":992,\"height\":595},{\"@type\":\"BreadcrumbList\",\"@id\":\"https:\\\/\\\/batijournal.com\\\/index.php\\\/forum-international-bois-construction-revient-bourgogne\\\/98523\\\/#breadcrumb\",\"itemListElement\":[{\"@type\":\"ListItem\",\"position\":1,\"name\":\"Accueil\",\"item\":\"https:\\\/\\\/batijournal.com\\\/\"},{\"@type\":\"ListItem\",\"position\":2,\"name\":\"Actualit\u00e9s\",\"item\":\"https:\\\/\\\/batijournal.com\\\/index.php\\\/category\\\/actualites\\\/\"},{\"@type\":\"ListItem\",\"position\":3,\"name\":\"Le Forum International Bois Construction revient en Bourgogne\"}]},{\"@type\":\"WebSite\",\"@id\":\"https:\\\/\\\/batijournal.com\\\/#website\",\"url\":\"https:\\\/\\\/batijournal.com\\\/\",\"name\":\"Batijournal\",\"description\":\"L&#039;actualit\u00e9 du b\u00e2timent\",\"potentialAction\":[{\"@type\":\"SearchAction\",\"target\":{\"@type\":\"EntryPoint\",\"urlTemplate\":\"https:\\\/\\\/batijournal.com\\\/?s={search_term_string}\"},\"query-input\":{\"@type\":\"PropertyValueSpecification\",\"valueRequired\":true,\"valueName\":\"search_term_string\"}}],\"inLanguage\":\"fr-FR\"},{\"@type\":\"Person\",\"@id\":\"https:\\\/\\\/batijournal.com\\\/#\\\/schema\\\/person\\\/1dc96ec6957aa1ccb25ebe78bb19f100\",\"name\":\"St\u00e9phane Miget\",\"image\":{\"@type\":\"ImageObject\",\"inLanguage\":\"fr-FR\",\"@id\":\"https:\\\/\\\/secure.gravatar.com\\\/avatar\\\/89915563d925342126b8ef0281b93d9d7fc337043e8df017f780908eb9644451?s=96&d=mm&r=g\",\"url\":\"https:\\\/\\\/secure.gravatar.com\\\/avatar\\\/89915563d925342126b8ef0281b93d9d7fc337043e8df017f780908eb9644451?s=96&d=mm&r=g\",\"contentUrl\":\"https:\\\/\\\/secure.gravatar.com\\\/avatar\\\/89915563d925342126b8ef0281b93d9d7fc337043e8df017f780908eb9644451?s=96&d=mm&r=g\",\"caption\":\"St\u00e9phane Miget\"},\"url\":\"https:\\\/\\\/batijournal.com\\\/index.php\\\/author\\\/stephane\\\/\"}]}<\/script>\n<!-- \/ Yoast SEO plugin. -->","yoast_head_json":{"title":"Le Forum International Bois Construction revient en Bourgogne","robots":{"index":"index","follow":"follow","max-snippet":"max-snippet:-1","max-image-preview":"max-image-preview:large","max-video-preview":"max-video-preview:-1"},"canonical":"https:\/\/batijournal.com\/index.php\/forum-international-bois-construction-revient-bourgogne\/98523\/","og_locale":"fr_FR","og_type":"article","og_title":"Le Forum International Bois Construction revient en Bourgogne","og_description":"Le Forum International Bois Construction revient en Bourgogne pour sa huiti\u00e8me \u00e9dition. Il se d\u00e9roulera \u00e0 Dijon, du 11 au 13 avril 2018, au pied de la tour Elithis, pionni\u00e8re de l\u2019\u00e9nergie positive. Attentif au contexte local, il propose n\u00e9anmoins un programme d\u2019envergure internationale, toujours plus riche, et au plus pr\u00e8s de l\u2019actualit\u00e9 de l\u2019architecture [&hellip;]","og_url":"https:\/\/batijournal.com\/index.php\/forum-international-bois-construction-revient-bourgogne\/98523\/","og_site_name":"Batijournal","article_published_time":"2018-03-02T13:34:20+00:00","og_image":[{"width":992,"height":595,"url":"https:\/\/batijournal.com\/wp-content\/uploads\/2018\/03\/logo_FBC.png","type":"image\/png"}],"author":"St\u00e9phane Miget","twitter_card":"summary_large_image","twitter_creator":"@bati_journal","twitter_site":"@bati_journal","twitter_misc":{"\u00c9crit par":"St\u00e9phane Miget","Dur\u00e9e de lecture estim\u00e9e":"1 minute"},"schema":{"@context":"https:\/\/schema.org","@graph":[{"@type":"Article","@id":"https:\/\/batijournal.com\/index.php\/forum-international-bois-construction-revient-bourgogne\/98523\/#article","isPartOf":{"@id":"https:\/\/batijournal.com\/index.php\/forum-international-bois-construction-revient-bourgogne\/98523\/"},"author":{"name":"St\u00e9phane Miget","@id":"https:\/\/batijournal.com\/#\/schema\/person\/1dc96ec6957aa1ccb25ebe78bb19f100"},"headline":"Le Forum International Bois Construction revient en Bourgogne","datePublished":"2018-03-02T13:34:20+00:00","mainEntityOfPage":{"@id":"https:\/\/batijournal.com\/index.php\/forum-international-bois-construction-revient-bourgogne\/98523\/"},"wordCount":151,"image":{"@id":"https:\/\/batijournal.com\/index.php\/forum-international-bois-construction-revient-bourgogne\/98523\/#primaryimage"},"thumbnailUrl":"https:\/\/batijournal.com\/wp-content\/uploads\/2018\/03\/logo_FBC.png","keywords":["Forum International Bois Construction"],"articleSection":["Actualit\u00e9s","\u00c9conomie &amp; March\u00e9s","\u00c9v\u00e9nements","zz_Woodsurfer"],"inLanguage":"fr-FR"},{"@type":"WebPage","@id":"https:\/\/batijournal.com\/index.php\/forum-international-bois-construction-revient-bourgogne\/98523\/","url":"https:\/\/batijournal.com\/index.php\/forum-international-bois-construction-revient-bourgogne\/98523\/","name":"Le Forum International Bois Construction revient en Bourgogne","isPartOf":{"@id":"https:\/\/batijournal.com\/#website"},"primaryImageOfPage":{"@id":"https:\/\/batijournal.com\/index.php\/forum-international-bois-construction-revient-bourgogne\/98523\/#primaryimage"},"image":{"@id":"https:\/\/batijournal.com\/index.php\/forum-international-bois-construction-revient-bourgogne\/98523\/#primaryimage"},"thumbnailUrl":"https:\/\/batijournal.com\/wp-content\/uploads\/2018\/03\/logo_FBC.png","datePublished":"2018-03-02T13:34:20+00:00","author":{"@id":"https:\/\/batijournal.com\/#\/schema\/person\/1dc96ec6957aa1ccb25ebe78bb19f100"},"breadcrumb":{"@id":"https:\/\/batijournal.com\/index.php\/forum-international-bois-construction-revient-bourgogne\/98523\/#breadcrumb"},"inLanguage":"fr-FR","potentialAction":[{"@type":"ReadAction","target":["https:\/\/batijournal.com\/index.php\/forum-international-bois-construction-revient-bourgogne\/98523\/"]}]},{"@type":"ImageObject","inLanguage":"fr-FR","@id":"https:\/\/batijournal.com\/index.php\/forum-international-bois-construction-revient-bourgogne\/98523\/#primaryimage","url":"https:\/\/batijournal.com\/wp-content\/uploads\/2018\/03\/logo_FBC.png","contentUrl":"https:\/\/batijournal.com\/wp-content\/uploads\/2018\/03\/logo_FBC.png","width":992,"height":595},{"@type":"BreadcrumbList","@id":"https:\/\/batijournal.com\/index.php\/forum-international-bois-construction-revient-bourgogne\/98523\/#breadcrumb","itemListElement":[{"@type":"ListItem","position":1,"name":"Accueil","item":"https:\/\/batijournal.com\/"},{"@type":"ListItem","position":2,"name":"Actualit\u00e9s","item":"https:\/\/batijournal.com\/index.php\/category\/actualites\/"},{"@type":"ListItem","position":3,"name":"Le Forum International Bois Construction revient en Bourgogne"}]},{"@type":"WebSite","@id":"https:\/\/batijournal.com\/#website","url":"https:\/\/batijournal.com\/","name":"Batijournal","description":"L&#039;actualit\u00e9 du b\u00e2timent","potentialAction":[{"@type":"SearchAction","target":{"@type":"EntryPoint","urlTemplate":"https:\/\/batijournal.com\/?s={search_term_string}"},"query-input":{"@type":"PropertyValueSpecification","valueRequired":true,"valueName":"search_term_string"}}],"inLanguage":"fr-FR"},{"@type":"Person","@id":"https:\/\/batijournal.com\/#\/schema\/person\/1dc96ec6957aa1ccb25ebe78bb19f100","name":"St\u00e9phane Miget","image":{"@type":"ImageObject","inLanguage":"fr-FR","@id":"https:\/\/secure.gravatar.com\/avatar\/89915563d925342126b8ef0281b93d9d7fc337043e8df017f780908eb9644451?s=96&d=mm&r=g","url":"https:\/\/secure.gravatar.com\/avatar\/89915563d925342126b8ef0281b93d9d7fc337043e8df017f780908eb9644451?s=96&d=mm&r=g","contentUrl":"https:\/\/secure.gravatar.com\/avatar\/89915563d925342126b8ef0281b93d9d7fc337043e8df017f780908eb9644451?s=96&d=mm&r=g","caption":"St\u00e9phane Miget"},"url":"https:\/\/batijournal.com\/index.php\/author\/stephane\/"}]}},"_links":{"self":[{"href":"https:\/\/batijournal.com\/index.php\/wp-json\/wp\/v2\/posts\/98523","targetHints":{"allow":["GET"]}}],"collection":[{"href":"https:\/\/batijournal.com\/index.php\/wp-json\/wp\/v2\/posts"}],"about":[{"href":"https:\/\/batijournal.com\/index.php\/wp-json\/wp\/v2\/types\/post"}],"author":[{"embeddable":true,"href":"https:\/\/batijournal.com\/index.php\/wp-json\/wp\/v2\/users\/17"}],"replies":[{"embeddable":true,"href":"https:\/\/batijournal.com\/index.php\/wp-json\/wp\/v2\/comments?post=98523"}],"version-history":[{"count":0,"href":"https:\/\/batijournal.com\/index.php\/wp-json\/wp\/v2\/posts\/98523\/revisions"}],"wp:featuredmedia":[{"embeddable":true,"href":"https:\/\/batijournal.com\/index.php\/wp-json\/wp\/v2\/media\/98525"}],"wp:attachment":[{"href":"https:\/\/batijournal.com\/index.php\/wp-json\/wp\/v2\/media?parent=98523"}],"wp:term":[{"taxonomy":"category","embeddable":true,"href":"https:\/\/batijournal.com\/index.php\/wp-json\/wp\/v2\/categories?post=98523"},{"taxonomy":"post_tag","embeddable":true,"href":"https:\/\/batijournal.com\/index.php\/wp-json\/wp\/v2\/tags?post=98523"}],"curies":[{"name":"wp","href":"https:\/\/api.w.org\/{rel}","templated":true}]}}