{"id":98555,"date":"2018-03-05T12:55:31","date_gmt":"2018-03-05T11:55:31","guid":{"rendered":"http:\/\/batijournal.com\/?p=98555"},"modified":"2019-07-15T12:07:09","modified_gmt":"2019-07-15T10:07:09","slug":"reforme-profondeur-de-formation-professionnelle","status":"publish","type":"post","link":"https:\/\/batijournal.com\/index.php\/reforme-profondeur-de-formation-professionnelle\/98555\/","title":{"rendered":"R\u00e9forme en profondeur de la Formation professionnelle"},"content":{"rendered":"<p><strong>Muriel P\u00e9nicaud, ministre du Travail, a pr\u00e9sent\u00e9 les grands axes de la r\u00e9forme de la formation professionnelle, lundi 5 mars 2018, au Minist\u00e8re du Travail. La ministre avait annonc\u00e9 un big-bang, la r\u00e9forme annonc\u00e9e modifie bien la formation professionnelle en profondeur.<\/strong><\/p>\n<p>Le Compte Personnel de Formation (CPF) de tous les salari\u00e9s va maintenant \u00eatre cr\u00e9dit\u00e9 de 500 \u20ac par an (il ne sera plus exprim\u00e9 en heures). Tous les salari\u00e9s qui travaillent \u00e0 mi-temps ou plus, b\u00e9n\u00e9ficieront des m\u00eames droits que les salari\u00e9s \u00e0 temps plein. Pour les salari\u00e9s non qualifi\u00e9s, 800 \u20ac par an plafonn\u00e9 \u00e0 8 000 \u20ac leur permettront de changer de cat\u00e9gorie professionnelle. Le CPF pourra \u00eatre abond\u00e9 par les entreprises et les branches, notamment par des accords collectifs.<\/p>\n<p>Les demandeurs d\u2019emploi auront davantage acc\u00e8s \u00e0 la formation : un million de demandeurs d\u2019emploi peu qualifi\u00e9s et un million de jeunes \u00e9loign\u00e9s de l\u2019emploi suppl\u00e9mentaires devraient \u00eatre form\u00e9s pendant le quinquennat.<\/p>\n<p>Les TPE et PME b\u00e9n\u00e9ficieront d\u2019une solidarit\u00e9 nanci\u00e8re des grandes entreprises pour faciliter l\u2019acc\u00e8s de leurs salari\u00e9s \u00e0 la formation. Le plan de formation sera financ\u00e9 par une contribution de l\u2019ensemble des entreprises d\u00e9di\u00e9 \u00e0 ce plan, mais r\u00e9serv\u00e9 aux TPE et PME de moins de 50 salari\u00e9s.<\/p>\n<p>Il n\u2019y aura plus qu\u2019une seule cotisation formation et elle sera collect\u00e9e par les Urssaf. Les entreprises et les branches professionnelles pourront s\u2019appuyer sur des op\u00e9rateurs de comp\u00e9tences, qui remplaceront les OPCA, pour anticiper la transformation des m\u00e9tiers, b\u00e2tir une gestion pr\u00e9visionnelle des emplois et des comp\u00e9tences et construire leur plan de formation.<\/p>\n<p>Les entreprises ne seront plus contraintes de construire leur plan de formation en faisant la distinction entre les actions d\u2019adaptation au poste de travail ou li\u00e9es \u00e0 l\u2019\u00e9volution ou au maintien dans l\u2019emploi dans l\u2019entreprise, les actions de d\u00e9veloppement des comp\u00e9tences et les p\u00e9riodes de professionnalisation. Toutes les cat\u00e9gories, qui complexifient inutilement le plan de formation, seront supprim\u00e9es. L\u2019obligation de l\u2019employeur d\u2019assurer l\u2019adaptation des salari\u00e9s \u00e0 leur poste de travail et de veiller au maintien de leur employabilit\u00e9 ne change pas<\/p>\n","protected":false},"excerpt":{"rendered":"<p>Muriel P\u00e9nicaud, ministre du Travail, a pr\u00e9sent\u00e9 les grands axes de la r\u00e9forme de la formation professionnelle, lundi 5 mars 2018, au Minist\u00e8re du Travail. La ministre avait annonc\u00e9 un big-bang, la r\u00e9forme annonc\u00e9e modifie bien la formation professionnelle en profondeur. Le Compte Personnel de Formation (CPF) de tous les salari\u00e9s va maintenant \u00eatre cr\u00e9dit\u00e9 [&hellip;]<\/p>\n","protected":false},"author":17,"featured_media":85239,"comment_status":"closed","ping_status":"closed","sticky":false,"template":"","format":"standard","meta":{"_et_pb_use_builder":"","_et_pb_old_content":"","_et_gb_content_width":"","footnotes":""},"categories":[10736,10530,6345],"tags":[517],"class_list":["post-98555","post","type-post","status-publish","format-standard","has-post-thumbnail","hentry","category-a-la-une","category-actualites","category-economie-marches","tag-formation"],"yoast_head":"<!-- This site is optimized with the Yoast SEO plugin v27.4 - https:\/\/yoast.com\/product\/yoast-seo-wordpress\/ -->\n<title>R\u00e9forme en profondeur de la Formation professionnelle<\/title>\n<meta name=\"robots\" content=\"index, follow, max-snippet:-1, max-image-preview:large, max-video-preview:-1\" \/>\n<link rel=\"canonical\" href=\"https:\/\/batijournal.com\/index.php\/reforme-profondeur-de-formation-professionnelle\/98555\/\" \/>\n<meta property=\"og:locale\" content=\"fr_FR\" \/>\n<meta property=\"og:type\" content=\"article\" \/>\n<meta property=\"og:title\" content=\"R\u00e9forme en profondeur de la Formation professionnelle\" \/>\n<meta property=\"og:description\" content=\"Muriel P\u00e9nicaud, ministre du Travail, a pr\u00e9sent\u00e9 les grands axes de la r\u00e9forme de la formation professionnelle, lundi 5 mars 2018, au Minist\u00e8re du Travail. La ministre avait annonc\u00e9 un big-bang, la r\u00e9forme annonc\u00e9e modifie bien la formation professionnelle en profondeur. Le Compte Personnel de Formation (CPF) de tous les salari\u00e9s va maintenant \u00eatre cr\u00e9dit\u00e9 [&hellip;]\" \/>\n<meta property=\"og:url\" content=\"https:\/\/batijournal.com\/index.php\/reforme-profondeur-de-formation-professionnelle\/98555\/\" \/>\n<meta property=\"og:site_name\" content=\"Batijournal\" \/>\n<meta property=\"article:published_time\" content=\"2018-03-05T11:55:31+00:00\" \/>\n<meta property=\"article:modified_time\" content=\"2019-07-15T10:07:09+00:00\" \/>\n<meta property=\"og:image\" content=\"https:\/\/batijournal.com\/wp-content\/uploads\/2015\/03\/96792242-e1520251053197.jpg\" \/>\n\t<meta property=\"og:image:width\" content=\"600\" \/>\n\t<meta property=\"og:image:height\" content=\"399\" \/>\n\t<meta property=\"og:image:type\" content=\"image\/jpeg\" \/>\n<meta name=\"author\" content=\"St\u00e9phane Miget\" \/>\n<meta name=\"twitter:card\" content=\"summary_large_image\" \/>\n<meta name=\"twitter:creator\" content=\"@bati_journal\" \/>\n<meta name=\"twitter:site\" content=\"@bati_journal\" \/>\n<meta name=\"twitter:label1\" content=\"\u00c9crit par\" \/>\n\t<meta name=\"twitter:data1\" content=\"St\u00e9phane Miget\" \/>\n\t<meta name=\"twitter:label2\" content=\"Dur\u00e9e de lecture estim\u00e9e\" \/>\n\t<meta name=\"twitter:data2\" content=\"2 minutes\" \/>\n<script type=\"application\/ld+json\" class=\"yoast-schema-graph\">{\"@context\":\"https:\\\/\\\/schema.org\",\"@graph\":[{\"@type\":\"Article\",\"@id\":\"https:\\\/\\\/batijournal.com\\\/index.php\\\/reforme-profondeur-de-formation-professionnelle\\\/98555\\\/#article\",\"isPartOf\":{\"@id\":\"https:\\\/\\\/batijournal.com\\\/index.php\\\/reforme-profondeur-de-formation-professionnelle\\\/98555\\\/\"},\"author\":{\"name\":\"St\u00e9phane Miget\",\"@id\":\"https:\\\/\\\/batijournal.com\\\/#\\\/schema\\\/person\\\/1dc96ec6957aa1ccb25ebe78bb19f100\"},\"headline\":\"R\u00e9forme en profondeur de la Formation professionnelle\",\"datePublished\":\"2018-03-05T11:55:31+00:00\",\"dateModified\":\"2019-07-15T10:07:09+00:00\",\"mainEntityOfPage\":{\"@id\":\"https:\\\/\\\/batijournal.com\\\/index.php\\\/reforme-profondeur-de-formation-professionnelle\\\/98555\\\/\"},\"wordCount\":386,\"image\":{\"@id\":\"https:\\\/\\\/batijournal.com\\\/index.php\\\/reforme-profondeur-de-formation-professionnelle\\\/98555\\\/#primaryimage\"},\"thumbnailUrl\":\"https:\\\/\\\/batijournal.com\\\/wp-content\\\/uploads\\\/2015\\\/03\\\/96792242-e1520251053197.jpg\",\"keywords\":[\"formation\"],\"articleSection\":[\"A la Une\",\"Actualit\u00e9s\",\"\u00c9conomie &amp; March\u00e9s\"],\"inLanguage\":\"fr-FR\"},{\"@type\":\"WebPage\",\"@id\":\"https:\\\/\\\/batijournal.com\\\/index.php\\\/reforme-profondeur-de-formation-professionnelle\\\/98555\\\/\",\"url\":\"https:\\\/\\\/batijournal.com\\\/index.php\\\/reforme-profondeur-de-formation-professionnelle\\\/98555\\\/\",\"name\":\"R\u00e9forme en profondeur de la Formation professionnelle\",\"isPartOf\":{\"@id\":\"https:\\\/\\\/batijournal.com\\\/#website\"},\"primaryImageOfPage\":{\"@id\":\"https:\\\/\\\/batijournal.com\\\/index.php\\\/reforme-profondeur-de-formation-professionnelle\\\/98555\\\/#primaryimage\"},\"image\":{\"@id\":\"https:\\\/\\\/batijournal.com\\\/index.php\\\/reforme-profondeur-de-formation-professionnelle\\\/98555\\\/#primaryimage\"},\"thumbnailUrl\":\"https:\\\/\\\/batijournal.com\\\/wp-content\\\/uploads\\\/2015\\\/03\\\/96792242-e1520251053197.jpg\",\"datePublished\":\"2018-03-05T11:55:31+00:00\",\"dateModified\":\"2019-07-15T10:07:09+00:00\",\"author\":{\"@id\":\"https:\\\/\\\/batijournal.com\\\/#\\\/schema\\\/person\\\/1dc96ec6957aa1ccb25ebe78bb19f100\"},\"breadcrumb\":{\"@id\":\"https:\\\/\\\/batijournal.com\\\/index.php\\\/reforme-profondeur-de-formation-professionnelle\\\/98555\\\/#breadcrumb\"},\"inLanguage\":\"fr-FR\",\"potentialAction\":[{\"@type\":\"ReadAction\",\"target\":[\"https:\\\/\\\/batijournal.com\\\/index.php\\\/reforme-profondeur-de-formation-professionnelle\\\/98555\\\/\"]}]},{\"@type\":\"ImageObject\",\"inLanguage\":\"fr-FR\",\"@id\":\"https:\\\/\\\/batijournal.com\\\/index.php\\\/reforme-profondeur-de-formation-professionnelle\\\/98555\\\/#primaryimage\",\"url\":\"https:\\\/\\\/batijournal.com\\\/wp-content\\\/uploads\\\/2015\\\/03\\\/96792242-e1520251053197.jpg\",\"contentUrl\":\"https:\\\/\\\/batijournal.com\\\/wp-content\\\/uploads\\\/2015\\\/03\\\/96792242-e1520251053197.jpg\",\"width\":600,\"height\":399,\"caption\":\"Formations professionnelles\"},{\"@type\":\"BreadcrumbList\",\"@id\":\"https:\\\/\\\/batijournal.com\\\/index.php\\\/reforme-profondeur-de-formation-professionnelle\\\/98555\\\/#breadcrumb\",\"itemListElement\":[{\"@type\":\"ListItem\",\"position\":1,\"name\":\"Accueil\",\"item\":\"https:\\\/\\\/batijournal.com\\\/\"},{\"@type\":\"ListItem\",\"position\":2,\"name\":\"Actualit\u00e9s\",\"item\":\"https:\\\/\\\/batijournal.com\\\/index.php\\\/category\\\/actualites\\\/\"},{\"@type\":\"ListItem\",\"position\":3,\"name\":\"R\u00e9forme en profondeur de la Formation professionnelle\"}]},{\"@type\":\"WebSite\",\"@id\":\"https:\\\/\\\/batijournal.com\\\/#website\",\"url\":\"https:\\\/\\\/batijournal.com\\\/\",\"name\":\"Batijournal\",\"description\":\"L&#039;actualit\u00e9 du b\u00e2timent\",\"potentialAction\":[{\"@type\":\"SearchAction\",\"target\":{\"@type\":\"EntryPoint\",\"urlTemplate\":\"https:\\\/\\\/batijournal.com\\\/?s={search_term_string}\"},\"query-input\":{\"@type\":\"PropertyValueSpecification\",\"valueRequired\":true,\"valueName\":\"search_term_string\"}}],\"inLanguage\":\"fr-FR\"},{\"@type\":\"Person\",\"@id\":\"https:\\\/\\\/batijournal.com\\\/#\\\/schema\\\/person\\\/1dc96ec6957aa1ccb25ebe78bb19f100\",\"name\":\"St\u00e9phane Miget\",\"image\":{\"@type\":\"ImageObject\",\"inLanguage\":\"fr-FR\",\"@id\":\"https:\\\/\\\/secure.gravatar.com\\\/avatar\\\/89915563d925342126b8ef0281b93d9d7fc337043e8df017f780908eb9644451?s=96&d=mm&r=g\",\"url\":\"https:\\\/\\\/secure.gravatar.com\\\/avatar\\\/89915563d925342126b8ef0281b93d9d7fc337043e8df017f780908eb9644451?s=96&d=mm&r=g\",\"contentUrl\":\"https:\\\/\\\/secure.gravatar.com\\\/avatar\\\/89915563d925342126b8ef0281b93d9d7fc337043e8df017f780908eb9644451?s=96&d=mm&r=g\",\"caption\":\"St\u00e9phane Miget\"},\"url\":\"https:\\\/\\\/batijournal.com\\\/index.php\\\/author\\\/stephane\\\/\"}]}<\/script>\n<!-- \/ Yoast SEO plugin. -->","yoast_head_json":{"title":"R\u00e9forme en profondeur de la Formation professionnelle","robots":{"index":"index","follow":"follow","max-snippet":"max-snippet:-1","max-image-preview":"max-image-preview:large","max-video-preview":"max-video-preview:-1"},"canonical":"https:\/\/batijournal.com\/index.php\/reforme-profondeur-de-formation-professionnelle\/98555\/","og_locale":"fr_FR","og_type":"article","og_title":"R\u00e9forme en profondeur de la Formation professionnelle","og_description":"Muriel P\u00e9nicaud, ministre du Travail, a pr\u00e9sent\u00e9 les grands axes de la r\u00e9forme de la formation professionnelle, lundi 5 mars 2018, au Minist\u00e8re du Travail. La ministre avait annonc\u00e9 un big-bang, la r\u00e9forme annonc\u00e9e modifie bien la formation professionnelle en profondeur. Le Compte Personnel de Formation (CPF) de tous les salari\u00e9s va maintenant \u00eatre cr\u00e9dit\u00e9 [&hellip;]","og_url":"https:\/\/batijournal.com\/index.php\/reforme-profondeur-de-formation-professionnelle\/98555\/","og_site_name":"Batijournal","article_published_time":"2018-03-05T11:55:31+00:00","article_modified_time":"2019-07-15T10:07:09+00:00","og_image":[{"width":600,"height":399,"url":"https:\/\/batijournal.com\/wp-content\/uploads\/2015\/03\/96792242-e1520251053197.jpg","type":"image\/jpeg"}],"author":"St\u00e9phane Miget","twitter_card":"summary_large_image","twitter_creator":"@bati_journal","twitter_site":"@bati_journal","twitter_misc":{"\u00c9crit par":"St\u00e9phane Miget","Dur\u00e9e de lecture estim\u00e9e":"2 minutes"},"schema":{"@context":"https:\/\/schema.org","@graph":[{"@type":"Article","@id":"https:\/\/batijournal.com\/index.php\/reforme-profondeur-de-formation-professionnelle\/98555\/#article","isPartOf":{"@id":"https:\/\/batijournal.com\/index.php\/reforme-profondeur-de-formation-professionnelle\/98555\/"},"author":{"name":"St\u00e9phane Miget","@id":"https:\/\/batijournal.com\/#\/schema\/person\/1dc96ec6957aa1ccb25ebe78bb19f100"},"headline":"R\u00e9forme en profondeur de la Formation professionnelle","datePublished":"2018-03-05T11:55:31+00:00","dateModified":"2019-07-15T10:07:09+00:00","mainEntityOfPage":{"@id":"https:\/\/batijournal.com\/index.php\/reforme-profondeur-de-formation-professionnelle\/98555\/"},"wordCount":386,"image":{"@id":"https:\/\/batijournal.com\/index.php\/reforme-profondeur-de-formation-professionnelle\/98555\/#primaryimage"},"thumbnailUrl":"https:\/\/batijournal.com\/wp-content\/uploads\/2015\/03\/96792242-e1520251053197.jpg","keywords":["formation"],"articleSection":["A la Une","Actualit\u00e9s","\u00c9conomie &amp; March\u00e9s"],"inLanguage":"fr-FR"},{"@type":"WebPage","@id":"https:\/\/batijournal.com\/index.php\/reforme-profondeur-de-formation-professionnelle\/98555\/","url":"https:\/\/batijournal.com\/index.php\/reforme-profondeur-de-formation-professionnelle\/98555\/","name":"R\u00e9forme en profondeur de la Formation professionnelle","isPartOf":{"@id":"https:\/\/batijournal.com\/#website"},"primaryImageOfPage":{"@id":"https:\/\/batijournal.com\/index.php\/reforme-profondeur-de-formation-professionnelle\/98555\/#primaryimage"},"image":{"@id":"https:\/\/batijournal.com\/index.php\/reforme-profondeur-de-formation-professionnelle\/98555\/#primaryimage"},"thumbnailUrl":"https:\/\/batijournal.com\/wp-content\/uploads\/2015\/03\/96792242-e1520251053197.jpg","datePublished":"2018-03-05T11:55:31+00:00","dateModified":"2019-07-15T10:07:09+00:00","author":{"@id":"https:\/\/batijournal.com\/#\/schema\/person\/1dc96ec6957aa1ccb25ebe78bb19f100"},"breadcrumb":{"@id":"https:\/\/batijournal.com\/index.php\/reforme-profondeur-de-formation-professionnelle\/98555\/#breadcrumb"},"inLanguage":"fr-FR","potentialAction":[{"@type":"ReadAction","target":["https:\/\/batijournal.com\/index.php\/reforme-profondeur-de-formation-professionnelle\/98555\/"]}]},{"@type":"ImageObject","inLanguage":"fr-FR","@id":"https:\/\/batijournal.com\/index.php\/reforme-profondeur-de-formation-professionnelle\/98555\/#primaryimage","url":"https:\/\/batijournal.com\/wp-content\/uploads\/2015\/03\/96792242-e1520251053197.jpg","contentUrl":"https:\/\/batijournal.com\/wp-content\/uploads\/2015\/03\/96792242-e1520251053197.jpg","width":600,"height":399,"caption":"Formations professionnelles"},{"@type":"BreadcrumbList","@id":"https:\/\/batijournal.com\/index.php\/reforme-profondeur-de-formation-professionnelle\/98555\/#breadcrumb","itemListElement":[{"@type":"ListItem","position":1,"name":"Accueil","item":"https:\/\/batijournal.com\/"},{"@type":"ListItem","position":2,"name":"Actualit\u00e9s","item":"https:\/\/batijournal.com\/index.php\/category\/actualites\/"},{"@type":"ListItem","position":3,"name":"R\u00e9forme en profondeur de la Formation professionnelle"}]},{"@type":"WebSite","@id":"https:\/\/batijournal.com\/#website","url":"https:\/\/batijournal.com\/","name":"Batijournal","description":"L&#039;actualit\u00e9 du b\u00e2timent","potentialAction":[{"@type":"SearchAction","target":{"@type":"EntryPoint","urlTemplate":"https:\/\/batijournal.com\/?s={search_term_string}"},"query-input":{"@type":"PropertyValueSpecification","valueRequired":true,"valueName":"search_term_string"}}],"inLanguage":"fr-FR"},{"@type":"Person","@id":"https:\/\/batijournal.com\/#\/schema\/person\/1dc96ec6957aa1ccb25ebe78bb19f100","name":"St\u00e9phane Miget","image":{"@type":"ImageObject","inLanguage":"fr-FR","@id":"https:\/\/secure.gravatar.com\/avatar\/89915563d925342126b8ef0281b93d9d7fc337043e8df017f780908eb9644451?s=96&d=mm&r=g","url":"https:\/\/secure.gravatar.com\/avatar\/89915563d925342126b8ef0281b93d9d7fc337043e8df017f780908eb9644451?s=96&d=mm&r=g","contentUrl":"https:\/\/secure.gravatar.com\/avatar\/89915563d925342126b8ef0281b93d9d7fc337043e8df017f780908eb9644451?s=96&d=mm&r=g","caption":"St\u00e9phane Miget"},"url":"https:\/\/batijournal.com\/index.php\/author\/stephane\/"}]}},"_links":{"self":[{"href":"https:\/\/batijournal.com\/index.php\/wp-json\/wp\/v2\/posts\/98555","targetHints":{"allow":["GET"]}}],"collection":[{"href":"https:\/\/batijournal.com\/index.php\/wp-json\/wp\/v2\/posts"}],"about":[{"href":"https:\/\/batijournal.com\/index.php\/wp-json\/wp\/v2\/types\/post"}],"author":[{"embeddable":true,"href":"https:\/\/batijournal.com\/index.php\/wp-json\/wp\/v2\/users\/17"}],"replies":[{"embeddable":true,"href":"https:\/\/batijournal.com\/index.php\/wp-json\/wp\/v2\/comments?post=98555"}],"version-history":[{"count":0,"href":"https:\/\/batijournal.com\/index.php\/wp-json\/wp\/v2\/posts\/98555\/revisions"}],"wp:featuredmedia":[{"embeddable":true,"href":"https:\/\/batijournal.com\/index.php\/wp-json\/wp\/v2\/media\/85239"}],"wp:attachment":[{"href":"https:\/\/batijournal.com\/index.php\/wp-json\/wp\/v2\/media?parent=98555"}],"wp:term":[{"taxonomy":"category","embeddable":true,"href":"https:\/\/batijournal.com\/index.php\/wp-json\/wp\/v2\/categories?post=98555"},{"taxonomy":"post_tag","embeddable":true,"href":"https:\/\/batijournal.com\/index.php\/wp-json\/wp\/v2\/tags?post=98555"}],"curies":[{"name":"wp","href":"https:\/\/api.w.org\/{rel}","templated":true}]}}