{"id":98565,"date":"2018-03-06T09:38:26","date_gmt":"2018-03-06T08:38:26","guid":{"rendered":"http:\/\/batijournal.com\/?p=98565"},"modified":"2019-07-15T12:10:45","modified_gmt":"2019-07-15T10:10:45","slug":"guide-ademe-faire-ville-dense-durable-desirable","status":"publish","type":"post","link":"https:\/\/batijournal.com\/index.php\/guide-ademe-faire-ville-dense-durable-desirable\/98565\/","title":{"rendered":"Guide Ademe \u00ab Faire la ville dense, durable et d\u00e9sirable \u00bb"},"content":{"rendered":"<p>Ce guide t\u00e9l\u00e9chargeable s&rsquo;adresse \u00e0 l&rsquo;ensemble des acteurs de l&rsquo;urbanisme ainsi qu&rsquo;aux \u00e9lus des collectivit\u00e9s territoriales. Il propose des \u00e9l\u00e9ments d\u2019analyse et des leviers pour lier densit\u00e9 et forme urbaine face aux enjeux pos\u00e9s par la transition \u00e9cologique et \u00e9nerg\u00e9tique. Il s\u2019agit de montrer que des voies sont possibles pour lier qualit\u00e9 de vie et limitation d\u2019une expansion urbaine co\u00fbteuse, tant pour les collectivit\u00e9s que pour l\u2019environnement, sachant, qu\u2019au-del\u00e0 des limites de la ville, des territoires sont \u00e9troitement associ\u00e9s \u00e0 son m\u00e9tabolisme et se voient urbanis\u00e9s, artificialis\u00e9s. Ce constat suffit pour affirmer l\u2019importance d\u2019une approche syst\u00e9mique \u00e9largie \u00e0 ces territoires des questions de qualit\u00e9 environnementales de la ville et des qualit\u00e9s d\u2019usage offertes \u00e0 ses habitants. A l\u2019inverse, l\u2019optimisation d\u2019un territoire ne pourra se concevoir sans envisager ses interactions avec les centres urbains ou les territoires avoisinants.<\/p>\n<p><a href=\"http:\/\/www.ademe.fr\/faire-ville-dense-durable-desirable\" target=\"_blank\" rel=\"noopener noreferrer\">http:\/\/www.ademe.fr\/faire-ville-dense-durable-desirable<\/a><\/p>\n<p>&nbsp;<\/p>\n","protected":false},"excerpt":{"rendered":"<p>Ce guide t\u00e9l\u00e9chargeable s&rsquo;adresse \u00e0 l&rsquo;ensemble des acteurs de l&rsquo;urbanisme ainsi qu&rsquo;aux \u00e9lus des collectivit\u00e9s territoriales. Il propose des \u00e9l\u00e9ments d\u2019analyse et des leviers pour lier densit\u00e9 et forme urbaine face aux enjeux pos\u00e9s par la transition \u00e9cologique et \u00e9nerg\u00e9tique. Il s\u2019agit de montrer que des voies sont possibles pour lier qualit\u00e9 de vie et [&hellip;]<\/p>\n","protected":false},"author":17,"featured_media":98567,"comment_status":"closed","ping_status":"closed","sticky":false,"template":"","format":"standard","meta":{"_et_pb_use_builder":"","_et_pb_old_content":"","_et_gb_content_width":"","footnotes":""},"categories":[10530,6340],"tags":[850,88],"class_list":["post-98565","post","type-post","status-publish","format-standard","has-post-thumbnail","hentry","category-actualites","category-architecture-conception","tag-guide","tag-publication"],"yoast_head":"<!-- This site is optimized with the Yoast SEO plugin v27.4 - https:\/\/yoast.com\/product\/yoast-seo-wordpress\/ -->\n<title>Guide Ademe \u00ab Faire la ville dense, durable et d\u00e9sirable \u00bb<\/title>\n<meta name=\"robots\" content=\"index, follow, max-snippet:-1, max-image-preview:large, max-video-preview:-1\" \/>\n<link rel=\"canonical\" href=\"https:\/\/batijournal.com\/index.php\/guide-ademe-faire-ville-dense-durable-desirable\/98565\/\" \/>\n<meta property=\"og:locale\" content=\"fr_FR\" \/>\n<meta property=\"og:type\" content=\"article\" \/>\n<meta property=\"og:title\" content=\"Guide Ademe \u00ab Faire la ville dense, durable et d\u00e9sirable \u00bb\" \/>\n<meta property=\"og:description\" content=\"Ce guide t\u00e9l\u00e9chargeable s&rsquo;adresse \u00e0 l&rsquo;ensemble des acteurs de l&rsquo;urbanisme ainsi qu&rsquo;aux \u00e9lus des collectivit\u00e9s territoriales. Il propose des \u00e9l\u00e9ments d\u2019analyse et des leviers pour lier densit\u00e9 et forme urbaine face aux enjeux pos\u00e9s par la transition \u00e9cologique et \u00e9nerg\u00e9tique. Il s\u2019agit de montrer que des voies sont possibles pour lier qualit\u00e9 de vie et [&hellip;]\" \/>\n<meta property=\"og:url\" content=\"https:\/\/batijournal.com\/index.php\/guide-ademe-faire-ville-dense-durable-desirable\/98565\/\" \/>\n<meta property=\"og:site_name\" content=\"Batijournal\" \/>\n<meta property=\"article:published_time\" content=\"2018-03-06T08:38:26+00:00\" \/>\n<meta property=\"article:modified_time\" content=\"2019-07-15T10:10:45+00:00\" \/>\n<meta property=\"og:image\" content=\"https:\/\/batijournal.com\/wp-content\/uploads\/2018\/03\/ademe-Faire-la-ville-dense-durable.png\" \/>\n\t<meta property=\"og:image:width\" content=\"504\" \/>\n\t<meta property=\"og:image:height\" content=\"638\" \/>\n\t<meta property=\"og:image:type\" content=\"image\/png\" \/>\n<meta name=\"author\" content=\"St\u00e9phane Miget\" \/>\n<meta name=\"twitter:card\" content=\"summary_large_image\" \/>\n<meta name=\"twitter:creator\" content=\"@bati_journal\" \/>\n<meta name=\"twitter:site\" content=\"@bati_journal\" \/>\n<meta name=\"twitter:label1\" content=\"\u00c9crit par\" \/>\n\t<meta name=\"twitter:data1\" content=\"St\u00e9phane Miget\" \/>\n\t<meta name=\"twitter:label2\" content=\"Dur\u00e9e de lecture estim\u00e9e\" \/>\n\t<meta name=\"twitter:data2\" content=\"1 minute\" \/>\n<script type=\"application\/ld+json\" class=\"yoast-schema-graph\">{\"@context\":\"https:\\\/\\\/schema.org\",\"@graph\":[{\"@type\":\"Article\",\"@id\":\"https:\\\/\\\/batijournal.com\\\/index.php\\\/guide-ademe-faire-ville-dense-durable-desirable\\\/98565\\\/#article\",\"isPartOf\":{\"@id\":\"https:\\\/\\\/batijournal.com\\\/index.php\\\/guide-ademe-faire-ville-dense-durable-desirable\\\/98565\\\/\"},\"author\":{\"name\":\"St\u00e9phane Miget\",\"@id\":\"https:\\\/\\\/batijournal.com\\\/#\\\/schema\\\/person\\\/1dc96ec6957aa1ccb25ebe78bb19f100\"},\"headline\":\"Guide Ademe \u00ab Faire la ville dense, durable et d\u00e9sirable \u00bb\",\"datePublished\":\"2018-03-06T08:38:26+00:00\",\"dateModified\":\"2019-07-15T10:10:45+00:00\",\"mainEntityOfPage\":{\"@id\":\"https:\\\/\\\/batijournal.com\\\/index.php\\\/guide-ademe-faire-ville-dense-durable-desirable\\\/98565\\\/\"},\"wordCount\":178,\"image\":{\"@id\":\"https:\\\/\\\/batijournal.com\\\/index.php\\\/guide-ademe-faire-ville-dense-durable-desirable\\\/98565\\\/#primaryimage\"},\"thumbnailUrl\":\"https:\\\/\\\/batijournal.com\\\/wp-content\\\/uploads\\\/2018\\\/03\\\/ademe-Faire-la-ville-dense-durable.png\",\"keywords\":[\"guide\",\"publication\"],\"articleSection\":[\"Actualit\u00e9s\",\"Architecture &amp; Conception\"],\"inLanguage\":\"fr-FR\"},{\"@type\":\"WebPage\",\"@id\":\"https:\\\/\\\/batijournal.com\\\/index.php\\\/guide-ademe-faire-ville-dense-durable-desirable\\\/98565\\\/\",\"url\":\"https:\\\/\\\/batijournal.com\\\/index.php\\\/guide-ademe-faire-ville-dense-durable-desirable\\\/98565\\\/\",\"name\":\"Guide Ademe \u00ab Faire la ville dense, durable et d\u00e9sirable \u00bb\",\"isPartOf\":{\"@id\":\"https:\\\/\\\/batijournal.com\\\/#website\"},\"primaryImageOfPage\":{\"@id\":\"https:\\\/\\\/batijournal.com\\\/index.php\\\/guide-ademe-faire-ville-dense-durable-desirable\\\/98565\\\/#primaryimage\"},\"image\":{\"@id\":\"https:\\\/\\\/batijournal.com\\\/index.php\\\/guide-ademe-faire-ville-dense-durable-desirable\\\/98565\\\/#primaryimage\"},\"thumbnailUrl\":\"https:\\\/\\\/batijournal.com\\\/wp-content\\\/uploads\\\/2018\\\/03\\\/ademe-Faire-la-ville-dense-durable.png\",\"datePublished\":\"2018-03-06T08:38:26+00:00\",\"dateModified\":\"2019-07-15T10:10:45+00:00\",\"author\":{\"@id\":\"https:\\\/\\\/batijournal.com\\\/#\\\/schema\\\/person\\\/1dc96ec6957aa1ccb25ebe78bb19f100\"},\"breadcrumb\":{\"@id\":\"https:\\\/\\\/batijournal.com\\\/index.php\\\/guide-ademe-faire-ville-dense-durable-desirable\\\/98565\\\/#breadcrumb\"},\"inLanguage\":\"fr-FR\",\"potentialAction\":[{\"@type\":\"ReadAction\",\"target\":[\"https:\\\/\\\/batijournal.com\\\/index.php\\\/guide-ademe-faire-ville-dense-durable-desirable\\\/98565\\\/\"]}]},{\"@type\":\"ImageObject\",\"inLanguage\":\"fr-FR\",\"@id\":\"https:\\\/\\\/batijournal.com\\\/index.php\\\/guide-ademe-faire-ville-dense-durable-desirable\\\/98565\\\/#primaryimage\",\"url\":\"https:\\\/\\\/batijournal.com\\\/wp-content\\\/uploads\\\/2018\\\/03\\\/ademe-Faire-la-ville-dense-durable.png\",\"contentUrl\":\"https:\\\/\\\/batijournal.com\\\/wp-content\\\/uploads\\\/2018\\\/03\\\/ademe-Faire-la-ville-dense-durable.png\",\"width\":504,\"height\":638},{\"@type\":\"BreadcrumbList\",\"@id\":\"https:\\\/\\\/batijournal.com\\\/index.php\\\/guide-ademe-faire-ville-dense-durable-desirable\\\/98565\\\/#breadcrumb\",\"itemListElement\":[{\"@type\":\"ListItem\",\"position\":1,\"name\":\"Accueil\",\"item\":\"https:\\\/\\\/batijournal.com\\\/\"},{\"@type\":\"ListItem\",\"position\":2,\"name\":\"Actualit\u00e9s\",\"item\":\"https:\\\/\\\/batijournal.com\\\/index.php\\\/category\\\/actualites\\\/\"},{\"@type\":\"ListItem\",\"position\":3,\"name\":\"Guide Ademe \u00ab Faire la ville dense, durable et d\u00e9sirable \u00bb\"}]},{\"@type\":\"WebSite\",\"@id\":\"https:\\\/\\\/batijournal.com\\\/#website\",\"url\":\"https:\\\/\\\/batijournal.com\\\/\",\"name\":\"Batijournal\",\"description\":\"L&#039;actualit\u00e9 du b\u00e2timent\",\"potentialAction\":[{\"@type\":\"SearchAction\",\"target\":{\"@type\":\"EntryPoint\",\"urlTemplate\":\"https:\\\/\\\/batijournal.com\\\/?s={search_term_string}\"},\"query-input\":{\"@type\":\"PropertyValueSpecification\",\"valueRequired\":true,\"valueName\":\"search_term_string\"}}],\"inLanguage\":\"fr-FR\"},{\"@type\":\"Person\",\"@id\":\"https:\\\/\\\/batijournal.com\\\/#\\\/schema\\\/person\\\/1dc96ec6957aa1ccb25ebe78bb19f100\",\"name\":\"St\u00e9phane Miget\",\"image\":{\"@type\":\"ImageObject\",\"inLanguage\":\"fr-FR\",\"@id\":\"https:\\\/\\\/secure.gravatar.com\\\/avatar\\\/89915563d925342126b8ef0281b93d9d7fc337043e8df017f780908eb9644451?s=96&d=mm&r=g\",\"url\":\"https:\\\/\\\/secure.gravatar.com\\\/avatar\\\/89915563d925342126b8ef0281b93d9d7fc337043e8df017f780908eb9644451?s=96&d=mm&r=g\",\"contentUrl\":\"https:\\\/\\\/secure.gravatar.com\\\/avatar\\\/89915563d925342126b8ef0281b93d9d7fc337043e8df017f780908eb9644451?s=96&d=mm&r=g\",\"caption\":\"St\u00e9phane Miget\"},\"url\":\"https:\\\/\\\/batijournal.com\\\/index.php\\\/author\\\/stephane\\\/\"}]}<\/script>\n<!-- \/ Yoast SEO plugin. -->","yoast_head_json":{"title":"Guide Ademe \u00ab Faire la ville dense, durable et d\u00e9sirable \u00bb","robots":{"index":"index","follow":"follow","max-snippet":"max-snippet:-1","max-image-preview":"max-image-preview:large","max-video-preview":"max-video-preview:-1"},"canonical":"https:\/\/batijournal.com\/index.php\/guide-ademe-faire-ville-dense-durable-desirable\/98565\/","og_locale":"fr_FR","og_type":"article","og_title":"Guide Ademe \u00ab Faire la ville dense, durable et d\u00e9sirable \u00bb","og_description":"Ce guide t\u00e9l\u00e9chargeable s&rsquo;adresse \u00e0 l&rsquo;ensemble des acteurs de l&rsquo;urbanisme ainsi qu&rsquo;aux \u00e9lus des collectivit\u00e9s territoriales. Il propose des \u00e9l\u00e9ments d\u2019analyse et des leviers pour lier densit\u00e9 et forme urbaine face aux enjeux pos\u00e9s par la transition \u00e9cologique et \u00e9nerg\u00e9tique. Il s\u2019agit de montrer que des voies sont possibles pour lier qualit\u00e9 de vie et [&hellip;]","og_url":"https:\/\/batijournal.com\/index.php\/guide-ademe-faire-ville-dense-durable-desirable\/98565\/","og_site_name":"Batijournal","article_published_time":"2018-03-06T08:38:26+00:00","article_modified_time":"2019-07-15T10:10:45+00:00","og_image":[{"width":504,"height":638,"url":"https:\/\/batijournal.com\/wp-content\/uploads\/2018\/03\/ademe-Faire-la-ville-dense-durable.png","type":"image\/png"}],"author":"St\u00e9phane Miget","twitter_card":"summary_large_image","twitter_creator":"@bati_journal","twitter_site":"@bati_journal","twitter_misc":{"\u00c9crit par":"St\u00e9phane Miget","Dur\u00e9e de lecture estim\u00e9e":"1 minute"},"schema":{"@context":"https:\/\/schema.org","@graph":[{"@type":"Article","@id":"https:\/\/batijournal.com\/index.php\/guide-ademe-faire-ville-dense-durable-desirable\/98565\/#article","isPartOf":{"@id":"https:\/\/batijournal.com\/index.php\/guide-ademe-faire-ville-dense-durable-desirable\/98565\/"},"author":{"name":"St\u00e9phane Miget","@id":"https:\/\/batijournal.com\/#\/schema\/person\/1dc96ec6957aa1ccb25ebe78bb19f100"},"headline":"Guide Ademe \u00ab Faire la ville dense, durable et d\u00e9sirable \u00bb","datePublished":"2018-03-06T08:38:26+00:00","dateModified":"2019-07-15T10:10:45+00:00","mainEntityOfPage":{"@id":"https:\/\/batijournal.com\/index.php\/guide-ademe-faire-ville-dense-durable-desirable\/98565\/"},"wordCount":178,"image":{"@id":"https:\/\/batijournal.com\/index.php\/guide-ademe-faire-ville-dense-durable-desirable\/98565\/#primaryimage"},"thumbnailUrl":"https:\/\/batijournal.com\/wp-content\/uploads\/2018\/03\/ademe-Faire-la-ville-dense-durable.png","keywords":["guide","publication"],"articleSection":["Actualit\u00e9s","Architecture &amp; Conception"],"inLanguage":"fr-FR"},{"@type":"WebPage","@id":"https:\/\/batijournal.com\/index.php\/guide-ademe-faire-ville-dense-durable-desirable\/98565\/","url":"https:\/\/batijournal.com\/index.php\/guide-ademe-faire-ville-dense-durable-desirable\/98565\/","name":"Guide Ademe \u00ab Faire la ville dense, durable et d\u00e9sirable \u00bb","isPartOf":{"@id":"https:\/\/batijournal.com\/#website"},"primaryImageOfPage":{"@id":"https:\/\/batijournal.com\/index.php\/guide-ademe-faire-ville-dense-durable-desirable\/98565\/#primaryimage"},"image":{"@id":"https:\/\/batijournal.com\/index.php\/guide-ademe-faire-ville-dense-durable-desirable\/98565\/#primaryimage"},"thumbnailUrl":"https:\/\/batijournal.com\/wp-content\/uploads\/2018\/03\/ademe-Faire-la-ville-dense-durable.png","datePublished":"2018-03-06T08:38:26+00:00","dateModified":"2019-07-15T10:10:45+00:00","author":{"@id":"https:\/\/batijournal.com\/#\/schema\/person\/1dc96ec6957aa1ccb25ebe78bb19f100"},"breadcrumb":{"@id":"https:\/\/batijournal.com\/index.php\/guide-ademe-faire-ville-dense-durable-desirable\/98565\/#breadcrumb"},"inLanguage":"fr-FR","potentialAction":[{"@type":"ReadAction","target":["https:\/\/batijournal.com\/index.php\/guide-ademe-faire-ville-dense-durable-desirable\/98565\/"]}]},{"@type":"ImageObject","inLanguage":"fr-FR","@id":"https:\/\/batijournal.com\/index.php\/guide-ademe-faire-ville-dense-durable-desirable\/98565\/#primaryimage","url":"https:\/\/batijournal.com\/wp-content\/uploads\/2018\/03\/ademe-Faire-la-ville-dense-durable.png","contentUrl":"https:\/\/batijournal.com\/wp-content\/uploads\/2018\/03\/ademe-Faire-la-ville-dense-durable.png","width":504,"height":638},{"@type":"BreadcrumbList","@id":"https:\/\/batijournal.com\/index.php\/guide-ademe-faire-ville-dense-durable-desirable\/98565\/#breadcrumb","itemListElement":[{"@type":"ListItem","position":1,"name":"Accueil","item":"https:\/\/batijournal.com\/"},{"@type":"ListItem","position":2,"name":"Actualit\u00e9s","item":"https:\/\/batijournal.com\/index.php\/category\/actualites\/"},{"@type":"ListItem","position":3,"name":"Guide Ademe \u00ab Faire la ville dense, durable et d\u00e9sirable \u00bb"}]},{"@type":"WebSite","@id":"https:\/\/batijournal.com\/#website","url":"https:\/\/batijournal.com\/","name":"Batijournal","description":"L&#039;actualit\u00e9 du b\u00e2timent","potentialAction":[{"@type":"SearchAction","target":{"@type":"EntryPoint","urlTemplate":"https:\/\/batijournal.com\/?s={search_term_string}"},"query-input":{"@type":"PropertyValueSpecification","valueRequired":true,"valueName":"search_term_string"}}],"inLanguage":"fr-FR"},{"@type":"Person","@id":"https:\/\/batijournal.com\/#\/schema\/person\/1dc96ec6957aa1ccb25ebe78bb19f100","name":"St\u00e9phane Miget","image":{"@type":"ImageObject","inLanguage":"fr-FR","@id":"https:\/\/secure.gravatar.com\/avatar\/89915563d925342126b8ef0281b93d9d7fc337043e8df017f780908eb9644451?s=96&d=mm&r=g","url":"https:\/\/secure.gravatar.com\/avatar\/89915563d925342126b8ef0281b93d9d7fc337043e8df017f780908eb9644451?s=96&d=mm&r=g","contentUrl":"https:\/\/secure.gravatar.com\/avatar\/89915563d925342126b8ef0281b93d9d7fc337043e8df017f780908eb9644451?s=96&d=mm&r=g","caption":"St\u00e9phane Miget"},"url":"https:\/\/batijournal.com\/index.php\/author\/stephane\/"}]}},"_links":{"self":[{"href":"https:\/\/batijournal.com\/index.php\/wp-json\/wp\/v2\/posts\/98565","targetHints":{"allow":["GET"]}}],"collection":[{"href":"https:\/\/batijournal.com\/index.php\/wp-json\/wp\/v2\/posts"}],"about":[{"href":"https:\/\/batijournal.com\/index.php\/wp-json\/wp\/v2\/types\/post"}],"author":[{"embeddable":true,"href":"https:\/\/batijournal.com\/index.php\/wp-json\/wp\/v2\/users\/17"}],"replies":[{"embeddable":true,"href":"https:\/\/batijournal.com\/index.php\/wp-json\/wp\/v2\/comments?post=98565"}],"version-history":[{"count":0,"href":"https:\/\/batijournal.com\/index.php\/wp-json\/wp\/v2\/posts\/98565\/revisions"}],"wp:featuredmedia":[{"embeddable":true,"href":"https:\/\/batijournal.com\/index.php\/wp-json\/wp\/v2\/media\/98567"}],"wp:attachment":[{"href":"https:\/\/batijournal.com\/index.php\/wp-json\/wp\/v2\/media?parent=98565"}],"wp:term":[{"taxonomy":"category","embeddable":true,"href":"https:\/\/batijournal.com\/index.php\/wp-json\/wp\/v2\/categories?post=98565"},{"taxonomy":"post_tag","embeddable":true,"href":"https:\/\/batijournal.com\/index.php\/wp-json\/wp\/v2\/tags?post=98565"}],"curies":[{"name":"wp","href":"https:\/\/api.w.org\/{rel}","templated":true}]}}