{"id":98579,"date":"2018-03-07T11:15:24","date_gmt":"2018-03-07T10:15:24","guid":{"rendered":"http:\/\/batijournal.com\/?p=98579"},"modified":"2019-07-15T12:34:38","modified_gmt":"2019-07-15T10:34:38","slug":"deux-mortiers-denduit-secs-renovation-facades","status":"publish","type":"post","link":"https:\/\/batijournal.com\/index.php\/deux-mortiers-denduit-secs-renovation-facades\/98579\/","title":{"rendered":"Deux mortiers d\u2019enduit secs pour la r\u00e9novation des fa\u00e7ades"},"content":{"rendered":"<p>La ville de Versailles a accord\u00e9 le prix du ravalement 2017 \u00e0 une fa\u00e7ade en trompe-l\u2019oeil r\u00e9alis\u00e9e en LEGALITHE. Les LEGALITHE sont deux mortiers d\u2019enduit secs du groupe VEGA, mono-composant, pr\u00eats \u00e0 l\u2019emploi, destin\u00e9s \u00e0 la r\u00e9fection des fa\u00e7ades. Ils sont adapt\u00e9s aux fa\u00e7ades enduites dites \u00ab pl\u00e2tre parisien \u00bb, et sont recommand\u00e9s pour les fa\u00e7ades \u00e0 pans de bois. Leurs compositions sont naturellement conformes au DTU 26.1 : sables, s\u00e9lections calcaires et siliceux, chaux a\u00e9rienne et pl\u00e2tre gros. Ils peuvent \u00eatre teint\u00e9s dans la masse avec des pigments naturels (terre, ocre, &#8230;). Ils existent deux granulom\u00e9tries. Ils s\u2019appliquent principalement en ext\u00e9rieur et exclusivement manuellement sur la plupart des ma\u00e7onneries anciennes mises \u00e0 nu (de pierres, briques, ou moellons), enduites et hourd\u00e9es au pl\u00e2tre gros. Ces mortiers sont \u00e9galement utilis\u00e9s sur des enduits anciens \u00e0 base de pl\u00e2tre, de chaux a\u00e9rienne, ou de pl\u00e2tre et chaux.<\/p>\n","protected":false},"excerpt":{"rendered":"<p>La ville de Versailles a accord\u00e9 le prix du ravalement 2017 \u00e0 une fa\u00e7ade en trompe-l\u2019oeil r\u00e9alis\u00e9e en LEGALITHE. Les LEGALITHE sont deux mortiers d\u2019enduit secs du groupe VEGA, mono-composant, pr\u00eats \u00e0 l\u2019emploi, destin\u00e9s \u00e0 la r\u00e9fection des fa\u00e7ades. Ils sont adapt\u00e9s aux fa\u00e7ades enduites dites \u00ab pl\u00e2tre parisien \u00bb, et sont recommand\u00e9s pour les [&hellip;]<\/p>\n","protected":false},"author":17,"featured_media":98580,"comment_status":"closed","ping_status":"closed","sticky":false,"template":"","format":"standard","meta":{"_et_pb_use_builder":"","_et_pb_old_content":"","_et_gb_content_width":"","footnotes":""},"categories":[6356,10771,10785,10774],"tags":[1630],"class_list":["post-98579","post","type-post","status-publish","format-standard","has-post-thumbnail","hentry","category-produits-solutions-techniques","category-5facades","category-atrium","category-produits-5facades","tag-mortier"],"yoast_head":"<!-- This site is optimized with the Yoast SEO plugin v27.4 - https:\/\/yoast.com\/product\/yoast-seo-wordpress\/ -->\n<title>Deux mortiers d\u2019enduit secs pour la r\u00e9novation des fa\u00e7ades<\/title>\n<meta name=\"robots\" content=\"index, follow, max-snippet:-1, max-image-preview:large, max-video-preview:-1\" \/>\n<link rel=\"canonical\" href=\"https:\/\/batijournal.com\/index.php\/deux-mortiers-denduit-secs-renovation-facades\/98579\/\" \/>\n<meta property=\"og:locale\" content=\"fr_FR\" \/>\n<meta property=\"og:type\" content=\"article\" \/>\n<meta property=\"og:title\" content=\"Deux mortiers d\u2019enduit secs pour la r\u00e9novation des fa\u00e7ades\" \/>\n<meta property=\"og:description\" content=\"La ville de Versailles a accord\u00e9 le prix du ravalement 2017 \u00e0 une fa\u00e7ade en trompe-l\u2019oeil r\u00e9alis\u00e9e en LEGALITHE. Les LEGALITHE sont deux mortiers d\u2019enduit secs du groupe VEGA, mono-composant, pr\u00eats \u00e0 l\u2019emploi, destin\u00e9s \u00e0 la r\u00e9fection des fa\u00e7ades. Ils sont adapt\u00e9s aux fa\u00e7ades enduites dites \u00ab pl\u00e2tre parisien \u00bb, et sont recommand\u00e9s pour les [&hellip;]\" \/>\n<meta property=\"og:url\" content=\"https:\/\/batijournal.com\/index.php\/deux-mortiers-denduit-secs-renovation-facades\/98579\/\" \/>\n<meta property=\"og:site_name\" content=\"Batijournal\" \/>\n<meta property=\"article:published_time\" content=\"2018-03-07T10:15:24+00:00\" \/>\n<meta property=\"article:modified_time\" content=\"2019-07-15T10:34:38+00:00\" \/>\n<meta property=\"og:image\" content=\"https:\/\/batijournal.com\/wp-content\/uploads\/2018\/03\/chantier-mortier-legalithe-vega.jpg\" \/>\n\t<meta property=\"og:image:width\" content=\"480\" \/>\n\t<meta property=\"og:image:height\" content=\"640\" \/>\n\t<meta property=\"og:image:type\" content=\"image\/jpeg\" \/>\n<meta name=\"author\" content=\"St\u00e9phane Miget\" \/>\n<meta name=\"twitter:card\" content=\"summary_large_image\" \/>\n<meta name=\"twitter:creator\" content=\"@bati_journal\" \/>\n<meta name=\"twitter:site\" content=\"@bati_journal\" \/>\n<meta name=\"twitter:label1\" content=\"\u00c9crit par\" \/>\n\t<meta name=\"twitter:data1\" content=\"St\u00e9phane Miget\" \/>\n\t<meta name=\"twitter:label2\" content=\"Dur\u00e9e de lecture estim\u00e9e\" \/>\n\t<meta name=\"twitter:data2\" content=\"1 minute\" \/>\n<script type=\"application\/ld+json\" class=\"yoast-schema-graph\">{\"@context\":\"https:\\\/\\\/schema.org\",\"@graph\":[{\"@type\":\"Article\",\"@id\":\"https:\\\/\\\/batijournal.com\\\/index.php\\\/deux-mortiers-denduit-secs-renovation-facades\\\/98579\\\/#article\",\"isPartOf\":{\"@id\":\"https:\\\/\\\/batijournal.com\\\/index.php\\\/deux-mortiers-denduit-secs-renovation-facades\\\/98579\\\/\"},\"author\":{\"name\":\"St\u00e9phane Miget\",\"@id\":\"https:\\\/\\\/batijournal.com\\\/#\\\/schema\\\/person\\\/1dc96ec6957aa1ccb25ebe78bb19f100\"},\"headline\":\"Deux mortiers d\u2019enduit secs pour la r\u00e9novation des fa\u00e7ades\",\"datePublished\":\"2018-03-07T10:15:24+00:00\",\"dateModified\":\"2019-07-15T10:34:38+00:00\",\"mainEntityOfPage\":{\"@id\":\"https:\\\/\\\/batijournal.com\\\/index.php\\\/deux-mortiers-denduit-secs-renovation-facades\\\/98579\\\/\"},\"wordCount\":175,\"image\":{\"@id\":\"https:\\\/\\\/batijournal.com\\\/index.php\\\/deux-mortiers-denduit-secs-renovation-facades\\\/98579\\\/#primaryimage\"},\"thumbnailUrl\":\"https:\\\/\\\/batijournal.com\\\/wp-content\\\/uploads\\\/2018\\\/03\\\/chantier-mortier-legalithe-vega.jpg\",\"keywords\":[\"mortier\"],\"articleSection\":[\"Produits &amp; Solutions techniques\",\"zz_5fa\u00e7ades\",\"zz_Atrium Patrimoine\",\"zz_Nouveaut\u00e9s Produits - 5fa\u00e7ades\"],\"inLanguage\":\"fr-FR\"},{\"@type\":\"WebPage\",\"@id\":\"https:\\\/\\\/batijournal.com\\\/index.php\\\/deux-mortiers-denduit-secs-renovation-facades\\\/98579\\\/\",\"url\":\"https:\\\/\\\/batijournal.com\\\/index.php\\\/deux-mortiers-denduit-secs-renovation-facades\\\/98579\\\/\",\"name\":\"Deux mortiers d\u2019enduit secs pour la r\u00e9novation des fa\u00e7ades\",\"isPartOf\":{\"@id\":\"https:\\\/\\\/batijournal.com\\\/#website\"},\"primaryImageOfPage\":{\"@id\":\"https:\\\/\\\/batijournal.com\\\/index.php\\\/deux-mortiers-denduit-secs-renovation-facades\\\/98579\\\/#primaryimage\"},\"image\":{\"@id\":\"https:\\\/\\\/batijournal.com\\\/index.php\\\/deux-mortiers-denduit-secs-renovation-facades\\\/98579\\\/#primaryimage\"},\"thumbnailUrl\":\"https:\\\/\\\/batijournal.com\\\/wp-content\\\/uploads\\\/2018\\\/03\\\/chantier-mortier-legalithe-vega.jpg\",\"datePublished\":\"2018-03-07T10:15:24+00:00\",\"dateModified\":\"2019-07-15T10:34:38+00:00\",\"author\":{\"@id\":\"https:\\\/\\\/batijournal.com\\\/#\\\/schema\\\/person\\\/1dc96ec6957aa1ccb25ebe78bb19f100\"},\"breadcrumb\":{\"@id\":\"https:\\\/\\\/batijournal.com\\\/index.php\\\/deux-mortiers-denduit-secs-renovation-facades\\\/98579\\\/#breadcrumb\"},\"inLanguage\":\"fr-FR\",\"potentialAction\":[{\"@type\":\"ReadAction\",\"target\":[\"https:\\\/\\\/batijournal.com\\\/index.php\\\/deux-mortiers-denduit-secs-renovation-facades\\\/98579\\\/\"]}]},{\"@type\":\"ImageObject\",\"inLanguage\":\"fr-FR\",\"@id\":\"https:\\\/\\\/batijournal.com\\\/index.php\\\/deux-mortiers-denduit-secs-renovation-facades\\\/98579\\\/#primaryimage\",\"url\":\"https:\\\/\\\/batijournal.com\\\/wp-content\\\/uploads\\\/2018\\\/03\\\/chantier-mortier-legalithe-vega.jpg\",\"contentUrl\":\"https:\\\/\\\/batijournal.com\\\/wp-content\\\/uploads\\\/2018\\\/03\\\/chantier-mortier-legalithe-vega.jpg\",\"width\":480,\"height\":640},{\"@type\":\"BreadcrumbList\",\"@id\":\"https:\\\/\\\/batijournal.com\\\/index.php\\\/deux-mortiers-denduit-secs-renovation-facades\\\/98579\\\/#breadcrumb\",\"itemListElement\":[{\"@type\":\"ListItem\",\"position\":1,\"name\":\"Accueil\",\"item\":\"https:\\\/\\\/batijournal.com\\\/\"},{\"@type\":\"ListItem\",\"position\":2,\"name\":\"Produits &amp; Solutions techniques\",\"item\":\"https:\\\/\\\/batijournal.com\\\/index.php\\\/category\\\/produits-solutions-techniques\\\/\"},{\"@type\":\"ListItem\",\"position\":3,\"name\":\"Deux mortiers d\u2019enduit secs pour la r\u00e9novation des fa\u00e7ades\"}]},{\"@type\":\"WebSite\",\"@id\":\"https:\\\/\\\/batijournal.com\\\/#website\",\"url\":\"https:\\\/\\\/batijournal.com\\\/\",\"name\":\"Batijournal\",\"description\":\"L&#039;actualit\u00e9 du b\u00e2timent\",\"potentialAction\":[{\"@type\":\"SearchAction\",\"target\":{\"@type\":\"EntryPoint\",\"urlTemplate\":\"https:\\\/\\\/batijournal.com\\\/?s={search_term_string}\"},\"query-input\":{\"@type\":\"PropertyValueSpecification\",\"valueRequired\":true,\"valueName\":\"search_term_string\"}}],\"inLanguage\":\"fr-FR\"},{\"@type\":\"Person\",\"@id\":\"https:\\\/\\\/batijournal.com\\\/#\\\/schema\\\/person\\\/1dc96ec6957aa1ccb25ebe78bb19f100\",\"name\":\"St\u00e9phane Miget\",\"image\":{\"@type\":\"ImageObject\",\"inLanguage\":\"fr-FR\",\"@id\":\"https:\\\/\\\/secure.gravatar.com\\\/avatar\\\/89915563d925342126b8ef0281b93d9d7fc337043e8df017f780908eb9644451?s=96&d=mm&r=g\",\"url\":\"https:\\\/\\\/secure.gravatar.com\\\/avatar\\\/89915563d925342126b8ef0281b93d9d7fc337043e8df017f780908eb9644451?s=96&d=mm&r=g\",\"contentUrl\":\"https:\\\/\\\/secure.gravatar.com\\\/avatar\\\/89915563d925342126b8ef0281b93d9d7fc337043e8df017f780908eb9644451?s=96&d=mm&r=g\",\"caption\":\"St\u00e9phane Miget\"},\"url\":\"https:\\\/\\\/batijournal.com\\\/index.php\\\/author\\\/stephane\\\/\"}]}<\/script>\n<!-- \/ Yoast SEO plugin. -->","yoast_head_json":{"title":"Deux mortiers d\u2019enduit secs pour la r\u00e9novation des fa\u00e7ades","robots":{"index":"index","follow":"follow","max-snippet":"max-snippet:-1","max-image-preview":"max-image-preview:large","max-video-preview":"max-video-preview:-1"},"canonical":"https:\/\/batijournal.com\/index.php\/deux-mortiers-denduit-secs-renovation-facades\/98579\/","og_locale":"fr_FR","og_type":"article","og_title":"Deux mortiers d\u2019enduit secs pour la r\u00e9novation des fa\u00e7ades","og_description":"La ville de Versailles a accord\u00e9 le prix du ravalement 2017 \u00e0 une fa\u00e7ade en trompe-l\u2019oeil r\u00e9alis\u00e9e en LEGALITHE. Les LEGALITHE sont deux mortiers d\u2019enduit secs du groupe VEGA, mono-composant, pr\u00eats \u00e0 l\u2019emploi, destin\u00e9s \u00e0 la r\u00e9fection des fa\u00e7ades. Ils sont adapt\u00e9s aux fa\u00e7ades enduites dites \u00ab pl\u00e2tre parisien \u00bb, et sont recommand\u00e9s pour les [&hellip;]","og_url":"https:\/\/batijournal.com\/index.php\/deux-mortiers-denduit-secs-renovation-facades\/98579\/","og_site_name":"Batijournal","article_published_time":"2018-03-07T10:15:24+00:00","article_modified_time":"2019-07-15T10:34:38+00:00","og_image":[{"width":480,"height":640,"url":"https:\/\/batijournal.com\/wp-content\/uploads\/2018\/03\/chantier-mortier-legalithe-vega.jpg","type":"image\/jpeg"}],"author":"St\u00e9phane Miget","twitter_card":"summary_large_image","twitter_creator":"@bati_journal","twitter_site":"@bati_journal","twitter_misc":{"\u00c9crit par":"St\u00e9phane Miget","Dur\u00e9e de lecture estim\u00e9e":"1 minute"},"schema":{"@context":"https:\/\/schema.org","@graph":[{"@type":"Article","@id":"https:\/\/batijournal.com\/index.php\/deux-mortiers-denduit-secs-renovation-facades\/98579\/#article","isPartOf":{"@id":"https:\/\/batijournal.com\/index.php\/deux-mortiers-denduit-secs-renovation-facades\/98579\/"},"author":{"name":"St\u00e9phane Miget","@id":"https:\/\/batijournal.com\/#\/schema\/person\/1dc96ec6957aa1ccb25ebe78bb19f100"},"headline":"Deux mortiers d\u2019enduit secs pour la r\u00e9novation des fa\u00e7ades","datePublished":"2018-03-07T10:15:24+00:00","dateModified":"2019-07-15T10:34:38+00:00","mainEntityOfPage":{"@id":"https:\/\/batijournal.com\/index.php\/deux-mortiers-denduit-secs-renovation-facades\/98579\/"},"wordCount":175,"image":{"@id":"https:\/\/batijournal.com\/index.php\/deux-mortiers-denduit-secs-renovation-facades\/98579\/#primaryimage"},"thumbnailUrl":"https:\/\/batijournal.com\/wp-content\/uploads\/2018\/03\/chantier-mortier-legalithe-vega.jpg","keywords":["mortier"],"articleSection":["Produits &amp; Solutions techniques","zz_5fa\u00e7ades","zz_Atrium Patrimoine","zz_Nouveaut\u00e9s Produits - 5fa\u00e7ades"],"inLanguage":"fr-FR"},{"@type":"WebPage","@id":"https:\/\/batijournal.com\/index.php\/deux-mortiers-denduit-secs-renovation-facades\/98579\/","url":"https:\/\/batijournal.com\/index.php\/deux-mortiers-denduit-secs-renovation-facades\/98579\/","name":"Deux mortiers d\u2019enduit secs pour la r\u00e9novation des fa\u00e7ades","isPartOf":{"@id":"https:\/\/batijournal.com\/#website"},"primaryImageOfPage":{"@id":"https:\/\/batijournal.com\/index.php\/deux-mortiers-denduit-secs-renovation-facades\/98579\/#primaryimage"},"image":{"@id":"https:\/\/batijournal.com\/index.php\/deux-mortiers-denduit-secs-renovation-facades\/98579\/#primaryimage"},"thumbnailUrl":"https:\/\/batijournal.com\/wp-content\/uploads\/2018\/03\/chantier-mortier-legalithe-vega.jpg","datePublished":"2018-03-07T10:15:24+00:00","dateModified":"2019-07-15T10:34:38+00:00","author":{"@id":"https:\/\/batijournal.com\/#\/schema\/person\/1dc96ec6957aa1ccb25ebe78bb19f100"},"breadcrumb":{"@id":"https:\/\/batijournal.com\/index.php\/deux-mortiers-denduit-secs-renovation-facades\/98579\/#breadcrumb"},"inLanguage":"fr-FR","potentialAction":[{"@type":"ReadAction","target":["https:\/\/batijournal.com\/index.php\/deux-mortiers-denduit-secs-renovation-facades\/98579\/"]}]},{"@type":"ImageObject","inLanguage":"fr-FR","@id":"https:\/\/batijournal.com\/index.php\/deux-mortiers-denduit-secs-renovation-facades\/98579\/#primaryimage","url":"https:\/\/batijournal.com\/wp-content\/uploads\/2018\/03\/chantier-mortier-legalithe-vega.jpg","contentUrl":"https:\/\/batijournal.com\/wp-content\/uploads\/2018\/03\/chantier-mortier-legalithe-vega.jpg","width":480,"height":640},{"@type":"BreadcrumbList","@id":"https:\/\/batijournal.com\/index.php\/deux-mortiers-denduit-secs-renovation-facades\/98579\/#breadcrumb","itemListElement":[{"@type":"ListItem","position":1,"name":"Accueil","item":"https:\/\/batijournal.com\/"},{"@type":"ListItem","position":2,"name":"Produits &amp; Solutions techniques","item":"https:\/\/batijournal.com\/index.php\/category\/produits-solutions-techniques\/"},{"@type":"ListItem","position":3,"name":"Deux mortiers d\u2019enduit secs pour la r\u00e9novation des fa\u00e7ades"}]},{"@type":"WebSite","@id":"https:\/\/batijournal.com\/#website","url":"https:\/\/batijournal.com\/","name":"Batijournal","description":"L&#039;actualit\u00e9 du b\u00e2timent","potentialAction":[{"@type":"SearchAction","target":{"@type":"EntryPoint","urlTemplate":"https:\/\/batijournal.com\/?s={search_term_string}"},"query-input":{"@type":"PropertyValueSpecification","valueRequired":true,"valueName":"search_term_string"}}],"inLanguage":"fr-FR"},{"@type":"Person","@id":"https:\/\/batijournal.com\/#\/schema\/person\/1dc96ec6957aa1ccb25ebe78bb19f100","name":"St\u00e9phane Miget","image":{"@type":"ImageObject","inLanguage":"fr-FR","@id":"https:\/\/secure.gravatar.com\/avatar\/89915563d925342126b8ef0281b93d9d7fc337043e8df017f780908eb9644451?s=96&d=mm&r=g","url":"https:\/\/secure.gravatar.com\/avatar\/89915563d925342126b8ef0281b93d9d7fc337043e8df017f780908eb9644451?s=96&d=mm&r=g","contentUrl":"https:\/\/secure.gravatar.com\/avatar\/89915563d925342126b8ef0281b93d9d7fc337043e8df017f780908eb9644451?s=96&d=mm&r=g","caption":"St\u00e9phane Miget"},"url":"https:\/\/batijournal.com\/index.php\/author\/stephane\/"}]}},"_links":{"self":[{"href":"https:\/\/batijournal.com\/index.php\/wp-json\/wp\/v2\/posts\/98579","targetHints":{"allow":["GET"]}}],"collection":[{"href":"https:\/\/batijournal.com\/index.php\/wp-json\/wp\/v2\/posts"}],"about":[{"href":"https:\/\/batijournal.com\/index.php\/wp-json\/wp\/v2\/types\/post"}],"author":[{"embeddable":true,"href":"https:\/\/batijournal.com\/index.php\/wp-json\/wp\/v2\/users\/17"}],"replies":[{"embeddable":true,"href":"https:\/\/batijournal.com\/index.php\/wp-json\/wp\/v2\/comments?post=98579"}],"version-history":[{"count":0,"href":"https:\/\/batijournal.com\/index.php\/wp-json\/wp\/v2\/posts\/98579\/revisions"}],"wp:featuredmedia":[{"embeddable":true,"href":"https:\/\/batijournal.com\/index.php\/wp-json\/wp\/v2\/media\/98580"}],"wp:attachment":[{"href":"https:\/\/batijournal.com\/index.php\/wp-json\/wp\/v2\/media?parent=98579"}],"wp:term":[{"taxonomy":"category","embeddable":true,"href":"https:\/\/batijournal.com\/index.php\/wp-json\/wp\/v2\/categories?post=98579"},{"taxonomy":"post_tag","embeddable":true,"href":"https:\/\/batijournal.com\/index.php\/wp-json\/wp\/v2\/tags?post=98579"}],"curies":[{"name":"wp","href":"https:\/\/api.w.org\/{rel}","templated":true}]}}