{"id":98583,"date":"2018-03-07T11:29:48","date_gmt":"2018-03-07T10:29:48","guid":{"rendered":"http:\/\/batijournal.com\/?p=98583"},"modified":"2019-07-15T11:26:58","modified_gmt":"2019-07-15T09:26:58","slug":"10-ans-de-travaux-cathedrale-saint-michel-de-carcassonne","status":"publish","type":"post","link":"https:\/\/batijournal.com\/index.php\/10-ans-de-travaux-cathedrale-saint-michel-de-carcassonne\/98583\/","title":{"rendered":"10 ans de travaux sur la cath\u00e9drale Saint-Michel de Carcassonne"},"content":{"rendered":"<p><strong>C\u2019est en pr\u00e9sence de Pascal Mailhos, pr\u00e9fet de la r\u00e9gion Occitanie, de Alain Thirion, pr\u00e9fet de l\u2019Aude, de Monseigneur Alain Planet, \u00e9v\u00eaque de Carcassonne et de Narbonne, de d\u2019Isabelle Ch\u00e9sa, 1\u00e8re Adjointe au Maire de Carcassonne accompagn\u00e9e d\u2019\u00e9lus de la Ville, et de Laurent Roturier, directeur r\u00e9gional des affaires culturelles, qu&rsquo;ont \u00e9t\u00e9 inaugur\u00e9s, mercredi 7 f\u00e9vrier 2018, 10 ans de travaux consacr\u00e9s \u00e0 la cath\u00e9drale Saint-Michel de Carcassonne. Ces travaux ont \u00e9t\u00e9 r\u00e9alis\u00e9s sous la ma\u00eetrise d\u2019ouvrage de la Conservation R\u00e9gionale des Monuments Historiques\/Direction R\u00e9gionale des Affaires Culturelles Occitanie.<\/strong><\/p>\n<p><strong>La cath\u00e9drale Saint-Michel de Carcassonne, \u00e9difice class\u00e9 au titre des monuments historiques en 1886, bien qu&rsquo;entretenue r\u00e9guli\u00e8rement n&rsquo;avait pas fait l&rsquo;objet d&rsquo;importantes campagnes de travaux depuis de nombreuses ann\u00e9es. La d\u00e9gradation de la couverture et des parements des fa\u00e7ades li\u00e9e \u00e0 la mauvaise qualit\u00e9 des gr\u00e8s de Carcassonne ont conduit \u00e0 faire une \u00e9tude sur l&rsquo;ensemble de l&rsquo;\u00e9difice afin de redonner \u00e0 la fois l&rsquo;aspect de la cath\u00e9drale redessin\u00e9e par Viollet le Duc et assurer la bonne conservation de l&rsquo;\u00e9difice en restaurant le clos et le couvert.<\/strong><\/p>\n<p><strong>Les couvertures et les ma\u00e7onneries des parties hautes du vaisseau et la fa\u00e7ade ouest 2009 &#8211; 2012<\/strong><br \/>\nCette premi\u00e8re op\u00e9ration avait pour objet d\u2019assurer l&rsquo;\u00e9tanch\u00e9it\u00e9 de la couverture. Tout le syst\u00e8me d&rsquo;\u00e9vacuation des eaux pluviales a ainsi \u00e9t\u00e9 am\u00e9lior\u00e9. Les lignes architecturales ont \u00e9t\u00e9 renforc\u00e9es, par la restitution des garde-corps et la restauration des gargouilles.<\/p>\n<p><strong>La rosace de la fa\u00e7ade ouest 2011 &#8211; 2012<br \/>\n<\/strong> La restauration de la fa\u00e7ade ouest consistait initialement en une purge des parements, un remplacement ponctuel de pierre et un rejointoiement g\u00e9n\u00e9ral. Un remplacement quasi total des pierres a \u00e9t\u00e9 n\u00e9cessaire. Une partie de la rose a cependant \u00e9t\u00e9 conserv\u00e9e \u00e0 l\u2019int\u00e9rieur du monument.<\/p>\n<p><strong>Les couvertures des chapelles lat\u00e9rales 2012 &#8211; 2013<\/strong><br \/>\nLeur restauration a \u00e9t\u00e9 rendue n\u00e9cessaire par la d\u00e9faillance de l\u2019\u00e9tanch\u00e9it\u00e9. Malgr\u00e9 la faible pente, la tuile canal en couverture, pour des raisons esth\u00e9tiques et de coh\u00e9rence du monument a \u00e9t\u00e9 conserv\u00e9e.<\/p>\n<p><strong>Les parties hautes du clocher 2012 &#8211; 2013<\/strong><br \/>\nLa couverture et la charpente ont \u00e9t\u00e9 restaur\u00e9es selon leurs dispositions d\u2019origine, t\u00e9moins de l&rsquo;inach\u00e8vement du clocher au 15e si\u00e8cle. Les travaux ont \u00e9t\u00e9 ax\u00e9s sur le changement de pierres des angles, des contreforts, et des remplages des baies hautes. Les menuiseries int\u00e9rieures ont \u00e9t\u00e9 remises en place et le beffroi confort\u00e9.<\/p>\n<p><strong>Les ma\u00e7onneries et les vitraux du chevet 2014 &#8211; 2016<\/strong><br \/>\nRestauration des vitraux cr\u00e9\u00e9s au 19e si\u00e8cle par l&rsquo;atelier Steinhel, \u00e0 l&rsquo;exception de ceux de la baie d&rsquo;axe, recompos\u00e9s par l&rsquo;atelier G\u00e9rente \u00e0 partir de nombreux \u00e9l\u00e9ments m\u00e9di\u00e9vaux.<\/p>\n<p><strong>Le grand orgue de Cavaill\u00e9-Coll 2016 &#8211; 2017<\/strong><br \/>\nRestauration de sa tuyauterie, son d\u00e9poussi\u00e9rage g\u00e9n\u00e9ral et l\u2019am\u00e9lioration de son harmonie.<\/p>\n<p><strong>La mise aux normes des r\u00e9seaux et les abords du monument 2011 &#8211; 2017<\/strong><br \/>\nL&rsquo;installation \u00e9lectrique v\u00e9tuste a n\u00e9cessit\u00e9 une r\u00e9fection \u00e0 neuf. Des lustres ont \u00e9t\u00e9 sp\u00e9cialement cr\u00e9\u00e9s pour assurer chauffage et \u00e9clairage. Afin de permettre l&rsquo;accessibilit\u00e9 du monument et d\u2019am\u00e9liorer son environnement, il a \u00e9t\u00e9 d\u00e9cid\u00e9 d\u2019am\u00e9nager un v\u00e9ritable parvis \u00e0 l\u2019Ouest de la cath\u00e9drale, sur le terrain appartenant \u00e0 l\u2019\u00c9tat. Cet espace, dont les talus seront agr\u00e9ment\u00e9s d\u2019arbres accueille le nouveau monument aux morts.<\/p>\n<p>Source et photo : Drac Occitanie<\/p>\n<p>&nbsp;<\/p>\n","protected":false},"excerpt":{"rendered":"<p>C\u2019est en pr\u00e9sence de Pascal Mailhos, pr\u00e9fet de la r\u00e9gion Occitanie, de Alain Thirion, pr\u00e9fet de l\u2019Aude, de Monseigneur Alain Planet, \u00e9v\u00eaque de Carcassonne et de Narbonne, de d\u2019Isabelle Ch\u00e9sa, 1\u00e8re Adjointe au Maire de Carcassonne accompagn\u00e9e d\u2019\u00e9lus de la Ville, et de Laurent Roturier, directeur r\u00e9gional des affaires culturelles, qu&rsquo;ont \u00e9t\u00e9 inaugur\u00e9s, mercredi 7 [&hellip;]<\/p>\n","protected":false},"author":17,"featured_media":98584,"comment_status":"closed","ping_status":"closed","sticky":false,"template":"","format":"standard","meta":{"_et_pb_use_builder":"","_et_pb_old_content":"","_et_gb_content_width":"","footnotes":""},"categories":[10530,6340,10785],"tags":[6376,1308],"class_list":["post-98583","post","type-post","status-publish","format-standard","has-post-thumbnail","hentry","category-actualites","category-architecture-conception","category-atrium","tag-monument-historique","tag-restauration"],"yoast_head":"<!-- This site is optimized with the Yoast SEO plugin v27.4 - https:\/\/yoast.com\/product\/yoast-seo-wordpress\/ -->\n<title>10 ans de travaux sur la cath\u00e9drale Saint-Michel de Carcassonne<\/title>\n<meta name=\"robots\" content=\"index, follow, max-snippet:-1, max-image-preview:large, max-video-preview:-1\" \/>\n<link rel=\"canonical\" href=\"https:\/\/batijournal.com\/index.php\/10-ans-de-travaux-cathedrale-saint-michel-de-carcassonne\/98583\/\" \/>\n<meta property=\"og:locale\" content=\"fr_FR\" \/>\n<meta property=\"og:type\" content=\"article\" \/>\n<meta property=\"og:title\" content=\"10 ans de travaux sur la cath\u00e9drale Saint-Michel de Carcassonne\" \/>\n<meta property=\"og:description\" content=\"C\u2019est en pr\u00e9sence de Pascal Mailhos, pr\u00e9fet de la r\u00e9gion Occitanie, de Alain Thirion, pr\u00e9fet de l\u2019Aude, de Monseigneur Alain Planet, \u00e9v\u00eaque de Carcassonne et de Narbonne, de d\u2019Isabelle Ch\u00e9sa, 1\u00e8re Adjointe au Maire de Carcassonne accompagn\u00e9e d\u2019\u00e9lus de la Ville, et de Laurent Roturier, directeur r\u00e9gional des affaires culturelles, qu&rsquo;ont \u00e9t\u00e9 inaugur\u00e9s, mercredi 7 [&hellip;]\" \/>\n<meta property=\"og:url\" content=\"https:\/\/batijournal.com\/index.php\/10-ans-de-travaux-cathedrale-saint-michel-de-carcassonne\/98583\/\" \/>\n<meta property=\"og:site_name\" content=\"Batijournal\" \/>\n<meta property=\"article:published_time\" content=\"2018-03-07T10:29:48+00:00\" \/>\n<meta property=\"article:modified_time\" content=\"2019-07-15T09:26:58+00:00\" \/>\n<meta property=\"og:image\" content=\"https:\/\/batijournal.com\/wp-content\/uploads\/2018\/03\/Inauguration-des-travaux-de-la-cathedrale-Saint-Michel-de-Carcassonne.jpg\" \/>\n\t<meta property=\"og:image:width\" content=\"1598\" \/>\n\t<meta property=\"og:image:height\" content=\"899\" \/>\n\t<meta property=\"og:image:type\" content=\"image\/jpeg\" \/>\n<meta name=\"author\" content=\"St\u00e9phane Miget\" \/>\n<meta name=\"twitter:card\" content=\"summary_large_image\" \/>\n<meta name=\"twitter:creator\" content=\"@bati_journal\" \/>\n<meta name=\"twitter:site\" content=\"@bati_journal\" \/>\n<meta name=\"twitter:label1\" content=\"\u00c9crit par\" \/>\n\t<meta name=\"twitter:data1\" content=\"St\u00e9phane Miget\" \/>\n\t<meta name=\"twitter:label2\" content=\"Dur\u00e9e de lecture estim\u00e9e\" \/>\n\t<meta name=\"twitter:data2\" content=\"3 minutes\" \/>\n<script type=\"application\/ld+json\" class=\"yoast-schema-graph\">{\"@context\":\"https:\\\/\\\/schema.org\",\"@graph\":[{\"@type\":\"Article\",\"@id\":\"https:\\\/\\\/batijournal.com\\\/index.php\\\/10-ans-de-travaux-cathedrale-saint-michel-de-carcassonne\\\/98583\\\/#article\",\"isPartOf\":{\"@id\":\"https:\\\/\\\/batijournal.com\\\/index.php\\\/10-ans-de-travaux-cathedrale-saint-michel-de-carcassonne\\\/98583\\\/\"},\"author\":{\"name\":\"St\u00e9phane Miget\",\"@id\":\"https:\\\/\\\/batijournal.com\\\/#\\\/schema\\\/person\\\/1dc96ec6957aa1ccb25ebe78bb19f100\"},\"headline\":\"10 ans de travaux sur la cath\u00e9drale Saint-Michel de Carcassonne\",\"datePublished\":\"2018-03-07T10:29:48+00:00\",\"dateModified\":\"2019-07-15T09:26:58+00:00\",\"mainEntityOfPage\":{\"@id\":\"https:\\\/\\\/batijournal.com\\\/index.php\\\/10-ans-de-travaux-cathedrale-saint-michel-de-carcassonne\\\/98583\\\/\"},\"wordCount\":623,\"image\":{\"@id\":\"https:\\\/\\\/batijournal.com\\\/index.php\\\/10-ans-de-travaux-cathedrale-saint-michel-de-carcassonne\\\/98583\\\/#primaryimage\"},\"thumbnailUrl\":\"https:\\\/\\\/batijournal.com\\\/wp-content\\\/uploads\\\/2018\\\/03\\\/Inauguration-des-travaux-de-la-cathedrale-Saint-Michel-de-Carcassonne.jpg\",\"keywords\":[\"monument historique\",\"restauration\"],\"articleSection\":[\"Actualit\u00e9s\",\"Architecture &amp; Conception\",\"zz_Atrium Patrimoine\"],\"inLanguage\":\"fr-FR\"},{\"@type\":\"WebPage\",\"@id\":\"https:\\\/\\\/batijournal.com\\\/index.php\\\/10-ans-de-travaux-cathedrale-saint-michel-de-carcassonne\\\/98583\\\/\",\"url\":\"https:\\\/\\\/batijournal.com\\\/index.php\\\/10-ans-de-travaux-cathedrale-saint-michel-de-carcassonne\\\/98583\\\/\",\"name\":\"10 ans de travaux sur la cath\u00e9drale Saint-Michel de Carcassonne\",\"isPartOf\":{\"@id\":\"https:\\\/\\\/batijournal.com\\\/#website\"},\"primaryImageOfPage\":{\"@id\":\"https:\\\/\\\/batijournal.com\\\/index.php\\\/10-ans-de-travaux-cathedrale-saint-michel-de-carcassonne\\\/98583\\\/#primaryimage\"},\"image\":{\"@id\":\"https:\\\/\\\/batijournal.com\\\/index.php\\\/10-ans-de-travaux-cathedrale-saint-michel-de-carcassonne\\\/98583\\\/#primaryimage\"},\"thumbnailUrl\":\"https:\\\/\\\/batijournal.com\\\/wp-content\\\/uploads\\\/2018\\\/03\\\/Inauguration-des-travaux-de-la-cathedrale-Saint-Michel-de-Carcassonne.jpg\",\"datePublished\":\"2018-03-07T10:29:48+00:00\",\"dateModified\":\"2019-07-15T09:26:58+00:00\",\"author\":{\"@id\":\"https:\\\/\\\/batijournal.com\\\/#\\\/schema\\\/person\\\/1dc96ec6957aa1ccb25ebe78bb19f100\"},\"breadcrumb\":{\"@id\":\"https:\\\/\\\/batijournal.com\\\/index.php\\\/10-ans-de-travaux-cathedrale-saint-michel-de-carcassonne\\\/98583\\\/#breadcrumb\"},\"inLanguage\":\"fr-FR\",\"potentialAction\":[{\"@type\":\"ReadAction\",\"target\":[\"https:\\\/\\\/batijournal.com\\\/index.php\\\/10-ans-de-travaux-cathedrale-saint-michel-de-carcassonne\\\/98583\\\/\"]}]},{\"@type\":\"ImageObject\",\"inLanguage\":\"fr-FR\",\"@id\":\"https:\\\/\\\/batijournal.com\\\/index.php\\\/10-ans-de-travaux-cathedrale-saint-michel-de-carcassonne\\\/98583\\\/#primaryimage\",\"url\":\"https:\\\/\\\/batijournal.com\\\/wp-content\\\/uploads\\\/2018\\\/03\\\/Inauguration-des-travaux-de-la-cathedrale-Saint-Michel-de-Carcassonne.jpg\",\"contentUrl\":\"https:\\\/\\\/batijournal.com\\\/wp-content\\\/uploads\\\/2018\\\/03\\\/Inauguration-des-travaux-de-la-cathedrale-Saint-Michel-de-Carcassonne.jpg\",\"width\":1598,\"height\":899},{\"@type\":\"BreadcrumbList\",\"@id\":\"https:\\\/\\\/batijournal.com\\\/index.php\\\/10-ans-de-travaux-cathedrale-saint-michel-de-carcassonne\\\/98583\\\/#breadcrumb\",\"itemListElement\":[{\"@type\":\"ListItem\",\"position\":1,\"name\":\"Accueil\",\"item\":\"https:\\\/\\\/batijournal.com\\\/\"},{\"@type\":\"ListItem\",\"position\":2,\"name\":\"Actualit\u00e9s\",\"item\":\"https:\\\/\\\/batijournal.com\\\/index.php\\\/category\\\/actualites\\\/\"},{\"@type\":\"ListItem\",\"position\":3,\"name\":\"10 ans de travaux sur la cath\u00e9drale Saint-Michel de Carcassonne\"}]},{\"@type\":\"WebSite\",\"@id\":\"https:\\\/\\\/batijournal.com\\\/#website\",\"url\":\"https:\\\/\\\/batijournal.com\\\/\",\"name\":\"Batijournal\",\"description\":\"L&#039;actualit\u00e9 du b\u00e2timent\",\"potentialAction\":[{\"@type\":\"SearchAction\",\"target\":{\"@type\":\"EntryPoint\",\"urlTemplate\":\"https:\\\/\\\/batijournal.com\\\/?s={search_term_string}\"},\"query-input\":{\"@type\":\"PropertyValueSpecification\",\"valueRequired\":true,\"valueName\":\"search_term_string\"}}],\"inLanguage\":\"fr-FR\"},{\"@type\":\"Person\",\"@id\":\"https:\\\/\\\/batijournal.com\\\/#\\\/schema\\\/person\\\/1dc96ec6957aa1ccb25ebe78bb19f100\",\"name\":\"St\u00e9phane Miget\",\"image\":{\"@type\":\"ImageObject\",\"inLanguage\":\"fr-FR\",\"@id\":\"https:\\\/\\\/secure.gravatar.com\\\/avatar\\\/89915563d925342126b8ef0281b93d9d7fc337043e8df017f780908eb9644451?s=96&d=mm&r=g\",\"url\":\"https:\\\/\\\/secure.gravatar.com\\\/avatar\\\/89915563d925342126b8ef0281b93d9d7fc337043e8df017f780908eb9644451?s=96&d=mm&r=g\",\"contentUrl\":\"https:\\\/\\\/secure.gravatar.com\\\/avatar\\\/89915563d925342126b8ef0281b93d9d7fc337043e8df017f780908eb9644451?s=96&d=mm&r=g\",\"caption\":\"St\u00e9phane Miget\"},\"url\":\"https:\\\/\\\/batijournal.com\\\/index.php\\\/author\\\/stephane\\\/\"}]}<\/script>\n<!-- \/ Yoast SEO plugin. -->","yoast_head_json":{"title":"10 ans de travaux sur la cath\u00e9drale Saint-Michel de Carcassonne","robots":{"index":"index","follow":"follow","max-snippet":"max-snippet:-1","max-image-preview":"max-image-preview:large","max-video-preview":"max-video-preview:-1"},"canonical":"https:\/\/batijournal.com\/index.php\/10-ans-de-travaux-cathedrale-saint-michel-de-carcassonne\/98583\/","og_locale":"fr_FR","og_type":"article","og_title":"10 ans de travaux sur la cath\u00e9drale Saint-Michel de Carcassonne","og_description":"C\u2019est en pr\u00e9sence de Pascal Mailhos, pr\u00e9fet de la r\u00e9gion Occitanie, de Alain Thirion, pr\u00e9fet de l\u2019Aude, de Monseigneur Alain Planet, \u00e9v\u00eaque de Carcassonne et de Narbonne, de d\u2019Isabelle Ch\u00e9sa, 1\u00e8re Adjointe au Maire de Carcassonne accompagn\u00e9e d\u2019\u00e9lus de la Ville, et de Laurent Roturier, directeur r\u00e9gional des affaires culturelles, qu&rsquo;ont \u00e9t\u00e9 inaugur\u00e9s, mercredi 7 [&hellip;]","og_url":"https:\/\/batijournal.com\/index.php\/10-ans-de-travaux-cathedrale-saint-michel-de-carcassonne\/98583\/","og_site_name":"Batijournal","article_published_time":"2018-03-07T10:29:48+00:00","article_modified_time":"2019-07-15T09:26:58+00:00","og_image":[{"width":1598,"height":899,"url":"https:\/\/batijournal.com\/wp-content\/uploads\/2018\/03\/Inauguration-des-travaux-de-la-cathedrale-Saint-Michel-de-Carcassonne.jpg","type":"image\/jpeg"}],"author":"St\u00e9phane Miget","twitter_card":"summary_large_image","twitter_creator":"@bati_journal","twitter_site":"@bati_journal","twitter_misc":{"\u00c9crit par":"St\u00e9phane Miget","Dur\u00e9e de lecture estim\u00e9e":"3 minutes"},"schema":{"@context":"https:\/\/schema.org","@graph":[{"@type":"Article","@id":"https:\/\/batijournal.com\/index.php\/10-ans-de-travaux-cathedrale-saint-michel-de-carcassonne\/98583\/#article","isPartOf":{"@id":"https:\/\/batijournal.com\/index.php\/10-ans-de-travaux-cathedrale-saint-michel-de-carcassonne\/98583\/"},"author":{"name":"St\u00e9phane Miget","@id":"https:\/\/batijournal.com\/#\/schema\/person\/1dc96ec6957aa1ccb25ebe78bb19f100"},"headline":"10 ans de travaux sur la cath\u00e9drale Saint-Michel de Carcassonne","datePublished":"2018-03-07T10:29:48+00:00","dateModified":"2019-07-15T09:26:58+00:00","mainEntityOfPage":{"@id":"https:\/\/batijournal.com\/index.php\/10-ans-de-travaux-cathedrale-saint-michel-de-carcassonne\/98583\/"},"wordCount":623,"image":{"@id":"https:\/\/batijournal.com\/index.php\/10-ans-de-travaux-cathedrale-saint-michel-de-carcassonne\/98583\/#primaryimage"},"thumbnailUrl":"https:\/\/batijournal.com\/wp-content\/uploads\/2018\/03\/Inauguration-des-travaux-de-la-cathedrale-Saint-Michel-de-Carcassonne.jpg","keywords":["monument historique","restauration"],"articleSection":["Actualit\u00e9s","Architecture &amp; Conception","zz_Atrium Patrimoine"],"inLanguage":"fr-FR"},{"@type":"WebPage","@id":"https:\/\/batijournal.com\/index.php\/10-ans-de-travaux-cathedrale-saint-michel-de-carcassonne\/98583\/","url":"https:\/\/batijournal.com\/index.php\/10-ans-de-travaux-cathedrale-saint-michel-de-carcassonne\/98583\/","name":"10 ans de travaux sur la cath\u00e9drale Saint-Michel de Carcassonne","isPartOf":{"@id":"https:\/\/batijournal.com\/#website"},"primaryImageOfPage":{"@id":"https:\/\/batijournal.com\/index.php\/10-ans-de-travaux-cathedrale-saint-michel-de-carcassonne\/98583\/#primaryimage"},"image":{"@id":"https:\/\/batijournal.com\/index.php\/10-ans-de-travaux-cathedrale-saint-michel-de-carcassonne\/98583\/#primaryimage"},"thumbnailUrl":"https:\/\/batijournal.com\/wp-content\/uploads\/2018\/03\/Inauguration-des-travaux-de-la-cathedrale-Saint-Michel-de-Carcassonne.jpg","datePublished":"2018-03-07T10:29:48+00:00","dateModified":"2019-07-15T09:26:58+00:00","author":{"@id":"https:\/\/batijournal.com\/#\/schema\/person\/1dc96ec6957aa1ccb25ebe78bb19f100"},"breadcrumb":{"@id":"https:\/\/batijournal.com\/index.php\/10-ans-de-travaux-cathedrale-saint-michel-de-carcassonne\/98583\/#breadcrumb"},"inLanguage":"fr-FR","potentialAction":[{"@type":"ReadAction","target":["https:\/\/batijournal.com\/index.php\/10-ans-de-travaux-cathedrale-saint-michel-de-carcassonne\/98583\/"]}]},{"@type":"ImageObject","inLanguage":"fr-FR","@id":"https:\/\/batijournal.com\/index.php\/10-ans-de-travaux-cathedrale-saint-michel-de-carcassonne\/98583\/#primaryimage","url":"https:\/\/batijournal.com\/wp-content\/uploads\/2018\/03\/Inauguration-des-travaux-de-la-cathedrale-Saint-Michel-de-Carcassonne.jpg","contentUrl":"https:\/\/batijournal.com\/wp-content\/uploads\/2018\/03\/Inauguration-des-travaux-de-la-cathedrale-Saint-Michel-de-Carcassonne.jpg","width":1598,"height":899},{"@type":"BreadcrumbList","@id":"https:\/\/batijournal.com\/index.php\/10-ans-de-travaux-cathedrale-saint-michel-de-carcassonne\/98583\/#breadcrumb","itemListElement":[{"@type":"ListItem","position":1,"name":"Accueil","item":"https:\/\/batijournal.com\/"},{"@type":"ListItem","position":2,"name":"Actualit\u00e9s","item":"https:\/\/batijournal.com\/index.php\/category\/actualites\/"},{"@type":"ListItem","position":3,"name":"10 ans de travaux sur la cath\u00e9drale Saint-Michel de Carcassonne"}]},{"@type":"WebSite","@id":"https:\/\/batijournal.com\/#website","url":"https:\/\/batijournal.com\/","name":"Batijournal","description":"L&#039;actualit\u00e9 du b\u00e2timent","potentialAction":[{"@type":"SearchAction","target":{"@type":"EntryPoint","urlTemplate":"https:\/\/batijournal.com\/?s={search_term_string}"},"query-input":{"@type":"PropertyValueSpecification","valueRequired":true,"valueName":"search_term_string"}}],"inLanguage":"fr-FR"},{"@type":"Person","@id":"https:\/\/batijournal.com\/#\/schema\/person\/1dc96ec6957aa1ccb25ebe78bb19f100","name":"St\u00e9phane Miget","image":{"@type":"ImageObject","inLanguage":"fr-FR","@id":"https:\/\/secure.gravatar.com\/avatar\/89915563d925342126b8ef0281b93d9d7fc337043e8df017f780908eb9644451?s=96&d=mm&r=g","url":"https:\/\/secure.gravatar.com\/avatar\/89915563d925342126b8ef0281b93d9d7fc337043e8df017f780908eb9644451?s=96&d=mm&r=g","contentUrl":"https:\/\/secure.gravatar.com\/avatar\/89915563d925342126b8ef0281b93d9d7fc337043e8df017f780908eb9644451?s=96&d=mm&r=g","caption":"St\u00e9phane Miget"},"url":"https:\/\/batijournal.com\/index.php\/author\/stephane\/"}]}},"_links":{"self":[{"href":"https:\/\/batijournal.com\/index.php\/wp-json\/wp\/v2\/posts\/98583","targetHints":{"allow":["GET"]}}],"collection":[{"href":"https:\/\/batijournal.com\/index.php\/wp-json\/wp\/v2\/posts"}],"about":[{"href":"https:\/\/batijournal.com\/index.php\/wp-json\/wp\/v2\/types\/post"}],"author":[{"embeddable":true,"href":"https:\/\/batijournal.com\/index.php\/wp-json\/wp\/v2\/users\/17"}],"replies":[{"embeddable":true,"href":"https:\/\/batijournal.com\/index.php\/wp-json\/wp\/v2\/comments?post=98583"}],"version-history":[{"count":0,"href":"https:\/\/batijournal.com\/index.php\/wp-json\/wp\/v2\/posts\/98583\/revisions"}],"wp:featuredmedia":[{"embeddable":true,"href":"https:\/\/batijournal.com\/index.php\/wp-json\/wp\/v2\/media\/98584"}],"wp:attachment":[{"href":"https:\/\/batijournal.com\/index.php\/wp-json\/wp\/v2\/media?parent=98583"}],"wp:term":[{"taxonomy":"category","embeddable":true,"href":"https:\/\/batijournal.com\/index.php\/wp-json\/wp\/v2\/categories?post=98583"},{"taxonomy":"post_tag","embeddable":true,"href":"https:\/\/batijournal.com\/index.php\/wp-json\/wp\/v2\/tags?post=98583"}],"curies":[{"name":"wp","href":"https:\/\/api.w.org\/{rel}","templated":true}]}}