{"id":98595,"date":"2018-03-08T18:48:25","date_gmt":"2018-03-08T17:48:25","guid":{"rendered":"http:\/\/batijournal.com\/?p=98595"},"modified":"2018-03-08T18:55:34","modified_gmt":"2018-03-08T17:55:34","slug":"nouveau-president-syndicat-national-bois-lamelle","status":"publish","type":"post","link":"https:\/\/batijournal.com\/index.php\/nouveau-president-syndicat-national-bois-lamelle\/98595\/","title":{"rendered":"Nouveau pr\u00e9sident du Syndicat National du Bois Lamell\u00e9"},"content":{"rendered":"<p>Philippe Belliard, pr\u00e9sident de l\u2019entreprise Belliard Construction succ\u00e8de \u00e0 Eric Verri\u00e8re au poste de pr\u00e9sident du Syndicat National du Bois Lamell\u00e9. Pour assumer ce mandat, Philippe Belliard a c\u00e9d\u00e9 la pr\u00e9sidence de la Commission Technique du bois lamell\u00e9 \u00e0 David Crasnier (Briand Bois Construction). Parmi les ambitions que le nouveau pr\u00e9sident du SNBL porte pour le d\u00e9veloppement du bois lamell\u00e9 en France, l\u2019impact environnemental est un sujet central qu\u2019il convient de traiter depuis la fabrication jusqu\u2019\u00e0 l\u2019ouvrage. \u00ab Le bois lamell\u00e9 apporte une r\u00e9elle r\u00e9ponse aux diverses contraintes r\u00e8glementaires et aux consid\u00e9rations environnementales dans la perspective de la politique de d\u00e9veloppement durable vers laquelle nous devons tendre. D\u2019autre part, la fabrication d\u2019un mat\u00e9riau respectueux et vertueux ne se fera qu\u2019en pensant d\u00e8s aujourd\u2019hui \u00ab l\u2019usine du futur\u00bb, qui sera la base des valeurs environnementales insuffl\u00e9es par la construction des ouvrages en\u00a0bois lamell\u00e9.\u00bb<\/p>\n<p><a href=\"http:\/\/www.glulam.org\">www.glulam.org<\/a><\/p>\n","protected":false},"excerpt":{"rendered":"<p>Philippe Belliard, pr\u00e9sident de l\u2019entreprise Belliard Construction succ\u00e8de \u00e0 Eric Verri\u00e8re au poste de pr\u00e9sident du Syndicat National du Bois Lamell\u00e9. Pour assumer ce mandat, Philippe Belliard a c\u00e9d\u00e9 la pr\u00e9sidence de la Commission Technique du bois lamell\u00e9 \u00e0 David Crasnier (Briand Bois Construction). Parmi les ambitions que le nouveau pr\u00e9sident du SNBL porte pour [&hellip;]<\/p>\n","protected":false},"author":17,"featured_media":98597,"comment_status":"closed","ping_status":"closed","sticky":false,"template":"","format":"standard","meta":{"_et_pb_use_builder":"","_et_pb_old_content":"","_et_gb_content_width":"","footnotes":""},"categories":[10530,10768,10764],"tags":[],"class_list":["post-98595","post","type-post","status-publish","format-standard","has-post-thumbnail","hentry","category-actualites","category-nouvelles-tetes","category-woodsurfer"],"yoast_head":"<!-- This site is optimized with the Yoast SEO plugin v27.4 - https:\/\/yoast.com\/product\/yoast-seo-wordpress\/ -->\n<title>Nouveau pr\u00e9sident du Syndicat National du Bois Lamell\u00e9<\/title>\n<meta name=\"robots\" content=\"index, follow, max-snippet:-1, max-image-preview:large, max-video-preview:-1\" \/>\n<link rel=\"canonical\" href=\"https:\/\/batijournal.com\/index.php\/nouveau-president-syndicat-national-bois-lamelle\/98595\/\" \/>\n<meta property=\"og:locale\" content=\"fr_FR\" \/>\n<meta property=\"og:type\" content=\"article\" \/>\n<meta property=\"og:title\" content=\"Nouveau pr\u00e9sident du Syndicat National du Bois Lamell\u00e9\" \/>\n<meta property=\"og:description\" content=\"Philippe Belliard, pr\u00e9sident de l\u2019entreprise Belliard Construction succ\u00e8de \u00e0 Eric Verri\u00e8re au poste de pr\u00e9sident du Syndicat National du Bois Lamell\u00e9. Pour assumer ce mandat, Philippe Belliard a c\u00e9d\u00e9 la pr\u00e9sidence de la Commission Technique du bois lamell\u00e9 \u00e0 David Crasnier (Briand Bois Construction). Parmi les ambitions que le nouveau pr\u00e9sident du SNBL porte pour [&hellip;]\" \/>\n<meta property=\"og:url\" content=\"https:\/\/batijournal.com\/index.php\/nouveau-president-syndicat-national-bois-lamelle\/98595\/\" \/>\n<meta property=\"og:site_name\" content=\"Batijournal\" \/>\n<meta property=\"article:published_time\" content=\"2018-03-08T17:48:25+00:00\" \/>\n<meta property=\"article:modified_time\" content=\"2018-03-08T17:55:34+00:00\" \/>\n<meta property=\"og:image\" content=\"https:\/\/batijournal.com\/wp-content\/uploads\/2018\/03\/belliard.jpg\" \/>\n\t<meta property=\"og:image:width\" content=\"847\" \/>\n\t<meta property=\"og:image:height\" content=\"563\" \/>\n\t<meta property=\"og:image:type\" content=\"image\/jpeg\" \/>\n<meta name=\"author\" content=\"St\u00e9phane Miget\" \/>\n<meta name=\"twitter:card\" content=\"summary_large_image\" \/>\n<meta name=\"twitter:creator\" content=\"@bati_journal\" \/>\n<meta name=\"twitter:site\" content=\"@bati_journal\" \/>\n<meta name=\"twitter:label1\" content=\"\u00c9crit par\" \/>\n\t<meta name=\"twitter:data1\" content=\"St\u00e9phane Miget\" \/>\n\t<meta name=\"twitter:label2\" content=\"Dur\u00e9e de lecture estim\u00e9e\" \/>\n\t<meta name=\"twitter:data2\" content=\"1 minute\" \/>\n<script type=\"application\/ld+json\" class=\"yoast-schema-graph\">{\"@context\":\"https:\\\/\\\/schema.org\",\"@graph\":[{\"@type\":\"Article\",\"@id\":\"https:\\\/\\\/batijournal.com\\\/index.php\\\/nouveau-president-syndicat-national-bois-lamelle\\\/98595\\\/#article\",\"isPartOf\":{\"@id\":\"https:\\\/\\\/batijournal.com\\\/index.php\\\/nouveau-president-syndicat-national-bois-lamelle\\\/98595\\\/\"},\"author\":{\"name\":\"St\u00e9phane Miget\",\"@id\":\"https:\\\/\\\/batijournal.com\\\/#\\\/schema\\\/person\\\/1dc96ec6957aa1ccb25ebe78bb19f100\"},\"headline\":\"Nouveau pr\u00e9sident du Syndicat National du Bois Lamell\u00e9\",\"datePublished\":\"2018-03-08T17:48:25+00:00\",\"dateModified\":\"2018-03-08T17:55:34+00:00\",\"mainEntityOfPage\":{\"@id\":\"https:\\\/\\\/batijournal.com\\\/index.php\\\/nouveau-president-syndicat-national-bois-lamelle\\\/98595\\\/\"},\"wordCount\":176,\"image\":{\"@id\":\"https:\\\/\\\/batijournal.com\\\/index.php\\\/nouveau-president-syndicat-national-bois-lamelle\\\/98595\\\/#primaryimage\"},\"thumbnailUrl\":\"https:\\\/\\\/batijournal.com\\\/wp-content\\\/uploads\\\/2018\\\/03\\\/belliard.jpg\",\"articleSection\":[\"Actualit\u00e9s\",\"zz_Nouvelles t\u00eates - Woodsurfer\",\"zz_Woodsurfer\"],\"inLanguage\":\"fr-FR\"},{\"@type\":\"WebPage\",\"@id\":\"https:\\\/\\\/batijournal.com\\\/index.php\\\/nouveau-president-syndicat-national-bois-lamelle\\\/98595\\\/\",\"url\":\"https:\\\/\\\/batijournal.com\\\/index.php\\\/nouveau-president-syndicat-national-bois-lamelle\\\/98595\\\/\",\"name\":\"Nouveau pr\u00e9sident du Syndicat National du Bois Lamell\u00e9\",\"isPartOf\":{\"@id\":\"https:\\\/\\\/batijournal.com\\\/#website\"},\"primaryImageOfPage\":{\"@id\":\"https:\\\/\\\/batijournal.com\\\/index.php\\\/nouveau-president-syndicat-national-bois-lamelle\\\/98595\\\/#primaryimage\"},\"image\":{\"@id\":\"https:\\\/\\\/batijournal.com\\\/index.php\\\/nouveau-president-syndicat-national-bois-lamelle\\\/98595\\\/#primaryimage\"},\"thumbnailUrl\":\"https:\\\/\\\/batijournal.com\\\/wp-content\\\/uploads\\\/2018\\\/03\\\/belliard.jpg\",\"datePublished\":\"2018-03-08T17:48:25+00:00\",\"dateModified\":\"2018-03-08T17:55:34+00:00\",\"author\":{\"@id\":\"https:\\\/\\\/batijournal.com\\\/#\\\/schema\\\/person\\\/1dc96ec6957aa1ccb25ebe78bb19f100\"},\"breadcrumb\":{\"@id\":\"https:\\\/\\\/batijournal.com\\\/index.php\\\/nouveau-president-syndicat-national-bois-lamelle\\\/98595\\\/#breadcrumb\"},\"inLanguage\":\"fr-FR\",\"potentialAction\":[{\"@type\":\"ReadAction\",\"target\":[\"https:\\\/\\\/batijournal.com\\\/index.php\\\/nouveau-president-syndicat-national-bois-lamelle\\\/98595\\\/\"]}]},{\"@type\":\"ImageObject\",\"inLanguage\":\"fr-FR\",\"@id\":\"https:\\\/\\\/batijournal.com\\\/index.php\\\/nouveau-president-syndicat-national-bois-lamelle\\\/98595\\\/#primaryimage\",\"url\":\"https:\\\/\\\/batijournal.com\\\/wp-content\\\/uploads\\\/2018\\\/03\\\/belliard.jpg\",\"contentUrl\":\"https:\\\/\\\/batijournal.com\\\/wp-content\\\/uploads\\\/2018\\\/03\\\/belliard.jpg\",\"width\":847,\"height\":563},{\"@type\":\"BreadcrumbList\",\"@id\":\"https:\\\/\\\/batijournal.com\\\/index.php\\\/nouveau-president-syndicat-national-bois-lamelle\\\/98595\\\/#breadcrumb\",\"itemListElement\":[{\"@type\":\"ListItem\",\"position\":1,\"name\":\"Accueil\",\"item\":\"https:\\\/\\\/batijournal.com\\\/\"},{\"@type\":\"ListItem\",\"position\":2,\"name\":\"Actualit\u00e9s\",\"item\":\"https:\\\/\\\/batijournal.com\\\/index.php\\\/category\\\/actualites\\\/\"},{\"@type\":\"ListItem\",\"position\":3,\"name\":\"Nouveau pr\u00e9sident du Syndicat National du Bois Lamell\u00e9\"}]},{\"@type\":\"WebSite\",\"@id\":\"https:\\\/\\\/batijournal.com\\\/#website\",\"url\":\"https:\\\/\\\/batijournal.com\\\/\",\"name\":\"Batijournal\",\"description\":\"L&#039;actualit\u00e9 du b\u00e2timent\",\"potentialAction\":[{\"@type\":\"SearchAction\",\"target\":{\"@type\":\"EntryPoint\",\"urlTemplate\":\"https:\\\/\\\/batijournal.com\\\/?s={search_term_string}\"},\"query-input\":{\"@type\":\"PropertyValueSpecification\",\"valueRequired\":true,\"valueName\":\"search_term_string\"}}],\"inLanguage\":\"fr-FR\"},{\"@type\":\"Person\",\"@id\":\"https:\\\/\\\/batijournal.com\\\/#\\\/schema\\\/person\\\/1dc96ec6957aa1ccb25ebe78bb19f100\",\"name\":\"St\u00e9phane Miget\",\"image\":{\"@type\":\"ImageObject\",\"inLanguage\":\"fr-FR\",\"@id\":\"https:\\\/\\\/secure.gravatar.com\\\/avatar\\\/89915563d925342126b8ef0281b93d9d7fc337043e8df017f780908eb9644451?s=96&d=mm&r=g\",\"url\":\"https:\\\/\\\/secure.gravatar.com\\\/avatar\\\/89915563d925342126b8ef0281b93d9d7fc337043e8df017f780908eb9644451?s=96&d=mm&r=g\",\"contentUrl\":\"https:\\\/\\\/secure.gravatar.com\\\/avatar\\\/89915563d925342126b8ef0281b93d9d7fc337043e8df017f780908eb9644451?s=96&d=mm&r=g\",\"caption\":\"St\u00e9phane Miget\"},\"url\":\"https:\\\/\\\/batijournal.com\\\/index.php\\\/author\\\/stephane\\\/\"}]}<\/script>\n<!-- \/ Yoast SEO plugin. -->","yoast_head_json":{"title":"Nouveau pr\u00e9sident du Syndicat National du Bois Lamell\u00e9","robots":{"index":"index","follow":"follow","max-snippet":"max-snippet:-1","max-image-preview":"max-image-preview:large","max-video-preview":"max-video-preview:-1"},"canonical":"https:\/\/batijournal.com\/index.php\/nouveau-president-syndicat-national-bois-lamelle\/98595\/","og_locale":"fr_FR","og_type":"article","og_title":"Nouveau pr\u00e9sident du Syndicat National du Bois Lamell\u00e9","og_description":"Philippe Belliard, pr\u00e9sident de l\u2019entreprise Belliard Construction succ\u00e8de \u00e0 Eric Verri\u00e8re au poste de pr\u00e9sident du Syndicat National du Bois Lamell\u00e9. Pour assumer ce mandat, Philippe Belliard a c\u00e9d\u00e9 la pr\u00e9sidence de la Commission Technique du bois lamell\u00e9 \u00e0 David Crasnier (Briand Bois Construction). Parmi les ambitions que le nouveau pr\u00e9sident du SNBL porte pour [&hellip;]","og_url":"https:\/\/batijournal.com\/index.php\/nouveau-president-syndicat-national-bois-lamelle\/98595\/","og_site_name":"Batijournal","article_published_time":"2018-03-08T17:48:25+00:00","article_modified_time":"2018-03-08T17:55:34+00:00","og_image":[{"width":847,"height":563,"url":"https:\/\/batijournal.com\/wp-content\/uploads\/2018\/03\/belliard.jpg","type":"image\/jpeg"}],"author":"St\u00e9phane Miget","twitter_card":"summary_large_image","twitter_creator":"@bati_journal","twitter_site":"@bati_journal","twitter_misc":{"\u00c9crit par":"St\u00e9phane Miget","Dur\u00e9e de lecture estim\u00e9e":"1 minute"},"schema":{"@context":"https:\/\/schema.org","@graph":[{"@type":"Article","@id":"https:\/\/batijournal.com\/index.php\/nouveau-president-syndicat-national-bois-lamelle\/98595\/#article","isPartOf":{"@id":"https:\/\/batijournal.com\/index.php\/nouveau-president-syndicat-national-bois-lamelle\/98595\/"},"author":{"name":"St\u00e9phane Miget","@id":"https:\/\/batijournal.com\/#\/schema\/person\/1dc96ec6957aa1ccb25ebe78bb19f100"},"headline":"Nouveau pr\u00e9sident du Syndicat National du Bois Lamell\u00e9","datePublished":"2018-03-08T17:48:25+00:00","dateModified":"2018-03-08T17:55:34+00:00","mainEntityOfPage":{"@id":"https:\/\/batijournal.com\/index.php\/nouveau-president-syndicat-national-bois-lamelle\/98595\/"},"wordCount":176,"image":{"@id":"https:\/\/batijournal.com\/index.php\/nouveau-president-syndicat-national-bois-lamelle\/98595\/#primaryimage"},"thumbnailUrl":"https:\/\/batijournal.com\/wp-content\/uploads\/2018\/03\/belliard.jpg","articleSection":["Actualit\u00e9s","zz_Nouvelles t\u00eates - Woodsurfer","zz_Woodsurfer"],"inLanguage":"fr-FR"},{"@type":"WebPage","@id":"https:\/\/batijournal.com\/index.php\/nouveau-president-syndicat-national-bois-lamelle\/98595\/","url":"https:\/\/batijournal.com\/index.php\/nouveau-president-syndicat-national-bois-lamelle\/98595\/","name":"Nouveau pr\u00e9sident du Syndicat National du Bois Lamell\u00e9","isPartOf":{"@id":"https:\/\/batijournal.com\/#website"},"primaryImageOfPage":{"@id":"https:\/\/batijournal.com\/index.php\/nouveau-president-syndicat-national-bois-lamelle\/98595\/#primaryimage"},"image":{"@id":"https:\/\/batijournal.com\/index.php\/nouveau-president-syndicat-national-bois-lamelle\/98595\/#primaryimage"},"thumbnailUrl":"https:\/\/batijournal.com\/wp-content\/uploads\/2018\/03\/belliard.jpg","datePublished":"2018-03-08T17:48:25+00:00","dateModified":"2018-03-08T17:55:34+00:00","author":{"@id":"https:\/\/batijournal.com\/#\/schema\/person\/1dc96ec6957aa1ccb25ebe78bb19f100"},"breadcrumb":{"@id":"https:\/\/batijournal.com\/index.php\/nouveau-president-syndicat-national-bois-lamelle\/98595\/#breadcrumb"},"inLanguage":"fr-FR","potentialAction":[{"@type":"ReadAction","target":["https:\/\/batijournal.com\/index.php\/nouveau-president-syndicat-national-bois-lamelle\/98595\/"]}]},{"@type":"ImageObject","inLanguage":"fr-FR","@id":"https:\/\/batijournal.com\/index.php\/nouveau-president-syndicat-national-bois-lamelle\/98595\/#primaryimage","url":"https:\/\/batijournal.com\/wp-content\/uploads\/2018\/03\/belliard.jpg","contentUrl":"https:\/\/batijournal.com\/wp-content\/uploads\/2018\/03\/belliard.jpg","width":847,"height":563},{"@type":"BreadcrumbList","@id":"https:\/\/batijournal.com\/index.php\/nouveau-president-syndicat-national-bois-lamelle\/98595\/#breadcrumb","itemListElement":[{"@type":"ListItem","position":1,"name":"Accueil","item":"https:\/\/batijournal.com\/"},{"@type":"ListItem","position":2,"name":"Actualit\u00e9s","item":"https:\/\/batijournal.com\/index.php\/category\/actualites\/"},{"@type":"ListItem","position":3,"name":"Nouveau pr\u00e9sident du Syndicat National du Bois Lamell\u00e9"}]},{"@type":"WebSite","@id":"https:\/\/batijournal.com\/#website","url":"https:\/\/batijournal.com\/","name":"Batijournal","description":"L&#039;actualit\u00e9 du b\u00e2timent","potentialAction":[{"@type":"SearchAction","target":{"@type":"EntryPoint","urlTemplate":"https:\/\/batijournal.com\/?s={search_term_string}"},"query-input":{"@type":"PropertyValueSpecification","valueRequired":true,"valueName":"search_term_string"}}],"inLanguage":"fr-FR"},{"@type":"Person","@id":"https:\/\/batijournal.com\/#\/schema\/person\/1dc96ec6957aa1ccb25ebe78bb19f100","name":"St\u00e9phane Miget","image":{"@type":"ImageObject","inLanguage":"fr-FR","@id":"https:\/\/secure.gravatar.com\/avatar\/89915563d925342126b8ef0281b93d9d7fc337043e8df017f780908eb9644451?s=96&d=mm&r=g","url":"https:\/\/secure.gravatar.com\/avatar\/89915563d925342126b8ef0281b93d9d7fc337043e8df017f780908eb9644451?s=96&d=mm&r=g","contentUrl":"https:\/\/secure.gravatar.com\/avatar\/89915563d925342126b8ef0281b93d9d7fc337043e8df017f780908eb9644451?s=96&d=mm&r=g","caption":"St\u00e9phane Miget"},"url":"https:\/\/batijournal.com\/index.php\/author\/stephane\/"}]}},"_links":{"self":[{"href":"https:\/\/batijournal.com\/index.php\/wp-json\/wp\/v2\/posts\/98595","targetHints":{"allow":["GET"]}}],"collection":[{"href":"https:\/\/batijournal.com\/index.php\/wp-json\/wp\/v2\/posts"}],"about":[{"href":"https:\/\/batijournal.com\/index.php\/wp-json\/wp\/v2\/types\/post"}],"author":[{"embeddable":true,"href":"https:\/\/batijournal.com\/index.php\/wp-json\/wp\/v2\/users\/17"}],"replies":[{"embeddable":true,"href":"https:\/\/batijournal.com\/index.php\/wp-json\/wp\/v2\/comments?post=98595"}],"version-history":[{"count":0,"href":"https:\/\/batijournal.com\/index.php\/wp-json\/wp\/v2\/posts\/98595\/revisions"}],"wp:featuredmedia":[{"embeddable":true,"href":"https:\/\/batijournal.com\/index.php\/wp-json\/wp\/v2\/media\/98597"}],"wp:attachment":[{"href":"https:\/\/batijournal.com\/index.php\/wp-json\/wp\/v2\/media?parent=98595"}],"wp:term":[{"taxonomy":"category","embeddable":true,"href":"https:\/\/batijournal.com\/index.php\/wp-json\/wp\/v2\/categories?post=98595"},{"taxonomy":"post_tag","embeddable":true,"href":"https:\/\/batijournal.com\/index.php\/wp-json\/wp\/v2\/tags?post=98595"}],"curies":[{"name":"wp","href":"https:\/\/api.w.org\/{rel}","templated":true}]}}