{"id":98598,"date":"2018-03-09T08:13:30","date_gmt":"2018-03-09T07:13:30","guid":{"rendered":"http:\/\/batijournal.com\/?p=98598"},"modified":"2018-03-09T08:13:30","modified_gmt":"2018-03-09T07:13:30","slug":"nouveau-site-escaliers-bois-francais","status":"publish","type":"post","link":"https:\/\/batijournal.com\/index.php\/nouveau-site-escaliers-bois-francais\/98598\/","title":{"rendered":"Un nouveau site pour les escaliers en bois fran\u00e7ais"},"content":{"rendered":"<p>V\u00e9ritable vitrine du savoir-faire national rassemblant les fabricants fran\u00e7ais d\u2019escaliers en bois sur catalogue ou sur mesure, ce nouveau site de l\u2019AFEB (Association des Fabricants d\u2019Escaliers en Bois), met en avant toute la palette des possibilit\u00e9s qui s\u2019offrent \u00e0 l\u2019usager. Qu\u2019il s\u2019agisse d\u2019escalier droit, quart tournant ou de forme h\u00e9lico\u00efdale, ces ouvrages r\u00e9pondent \u00e0 des crit\u00e8res exigeants, leur permettant d\u2019atteindre le niveau d\u2019excellence attendu. \u00c0 travers cette plateforme, les fabricants guident l\u2019utilisateur vers un choix d\u2019escalier personnalisable, de fabrication fran\u00e7aise, durable, respectueux de l\u2019environnement et s\u00e9curitaire.<\/p>\n<p><a href=\"http:\/\/www.escaliers-bois-francais.org\" target=\"_blank\" rel=\"noopener\">www.escaliers-bois-francais.org<\/a><\/p>\n<p>&nbsp;<\/p>\n","protected":false},"excerpt":{"rendered":"<p>V\u00e9ritable vitrine du savoir-faire national rassemblant les fabricants fran\u00e7ais d\u2019escaliers en bois sur catalogue ou sur mesure, ce nouveau site de l\u2019AFEB (Association des Fabricants d\u2019Escaliers en Bois), met en avant toute la palette des possibilit\u00e9s qui s\u2019offrent \u00e0 l\u2019usager. Qu\u2019il s\u2019agisse d\u2019escalier droit, quart tournant ou de forme h\u00e9lico\u00efdale, ces ouvrages r\u00e9pondent \u00e0 des [&hellip;]<\/p>\n","protected":false},"author":17,"featured_media":98599,"comment_status":"closed","ping_status":"closed","sticky":false,"template":"","format":"standard","meta":{"_et_pb_use_builder":"","_et_pb_old_content":"","_et_gb_content_width":"","footnotes":""},"categories":[10530,6340,10764],"tags":[1687],"class_list":["post-98598","post","type-post","status-publish","format-standard","has-post-thumbnail","hentry","category-actualites","category-architecture-conception","category-woodsurfer","tag-escalier"],"yoast_head":"<!-- This site is optimized with the Yoast SEO plugin v27.4 - https:\/\/yoast.com\/product\/yoast-seo-wordpress\/ -->\n<title>Un nouveau site pour les escaliers en bois fran\u00e7ais<\/title>\n<meta name=\"robots\" content=\"index, follow, max-snippet:-1, max-image-preview:large, max-video-preview:-1\" \/>\n<link rel=\"canonical\" href=\"https:\/\/batijournal.com\/index.php\/nouveau-site-escaliers-bois-francais\/98598\/\" \/>\n<meta property=\"og:locale\" content=\"fr_FR\" \/>\n<meta property=\"og:type\" content=\"article\" \/>\n<meta property=\"og:title\" content=\"Un nouveau site pour les escaliers en bois fran\u00e7ais\" \/>\n<meta property=\"og:description\" content=\"V\u00e9ritable vitrine du savoir-faire national rassemblant les fabricants fran\u00e7ais d\u2019escaliers en bois sur catalogue ou sur mesure, ce nouveau site de l\u2019AFEB (Association des Fabricants d\u2019Escaliers en Bois), met en avant toute la palette des possibilit\u00e9s qui s\u2019offrent \u00e0 l\u2019usager. Qu\u2019il s\u2019agisse d\u2019escalier droit, quart tournant ou de forme h\u00e9lico\u00efdale, ces ouvrages r\u00e9pondent \u00e0 des [&hellip;]\" \/>\n<meta property=\"og:url\" content=\"https:\/\/batijournal.com\/index.php\/nouveau-site-escaliers-bois-francais\/98598\/\" \/>\n<meta property=\"og:site_name\" content=\"Batijournal\" \/>\n<meta property=\"article:published_time\" content=\"2018-03-09T07:13:30+00:00\" \/>\n<meta property=\"og:image\" content=\"https:\/\/batijournal.com\/wp-content\/uploads\/2018\/03\/escalier-bois-francais.png\" \/>\n\t<meta property=\"og:image:width\" content=\"1256\" \/>\n\t<meta property=\"og:image:height\" content=\"740\" \/>\n\t<meta property=\"og:image:type\" content=\"image\/png\" \/>\n<meta name=\"author\" content=\"St\u00e9phane Miget\" \/>\n<meta name=\"twitter:card\" content=\"summary_large_image\" \/>\n<meta name=\"twitter:creator\" content=\"@bati_journal\" \/>\n<meta name=\"twitter:site\" content=\"@bati_journal\" \/>\n<meta name=\"twitter:label1\" content=\"\u00c9crit par\" \/>\n\t<meta name=\"twitter:data1\" content=\"St\u00e9phane Miget\" \/>\n\t<meta name=\"twitter:label2\" content=\"Dur\u00e9e de lecture estim\u00e9e\" \/>\n\t<meta name=\"twitter:data2\" content=\"1 minute\" \/>\n<script type=\"application\/ld+json\" class=\"yoast-schema-graph\">{\"@context\":\"https:\\\/\\\/schema.org\",\"@graph\":[{\"@type\":\"Article\",\"@id\":\"https:\\\/\\\/batijournal.com\\\/index.php\\\/nouveau-site-escaliers-bois-francais\\\/98598\\\/#article\",\"isPartOf\":{\"@id\":\"https:\\\/\\\/batijournal.com\\\/index.php\\\/nouveau-site-escaliers-bois-francais\\\/98598\\\/\"},\"author\":{\"name\":\"St\u00e9phane Miget\",\"@id\":\"https:\\\/\\\/batijournal.com\\\/#\\\/schema\\\/person\\\/1dc96ec6957aa1ccb25ebe78bb19f100\"},\"headline\":\"Un nouveau site pour les escaliers en bois fran\u00e7ais\",\"datePublished\":\"2018-03-09T07:13:30+00:00\",\"mainEntityOfPage\":{\"@id\":\"https:\\\/\\\/batijournal.com\\\/index.php\\\/nouveau-site-escaliers-bois-francais\\\/98598\\\/\"},\"wordCount\":119,\"image\":{\"@id\":\"https:\\\/\\\/batijournal.com\\\/index.php\\\/nouveau-site-escaliers-bois-francais\\\/98598\\\/#primaryimage\"},\"thumbnailUrl\":\"https:\\\/\\\/batijournal.com\\\/wp-content\\\/uploads\\\/2018\\\/03\\\/escalier-bois-francais.png\",\"keywords\":[\"escalier\"],\"articleSection\":[\"Actualit\u00e9s\",\"Architecture &amp; Conception\",\"zz_Woodsurfer\"],\"inLanguage\":\"fr-FR\"},{\"@type\":\"WebPage\",\"@id\":\"https:\\\/\\\/batijournal.com\\\/index.php\\\/nouveau-site-escaliers-bois-francais\\\/98598\\\/\",\"url\":\"https:\\\/\\\/batijournal.com\\\/index.php\\\/nouveau-site-escaliers-bois-francais\\\/98598\\\/\",\"name\":\"Un nouveau site pour les escaliers en bois fran\u00e7ais\",\"isPartOf\":{\"@id\":\"https:\\\/\\\/batijournal.com\\\/#website\"},\"primaryImageOfPage\":{\"@id\":\"https:\\\/\\\/batijournal.com\\\/index.php\\\/nouveau-site-escaliers-bois-francais\\\/98598\\\/#primaryimage\"},\"image\":{\"@id\":\"https:\\\/\\\/batijournal.com\\\/index.php\\\/nouveau-site-escaliers-bois-francais\\\/98598\\\/#primaryimage\"},\"thumbnailUrl\":\"https:\\\/\\\/batijournal.com\\\/wp-content\\\/uploads\\\/2018\\\/03\\\/escalier-bois-francais.png\",\"datePublished\":\"2018-03-09T07:13:30+00:00\",\"author\":{\"@id\":\"https:\\\/\\\/batijournal.com\\\/#\\\/schema\\\/person\\\/1dc96ec6957aa1ccb25ebe78bb19f100\"},\"breadcrumb\":{\"@id\":\"https:\\\/\\\/batijournal.com\\\/index.php\\\/nouveau-site-escaliers-bois-francais\\\/98598\\\/#breadcrumb\"},\"inLanguage\":\"fr-FR\",\"potentialAction\":[{\"@type\":\"ReadAction\",\"target\":[\"https:\\\/\\\/batijournal.com\\\/index.php\\\/nouveau-site-escaliers-bois-francais\\\/98598\\\/\"]}]},{\"@type\":\"ImageObject\",\"inLanguage\":\"fr-FR\",\"@id\":\"https:\\\/\\\/batijournal.com\\\/index.php\\\/nouveau-site-escaliers-bois-francais\\\/98598\\\/#primaryimage\",\"url\":\"https:\\\/\\\/batijournal.com\\\/wp-content\\\/uploads\\\/2018\\\/03\\\/escalier-bois-francais.png\",\"contentUrl\":\"https:\\\/\\\/batijournal.com\\\/wp-content\\\/uploads\\\/2018\\\/03\\\/escalier-bois-francais.png\",\"width\":1256,\"height\":740},{\"@type\":\"BreadcrumbList\",\"@id\":\"https:\\\/\\\/batijournal.com\\\/index.php\\\/nouveau-site-escaliers-bois-francais\\\/98598\\\/#breadcrumb\",\"itemListElement\":[{\"@type\":\"ListItem\",\"position\":1,\"name\":\"Accueil\",\"item\":\"https:\\\/\\\/batijournal.com\\\/\"},{\"@type\":\"ListItem\",\"position\":2,\"name\":\"Actualit\u00e9s\",\"item\":\"https:\\\/\\\/batijournal.com\\\/index.php\\\/category\\\/actualites\\\/\"},{\"@type\":\"ListItem\",\"position\":3,\"name\":\"Un nouveau site pour les escaliers en bois fran\u00e7ais\"}]},{\"@type\":\"WebSite\",\"@id\":\"https:\\\/\\\/batijournal.com\\\/#website\",\"url\":\"https:\\\/\\\/batijournal.com\\\/\",\"name\":\"Batijournal\",\"description\":\"L&#039;actualit\u00e9 du b\u00e2timent\",\"potentialAction\":[{\"@type\":\"SearchAction\",\"target\":{\"@type\":\"EntryPoint\",\"urlTemplate\":\"https:\\\/\\\/batijournal.com\\\/?s={search_term_string}\"},\"query-input\":{\"@type\":\"PropertyValueSpecification\",\"valueRequired\":true,\"valueName\":\"search_term_string\"}}],\"inLanguage\":\"fr-FR\"},{\"@type\":\"Person\",\"@id\":\"https:\\\/\\\/batijournal.com\\\/#\\\/schema\\\/person\\\/1dc96ec6957aa1ccb25ebe78bb19f100\",\"name\":\"St\u00e9phane Miget\",\"image\":{\"@type\":\"ImageObject\",\"inLanguage\":\"fr-FR\",\"@id\":\"https:\\\/\\\/secure.gravatar.com\\\/avatar\\\/89915563d925342126b8ef0281b93d9d7fc337043e8df017f780908eb9644451?s=96&d=mm&r=g\",\"url\":\"https:\\\/\\\/secure.gravatar.com\\\/avatar\\\/89915563d925342126b8ef0281b93d9d7fc337043e8df017f780908eb9644451?s=96&d=mm&r=g\",\"contentUrl\":\"https:\\\/\\\/secure.gravatar.com\\\/avatar\\\/89915563d925342126b8ef0281b93d9d7fc337043e8df017f780908eb9644451?s=96&d=mm&r=g\",\"caption\":\"St\u00e9phane Miget\"},\"url\":\"https:\\\/\\\/batijournal.com\\\/index.php\\\/author\\\/stephane\\\/\"}]}<\/script>\n<!-- \/ Yoast SEO plugin. -->","yoast_head_json":{"title":"Un nouveau site pour les escaliers en bois fran\u00e7ais","robots":{"index":"index","follow":"follow","max-snippet":"max-snippet:-1","max-image-preview":"max-image-preview:large","max-video-preview":"max-video-preview:-1"},"canonical":"https:\/\/batijournal.com\/index.php\/nouveau-site-escaliers-bois-francais\/98598\/","og_locale":"fr_FR","og_type":"article","og_title":"Un nouveau site pour les escaliers en bois fran\u00e7ais","og_description":"V\u00e9ritable vitrine du savoir-faire national rassemblant les fabricants fran\u00e7ais d\u2019escaliers en bois sur catalogue ou sur mesure, ce nouveau site de l\u2019AFEB (Association des Fabricants d\u2019Escaliers en Bois), met en avant toute la palette des possibilit\u00e9s qui s\u2019offrent \u00e0 l\u2019usager. Qu\u2019il s\u2019agisse d\u2019escalier droit, quart tournant ou de forme h\u00e9lico\u00efdale, ces ouvrages r\u00e9pondent \u00e0 des [&hellip;]","og_url":"https:\/\/batijournal.com\/index.php\/nouveau-site-escaliers-bois-francais\/98598\/","og_site_name":"Batijournal","article_published_time":"2018-03-09T07:13:30+00:00","og_image":[{"width":1256,"height":740,"url":"https:\/\/batijournal.com\/wp-content\/uploads\/2018\/03\/escalier-bois-francais.png","type":"image\/png"}],"author":"St\u00e9phane Miget","twitter_card":"summary_large_image","twitter_creator":"@bati_journal","twitter_site":"@bati_journal","twitter_misc":{"\u00c9crit par":"St\u00e9phane Miget","Dur\u00e9e de lecture estim\u00e9e":"1 minute"},"schema":{"@context":"https:\/\/schema.org","@graph":[{"@type":"Article","@id":"https:\/\/batijournal.com\/index.php\/nouveau-site-escaliers-bois-francais\/98598\/#article","isPartOf":{"@id":"https:\/\/batijournal.com\/index.php\/nouveau-site-escaliers-bois-francais\/98598\/"},"author":{"name":"St\u00e9phane Miget","@id":"https:\/\/batijournal.com\/#\/schema\/person\/1dc96ec6957aa1ccb25ebe78bb19f100"},"headline":"Un nouveau site pour les escaliers en bois fran\u00e7ais","datePublished":"2018-03-09T07:13:30+00:00","mainEntityOfPage":{"@id":"https:\/\/batijournal.com\/index.php\/nouveau-site-escaliers-bois-francais\/98598\/"},"wordCount":119,"image":{"@id":"https:\/\/batijournal.com\/index.php\/nouveau-site-escaliers-bois-francais\/98598\/#primaryimage"},"thumbnailUrl":"https:\/\/batijournal.com\/wp-content\/uploads\/2018\/03\/escalier-bois-francais.png","keywords":["escalier"],"articleSection":["Actualit\u00e9s","Architecture &amp; Conception","zz_Woodsurfer"],"inLanguage":"fr-FR"},{"@type":"WebPage","@id":"https:\/\/batijournal.com\/index.php\/nouveau-site-escaliers-bois-francais\/98598\/","url":"https:\/\/batijournal.com\/index.php\/nouveau-site-escaliers-bois-francais\/98598\/","name":"Un nouveau site pour les escaliers en bois fran\u00e7ais","isPartOf":{"@id":"https:\/\/batijournal.com\/#website"},"primaryImageOfPage":{"@id":"https:\/\/batijournal.com\/index.php\/nouveau-site-escaliers-bois-francais\/98598\/#primaryimage"},"image":{"@id":"https:\/\/batijournal.com\/index.php\/nouveau-site-escaliers-bois-francais\/98598\/#primaryimage"},"thumbnailUrl":"https:\/\/batijournal.com\/wp-content\/uploads\/2018\/03\/escalier-bois-francais.png","datePublished":"2018-03-09T07:13:30+00:00","author":{"@id":"https:\/\/batijournal.com\/#\/schema\/person\/1dc96ec6957aa1ccb25ebe78bb19f100"},"breadcrumb":{"@id":"https:\/\/batijournal.com\/index.php\/nouveau-site-escaliers-bois-francais\/98598\/#breadcrumb"},"inLanguage":"fr-FR","potentialAction":[{"@type":"ReadAction","target":["https:\/\/batijournal.com\/index.php\/nouveau-site-escaliers-bois-francais\/98598\/"]}]},{"@type":"ImageObject","inLanguage":"fr-FR","@id":"https:\/\/batijournal.com\/index.php\/nouveau-site-escaliers-bois-francais\/98598\/#primaryimage","url":"https:\/\/batijournal.com\/wp-content\/uploads\/2018\/03\/escalier-bois-francais.png","contentUrl":"https:\/\/batijournal.com\/wp-content\/uploads\/2018\/03\/escalier-bois-francais.png","width":1256,"height":740},{"@type":"BreadcrumbList","@id":"https:\/\/batijournal.com\/index.php\/nouveau-site-escaliers-bois-francais\/98598\/#breadcrumb","itemListElement":[{"@type":"ListItem","position":1,"name":"Accueil","item":"https:\/\/batijournal.com\/"},{"@type":"ListItem","position":2,"name":"Actualit\u00e9s","item":"https:\/\/batijournal.com\/index.php\/category\/actualites\/"},{"@type":"ListItem","position":3,"name":"Un nouveau site pour les escaliers en bois fran\u00e7ais"}]},{"@type":"WebSite","@id":"https:\/\/batijournal.com\/#website","url":"https:\/\/batijournal.com\/","name":"Batijournal","description":"L&#039;actualit\u00e9 du b\u00e2timent","potentialAction":[{"@type":"SearchAction","target":{"@type":"EntryPoint","urlTemplate":"https:\/\/batijournal.com\/?s={search_term_string}"},"query-input":{"@type":"PropertyValueSpecification","valueRequired":true,"valueName":"search_term_string"}}],"inLanguage":"fr-FR"},{"@type":"Person","@id":"https:\/\/batijournal.com\/#\/schema\/person\/1dc96ec6957aa1ccb25ebe78bb19f100","name":"St\u00e9phane Miget","image":{"@type":"ImageObject","inLanguage":"fr-FR","@id":"https:\/\/secure.gravatar.com\/avatar\/89915563d925342126b8ef0281b93d9d7fc337043e8df017f780908eb9644451?s=96&d=mm&r=g","url":"https:\/\/secure.gravatar.com\/avatar\/89915563d925342126b8ef0281b93d9d7fc337043e8df017f780908eb9644451?s=96&d=mm&r=g","contentUrl":"https:\/\/secure.gravatar.com\/avatar\/89915563d925342126b8ef0281b93d9d7fc337043e8df017f780908eb9644451?s=96&d=mm&r=g","caption":"St\u00e9phane Miget"},"url":"https:\/\/batijournal.com\/index.php\/author\/stephane\/"}]}},"_links":{"self":[{"href":"https:\/\/batijournal.com\/index.php\/wp-json\/wp\/v2\/posts\/98598","targetHints":{"allow":["GET"]}}],"collection":[{"href":"https:\/\/batijournal.com\/index.php\/wp-json\/wp\/v2\/posts"}],"about":[{"href":"https:\/\/batijournal.com\/index.php\/wp-json\/wp\/v2\/types\/post"}],"author":[{"embeddable":true,"href":"https:\/\/batijournal.com\/index.php\/wp-json\/wp\/v2\/users\/17"}],"replies":[{"embeddable":true,"href":"https:\/\/batijournal.com\/index.php\/wp-json\/wp\/v2\/comments?post=98598"}],"version-history":[{"count":0,"href":"https:\/\/batijournal.com\/index.php\/wp-json\/wp\/v2\/posts\/98598\/revisions"}],"wp:featuredmedia":[{"embeddable":true,"href":"https:\/\/batijournal.com\/index.php\/wp-json\/wp\/v2\/media\/98599"}],"wp:attachment":[{"href":"https:\/\/batijournal.com\/index.php\/wp-json\/wp\/v2\/media?parent=98598"}],"wp:term":[{"taxonomy":"category","embeddable":true,"href":"https:\/\/batijournal.com\/index.php\/wp-json\/wp\/v2\/categories?post=98598"},{"taxonomy":"post_tag","embeddable":true,"href":"https:\/\/batijournal.com\/index.php\/wp-json\/wp\/v2\/tags?post=98598"}],"curies":[{"name":"wp","href":"https:\/\/api.w.org\/{rel}","templated":true}]}}