{"id":98632,"date":"2018-03-14T07:41:25","date_gmt":"2018-03-14T06:41:25","guid":{"rendered":"http:\/\/batijournal.com\/?p=98632"},"modified":"2019-07-15T11:15:12","modified_gmt":"2019-07-15T09:15:12","slug":"signature-contrat-de-parc-2018-2020-parc-naturel-regional-de-haute-vallee-de-chevreuse","status":"publish","type":"post","link":"https:\/\/batijournal.com\/index.php\/signature-contrat-de-parc-2018-2020-parc-naturel-regional-de-haute-vallee-de-chevreuse\/98632\/","title":{"rendered":"Signature du contrat de parc 2018-2020 du Parc naturel r\u00e9gional de la Haute Vall\u00e9e de Chevreuse"},"content":{"rendered":"<p>Val\u00e9rie P\u00e9cresse, Pr\u00e9sidente de la R\u00e9gion \u00cele-de-France, et Yves Vandewalle, Pr\u00e9sident du Parc naturel r\u00e9gional de la Haute Vall\u00e9e de Chevreuse, ont sign\u00e9 le contrat de parc 2018-2020 entre l&rsquo;\u00c9tat, la R\u00e9gion et le Parc, en pr\u00e9sence de Michel Heuz\u00e9, sous-pr\u00e9fet de Rambouillet, repr\u00e9sentant de l&rsquo;\u00c9tat. Les actions pr\u00e9vues portent sur la valorisation d&rsquo;un secteur rural de grande qualit\u00e9 et d&rsquo;un patrimoine naturel, culturel et historique exceptionnel, le soutien au d\u00e9veloppement \u00e9conomique et touristique, \u00e0 l&rsquo;agriculture locale, \u00e0 la transition \u00e9nerg\u00e9tique, etc. Les communes du parc b\u00e9n\u00e9ficieront aussi des nouveaux dispositifs r\u00e9gionaux, comme la sauvegarde des commerces de proximit\u00e9, la lutte contre les d\u00e9p\u00f4ts sauvages de d\u00e9chets ou le d\u00e9veloppement des \u00e9nergies renouvelables.\u00a0La R\u00e9gion consacrera au total 12 millions d&rsquo;euros sur trois ans au b\u00e9n\u00e9fice des 51 communes et des 150 000 habitants du territoire du PNR de la Haute Vall\u00e9e de Chevreuse.<\/p>\n<p>Photo : X-Javier, via Wikimedia Commons<\/p>\n<p>&nbsp;<\/p>\n","protected":false},"excerpt":{"rendered":"<p>Val\u00e9rie P\u00e9cresse, Pr\u00e9sidente de la R\u00e9gion \u00cele-de-France, et Yves Vandewalle, Pr\u00e9sident du Parc naturel r\u00e9gional de la Haute Vall\u00e9e de Chevreuse, ont sign\u00e9 le contrat de parc 2018-2020 entre l&rsquo;\u00c9tat, la R\u00e9gion et le Parc, en pr\u00e9sence de Michel Heuz\u00e9, sous-pr\u00e9fet de Rambouillet, repr\u00e9sentant de l&rsquo;\u00c9tat. Les actions pr\u00e9vues portent sur la valorisation d&rsquo;un secteur [&hellip;]<\/p>\n","protected":false},"author":17,"featured_media":98633,"comment_status":"closed","ping_status":"closed","sticky":false,"template":"","format":"standard","meta":{"_et_pb_use_builder":"","_et_pb_old_content":"","_et_gb_content_width":"","footnotes":""},"categories":[10530,6340,10785],"tags":[12348],"class_list":["post-98632","post","type-post","status-publish","format-standard","has-post-thumbnail","hentry","category-actualites","category-architecture-conception","category-atrium","tag-parc-naturel"],"yoast_head":"<!-- This site is optimized with the Yoast SEO plugin v27.4 - https:\/\/yoast.com\/product\/yoast-seo-wordpress\/ -->\n<title>Signature du contrat de parc 2018-2020 du Parc naturel r\u00e9gional de la Haute Vall\u00e9e de Chevreuse<\/title>\n<meta name=\"robots\" content=\"index, follow, max-snippet:-1, max-image-preview:large, max-video-preview:-1\" \/>\n<link rel=\"canonical\" href=\"https:\/\/batijournal.com\/index.php\/signature-contrat-de-parc-2018-2020-parc-naturel-regional-de-haute-vallee-de-chevreuse\/98632\/\" \/>\n<meta property=\"og:locale\" content=\"fr_FR\" \/>\n<meta property=\"og:type\" content=\"article\" \/>\n<meta property=\"og:title\" content=\"Signature du contrat de parc 2018-2020 du Parc naturel r\u00e9gional de la Haute Vall\u00e9e de Chevreuse\" \/>\n<meta property=\"og:description\" content=\"Val\u00e9rie P\u00e9cresse, Pr\u00e9sidente de la R\u00e9gion \u00cele-de-France, et Yves Vandewalle, Pr\u00e9sident du Parc naturel r\u00e9gional de la Haute Vall\u00e9e de Chevreuse, ont sign\u00e9 le contrat de parc 2018-2020 entre l&rsquo;\u00c9tat, la R\u00e9gion et le Parc, en pr\u00e9sence de Michel Heuz\u00e9, sous-pr\u00e9fet de Rambouillet, repr\u00e9sentant de l&rsquo;\u00c9tat. Les actions pr\u00e9vues portent sur la valorisation d&rsquo;un secteur [&hellip;]\" \/>\n<meta property=\"og:url\" content=\"https:\/\/batijournal.com\/index.php\/signature-contrat-de-parc-2018-2020-parc-naturel-regional-de-haute-vallee-de-chevreuse\/98632\/\" \/>\n<meta property=\"og:site_name\" content=\"Batijournal\" \/>\n<meta property=\"article:published_time\" content=\"2018-03-14T06:41:25+00:00\" \/>\n<meta property=\"article:modified_time\" content=\"2019-07-15T09:15:12+00:00\" \/>\n<meta property=\"og:image\" content=\"https:\/\/batijournal.com\/wp-content\/uploads\/2018\/03\/PNR_Vallee-Chevreuse.jpg\" \/>\n\t<meta property=\"og:image:width\" content=\"800\" \/>\n\t<meta property=\"og:image:height\" content=\"600\" \/>\n\t<meta property=\"og:image:type\" content=\"image\/jpeg\" \/>\n<meta name=\"author\" content=\"St\u00e9phane Miget\" \/>\n<meta name=\"twitter:card\" content=\"summary_large_image\" \/>\n<meta name=\"twitter:creator\" content=\"@bati_journal\" \/>\n<meta name=\"twitter:site\" content=\"@bati_journal\" \/>\n<meta name=\"twitter:label1\" content=\"\u00c9crit par\" \/>\n\t<meta name=\"twitter:data1\" content=\"St\u00e9phane Miget\" \/>\n\t<meta name=\"twitter:label2\" content=\"Dur\u00e9e de lecture estim\u00e9e\" \/>\n\t<meta name=\"twitter:data2\" content=\"1 minute\" \/>\n<script type=\"application\/ld+json\" class=\"yoast-schema-graph\">{\"@context\":\"https:\\\/\\\/schema.org\",\"@graph\":[{\"@type\":\"Article\",\"@id\":\"https:\\\/\\\/batijournal.com\\\/index.php\\\/signature-contrat-de-parc-2018-2020-parc-naturel-regional-de-haute-vallee-de-chevreuse\\\/98632\\\/#article\",\"isPartOf\":{\"@id\":\"https:\\\/\\\/batijournal.com\\\/index.php\\\/signature-contrat-de-parc-2018-2020-parc-naturel-regional-de-haute-vallee-de-chevreuse\\\/98632\\\/\"},\"author\":{\"name\":\"St\u00e9phane Miget\",\"@id\":\"https:\\\/\\\/batijournal.com\\\/#\\\/schema\\\/person\\\/1dc96ec6957aa1ccb25ebe78bb19f100\"},\"headline\":\"Signature du contrat de parc 2018-2020 du Parc naturel r\u00e9gional de la Haute Vall\u00e9e de Chevreuse\",\"datePublished\":\"2018-03-14T06:41:25+00:00\",\"dateModified\":\"2019-07-15T09:15:12+00:00\",\"mainEntityOfPage\":{\"@id\":\"https:\\\/\\\/batijournal.com\\\/index.php\\\/signature-contrat-de-parc-2018-2020-parc-naturel-regional-de-haute-vallee-de-chevreuse\\\/98632\\\/\"},\"wordCount\":193,\"image\":{\"@id\":\"https:\\\/\\\/batijournal.com\\\/index.php\\\/signature-contrat-de-parc-2018-2020-parc-naturel-regional-de-haute-vallee-de-chevreuse\\\/98632\\\/#primaryimage\"},\"thumbnailUrl\":\"https:\\\/\\\/batijournal.com\\\/wp-content\\\/uploads\\\/2018\\\/03\\\/PNR_Vallee-Chevreuse.jpg\",\"keywords\":[\"parc naturel\"],\"articleSection\":[\"Actualit\u00e9s\",\"Architecture &amp; Conception\",\"zz_Atrium Patrimoine\"],\"inLanguage\":\"fr-FR\"},{\"@type\":\"WebPage\",\"@id\":\"https:\\\/\\\/batijournal.com\\\/index.php\\\/signature-contrat-de-parc-2018-2020-parc-naturel-regional-de-haute-vallee-de-chevreuse\\\/98632\\\/\",\"url\":\"https:\\\/\\\/batijournal.com\\\/index.php\\\/signature-contrat-de-parc-2018-2020-parc-naturel-regional-de-haute-vallee-de-chevreuse\\\/98632\\\/\",\"name\":\"Signature du contrat de parc 2018-2020 du Parc naturel r\u00e9gional de la Haute Vall\u00e9e de Chevreuse\",\"isPartOf\":{\"@id\":\"https:\\\/\\\/batijournal.com\\\/#website\"},\"primaryImageOfPage\":{\"@id\":\"https:\\\/\\\/batijournal.com\\\/index.php\\\/signature-contrat-de-parc-2018-2020-parc-naturel-regional-de-haute-vallee-de-chevreuse\\\/98632\\\/#primaryimage\"},\"image\":{\"@id\":\"https:\\\/\\\/batijournal.com\\\/index.php\\\/signature-contrat-de-parc-2018-2020-parc-naturel-regional-de-haute-vallee-de-chevreuse\\\/98632\\\/#primaryimage\"},\"thumbnailUrl\":\"https:\\\/\\\/batijournal.com\\\/wp-content\\\/uploads\\\/2018\\\/03\\\/PNR_Vallee-Chevreuse.jpg\",\"datePublished\":\"2018-03-14T06:41:25+00:00\",\"dateModified\":\"2019-07-15T09:15:12+00:00\",\"author\":{\"@id\":\"https:\\\/\\\/batijournal.com\\\/#\\\/schema\\\/person\\\/1dc96ec6957aa1ccb25ebe78bb19f100\"},\"breadcrumb\":{\"@id\":\"https:\\\/\\\/batijournal.com\\\/index.php\\\/signature-contrat-de-parc-2018-2020-parc-naturel-regional-de-haute-vallee-de-chevreuse\\\/98632\\\/#breadcrumb\"},\"inLanguage\":\"fr-FR\",\"potentialAction\":[{\"@type\":\"ReadAction\",\"target\":[\"https:\\\/\\\/batijournal.com\\\/index.php\\\/signature-contrat-de-parc-2018-2020-parc-naturel-regional-de-haute-vallee-de-chevreuse\\\/98632\\\/\"]}]},{\"@type\":\"ImageObject\",\"inLanguage\":\"fr-FR\",\"@id\":\"https:\\\/\\\/batijournal.com\\\/index.php\\\/signature-contrat-de-parc-2018-2020-parc-naturel-regional-de-haute-vallee-de-chevreuse\\\/98632\\\/#primaryimage\",\"url\":\"https:\\\/\\\/batijournal.com\\\/wp-content\\\/uploads\\\/2018\\\/03\\\/PNR_Vallee-Chevreuse.jpg\",\"contentUrl\":\"https:\\\/\\\/batijournal.com\\\/wp-content\\\/uploads\\\/2018\\\/03\\\/PNR_Vallee-Chevreuse.jpg\",\"width\":800,\"height\":600},{\"@type\":\"BreadcrumbList\",\"@id\":\"https:\\\/\\\/batijournal.com\\\/index.php\\\/signature-contrat-de-parc-2018-2020-parc-naturel-regional-de-haute-vallee-de-chevreuse\\\/98632\\\/#breadcrumb\",\"itemListElement\":[{\"@type\":\"ListItem\",\"position\":1,\"name\":\"Accueil\",\"item\":\"https:\\\/\\\/batijournal.com\\\/\"},{\"@type\":\"ListItem\",\"position\":2,\"name\":\"Actualit\u00e9s\",\"item\":\"https:\\\/\\\/batijournal.com\\\/index.php\\\/category\\\/actualites\\\/\"},{\"@type\":\"ListItem\",\"position\":3,\"name\":\"Signature du contrat de parc 2018-2020 du Parc naturel r\u00e9gional de la Haute Vall\u00e9e de Chevreuse\"}]},{\"@type\":\"WebSite\",\"@id\":\"https:\\\/\\\/batijournal.com\\\/#website\",\"url\":\"https:\\\/\\\/batijournal.com\\\/\",\"name\":\"Batijournal\",\"description\":\"L&#039;actualit\u00e9 du b\u00e2timent\",\"potentialAction\":[{\"@type\":\"SearchAction\",\"target\":{\"@type\":\"EntryPoint\",\"urlTemplate\":\"https:\\\/\\\/batijournal.com\\\/?s={search_term_string}\"},\"query-input\":{\"@type\":\"PropertyValueSpecification\",\"valueRequired\":true,\"valueName\":\"search_term_string\"}}],\"inLanguage\":\"fr-FR\"},{\"@type\":\"Person\",\"@id\":\"https:\\\/\\\/batijournal.com\\\/#\\\/schema\\\/person\\\/1dc96ec6957aa1ccb25ebe78bb19f100\",\"name\":\"St\u00e9phane Miget\",\"image\":{\"@type\":\"ImageObject\",\"inLanguage\":\"fr-FR\",\"@id\":\"https:\\\/\\\/secure.gravatar.com\\\/avatar\\\/89915563d925342126b8ef0281b93d9d7fc337043e8df017f780908eb9644451?s=96&d=mm&r=g\",\"url\":\"https:\\\/\\\/secure.gravatar.com\\\/avatar\\\/89915563d925342126b8ef0281b93d9d7fc337043e8df017f780908eb9644451?s=96&d=mm&r=g\",\"contentUrl\":\"https:\\\/\\\/secure.gravatar.com\\\/avatar\\\/89915563d925342126b8ef0281b93d9d7fc337043e8df017f780908eb9644451?s=96&d=mm&r=g\",\"caption\":\"St\u00e9phane Miget\"},\"url\":\"https:\\\/\\\/batijournal.com\\\/index.php\\\/author\\\/stephane\\\/\"}]}<\/script>\n<!-- \/ Yoast SEO plugin. -->","yoast_head_json":{"title":"Signature du contrat de parc 2018-2020 du Parc naturel r\u00e9gional de la Haute Vall\u00e9e de Chevreuse","robots":{"index":"index","follow":"follow","max-snippet":"max-snippet:-1","max-image-preview":"max-image-preview:large","max-video-preview":"max-video-preview:-1"},"canonical":"https:\/\/batijournal.com\/index.php\/signature-contrat-de-parc-2018-2020-parc-naturel-regional-de-haute-vallee-de-chevreuse\/98632\/","og_locale":"fr_FR","og_type":"article","og_title":"Signature du contrat de parc 2018-2020 du Parc naturel r\u00e9gional de la Haute Vall\u00e9e de Chevreuse","og_description":"Val\u00e9rie P\u00e9cresse, Pr\u00e9sidente de la R\u00e9gion \u00cele-de-France, et Yves Vandewalle, Pr\u00e9sident du Parc naturel r\u00e9gional de la Haute Vall\u00e9e de Chevreuse, ont sign\u00e9 le contrat de parc 2018-2020 entre l&rsquo;\u00c9tat, la R\u00e9gion et le Parc, en pr\u00e9sence de Michel Heuz\u00e9, sous-pr\u00e9fet de Rambouillet, repr\u00e9sentant de l&rsquo;\u00c9tat. Les actions pr\u00e9vues portent sur la valorisation d&rsquo;un secteur [&hellip;]","og_url":"https:\/\/batijournal.com\/index.php\/signature-contrat-de-parc-2018-2020-parc-naturel-regional-de-haute-vallee-de-chevreuse\/98632\/","og_site_name":"Batijournal","article_published_time":"2018-03-14T06:41:25+00:00","article_modified_time":"2019-07-15T09:15:12+00:00","og_image":[{"width":800,"height":600,"url":"https:\/\/batijournal.com\/wp-content\/uploads\/2018\/03\/PNR_Vallee-Chevreuse.jpg","type":"image\/jpeg"}],"author":"St\u00e9phane Miget","twitter_card":"summary_large_image","twitter_creator":"@bati_journal","twitter_site":"@bati_journal","twitter_misc":{"\u00c9crit par":"St\u00e9phane Miget","Dur\u00e9e de lecture estim\u00e9e":"1 minute"},"schema":{"@context":"https:\/\/schema.org","@graph":[{"@type":"Article","@id":"https:\/\/batijournal.com\/index.php\/signature-contrat-de-parc-2018-2020-parc-naturel-regional-de-haute-vallee-de-chevreuse\/98632\/#article","isPartOf":{"@id":"https:\/\/batijournal.com\/index.php\/signature-contrat-de-parc-2018-2020-parc-naturel-regional-de-haute-vallee-de-chevreuse\/98632\/"},"author":{"name":"St\u00e9phane Miget","@id":"https:\/\/batijournal.com\/#\/schema\/person\/1dc96ec6957aa1ccb25ebe78bb19f100"},"headline":"Signature du contrat de parc 2018-2020 du Parc naturel r\u00e9gional de la Haute Vall\u00e9e de Chevreuse","datePublished":"2018-03-14T06:41:25+00:00","dateModified":"2019-07-15T09:15:12+00:00","mainEntityOfPage":{"@id":"https:\/\/batijournal.com\/index.php\/signature-contrat-de-parc-2018-2020-parc-naturel-regional-de-haute-vallee-de-chevreuse\/98632\/"},"wordCount":193,"image":{"@id":"https:\/\/batijournal.com\/index.php\/signature-contrat-de-parc-2018-2020-parc-naturel-regional-de-haute-vallee-de-chevreuse\/98632\/#primaryimage"},"thumbnailUrl":"https:\/\/batijournal.com\/wp-content\/uploads\/2018\/03\/PNR_Vallee-Chevreuse.jpg","keywords":["parc naturel"],"articleSection":["Actualit\u00e9s","Architecture &amp; Conception","zz_Atrium Patrimoine"],"inLanguage":"fr-FR"},{"@type":"WebPage","@id":"https:\/\/batijournal.com\/index.php\/signature-contrat-de-parc-2018-2020-parc-naturel-regional-de-haute-vallee-de-chevreuse\/98632\/","url":"https:\/\/batijournal.com\/index.php\/signature-contrat-de-parc-2018-2020-parc-naturel-regional-de-haute-vallee-de-chevreuse\/98632\/","name":"Signature du contrat de parc 2018-2020 du Parc naturel r\u00e9gional de la Haute Vall\u00e9e de Chevreuse","isPartOf":{"@id":"https:\/\/batijournal.com\/#website"},"primaryImageOfPage":{"@id":"https:\/\/batijournal.com\/index.php\/signature-contrat-de-parc-2018-2020-parc-naturel-regional-de-haute-vallee-de-chevreuse\/98632\/#primaryimage"},"image":{"@id":"https:\/\/batijournal.com\/index.php\/signature-contrat-de-parc-2018-2020-parc-naturel-regional-de-haute-vallee-de-chevreuse\/98632\/#primaryimage"},"thumbnailUrl":"https:\/\/batijournal.com\/wp-content\/uploads\/2018\/03\/PNR_Vallee-Chevreuse.jpg","datePublished":"2018-03-14T06:41:25+00:00","dateModified":"2019-07-15T09:15:12+00:00","author":{"@id":"https:\/\/batijournal.com\/#\/schema\/person\/1dc96ec6957aa1ccb25ebe78bb19f100"},"breadcrumb":{"@id":"https:\/\/batijournal.com\/index.php\/signature-contrat-de-parc-2018-2020-parc-naturel-regional-de-haute-vallee-de-chevreuse\/98632\/#breadcrumb"},"inLanguage":"fr-FR","potentialAction":[{"@type":"ReadAction","target":["https:\/\/batijournal.com\/index.php\/signature-contrat-de-parc-2018-2020-parc-naturel-regional-de-haute-vallee-de-chevreuse\/98632\/"]}]},{"@type":"ImageObject","inLanguage":"fr-FR","@id":"https:\/\/batijournal.com\/index.php\/signature-contrat-de-parc-2018-2020-parc-naturel-regional-de-haute-vallee-de-chevreuse\/98632\/#primaryimage","url":"https:\/\/batijournal.com\/wp-content\/uploads\/2018\/03\/PNR_Vallee-Chevreuse.jpg","contentUrl":"https:\/\/batijournal.com\/wp-content\/uploads\/2018\/03\/PNR_Vallee-Chevreuse.jpg","width":800,"height":600},{"@type":"BreadcrumbList","@id":"https:\/\/batijournal.com\/index.php\/signature-contrat-de-parc-2018-2020-parc-naturel-regional-de-haute-vallee-de-chevreuse\/98632\/#breadcrumb","itemListElement":[{"@type":"ListItem","position":1,"name":"Accueil","item":"https:\/\/batijournal.com\/"},{"@type":"ListItem","position":2,"name":"Actualit\u00e9s","item":"https:\/\/batijournal.com\/index.php\/category\/actualites\/"},{"@type":"ListItem","position":3,"name":"Signature du contrat de parc 2018-2020 du Parc naturel r\u00e9gional de la Haute Vall\u00e9e de Chevreuse"}]},{"@type":"WebSite","@id":"https:\/\/batijournal.com\/#website","url":"https:\/\/batijournal.com\/","name":"Batijournal","description":"L&#039;actualit\u00e9 du b\u00e2timent","potentialAction":[{"@type":"SearchAction","target":{"@type":"EntryPoint","urlTemplate":"https:\/\/batijournal.com\/?s={search_term_string}"},"query-input":{"@type":"PropertyValueSpecification","valueRequired":true,"valueName":"search_term_string"}}],"inLanguage":"fr-FR"},{"@type":"Person","@id":"https:\/\/batijournal.com\/#\/schema\/person\/1dc96ec6957aa1ccb25ebe78bb19f100","name":"St\u00e9phane Miget","image":{"@type":"ImageObject","inLanguage":"fr-FR","@id":"https:\/\/secure.gravatar.com\/avatar\/89915563d925342126b8ef0281b93d9d7fc337043e8df017f780908eb9644451?s=96&d=mm&r=g","url":"https:\/\/secure.gravatar.com\/avatar\/89915563d925342126b8ef0281b93d9d7fc337043e8df017f780908eb9644451?s=96&d=mm&r=g","contentUrl":"https:\/\/secure.gravatar.com\/avatar\/89915563d925342126b8ef0281b93d9d7fc337043e8df017f780908eb9644451?s=96&d=mm&r=g","caption":"St\u00e9phane Miget"},"url":"https:\/\/batijournal.com\/index.php\/author\/stephane\/"}]}},"_links":{"self":[{"href":"https:\/\/batijournal.com\/index.php\/wp-json\/wp\/v2\/posts\/98632","targetHints":{"allow":["GET"]}}],"collection":[{"href":"https:\/\/batijournal.com\/index.php\/wp-json\/wp\/v2\/posts"}],"about":[{"href":"https:\/\/batijournal.com\/index.php\/wp-json\/wp\/v2\/types\/post"}],"author":[{"embeddable":true,"href":"https:\/\/batijournal.com\/index.php\/wp-json\/wp\/v2\/users\/17"}],"replies":[{"embeddable":true,"href":"https:\/\/batijournal.com\/index.php\/wp-json\/wp\/v2\/comments?post=98632"}],"version-history":[{"count":0,"href":"https:\/\/batijournal.com\/index.php\/wp-json\/wp\/v2\/posts\/98632\/revisions"}],"wp:featuredmedia":[{"embeddable":true,"href":"https:\/\/batijournal.com\/index.php\/wp-json\/wp\/v2\/media\/98633"}],"wp:attachment":[{"href":"https:\/\/batijournal.com\/index.php\/wp-json\/wp\/v2\/media?parent=98632"}],"wp:term":[{"taxonomy":"category","embeddable":true,"href":"https:\/\/batijournal.com\/index.php\/wp-json\/wp\/v2\/categories?post=98632"},{"taxonomy":"post_tag","embeddable":true,"href":"https:\/\/batijournal.com\/index.php\/wp-json\/wp\/v2\/tags?post=98632"}],"curies":[{"name":"wp","href":"https:\/\/api.w.org\/{rel}","templated":true}]}}