{"id":98634,"date":"2018-03-14T08:01:48","date_gmt":"2018-03-14T07:01:48","guid":{"rendered":"http:\/\/batijournal.com\/?p=98634"},"modified":"2018-03-14T08:01:48","modified_gmt":"2018-03-14T07:01:48","slug":"culture-architecturale-francais","status":"publish","type":"post","link":"https:\/\/batijournal.com\/index.php\/culture-architecturale-francais\/98634\/","title":{"rendered":"La culture architecturale des Fran\u00e7ais"},"content":{"rendered":"<p>L&rsquo;architecture reste une discipline peu connue des Fran\u00e7ais. Le minist\u00e8re de la Culture publie La Culture architecturale des Fran\u00e7ais dans la collection \u00ab Questions de culture \u00bb, en co\u00e9dition avec les Presses de Sciences Po. L&rsquo;ouvrage restitue les r\u00e9sultats d&rsquo;une vaste enqu\u00eate interrogeant diff\u00e9rents publics sur leur connaissance d&rsquo;une discipline et d&rsquo;une profession qui engagent le rapport du citoyen \u00e0 l&rsquo;espace b\u00e2ti dans lequel il vit. Il est construit en quatre chapitres, confronte plusieurs visions de l\u2019architecture : une vision experte et inform\u00e9e, celle des jeunes dipl\u00f4m\u00e9s et des architectes en activit\u00e9, une vision profane ; celle de la population fran\u00e7aise, cat\u00e9goris\u00e9e en diff\u00e9rents groupes selon le go\u00fbt et l\u2019app\u00e9tence pour la discipline, et enfin la perception des m\u00e9diateurs, dont la mission, les activit\u00e9s et les comp\u00e9tences consistent \u00e0 mieux faire conna\u00eetre l\u2019architecture \u00e0 tous et \u00e0 susciter un plus grand d\u00e9sir d\u2019architecture.<\/p>\n<p>Presses de Sciences Po \u2013 Minist\u00e8re de la Culture<br \/>\nCollection \u00ab Questions de culture \u00bb<br \/>\nISBN 978-2-72462185-3<br \/>\n248 pages &#8211; 22 euros<\/p>\n<p>&nbsp;<\/p>\n","protected":false},"excerpt":{"rendered":"<p>L&rsquo;architecture reste une discipline peu connue des Fran\u00e7ais. Le minist\u00e8re de la Culture publie La Culture architecturale des Fran\u00e7ais dans la collection \u00ab Questions de culture \u00bb, en co\u00e9dition avec les Presses de Sciences Po. L&rsquo;ouvrage restitue les r\u00e9sultats d&rsquo;une vaste enqu\u00eate interrogeant diff\u00e9rents publics sur leur connaissance d&rsquo;une discipline et d&rsquo;une profession qui engagent [&hellip;]<\/p>\n","protected":false},"author":17,"featured_media":98635,"comment_status":"closed","ping_status":"closed","sticky":false,"template":"","format":"standard","meta":{"_et_pb_use_builder":"","_et_pb_old_content":"","_et_gb_content_width":"","footnotes":""},"categories":[10530,6340,10789,10785],"tags":[],"class_list":["post-98634","post","type-post","status-publish","format-standard","has-post-thumbnail","hentry","category-actualites","category-architecture-conception","category-publications-atrium","category-atrium"],"yoast_head":"<!-- This site is optimized with the Yoast SEO plugin v27.4 - https:\/\/yoast.com\/product\/yoast-seo-wordpress\/ -->\n<title>La culture architecturale des Fran\u00e7ais<\/title>\n<meta name=\"robots\" content=\"index, follow, max-snippet:-1, max-image-preview:large, max-video-preview:-1\" \/>\n<link rel=\"canonical\" href=\"https:\/\/batijournal.com\/index.php\/culture-architecturale-francais\/98634\/\" \/>\n<meta property=\"og:locale\" content=\"fr_FR\" \/>\n<meta property=\"og:type\" content=\"article\" \/>\n<meta property=\"og:title\" content=\"La culture architecturale des Fran\u00e7ais\" \/>\n<meta property=\"og:description\" content=\"L&rsquo;architecture reste une discipline peu connue des Fran\u00e7ais. Le minist\u00e8re de la Culture publie La Culture architecturale des Fran\u00e7ais dans la collection \u00ab Questions de culture \u00bb, en co\u00e9dition avec les Presses de Sciences Po. L&rsquo;ouvrage restitue les r\u00e9sultats d&rsquo;une vaste enqu\u00eate interrogeant diff\u00e9rents publics sur leur connaissance d&rsquo;une discipline et d&rsquo;une profession qui engagent [&hellip;]\" \/>\n<meta property=\"og:url\" content=\"https:\/\/batijournal.com\/index.php\/culture-architecturale-francais\/98634\/\" \/>\n<meta property=\"og:site_name\" content=\"Batijournal\" \/>\n<meta property=\"article:published_time\" content=\"2018-03-14T07:01:48+00:00\" \/>\n<meta property=\"og:image\" content=\"https:\/\/batijournal.com\/wp-content\/uploads\/2018\/03\/La-culture-architecturale-des-Francais.jpg\" \/>\n\t<meta property=\"og:image:width\" content=\"330\" \/>\n\t<meta property=\"og:image:height\" content=\"500\" \/>\n\t<meta property=\"og:image:type\" content=\"image\/jpeg\" \/>\n<meta name=\"author\" content=\"St\u00e9phane Miget\" \/>\n<meta name=\"twitter:card\" content=\"summary_large_image\" \/>\n<meta name=\"twitter:creator\" content=\"@bati_journal\" \/>\n<meta name=\"twitter:site\" content=\"@bati_journal\" \/>\n<meta name=\"twitter:label1\" content=\"\u00c9crit par\" \/>\n\t<meta name=\"twitter:data1\" content=\"St\u00e9phane Miget\" \/>\n\t<meta name=\"twitter:label2\" content=\"Dur\u00e9e de lecture estim\u00e9e\" \/>\n\t<meta name=\"twitter:data2\" content=\"1 minute\" \/>\n<script type=\"application\/ld+json\" class=\"yoast-schema-graph\">{\"@context\":\"https:\\\/\\\/schema.org\",\"@graph\":[{\"@type\":\"Article\",\"@id\":\"https:\\\/\\\/batijournal.com\\\/index.php\\\/culture-architecturale-francais\\\/98634\\\/#article\",\"isPartOf\":{\"@id\":\"https:\\\/\\\/batijournal.com\\\/index.php\\\/culture-architecturale-francais\\\/98634\\\/\"},\"author\":{\"name\":\"St\u00e9phane Miget\",\"@id\":\"https:\\\/\\\/batijournal.com\\\/#\\\/schema\\\/person\\\/1dc96ec6957aa1ccb25ebe78bb19f100\"},\"headline\":\"La culture architecturale des Fran\u00e7ais\",\"datePublished\":\"2018-03-14T07:01:48+00:00\",\"mainEntityOfPage\":{\"@id\":\"https:\\\/\\\/batijournal.com\\\/index.php\\\/culture-architecturale-francais\\\/98634\\\/\"},\"wordCount\":194,\"image\":{\"@id\":\"https:\\\/\\\/batijournal.com\\\/index.php\\\/culture-architecturale-francais\\\/98634\\\/#primaryimage\"},\"thumbnailUrl\":\"https:\\\/\\\/batijournal.com\\\/wp-content\\\/uploads\\\/2018\\\/03\\\/La-culture-architecturale-des-Francais.jpg\",\"articleSection\":[\"Actualit\u00e9s\",\"Architecture &amp; Conception\",\"zz_Actualit\u00e9s - Atrium\",\"zz_Atrium Patrimoine\"],\"inLanguage\":\"fr-FR\"},{\"@type\":\"WebPage\",\"@id\":\"https:\\\/\\\/batijournal.com\\\/index.php\\\/culture-architecturale-francais\\\/98634\\\/\",\"url\":\"https:\\\/\\\/batijournal.com\\\/index.php\\\/culture-architecturale-francais\\\/98634\\\/\",\"name\":\"La culture architecturale des Fran\u00e7ais\",\"isPartOf\":{\"@id\":\"https:\\\/\\\/batijournal.com\\\/#website\"},\"primaryImageOfPage\":{\"@id\":\"https:\\\/\\\/batijournal.com\\\/index.php\\\/culture-architecturale-francais\\\/98634\\\/#primaryimage\"},\"image\":{\"@id\":\"https:\\\/\\\/batijournal.com\\\/index.php\\\/culture-architecturale-francais\\\/98634\\\/#primaryimage\"},\"thumbnailUrl\":\"https:\\\/\\\/batijournal.com\\\/wp-content\\\/uploads\\\/2018\\\/03\\\/La-culture-architecturale-des-Francais.jpg\",\"datePublished\":\"2018-03-14T07:01:48+00:00\",\"author\":{\"@id\":\"https:\\\/\\\/batijournal.com\\\/#\\\/schema\\\/person\\\/1dc96ec6957aa1ccb25ebe78bb19f100\"},\"breadcrumb\":{\"@id\":\"https:\\\/\\\/batijournal.com\\\/index.php\\\/culture-architecturale-francais\\\/98634\\\/#breadcrumb\"},\"inLanguage\":\"fr-FR\",\"potentialAction\":[{\"@type\":\"ReadAction\",\"target\":[\"https:\\\/\\\/batijournal.com\\\/index.php\\\/culture-architecturale-francais\\\/98634\\\/\"]}]},{\"@type\":\"ImageObject\",\"inLanguage\":\"fr-FR\",\"@id\":\"https:\\\/\\\/batijournal.com\\\/index.php\\\/culture-architecturale-francais\\\/98634\\\/#primaryimage\",\"url\":\"https:\\\/\\\/batijournal.com\\\/wp-content\\\/uploads\\\/2018\\\/03\\\/La-culture-architecturale-des-Francais.jpg\",\"contentUrl\":\"https:\\\/\\\/batijournal.com\\\/wp-content\\\/uploads\\\/2018\\\/03\\\/La-culture-architecturale-des-Francais.jpg\",\"width\":330,\"height\":500},{\"@type\":\"BreadcrumbList\",\"@id\":\"https:\\\/\\\/batijournal.com\\\/index.php\\\/culture-architecturale-francais\\\/98634\\\/#breadcrumb\",\"itemListElement\":[{\"@type\":\"ListItem\",\"position\":1,\"name\":\"Accueil\",\"item\":\"https:\\\/\\\/batijournal.com\\\/\"},{\"@type\":\"ListItem\",\"position\":2,\"name\":\"Actualit\u00e9s\",\"item\":\"https:\\\/\\\/batijournal.com\\\/index.php\\\/category\\\/actualites\\\/\"},{\"@type\":\"ListItem\",\"position\":3,\"name\":\"La culture architecturale des Fran\u00e7ais\"}]},{\"@type\":\"WebSite\",\"@id\":\"https:\\\/\\\/batijournal.com\\\/#website\",\"url\":\"https:\\\/\\\/batijournal.com\\\/\",\"name\":\"Batijournal\",\"description\":\"L&#039;actualit\u00e9 du b\u00e2timent\",\"potentialAction\":[{\"@type\":\"SearchAction\",\"target\":{\"@type\":\"EntryPoint\",\"urlTemplate\":\"https:\\\/\\\/batijournal.com\\\/?s={search_term_string}\"},\"query-input\":{\"@type\":\"PropertyValueSpecification\",\"valueRequired\":true,\"valueName\":\"search_term_string\"}}],\"inLanguage\":\"fr-FR\"},{\"@type\":\"Person\",\"@id\":\"https:\\\/\\\/batijournal.com\\\/#\\\/schema\\\/person\\\/1dc96ec6957aa1ccb25ebe78bb19f100\",\"name\":\"St\u00e9phane Miget\",\"image\":{\"@type\":\"ImageObject\",\"inLanguage\":\"fr-FR\",\"@id\":\"https:\\\/\\\/secure.gravatar.com\\\/avatar\\\/89915563d925342126b8ef0281b93d9d7fc337043e8df017f780908eb9644451?s=96&d=mm&r=g\",\"url\":\"https:\\\/\\\/secure.gravatar.com\\\/avatar\\\/89915563d925342126b8ef0281b93d9d7fc337043e8df017f780908eb9644451?s=96&d=mm&r=g\",\"contentUrl\":\"https:\\\/\\\/secure.gravatar.com\\\/avatar\\\/89915563d925342126b8ef0281b93d9d7fc337043e8df017f780908eb9644451?s=96&d=mm&r=g\",\"caption\":\"St\u00e9phane Miget\"},\"url\":\"https:\\\/\\\/batijournal.com\\\/index.php\\\/author\\\/stephane\\\/\"}]}<\/script>\n<!-- \/ Yoast SEO plugin. -->","yoast_head_json":{"title":"La culture architecturale des Fran\u00e7ais","robots":{"index":"index","follow":"follow","max-snippet":"max-snippet:-1","max-image-preview":"max-image-preview:large","max-video-preview":"max-video-preview:-1"},"canonical":"https:\/\/batijournal.com\/index.php\/culture-architecturale-francais\/98634\/","og_locale":"fr_FR","og_type":"article","og_title":"La culture architecturale des Fran\u00e7ais","og_description":"L&rsquo;architecture reste une discipline peu connue des Fran\u00e7ais. Le minist\u00e8re de la Culture publie La Culture architecturale des Fran\u00e7ais dans la collection \u00ab Questions de culture \u00bb, en co\u00e9dition avec les Presses de Sciences Po. L&rsquo;ouvrage restitue les r\u00e9sultats d&rsquo;une vaste enqu\u00eate interrogeant diff\u00e9rents publics sur leur connaissance d&rsquo;une discipline et d&rsquo;une profession qui engagent [&hellip;]","og_url":"https:\/\/batijournal.com\/index.php\/culture-architecturale-francais\/98634\/","og_site_name":"Batijournal","article_published_time":"2018-03-14T07:01:48+00:00","og_image":[{"width":330,"height":500,"url":"https:\/\/batijournal.com\/wp-content\/uploads\/2018\/03\/La-culture-architecturale-des-Francais.jpg","type":"image\/jpeg"}],"author":"St\u00e9phane Miget","twitter_card":"summary_large_image","twitter_creator":"@bati_journal","twitter_site":"@bati_journal","twitter_misc":{"\u00c9crit par":"St\u00e9phane Miget","Dur\u00e9e de lecture estim\u00e9e":"1 minute"},"schema":{"@context":"https:\/\/schema.org","@graph":[{"@type":"Article","@id":"https:\/\/batijournal.com\/index.php\/culture-architecturale-francais\/98634\/#article","isPartOf":{"@id":"https:\/\/batijournal.com\/index.php\/culture-architecturale-francais\/98634\/"},"author":{"name":"St\u00e9phane Miget","@id":"https:\/\/batijournal.com\/#\/schema\/person\/1dc96ec6957aa1ccb25ebe78bb19f100"},"headline":"La culture architecturale des Fran\u00e7ais","datePublished":"2018-03-14T07:01:48+00:00","mainEntityOfPage":{"@id":"https:\/\/batijournal.com\/index.php\/culture-architecturale-francais\/98634\/"},"wordCount":194,"image":{"@id":"https:\/\/batijournal.com\/index.php\/culture-architecturale-francais\/98634\/#primaryimage"},"thumbnailUrl":"https:\/\/batijournal.com\/wp-content\/uploads\/2018\/03\/La-culture-architecturale-des-Francais.jpg","articleSection":["Actualit\u00e9s","Architecture &amp; Conception","zz_Actualit\u00e9s - Atrium","zz_Atrium Patrimoine"],"inLanguage":"fr-FR"},{"@type":"WebPage","@id":"https:\/\/batijournal.com\/index.php\/culture-architecturale-francais\/98634\/","url":"https:\/\/batijournal.com\/index.php\/culture-architecturale-francais\/98634\/","name":"La culture architecturale des Fran\u00e7ais","isPartOf":{"@id":"https:\/\/batijournal.com\/#website"},"primaryImageOfPage":{"@id":"https:\/\/batijournal.com\/index.php\/culture-architecturale-francais\/98634\/#primaryimage"},"image":{"@id":"https:\/\/batijournal.com\/index.php\/culture-architecturale-francais\/98634\/#primaryimage"},"thumbnailUrl":"https:\/\/batijournal.com\/wp-content\/uploads\/2018\/03\/La-culture-architecturale-des-Francais.jpg","datePublished":"2018-03-14T07:01:48+00:00","author":{"@id":"https:\/\/batijournal.com\/#\/schema\/person\/1dc96ec6957aa1ccb25ebe78bb19f100"},"breadcrumb":{"@id":"https:\/\/batijournal.com\/index.php\/culture-architecturale-francais\/98634\/#breadcrumb"},"inLanguage":"fr-FR","potentialAction":[{"@type":"ReadAction","target":["https:\/\/batijournal.com\/index.php\/culture-architecturale-francais\/98634\/"]}]},{"@type":"ImageObject","inLanguage":"fr-FR","@id":"https:\/\/batijournal.com\/index.php\/culture-architecturale-francais\/98634\/#primaryimage","url":"https:\/\/batijournal.com\/wp-content\/uploads\/2018\/03\/La-culture-architecturale-des-Francais.jpg","contentUrl":"https:\/\/batijournal.com\/wp-content\/uploads\/2018\/03\/La-culture-architecturale-des-Francais.jpg","width":330,"height":500},{"@type":"BreadcrumbList","@id":"https:\/\/batijournal.com\/index.php\/culture-architecturale-francais\/98634\/#breadcrumb","itemListElement":[{"@type":"ListItem","position":1,"name":"Accueil","item":"https:\/\/batijournal.com\/"},{"@type":"ListItem","position":2,"name":"Actualit\u00e9s","item":"https:\/\/batijournal.com\/index.php\/category\/actualites\/"},{"@type":"ListItem","position":3,"name":"La culture architecturale des Fran\u00e7ais"}]},{"@type":"WebSite","@id":"https:\/\/batijournal.com\/#website","url":"https:\/\/batijournal.com\/","name":"Batijournal","description":"L&#039;actualit\u00e9 du b\u00e2timent","potentialAction":[{"@type":"SearchAction","target":{"@type":"EntryPoint","urlTemplate":"https:\/\/batijournal.com\/?s={search_term_string}"},"query-input":{"@type":"PropertyValueSpecification","valueRequired":true,"valueName":"search_term_string"}}],"inLanguage":"fr-FR"},{"@type":"Person","@id":"https:\/\/batijournal.com\/#\/schema\/person\/1dc96ec6957aa1ccb25ebe78bb19f100","name":"St\u00e9phane Miget","image":{"@type":"ImageObject","inLanguage":"fr-FR","@id":"https:\/\/secure.gravatar.com\/avatar\/89915563d925342126b8ef0281b93d9d7fc337043e8df017f780908eb9644451?s=96&d=mm&r=g","url":"https:\/\/secure.gravatar.com\/avatar\/89915563d925342126b8ef0281b93d9d7fc337043e8df017f780908eb9644451?s=96&d=mm&r=g","contentUrl":"https:\/\/secure.gravatar.com\/avatar\/89915563d925342126b8ef0281b93d9d7fc337043e8df017f780908eb9644451?s=96&d=mm&r=g","caption":"St\u00e9phane Miget"},"url":"https:\/\/batijournal.com\/index.php\/author\/stephane\/"}]}},"_links":{"self":[{"href":"https:\/\/batijournal.com\/index.php\/wp-json\/wp\/v2\/posts\/98634","targetHints":{"allow":["GET"]}}],"collection":[{"href":"https:\/\/batijournal.com\/index.php\/wp-json\/wp\/v2\/posts"}],"about":[{"href":"https:\/\/batijournal.com\/index.php\/wp-json\/wp\/v2\/types\/post"}],"author":[{"embeddable":true,"href":"https:\/\/batijournal.com\/index.php\/wp-json\/wp\/v2\/users\/17"}],"replies":[{"embeddable":true,"href":"https:\/\/batijournal.com\/index.php\/wp-json\/wp\/v2\/comments?post=98634"}],"version-history":[{"count":0,"href":"https:\/\/batijournal.com\/index.php\/wp-json\/wp\/v2\/posts\/98634\/revisions"}],"wp:featuredmedia":[{"embeddable":true,"href":"https:\/\/batijournal.com\/index.php\/wp-json\/wp\/v2\/media\/98635"}],"wp:attachment":[{"href":"https:\/\/batijournal.com\/index.php\/wp-json\/wp\/v2\/media?parent=98634"}],"wp:term":[{"taxonomy":"category","embeddable":true,"href":"https:\/\/batijournal.com\/index.php\/wp-json\/wp\/v2\/categories?post=98634"},{"taxonomy":"post_tag","embeddable":true,"href":"https:\/\/batijournal.com\/index.php\/wp-json\/wp\/v2\/tags?post=98634"}],"curies":[{"name":"wp","href":"https:\/\/api.w.org\/{rel}","templated":true}]}}