{"id":98636,"date":"2018-03-14T08:25:27","date_gmt":"2018-03-14T07:25:27","guid":{"rendered":"http:\/\/batijournal.com\/?p=98636"},"modified":"2019-07-15T11:15:12","modified_gmt":"2019-07-15T09:15:12","slug":"chemins-de-saint-jacques-de-compostelle-inscrits-20-ans-patrimoine-mondial","status":"publish","type":"post","link":"https:\/\/batijournal.com\/index.php\/chemins-de-saint-jacques-de-compostelle-inscrits-20-ans-patrimoine-mondial\/98636\/","title":{"rendered":"Les chemins de Saint-Jacques de Compostelle sont inscrits depuis 20 ans au patrimoine mondial"},"content":{"rendered":"<p>Il y a 20 ans, le comit\u00e9 du patrimoine mondial a inscrit les \u00ab Chemins de Saint-Jacques de Compostelle en France \u00bb sur la Liste du patrimoine mondial. L\u2019inscription a retenu 71 monuments et ensembles monumentaux associ\u00e9s au p\u00e8lerinage et \u00e0 titre d\u2019exemple 7 tron\u00e7ons de sentier. Il s\u2019\u00e9tend sur 10 des 13 r\u00e9gions m\u00e9tropolitaines. Comme tous les biens inscrits sur la Liste du patrimoine mondial, il se d\u00e9finit par sa Valeur universelle exceptionnelle. \u00c0 l\u2019occasion du 20e anniversaire de son inscription, le minist\u00e8re de la Culture, garant de la gestion et de la valorisation du bien devant la communaut\u00e9 internationale, et l\u2018Acir Compostelle, t\u00eate de r\u00e9seau du bien, ont souhait\u00e9, en concertation avec les collectivit\u00e9s propri\u00e9taires des composantes du bien, faire d\u00e9couvrir sa richesse patrimoniale. En 2018, plus d\u2019une centaine d\u2019\u00e9v\u00e9nements se d\u00e9rouleront dans bon nombre des composantes du bien, certains ayant b\u00e9n\u00e9fici\u00e9 du label \u00ab\u00a0Chemins de Compostelle, patrimoine mondial-20 ans\u00a0\u00bb mis en place par l\u2019Acir Compostelle et l&rsquo;\u00c9tat : colloques et journ\u00e9es d&rsquo;\u00e9tudes dans plusieurs r\u00e9gions, op\u00e9rations de restauration et d&rsquo;entretien du petit patrimoine rural, expositions, conf\u00e9rences et visites th\u00e9matiques, ateliers de sensibilisation pour le jeune public, spectacles&#8230; Pr\u00e9vu d\u00e9but avril, le lancement officiel de cet anniversaire permettra de d\u00e9couvrir l\u2019ensemble des manifestations qui honoreront cette inscription sur la Liste du patrimoine mondial.<\/p>\n<p><a href=\"http:\/\/www.chemins-compostelle.com\" target=\"_blank\" rel=\"noopener noreferrer\">http:\/\/www.chemins-compostelle.com<\/a><\/p>\n<p>&nbsp;<\/p>\n","protected":false},"excerpt":{"rendered":"<p>Il y a 20 ans, le comit\u00e9 du patrimoine mondial a inscrit les \u00ab Chemins de Saint-Jacques de Compostelle en France \u00bb sur la Liste du patrimoine mondial. L\u2019inscription a retenu 71 monuments et ensembles monumentaux associ\u00e9s au p\u00e8lerinage et \u00e0 titre d\u2019exemple 7 tron\u00e7ons de sentier. Il s\u2019\u00e9tend sur 10 des 13 r\u00e9gions m\u00e9tropolitaines. [&hellip;]<\/p>\n","protected":false},"author":17,"featured_media":98638,"comment_status":"closed","ping_status":"closed","sticky":false,"template":"","format":"standard","meta":{"_et_pb_use_builder":"","_et_pb_old_content":"","_et_gb_content_width":"","footnotes":""},"categories":[10530,6340,10785],"tags":[8381],"class_list":["post-98636","post","type-post","status-publish","format-standard","has-post-thumbnail","hentry","category-actualites","category-architecture-conception","category-atrium","tag-patrimoine-mondial"],"yoast_head":"<!-- This site is optimized with the Yoast SEO plugin v27.4 - https:\/\/yoast.com\/product\/yoast-seo-wordpress\/ -->\n<title>Les chemins de Saint-Jacques de Compostelle sont inscrits depuis 20 ans au patrimoine mondial<\/title>\n<meta name=\"robots\" content=\"index, follow, max-snippet:-1, max-image-preview:large, max-video-preview:-1\" \/>\n<link rel=\"canonical\" href=\"https:\/\/batijournal.com\/index.php\/chemins-de-saint-jacques-de-compostelle-inscrits-20-ans-patrimoine-mondial\/98636\/\" \/>\n<meta property=\"og:locale\" content=\"fr_FR\" \/>\n<meta property=\"og:type\" content=\"article\" \/>\n<meta property=\"og:title\" content=\"Les chemins de Saint-Jacques de Compostelle sont inscrits depuis 20 ans au patrimoine mondial\" \/>\n<meta property=\"og:description\" content=\"Il y a 20 ans, le comit\u00e9 du patrimoine mondial a inscrit les \u00ab Chemins de Saint-Jacques de Compostelle en France \u00bb sur la Liste du patrimoine mondial. L\u2019inscription a retenu 71 monuments et ensembles monumentaux associ\u00e9s au p\u00e8lerinage et \u00e0 titre d\u2019exemple 7 tron\u00e7ons de sentier. Il s\u2019\u00e9tend sur 10 des 13 r\u00e9gions m\u00e9tropolitaines. [&hellip;]\" \/>\n<meta property=\"og:url\" content=\"https:\/\/batijournal.com\/index.php\/chemins-de-saint-jacques-de-compostelle-inscrits-20-ans-patrimoine-mondial\/98636\/\" \/>\n<meta property=\"og:site_name\" content=\"Batijournal\" \/>\n<meta property=\"article:published_time\" content=\"2018-03-14T07:25:27+00:00\" \/>\n<meta property=\"article:modified_time\" content=\"2019-07-15T09:15:12+00:00\" \/>\n<meta property=\"og:image\" content=\"https:\/\/batijournal.com\/wp-content\/uploads\/2018\/03\/chemin-ancien.jpg\" \/>\n\t<meta property=\"og:image:width\" content=\"1200\" \/>\n\t<meta property=\"og:image:height\" content=\"712\" \/>\n\t<meta property=\"og:image:type\" content=\"image\/jpeg\" \/>\n<meta name=\"author\" content=\"St\u00e9phane Miget\" \/>\n<meta name=\"twitter:card\" content=\"summary_large_image\" \/>\n<meta name=\"twitter:creator\" content=\"@bati_journal\" \/>\n<meta name=\"twitter:site\" content=\"@bati_journal\" \/>\n<meta name=\"twitter:label1\" content=\"\u00c9crit par\" \/>\n\t<meta name=\"twitter:data1\" content=\"St\u00e9phane Miget\" \/>\n\t<meta name=\"twitter:label2\" content=\"Dur\u00e9e de lecture estim\u00e9e\" \/>\n\t<meta name=\"twitter:data2\" content=\"1 minute\" \/>\n<script type=\"application\/ld+json\" class=\"yoast-schema-graph\">{\"@context\":\"https:\\\/\\\/schema.org\",\"@graph\":[{\"@type\":\"Article\",\"@id\":\"https:\\\/\\\/batijournal.com\\\/index.php\\\/chemins-de-saint-jacques-de-compostelle-inscrits-20-ans-patrimoine-mondial\\\/98636\\\/#article\",\"isPartOf\":{\"@id\":\"https:\\\/\\\/batijournal.com\\\/index.php\\\/chemins-de-saint-jacques-de-compostelle-inscrits-20-ans-patrimoine-mondial\\\/98636\\\/\"},\"author\":{\"name\":\"St\u00e9phane Miget\",\"@id\":\"https:\\\/\\\/batijournal.com\\\/#\\\/schema\\\/person\\\/1dc96ec6957aa1ccb25ebe78bb19f100\"},\"headline\":\"Les chemins de Saint-Jacques de Compostelle sont inscrits depuis 20 ans au patrimoine mondial\",\"datePublished\":\"2018-03-14T07:25:27+00:00\",\"dateModified\":\"2019-07-15T09:15:12+00:00\",\"mainEntityOfPage\":{\"@id\":\"https:\\\/\\\/batijournal.com\\\/index.php\\\/chemins-de-saint-jacques-de-compostelle-inscrits-20-ans-patrimoine-mondial\\\/98636\\\/\"},\"wordCount\":258,\"image\":{\"@id\":\"https:\\\/\\\/batijournal.com\\\/index.php\\\/chemins-de-saint-jacques-de-compostelle-inscrits-20-ans-patrimoine-mondial\\\/98636\\\/#primaryimage\"},\"thumbnailUrl\":\"https:\\\/\\\/batijournal.com\\\/wp-content\\\/uploads\\\/2018\\\/03\\\/chemin-ancien.jpg\",\"keywords\":[\"patrimoine mondial\"],\"articleSection\":[\"Actualit\u00e9s\",\"Architecture &amp; Conception\",\"zz_Atrium Patrimoine\"],\"inLanguage\":\"fr-FR\"},{\"@type\":\"WebPage\",\"@id\":\"https:\\\/\\\/batijournal.com\\\/index.php\\\/chemins-de-saint-jacques-de-compostelle-inscrits-20-ans-patrimoine-mondial\\\/98636\\\/\",\"url\":\"https:\\\/\\\/batijournal.com\\\/index.php\\\/chemins-de-saint-jacques-de-compostelle-inscrits-20-ans-patrimoine-mondial\\\/98636\\\/\",\"name\":\"Les chemins de Saint-Jacques de Compostelle sont inscrits depuis 20 ans au patrimoine mondial\",\"isPartOf\":{\"@id\":\"https:\\\/\\\/batijournal.com\\\/#website\"},\"primaryImageOfPage\":{\"@id\":\"https:\\\/\\\/batijournal.com\\\/index.php\\\/chemins-de-saint-jacques-de-compostelle-inscrits-20-ans-patrimoine-mondial\\\/98636\\\/#primaryimage\"},\"image\":{\"@id\":\"https:\\\/\\\/batijournal.com\\\/index.php\\\/chemins-de-saint-jacques-de-compostelle-inscrits-20-ans-patrimoine-mondial\\\/98636\\\/#primaryimage\"},\"thumbnailUrl\":\"https:\\\/\\\/batijournal.com\\\/wp-content\\\/uploads\\\/2018\\\/03\\\/chemin-ancien.jpg\",\"datePublished\":\"2018-03-14T07:25:27+00:00\",\"dateModified\":\"2019-07-15T09:15:12+00:00\",\"author\":{\"@id\":\"https:\\\/\\\/batijournal.com\\\/#\\\/schema\\\/person\\\/1dc96ec6957aa1ccb25ebe78bb19f100\"},\"breadcrumb\":{\"@id\":\"https:\\\/\\\/batijournal.com\\\/index.php\\\/chemins-de-saint-jacques-de-compostelle-inscrits-20-ans-patrimoine-mondial\\\/98636\\\/#breadcrumb\"},\"inLanguage\":\"fr-FR\",\"potentialAction\":[{\"@type\":\"ReadAction\",\"target\":[\"https:\\\/\\\/batijournal.com\\\/index.php\\\/chemins-de-saint-jacques-de-compostelle-inscrits-20-ans-patrimoine-mondial\\\/98636\\\/\"]}]},{\"@type\":\"ImageObject\",\"inLanguage\":\"fr-FR\",\"@id\":\"https:\\\/\\\/batijournal.com\\\/index.php\\\/chemins-de-saint-jacques-de-compostelle-inscrits-20-ans-patrimoine-mondial\\\/98636\\\/#primaryimage\",\"url\":\"https:\\\/\\\/batijournal.com\\\/wp-content\\\/uploads\\\/2018\\\/03\\\/chemin-ancien.jpg\",\"contentUrl\":\"https:\\\/\\\/batijournal.com\\\/wp-content\\\/uploads\\\/2018\\\/03\\\/chemin-ancien.jpg\",\"width\":1200,\"height\":712},{\"@type\":\"BreadcrumbList\",\"@id\":\"https:\\\/\\\/batijournal.com\\\/index.php\\\/chemins-de-saint-jacques-de-compostelle-inscrits-20-ans-patrimoine-mondial\\\/98636\\\/#breadcrumb\",\"itemListElement\":[{\"@type\":\"ListItem\",\"position\":1,\"name\":\"Accueil\",\"item\":\"https:\\\/\\\/batijournal.com\\\/\"},{\"@type\":\"ListItem\",\"position\":2,\"name\":\"Actualit\u00e9s\",\"item\":\"https:\\\/\\\/batijournal.com\\\/index.php\\\/category\\\/actualites\\\/\"},{\"@type\":\"ListItem\",\"position\":3,\"name\":\"Les chemins de Saint-Jacques de Compostelle sont inscrits depuis 20 ans au patrimoine mondial\"}]},{\"@type\":\"WebSite\",\"@id\":\"https:\\\/\\\/batijournal.com\\\/#website\",\"url\":\"https:\\\/\\\/batijournal.com\\\/\",\"name\":\"Batijournal\",\"description\":\"L&#039;actualit\u00e9 du b\u00e2timent\",\"potentialAction\":[{\"@type\":\"SearchAction\",\"target\":{\"@type\":\"EntryPoint\",\"urlTemplate\":\"https:\\\/\\\/batijournal.com\\\/?s={search_term_string}\"},\"query-input\":{\"@type\":\"PropertyValueSpecification\",\"valueRequired\":true,\"valueName\":\"search_term_string\"}}],\"inLanguage\":\"fr-FR\"},{\"@type\":\"Person\",\"@id\":\"https:\\\/\\\/batijournal.com\\\/#\\\/schema\\\/person\\\/1dc96ec6957aa1ccb25ebe78bb19f100\",\"name\":\"St\u00e9phane Miget\",\"image\":{\"@type\":\"ImageObject\",\"inLanguage\":\"fr-FR\",\"@id\":\"https:\\\/\\\/secure.gravatar.com\\\/avatar\\\/89915563d925342126b8ef0281b93d9d7fc337043e8df017f780908eb9644451?s=96&d=mm&r=g\",\"url\":\"https:\\\/\\\/secure.gravatar.com\\\/avatar\\\/89915563d925342126b8ef0281b93d9d7fc337043e8df017f780908eb9644451?s=96&d=mm&r=g\",\"contentUrl\":\"https:\\\/\\\/secure.gravatar.com\\\/avatar\\\/89915563d925342126b8ef0281b93d9d7fc337043e8df017f780908eb9644451?s=96&d=mm&r=g\",\"caption\":\"St\u00e9phane Miget\"},\"url\":\"https:\\\/\\\/batijournal.com\\\/index.php\\\/author\\\/stephane\\\/\"}]}<\/script>\n<!-- \/ Yoast SEO plugin. -->","yoast_head_json":{"title":"Les chemins de Saint-Jacques de Compostelle sont inscrits depuis 20 ans au patrimoine mondial","robots":{"index":"index","follow":"follow","max-snippet":"max-snippet:-1","max-image-preview":"max-image-preview:large","max-video-preview":"max-video-preview:-1"},"canonical":"https:\/\/batijournal.com\/index.php\/chemins-de-saint-jacques-de-compostelle-inscrits-20-ans-patrimoine-mondial\/98636\/","og_locale":"fr_FR","og_type":"article","og_title":"Les chemins de Saint-Jacques de Compostelle sont inscrits depuis 20 ans au patrimoine mondial","og_description":"Il y a 20 ans, le comit\u00e9 du patrimoine mondial a inscrit les \u00ab Chemins de Saint-Jacques de Compostelle en France \u00bb sur la Liste du patrimoine mondial. L\u2019inscription a retenu 71 monuments et ensembles monumentaux associ\u00e9s au p\u00e8lerinage et \u00e0 titre d\u2019exemple 7 tron\u00e7ons de sentier. Il s\u2019\u00e9tend sur 10 des 13 r\u00e9gions m\u00e9tropolitaines. [&hellip;]","og_url":"https:\/\/batijournal.com\/index.php\/chemins-de-saint-jacques-de-compostelle-inscrits-20-ans-patrimoine-mondial\/98636\/","og_site_name":"Batijournal","article_published_time":"2018-03-14T07:25:27+00:00","article_modified_time":"2019-07-15T09:15:12+00:00","og_image":[{"width":1200,"height":712,"url":"https:\/\/batijournal.com\/wp-content\/uploads\/2018\/03\/chemin-ancien.jpg","type":"image\/jpeg"}],"author":"St\u00e9phane Miget","twitter_card":"summary_large_image","twitter_creator":"@bati_journal","twitter_site":"@bati_journal","twitter_misc":{"\u00c9crit par":"St\u00e9phane Miget","Dur\u00e9e de lecture estim\u00e9e":"1 minute"},"schema":{"@context":"https:\/\/schema.org","@graph":[{"@type":"Article","@id":"https:\/\/batijournal.com\/index.php\/chemins-de-saint-jacques-de-compostelle-inscrits-20-ans-patrimoine-mondial\/98636\/#article","isPartOf":{"@id":"https:\/\/batijournal.com\/index.php\/chemins-de-saint-jacques-de-compostelle-inscrits-20-ans-patrimoine-mondial\/98636\/"},"author":{"name":"St\u00e9phane Miget","@id":"https:\/\/batijournal.com\/#\/schema\/person\/1dc96ec6957aa1ccb25ebe78bb19f100"},"headline":"Les chemins de Saint-Jacques de Compostelle sont inscrits depuis 20 ans au patrimoine mondial","datePublished":"2018-03-14T07:25:27+00:00","dateModified":"2019-07-15T09:15:12+00:00","mainEntityOfPage":{"@id":"https:\/\/batijournal.com\/index.php\/chemins-de-saint-jacques-de-compostelle-inscrits-20-ans-patrimoine-mondial\/98636\/"},"wordCount":258,"image":{"@id":"https:\/\/batijournal.com\/index.php\/chemins-de-saint-jacques-de-compostelle-inscrits-20-ans-patrimoine-mondial\/98636\/#primaryimage"},"thumbnailUrl":"https:\/\/batijournal.com\/wp-content\/uploads\/2018\/03\/chemin-ancien.jpg","keywords":["patrimoine mondial"],"articleSection":["Actualit\u00e9s","Architecture &amp; Conception","zz_Atrium Patrimoine"],"inLanguage":"fr-FR"},{"@type":"WebPage","@id":"https:\/\/batijournal.com\/index.php\/chemins-de-saint-jacques-de-compostelle-inscrits-20-ans-patrimoine-mondial\/98636\/","url":"https:\/\/batijournal.com\/index.php\/chemins-de-saint-jacques-de-compostelle-inscrits-20-ans-patrimoine-mondial\/98636\/","name":"Les chemins de Saint-Jacques de Compostelle sont inscrits depuis 20 ans au patrimoine mondial","isPartOf":{"@id":"https:\/\/batijournal.com\/#website"},"primaryImageOfPage":{"@id":"https:\/\/batijournal.com\/index.php\/chemins-de-saint-jacques-de-compostelle-inscrits-20-ans-patrimoine-mondial\/98636\/#primaryimage"},"image":{"@id":"https:\/\/batijournal.com\/index.php\/chemins-de-saint-jacques-de-compostelle-inscrits-20-ans-patrimoine-mondial\/98636\/#primaryimage"},"thumbnailUrl":"https:\/\/batijournal.com\/wp-content\/uploads\/2018\/03\/chemin-ancien.jpg","datePublished":"2018-03-14T07:25:27+00:00","dateModified":"2019-07-15T09:15:12+00:00","author":{"@id":"https:\/\/batijournal.com\/#\/schema\/person\/1dc96ec6957aa1ccb25ebe78bb19f100"},"breadcrumb":{"@id":"https:\/\/batijournal.com\/index.php\/chemins-de-saint-jacques-de-compostelle-inscrits-20-ans-patrimoine-mondial\/98636\/#breadcrumb"},"inLanguage":"fr-FR","potentialAction":[{"@type":"ReadAction","target":["https:\/\/batijournal.com\/index.php\/chemins-de-saint-jacques-de-compostelle-inscrits-20-ans-patrimoine-mondial\/98636\/"]}]},{"@type":"ImageObject","inLanguage":"fr-FR","@id":"https:\/\/batijournal.com\/index.php\/chemins-de-saint-jacques-de-compostelle-inscrits-20-ans-patrimoine-mondial\/98636\/#primaryimage","url":"https:\/\/batijournal.com\/wp-content\/uploads\/2018\/03\/chemin-ancien.jpg","contentUrl":"https:\/\/batijournal.com\/wp-content\/uploads\/2018\/03\/chemin-ancien.jpg","width":1200,"height":712},{"@type":"BreadcrumbList","@id":"https:\/\/batijournal.com\/index.php\/chemins-de-saint-jacques-de-compostelle-inscrits-20-ans-patrimoine-mondial\/98636\/#breadcrumb","itemListElement":[{"@type":"ListItem","position":1,"name":"Accueil","item":"https:\/\/batijournal.com\/"},{"@type":"ListItem","position":2,"name":"Actualit\u00e9s","item":"https:\/\/batijournal.com\/index.php\/category\/actualites\/"},{"@type":"ListItem","position":3,"name":"Les chemins de Saint-Jacques de Compostelle sont inscrits depuis 20 ans au patrimoine mondial"}]},{"@type":"WebSite","@id":"https:\/\/batijournal.com\/#website","url":"https:\/\/batijournal.com\/","name":"Batijournal","description":"L&#039;actualit\u00e9 du b\u00e2timent","potentialAction":[{"@type":"SearchAction","target":{"@type":"EntryPoint","urlTemplate":"https:\/\/batijournal.com\/?s={search_term_string}"},"query-input":{"@type":"PropertyValueSpecification","valueRequired":true,"valueName":"search_term_string"}}],"inLanguage":"fr-FR"},{"@type":"Person","@id":"https:\/\/batijournal.com\/#\/schema\/person\/1dc96ec6957aa1ccb25ebe78bb19f100","name":"St\u00e9phane Miget","image":{"@type":"ImageObject","inLanguage":"fr-FR","@id":"https:\/\/secure.gravatar.com\/avatar\/89915563d925342126b8ef0281b93d9d7fc337043e8df017f780908eb9644451?s=96&d=mm&r=g","url":"https:\/\/secure.gravatar.com\/avatar\/89915563d925342126b8ef0281b93d9d7fc337043e8df017f780908eb9644451?s=96&d=mm&r=g","contentUrl":"https:\/\/secure.gravatar.com\/avatar\/89915563d925342126b8ef0281b93d9d7fc337043e8df017f780908eb9644451?s=96&d=mm&r=g","caption":"St\u00e9phane Miget"},"url":"https:\/\/batijournal.com\/index.php\/author\/stephane\/"}]}},"_links":{"self":[{"href":"https:\/\/batijournal.com\/index.php\/wp-json\/wp\/v2\/posts\/98636","targetHints":{"allow":["GET"]}}],"collection":[{"href":"https:\/\/batijournal.com\/index.php\/wp-json\/wp\/v2\/posts"}],"about":[{"href":"https:\/\/batijournal.com\/index.php\/wp-json\/wp\/v2\/types\/post"}],"author":[{"embeddable":true,"href":"https:\/\/batijournal.com\/index.php\/wp-json\/wp\/v2\/users\/17"}],"replies":[{"embeddable":true,"href":"https:\/\/batijournal.com\/index.php\/wp-json\/wp\/v2\/comments?post=98636"}],"version-history":[{"count":0,"href":"https:\/\/batijournal.com\/index.php\/wp-json\/wp\/v2\/posts\/98636\/revisions"}],"wp:featuredmedia":[{"embeddable":true,"href":"https:\/\/batijournal.com\/index.php\/wp-json\/wp\/v2\/media\/98638"}],"wp:attachment":[{"href":"https:\/\/batijournal.com\/index.php\/wp-json\/wp\/v2\/media?parent=98636"}],"wp:term":[{"taxonomy":"category","embeddable":true,"href":"https:\/\/batijournal.com\/index.php\/wp-json\/wp\/v2\/categories?post=98636"},{"taxonomy":"post_tag","embeddable":true,"href":"https:\/\/batijournal.com\/index.php\/wp-json\/wp\/v2\/tags?post=98636"}],"curies":[{"name":"wp","href":"https:\/\/api.w.org\/{rel}","templated":true}]}}