{"id":98642,"date":"2018-03-14T08:55:10","date_gmt":"2018-03-14T07:55:10","guid":{"rendered":"http:\/\/batijournal.com\/?p=98642"},"modified":"2019-07-15T11:26:58","modified_gmt":"2019-07-15T09:26:58","slug":"restauration-de-lensemble-ponts-chateau-de-pierrefonds","status":"publish","type":"post","link":"https:\/\/batijournal.com\/index.php\/restauration-de-lensemble-ponts-chateau-de-pierrefonds\/98642\/","title":{"rendered":"Restauration de l\u2019ensemble des ponts du ch\u00e2teau de Pierrefonds"},"content":{"rendered":"<p>Le Centre des monuments nationaux investit 733 000 \u20ac dans une campagne de restauration de l\u2019ensemble des ponts dormants et pont-levis du ch\u00e2teau de Pierrefonds (60) con\u00e7us au XIXe si\u00e8cle par Eug\u00e8ne Viollet-le-Duc pour desservir la cour d\u2019honneur du ch\u00e2teau. La restauration de ces quatre ponts de structure composite en m\u00e9tal et en bois permettra la conservation de leur dispositif actuel, avec un emplacement \u00e0 l\u2019identique des parties alt\u00e9r\u00e9es, en s\u2019appuyant sur la documentation et les plans de l\u2019architecte qui sont conserv\u00e9s \u00e0 la M\u00e9diath\u00e8que de l\u2019architecture et du patrimoine. A cette occasion, la capacit\u00e9 portante des ponts dormants sera am\u00e9lior\u00e9e pour le passage des v\u00e9hicules, notamment des secours. Ce chantier d\u2019un an, sous la ma\u00eetrise d\u2019ouvrage du CMN et la ma\u00eetrise d\u2019\u0153uvre de Pierre Bortolussi, architecte en chef des monuments historiques, sera r\u00e9alis\u00e9 en plusieurs phases. La premi\u00e8re portera sur les ponts donnant acc\u00e8s \u00e0 la cour du ch\u00e2teau et au circuit de visite : le pont-levis cocher et le pont-levis pi\u00e9ton pr\u00e9c\u00e9d\u00e9s du deuxi\u00e8me pont dormant. L\u2019intervention n\u00e9cessitera de les d\u00e9monter. La seconde phase concernera le premier pont dormant, qui donne acc\u00e8s aux lices situ\u00e9es en amont des autres ponts.<\/p>\n<p>Photo : Christian Gluckman &#8211; CMN<\/p>\n<p>&nbsp;<\/p>\n","protected":false},"excerpt":{"rendered":"<p>Le Centre des monuments nationaux investit 733 000 \u20ac dans une campagne de restauration de l\u2019ensemble des ponts dormants et pont-levis du ch\u00e2teau de Pierrefonds (60) con\u00e7us au XIXe si\u00e8cle par Eug\u00e8ne Viollet-le-Duc pour desservir la cour d\u2019honneur du ch\u00e2teau. La restauration de ces quatre ponts de structure composite en m\u00e9tal et en bois permettra [&hellip;]<\/p>\n","protected":false},"author":17,"featured_media":98643,"comment_status":"closed","ping_status":"closed","sticky":false,"template":"","format":"standard","meta":{"_et_pb_use_builder":"","_et_pb_old_content":"","_et_gb_content_width":"","footnotes":""},"categories":[10530,6340,10785,10787],"tags":[8651,4474],"class_list":["post-98642","post","type-post","status-publish","format-standard","has-post-thumbnail","hentry","category-actualites","category-architecture-conception","category-atrium","category-entreprises-et-chantiers","tag-cmn","tag-monuments-historiques"],"yoast_head":"<!-- This site is optimized with the Yoast SEO plugin v27.4 - https:\/\/yoast.com\/product\/yoast-seo-wordpress\/ -->\n<title>Restauration de l\u2019ensemble des ponts du ch\u00e2teau de Pierrefonds<\/title>\n<meta name=\"robots\" content=\"index, follow, max-snippet:-1, max-image-preview:large, max-video-preview:-1\" \/>\n<link rel=\"canonical\" href=\"https:\/\/batijournal.com\/index.php\/restauration-de-lensemble-ponts-chateau-de-pierrefonds\/98642\/\" \/>\n<meta property=\"og:locale\" content=\"fr_FR\" \/>\n<meta property=\"og:type\" content=\"article\" \/>\n<meta property=\"og:title\" content=\"Restauration de l\u2019ensemble des ponts du ch\u00e2teau de Pierrefonds\" \/>\n<meta property=\"og:description\" content=\"Le Centre des monuments nationaux investit 733 000 \u20ac dans une campagne de restauration de l\u2019ensemble des ponts dormants et pont-levis du ch\u00e2teau de Pierrefonds (60) con\u00e7us au XIXe si\u00e8cle par Eug\u00e8ne Viollet-le-Duc pour desservir la cour d\u2019honneur du ch\u00e2teau. La restauration de ces quatre ponts de structure composite en m\u00e9tal et en bois permettra [&hellip;]\" \/>\n<meta property=\"og:url\" content=\"https:\/\/batijournal.com\/index.php\/restauration-de-lensemble-ponts-chateau-de-pierrefonds\/98642\/\" \/>\n<meta property=\"og:site_name\" content=\"Batijournal\" \/>\n<meta property=\"article:published_time\" content=\"2018-03-14T07:55:10+00:00\" \/>\n<meta property=\"article:modified_time\" content=\"2019-07-15T09:26:58+00:00\" \/>\n<meta property=\"og:image\" content=\"https:\/\/batijournal.com\/wp-content\/uploads\/2018\/03\/chateau-de-Pierrefonds.png\" \/>\n\t<meta property=\"og:image:width\" content=\"820\" \/>\n\t<meta property=\"og:image:height\" content=\"625\" \/>\n\t<meta property=\"og:image:type\" content=\"image\/png\" \/>\n<meta name=\"author\" content=\"St\u00e9phane Miget\" \/>\n<meta name=\"twitter:card\" content=\"summary_large_image\" \/>\n<meta name=\"twitter:creator\" content=\"@bati_journal\" \/>\n<meta name=\"twitter:site\" content=\"@bati_journal\" \/>\n<meta name=\"twitter:label1\" content=\"\u00c9crit par\" \/>\n\t<meta name=\"twitter:data1\" content=\"St\u00e9phane Miget\" \/>\n\t<meta name=\"twitter:label2\" content=\"Dur\u00e9e de lecture estim\u00e9e\" \/>\n\t<meta name=\"twitter:data2\" content=\"1 minute\" \/>\n<script type=\"application\/ld+json\" class=\"yoast-schema-graph\">{\"@context\":\"https:\\\/\\\/schema.org\",\"@graph\":[{\"@type\":\"Article\",\"@id\":\"https:\\\/\\\/batijournal.com\\\/index.php\\\/restauration-de-lensemble-ponts-chateau-de-pierrefonds\\\/98642\\\/#article\",\"isPartOf\":{\"@id\":\"https:\\\/\\\/batijournal.com\\\/index.php\\\/restauration-de-lensemble-ponts-chateau-de-pierrefonds\\\/98642\\\/\"},\"author\":{\"name\":\"St\u00e9phane Miget\",\"@id\":\"https:\\\/\\\/batijournal.com\\\/#\\\/schema\\\/person\\\/1dc96ec6957aa1ccb25ebe78bb19f100\"},\"headline\":\"Restauration de l\u2019ensemble des ponts du ch\u00e2teau de Pierrefonds\",\"datePublished\":\"2018-03-14T07:55:10+00:00\",\"dateModified\":\"2019-07-15T09:26:58+00:00\",\"mainEntityOfPage\":{\"@id\":\"https:\\\/\\\/batijournal.com\\\/index.php\\\/restauration-de-lensemble-ponts-chateau-de-pierrefonds\\\/98642\\\/\"},\"wordCount\":240,\"image\":{\"@id\":\"https:\\\/\\\/batijournal.com\\\/index.php\\\/restauration-de-lensemble-ponts-chateau-de-pierrefonds\\\/98642\\\/#primaryimage\"},\"thumbnailUrl\":\"https:\\\/\\\/batijournal.com\\\/wp-content\\\/uploads\\\/2018\\\/03\\\/chateau-de-Pierrefonds.png\",\"keywords\":[\"cmn\",\"monuments historiques\"],\"articleSection\":[\"Actualit\u00e9s\",\"Architecture &amp; Conception\",\"zz_Atrium Patrimoine\",\"zz_Entreprises et chantiers - AC\"],\"inLanguage\":\"fr-FR\"},{\"@type\":\"WebPage\",\"@id\":\"https:\\\/\\\/batijournal.com\\\/index.php\\\/restauration-de-lensemble-ponts-chateau-de-pierrefonds\\\/98642\\\/\",\"url\":\"https:\\\/\\\/batijournal.com\\\/index.php\\\/restauration-de-lensemble-ponts-chateau-de-pierrefonds\\\/98642\\\/\",\"name\":\"Restauration de l\u2019ensemble des ponts du ch\u00e2teau de Pierrefonds\",\"isPartOf\":{\"@id\":\"https:\\\/\\\/batijournal.com\\\/#website\"},\"primaryImageOfPage\":{\"@id\":\"https:\\\/\\\/batijournal.com\\\/index.php\\\/restauration-de-lensemble-ponts-chateau-de-pierrefonds\\\/98642\\\/#primaryimage\"},\"image\":{\"@id\":\"https:\\\/\\\/batijournal.com\\\/index.php\\\/restauration-de-lensemble-ponts-chateau-de-pierrefonds\\\/98642\\\/#primaryimage\"},\"thumbnailUrl\":\"https:\\\/\\\/batijournal.com\\\/wp-content\\\/uploads\\\/2018\\\/03\\\/chateau-de-Pierrefonds.png\",\"datePublished\":\"2018-03-14T07:55:10+00:00\",\"dateModified\":\"2019-07-15T09:26:58+00:00\",\"author\":{\"@id\":\"https:\\\/\\\/batijournal.com\\\/#\\\/schema\\\/person\\\/1dc96ec6957aa1ccb25ebe78bb19f100\"},\"breadcrumb\":{\"@id\":\"https:\\\/\\\/batijournal.com\\\/index.php\\\/restauration-de-lensemble-ponts-chateau-de-pierrefonds\\\/98642\\\/#breadcrumb\"},\"inLanguage\":\"fr-FR\",\"potentialAction\":[{\"@type\":\"ReadAction\",\"target\":[\"https:\\\/\\\/batijournal.com\\\/index.php\\\/restauration-de-lensemble-ponts-chateau-de-pierrefonds\\\/98642\\\/\"]}]},{\"@type\":\"ImageObject\",\"inLanguage\":\"fr-FR\",\"@id\":\"https:\\\/\\\/batijournal.com\\\/index.php\\\/restauration-de-lensemble-ponts-chateau-de-pierrefonds\\\/98642\\\/#primaryimage\",\"url\":\"https:\\\/\\\/batijournal.com\\\/wp-content\\\/uploads\\\/2018\\\/03\\\/chateau-de-Pierrefonds.png\",\"contentUrl\":\"https:\\\/\\\/batijournal.com\\\/wp-content\\\/uploads\\\/2018\\\/03\\\/chateau-de-Pierrefonds.png\",\"width\":820,\"height\":625},{\"@type\":\"BreadcrumbList\",\"@id\":\"https:\\\/\\\/batijournal.com\\\/index.php\\\/restauration-de-lensemble-ponts-chateau-de-pierrefonds\\\/98642\\\/#breadcrumb\",\"itemListElement\":[{\"@type\":\"ListItem\",\"position\":1,\"name\":\"Accueil\",\"item\":\"https:\\\/\\\/batijournal.com\\\/\"},{\"@type\":\"ListItem\",\"position\":2,\"name\":\"Actualit\u00e9s\",\"item\":\"https:\\\/\\\/batijournal.com\\\/index.php\\\/category\\\/actualites\\\/\"},{\"@type\":\"ListItem\",\"position\":3,\"name\":\"Restauration de l\u2019ensemble des ponts du ch\u00e2teau de Pierrefonds\"}]},{\"@type\":\"WebSite\",\"@id\":\"https:\\\/\\\/batijournal.com\\\/#website\",\"url\":\"https:\\\/\\\/batijournal.com\\\/\",\"name\":\"Batijournal\",\"description\":\"L&#039;actualit\u00e9 du b\u00e2timent\",\"potentialAction\":[{\"@type\":\"SearchAction\",\"target\":{\"@type\":\"EntryPoint\",\"urlTemplate\":\"https:\\\/\\\/batijournal.com\\\/?s={search_term_string}\"},\"query-input\":{\"@type\":\"PropertyValueSpecification\",\"valueRequired\":true,\"valueName\":\"search_term_string\"}}],\"inLanguage\":\"fr-FR\"},{\"@type\":\"Person\",\"@id\":\"https:\\\/\\\/batijournal.com\\\/#\\\/schema\\\/person\\\/1dc96ec6957aa1ccb25ebe78bb19f100\",\"name\":\"St\u00e9phane Miget\",\"image\":{\"@type\":\"ImageObject\",\"inLanguage\":\"fr-FR\",\"@id\":\"https:\\\/\\\/secure.gravatar.com\\\/avatar\\\/89915563d925342126b8ef0281b93d9d7fc337043e8df017f780908eb9644451?s=96&d=mm&r=g\",\"url\":\"https:\\\/\\\/secure.gravatar.com\\\/avatar\\\/89915563d925342126b8ef0281b93d9d7fc337043e8df017f780908eb9644451?s=96&d=mm&r=g\",\"contentUrl\":\"https:\\\/\\\/secure.gravatar.com\\\/avatar\\\/89915563d925342126b8ef0281b93d9d7fc337043e8df017f780908eb9644451?s=96&d=mm&r=g\",\"caption\":\"St\u00e9phane Miget\"},\"url\":\"https:\\\/\\\/batijournal.com\\\/index.php\\\/author\\\/stephane\\\/\"}]}<\/script>\n<!-- \/ Yoast SEO plugin. -->","yoast_head_json":{"title":"Restauration de l\u2019ensemble des ponts du ch\u00e2teau de Pierrefonds","robots":{"index":"index","follow":"follow","max-snippet":"max-snippet:-1","max-image-preview":"max-image-preview:large","max-video-preview":"max-video-preview:-1"},"canonical":"https:\/\/batijournal.com\/index.php\/restauration-de-lensemble-ponts-chateau-de-pierrefonds\/98642\/","og_locale":"fr_FR","og_type":"article","og_title":"Restauration de l\u2019ensemble des ponts du ch\u00e2teau de Pierrefonds","og_description":"Le Centre des monuments nationaux investit 733 000 \u20ac dans une campagne de restauration de l\u2019ensemble des ponts dormants et pont-levis du ch\u00e2teau de Pierrefonds (60) con\u00e7us au XIXe si\u00e8cle par Eug\u00e8ne Viollet-le-Duc pour desservir la cour d\u2019honneur du ch\u00e2teau. La restauration de ces quatre ponts de structure composite en m\u00e9tal et en bois permettra [&hellip;]","og_url":"https:\/\/batijournal.com\/index.php\/restauration-de-lensemble-ponts-chateau-de-pierrefonds\/98642\/","og_site_name":"Batijournal","article_published_time":"2018-03-14T07:55:10+00:00","article_modified_time":"2019-07-15T09:26:58+00:00","og_image":[{"width":820,"height":625,"url":"https:\/\/batijournal.com\/wp-content\/uploads\/2018\/03\/chateau-de-Pierrefonds.png","type":"image\/png"}],"author":"St\u00e9phane Miget","twitter_card":"summary_large_image","twitter_creator":"@bati_journal","twitter_site":"@bati_journal","twitter_misc":{"\u00c9crit par":"St\u00e9phane Miget","Dur\u00e9e de lecture estim\u00e9e":"1 minute"},"schema":{"@context":"https:\/\/schema.org","@graph":[{"@type":"Article","@id":"https:\/\/batijournal.com\/index.php\/restauration-de-lensemble-ponts-chateau-de-pierrefonds\/98642\/#article","isPartOf":{"@id":"https:\/\/batijournal.com\/index.php\/restauration-de-lensemble-ponts-chateau-de-pierrefonds\/98642\/"},"author":{"name":"St\u00e9phane Miget","@id":"https:\/\/batijournal.com\/#\/schema\/person\/1dc96ec6957aa1ccb25ebe78bb19f100"},"headline":"Restauration de l\u2019ensemble des ponts du ch\u00e2teau de Pierrefonds","datePublished":"2018-03-14T07:55:10+00:00","dateModified":"2019-07-15T09:26:58+00:00","mainEntityOfPage":{"@id":"https:\/\/batijournal.com\/index.php\/restauration-de-lensemble-ponts-chateau-de-pierrefonds\/98642\/"},"wordCount":240,"image":{"@id":"https:\/\/batijournal.com\/index.php\/restauration-de-lensemble-ponts-chateau-de-pierrefonds\/98642\/#primaryimage"},"thumbnailUrl":"https:\/\/batijournal.com\/wp-content\/uploads\/2018\/03\/chateau-de-Pierrefonds.png","keywords":["cmn","monuments historiques"],"articleSection":["Actualit\u00e9s","Architecture &amp; Conception","zz_Atrium Patrimoine","zz_Entreprises et chantiers - AC"],"inLanguage":"fr-FR"},{"@type":"WebPage","@id":"https:\/\/batijournal.com\/index.php\/restauration-de-lensemble-ponts-chateau-de-pierrefonds\/98642\/","url":"https:\/\/batijournal.com\/index.php\/restauration-de-lensemble-ponts-chateau-de-pierrefonds\/98642\/","name":"Restauration de l\u2019ensemble des ponts du ch\u00e2teau de Pierrefonds","isPartOf":{"@id":"https:\/\/batijournal.com\/#website"},"primaryImageOfPage":{"@id":"https:\/\/batijournal.com\/index.php\/restauration-de-lensemble-ponts-chateau-de-pierrefonds\/98642\/#primaryimage"},"image":{"@id":"https:\/\/batijournal.com\/index.php\/restauration-de-lensemble-ponts-chateau-de-pierrefonds\/98642\/#primaryimage"},"thumbnailUrl":"https:\/\/batijournal.com\/wp-content\/uploads\/2018\/03\/chateau-de-Pierrefonds.png","datePublished":"2018-03-14T07:55:10+00:00","dateModified":"2019-07-15T09:26:58+00:00","author":{"@id":"https:\/\/batijournal.com\/#\/schema\/person\/1dc96ec6957aa1ccb25ebe78bb19f100"},"breadcrumb":{"@id":"https:\/\/batijournal.com\/index.php\/restauration-de-lensemble-ponts-chateau-de-pierrefonds\/98642\/#breadcrumb"},"inLanguage":"fr-FR","potentialAction":[{"@type":"ReadAction","target":["https:\/\/batijournal.com\/index.php\/restauration-de-lensemble-ponts-chateau-de-pierrefonds\/98642\/"]}]},{"@type":"ImageObject","inLanguage":"fr-FR","@id":"https:\/\/batijournal.com\/index.php\/restauration-de-lensemble-ponts-chateau-de-pierrefonds\/98642\/#primaryimage","url":"https:\/\/batijournal.com\/wp-content\/uploads\/2018\/03\/chateau-de-Pierrefonds.png","contentUrl":"https:\/\/batijournal.com\/wp-content\/uploads\/2018\/03\/chateau-de-Pierrefonds.png","width":820,"height":625},{"@type":"BreadcrumbList","@id":"https:\/\/batijournal.com\/index.php\/restauration-de-lensemble-ponts-chateau-de-pierrefonds\/98642\/#breadcrumb","itemListElement":[{"@type":"ListItem","position":1,"name":"Accueil","item":"https:\/\/batijournal.com\/"},{"@type":"ListItem","position":2,"name":"Actualit\u00e9s","item":"https:\/\/batijournal.com\/index.php\/category\/actualites\/"},{"@type":"ListItem","position":3,"name":"Restauration de l\u2019ensemble des ponts du ch\u00e2teau de Pierrefonds"}]},{"@type":"WebSite","@id":"https:\/\/batijournal.com\/#website","url":"https:\/\/batijournal.com\/","name":"Batijournal","description":"L&#039;actualit\u00e9 du b\u00e2timent","potentialAction":[{"@type":"SearchAction","target":{"@type":"EntryPoint","urlTemplate":"https:\/\/batijournal.com\/?s={search_term_string}"},"query-input":{"@type":"PropertyValueSpecification","valueRequired":true,"valueName":"search_term_string"}}],"inLanguage":"fr-FR"},{"@type":"Person","@id":"https:\/\/batijournal.com\/#\/schema\/person\/1dc96ec6957aa1ccb25ebe78bb19f100","name":"St\u00e9phane Miget","image":{"@type":"ImageObject","inLanguage":"fr-FR","@id":"https:\/\/secure.gravatar.com\/avatar\/89915563d925342126b8ef0281b93d9d7fc337043e8df017f780908eb9644451?s=96&d=mm&r=g","url":"https:\/\/secure.gravatar.com\/avatar\/89915563d925342126b8ef0281b93d9d7fc337043e8df017f780908eb9644451?s=96&d=mm&r=g","contentUrl":"https:\/\/secure.gravatar.com\/avatar\/89915563d925342126b8ef0281b93d9d7fc337043e8df017f780908eb9644451?s=96&d=mm&r=g","caption":"St\u00e9phane Miget"},"url":"https:\/\/batijournal.com\/index.php\/author\/stephane\/"}]}},"_links":{"self":[{"href":"https:\/\/batijournal.com\/index.php\/wp-json\/wp\/v2\/posts\/98642","targetHints":{"allow":["GET"]}}],"collection":[{"href":"https:\/\/batijournal.com\/index.php\/wp-json\/wp\/v2\/posts"}],"about":[{"href":"https:\/\/batijournal.com\/index.php\/wp-json\/wp\/v2\/types\/post"}],"author":[{"embeddable":true,"href":"https:\/\/batijournal.com\/index.php\/wp-json\/wp\/v2\/users\/17"}],"replies":[{"embeddable":true,"href":"https:\/\/batijournal.com\/index.php\/wp-json\/wp\/v2\/comments?post=98642"}],"version-history":[{"count":0,"href":"https:\/\/batijournal.com\/index.php\/wp-json\/wp\/v2\/posts\/98642\/revisions"}],"wp:featuredmedia":[{"embeddable":true,"href":"https:\/\/batijournal.com\/index.php\/wp-json\/wp\/v2\/media\/98643"}],"wp:attachment":[{"href":"https:\/\/batijournal.com\/index.php\/wp-json\/wp\/v2\/media?parent=98642"}],"wp:term":[{"taxonomy":"category","embeddable":true,"href":"https:\/\/batijournal.com\/index.php\/wp-json\/wp\/v2\/categories?post=98642"},{"taxonomy":"post_tag","embeddable":true,"href":"https:\/\/batijournal.com\/index.php\/wp-json\/wp\/v2\/tags?post=98642"}],"curies":[{"name":"wp","href":"https:\/\/api.w.org\/{rel}","templated":true}]}}