{"id":98644,"date":"2018-03-15T07:21:32","date_gmt":"2018-03-15T06:21:32","guid":{"rendered":"http:\/\/batijournal.com\/?p=98644"},"modified":"2019-07-15T12:34:37","modified_gmt":"2019-07-15T10:34:37","slug":"60-nuances-denduits-de-facade","status":"publish","type":"post","link":"https:\/\/batijournal.com\/index.php\/60-nuances-denduits-de-facade\/98644\/","title":{"rendered":"60 nuances d\u2019enduits de fa\u00e7ade"},"content":{"rendered":"<p>VPI, filiale du groupe VICAT lance \u00ab Le Min\u00e9ral \u00bb, un nuancier de 60 nouvelles teintes d\u2019enduits de fa\u00e7ade. Une offre qui s\u2019inscrit dans le cadre du renouvellement complet des gammes d\u2019enduits propos\u00e9es par l\u2019entreprise. D\u00e9velopp\u00e9e pour les enduits monocouches et les enduits de r\u00e9novation, la palette est constitu\u00e9e de trois familles de teintes : les \u00ab Authentiques \u00bb, les \u00ab Tendances \u00bb, et les \u00ab Cr\u00e9atives \u00bb. L\u2019objectif ? Donner la possibilit\u00e9 aux architectes et ma\u00eetres d\u2019ouvrage de trouver les nuances id\u00e9ales pour leur projet, qu\u2019il soit traditionnel ou contemporain.<\/p>\n","protected":false},"excerpt":{"rendered":"<p>VPI, filiale du groupe VICAT lance \u00ab Le Min\u00e9ral \u00bb, un nuancier de 60 nouvelles teintes d\u2019enduits de fa\u00e7ade. Une offre qui s\u2019inscrit dans le cadre du renouvellement complet des gammes d\u2019enduits propos\u00e9es par l\u2019entreprise. D\u00e9velopp\u00e9e pour les enduits monocouches et les enduits de r\u00e9novation, la palette est constitu\u00e9e de trois familles de teintes : [&hellip;]<\/p>\n","protected":false},"author":17,"featured_media":98645,"comment_status":"closed","ping_status":"closed","sticky":false,"template":"","format":"standard","meta":{"_et_pb_use_builder":"","_et_pb_old_content":"","_et_gb_content_width":"","footnotes":""},"categories":[6356],"tags":[548,6550],"class_list":["post-98644","post","type-post","status-publish","format-standard","has-post-thumbnail","hentry","category-produits-solutions-techniques","tag-enduits-2","tag-enduits-de-facade"],"yoast_head":"<!-- This site is optimized with the Yoast SEO plugin v27.4 - https:\/\/yoast.com\/product\/yoast-seo-wordpress\/ -->\n<title>60 nuances d\u2019enduits de fa\u00e7ade<\/title>\n<meta name=\"robots\" content=\"index, follow, max-snippet:-1, max-image-preview:large, max-video-preview:-1\" \/>\n<link rel=\"canonical\" href=\"https:\/\/batijournal.com\/index.php\/60-nuances-denduits-de-facade\/98644\/\" \/>\n<meta property=\"og:locale\" content=\"fr_FR\" \/>\n<meta property=\"og:type\" content=\"article\" \/>\n<meta property=\"og:title\" content=\"60 nuances d\u2019enduits de fa\u00e7ade\" \/>\n<meta property=\"og:description\" content=\"VPI, filiale du groupe VICAT lance \u00ab Le Min\u00e9ral \u00bb, un nuancier de 60 nouvelles teintes d\u2019enduits de fa\u00e7ade. Une offre qui s\u2019inscrit dans le cadre du renouvellement complet des gammes d\u2019enduits propos\u00e9es par l\u2019entreprise. D\u00e9velopp\u00e9e pour les enduits monocouches et les enduits de r\u00e9novation, la palette est constitu\u00e9e de trois familles de teintes : [&hellip;]\" \/>\n<meta property=\"og:url\" content=\"https:\/\/batijournal.com\/index.php\/60-nuances-denduits-de-facade\/98644\/\" \/>\n<meta property=\"og:site_name\" content=\"Batijournal\" \/>\n<meta property=\"article:published_time\" content=\"2018-03-15T06:21:32+00:00\" \/>\n<meta property=\"article:modified_time\" content=\"2019-07-15T10:34:37+00:00\" \/>\n<meta property=\"og:image\" content=\"https:\/\/batijournal.com\/wp-content\/uploads\/2018\/03\/60-teintes-vpi.png\" \/>\n\t<meta property=\"og:image:width\" content=\"711\" \/>\n\t<meta property=\"og:image:height\" content=\"507\" \/>\n\t<meta property=\"og:image:type\" content=\"image\/png\" \/>\n<meta name=\"author\" content=\"St\u00e9phane Miget\" \/>\n<meta name=\"twitter:card\" content=\"summary_large_image\" \/>\n<meta name=\"twitter:creator\" content=\"@bati_journal\" \/>\n<meta name=\"twitter:site\" content=\"@bati_journal\" \/>\n<meta name=\"twitter:label1\" content=\"\u00c9crit par\" \/>\n\t<meta name=\"twitter:data1\" content=\"St\u00e9phane Miget\" \/>\n<script type=\"application\/ld+json\" class=\"yoast-schema-graph\">{\"@context\":\"https:\\\/\\\/schema.org\",\"@graph\":[{\"@type\":\"Article\",\"@id\":\"https:\\\/\\\/batijournal.com\\\/index.php\\\/60-nuances-denduits-de-facade\\\/98644\\\/#article\",\"isPartOf\":{\"@id\":\"https:\\\/\\\/batijournal.com\\\/index.php\\\/60-nuances-denduits-de-facade\\\/98644\\\/\"},\"author\":{\"name\":\"St\u00e9phane Miget\",\"@id\":\"https:\\\/\\\/batijournal.com\\\/#\\\/schema\\\/person\\\/1dc96ec6957aa1ccb25ebe78bb19f100\"},\"headline\":\"60 nuances d\u2019enduits de fa\u00e7ade\",\"datePublished\":\"2018-03-15T06:21:32+00:00\",\"dateModified\":\"2019-07-15T10:34:37+00:00\",\"mainEntityOfPage\":{\"@id\":\"https:\\\/\\\/batijournal.com\\\/index.php\\\/60-nuances-denduits-de-facade\\\/98644\\\/\"},\"wordCount\":103,\"image\":{\"@id\":\"https:\\\/\\\/batijournal.com\\\/index.php\\\/60-nuances-denduits-de-facade\\\/98644\\\/#primaryimage\"},\"thumbnailUrl\":\"https:\\\/\\\/batijournal.com\\\/wp-content\\\/uploads\\\/2018\\\/03\\\/60-teintes-vpi.png\",\"keywords\":[\"enduits\",\"enduits de facade\"],\"articleSection\":[\"Produits &amp; Solutions techniques\"],\"inLanguage\":\"fr-FR\"},{\"@type\":\"WebPage\",\"@id\":\"https:\\\/\\\/batijournal.com\\\/index.php\\\/60-nuances-denduits-de-facade\\\/98644\\\/\",\"url\":\"https:\\\/\\\/batijournal.com\\\/index.php\\\/60-nuances-denduits-de-facade\\\/98644\\\/\",\"name\":\"60 nuances d\u2019enduits de fa\u00e7ade\",\"isPartOf\":{\"@id\":\"https:\\\/\\\/batijournal.com\\\/#website\"},\"primaryImageOfPage\":{\"@id\":\"https:\\\/\\\/batijournal.com\\\/index.php\\\/60-nuances-denduits-de-facade\\\/98644\\\/#primaryimage\"},\"image\":{\"@id\":\"https:\\\/\\\/batijournal.com\\\/index.php\\\/60-nuances-denduits-de-facade\\\/98644\\\/#primaryimage\"},\"thumbnailUrl\":\"https:\\\/\\\/batijournal.com\\\/wp-content\\\/uploads\\\/2018\\\/03\\\/60-teintes-vpi.png\",\"datePublished\":\"2018-03-15T06:21:32+00:00\",\"dateModified\":\"2019-07-15T10:34:37+00:00\",\"author\":{\"@id\":\"https:\\\/\\\/batijournal.com\\\/#\\\/schema\\\/person\\\/1dc96ec6957aa1ccb25ebe78bb19f100\"},\"breadcrumb\":{\"@id\":\"https:\\\/\\\/batijournal.com\\\/index.php\\\/60-nuances-denduits-de-facade\\\/98644\\\/#breadcrumb\"},\"inLanguage\":\"fr-FR\",\"potentialAction\":[{\"@type\":\"ReadAction\",\"target\":[\"https:\\\/\\\/batijournal.com\\\/index.php\\\/60-nuances-denduits-de-facade\\\/98644\\\/\"]}]},{\"@type\":\"ImageObject\",\"inLanguage\":\"fr-FR\",\"@id\":\"https:\\\/\\\/batijournal.com\\\/index.php\\\/60-nuances-denduits-de-facade\\\/98644\\\/#primaryimage\",\"url\":\"https:\\\/\\\/batijournal.com\\\/wp-content\\\/uploads\\\/2018\\\/03\\\/60-teintes-vpi.png\",\"contentUrl\":\"https:\\\/\\\/batijournal.com\\\/wp-content\\\/uploads\\\/2018\\\/03\\\/60-teintes-vpi.png\",\"width\":711,\"height\":507},{\"@type\":\"BreadcrumbList\",\"@id\":\"https:\\\/\\\/batijournal.com\\\/index.php\\\/60-nuances-denduits-de-facade\\\/98644\\\/#breadcrumb\",\"itemListElement\":[{\"@type\":\"ListItem\",\"position\":1,\"name\":\"Accueil\",\"item\":\"https:\\\/\\\/batijournal.com\\\/\"},{\"@type\":\"ListItem\",\"position\":2,\"name\":\"Produits &amp; Solutions techniques\",\"item\":\"https:\\\/\\\/batijournal.com\\\/index.php\\\/category\\\/produits-solutions-techniques\\\/\"},{\"@type\":\"ListItem\",\"position\":3,\"name\":\"60 nuances d\u2019enduits de fa\u00e7ade\"}]},{\"@type\":\"WebSite\",\"@id\":\"https:\\\/\\\/batijournal.com\\\/#website\",\"url\":\"https:\\\/\\\/batijournal.com\\\/\",\"name\":\"Batijournal\",\"description\":\"L&#039;actualit\u00e9 du b\u00e2timent\",\"potentialAction\":[{\"@type\":\"SearchAction\",\"target\":{\"@type\":\"EntryPoint\",\"urlTemplate\":\"https:\\\/\\\/batijournal.com\\\/?s={search_term_string}\"},\"query-input\":{\"@type\":\"PropertyValueSpecification\",\"valueRequired\":true,\"valueName\":\"search_term_string\"}}],\"inLanguage\":\"fr-FR\"},{\"@type\":\"Person\",\"@id\":\"https:\\\/\\\/batijournal.com\\\/#\\\/schema\\\/person\\\/1dc96ec6957aa1ccb25ebe78bb19f100\",\"name\":\"St\u00e9phane Miget\",\"image\":{\"@type\":\"ImageObject\",\"inLanguage\":\"fr-FR\",\"@id\":\"https:\\\/\\\/secure.gravatar.com\\\/avatar\\\/89915563d925342126b8ef0281b93d9d7fc337043e8df017f780908eb9644451?s=96&d=mm&r=g\",\"url\":\"https:\\\/\\\/secure.gravatar.com\\\/avatar\\\/89915563d925342126b8ef0281b93d9d7fc337043e8df017f780908eb9644451?s=96&d=mm&r=g\",\"contentUrl\":\"https:\\\/\\\/secure.gravatar.com\\\/avatar\\\/89915563d925342126b8ef0281b93d9d7fc337043e8df017f780908eb9644451?s=96&d=mm&r=g\",\"caption\":\"St\u00e9phane Miget\"},\"url\":\"https:\\\/\\\/batijournal.com\\\/index.php\\\/author\\\/stephane\\\/\"}]}<\/script>\n<!-- \/ Yoast SEO plugin. -->","yoast_head_json":{"title":"60 nuances d\u2019enduits de fa\u00e7ade","robots":{"index":"index","follow":"follow","max-snippet":"max-snippet:-1","max-image-preview":"max-image-preview:large","max-video-preview":"max-video-preview:-1"},"canonical":"https:\/\/batijournal.com\/index.php\/60-nuances-denduits-de-facade\/98644\/","og_locale":"fr_FR","og_type":"article","og_title":"60 nuances d\u2019enduits de fa\u00e7ade","og_description":"VPI, filiale du groupe VICAT lance \u00ab Le Min\u00e9ral \u00bb, un nuancier de 60 nouvelles teintes d\u2019enduits de fa\u00e7ade. Une offre qui s\u2019inscrit dans le cadre du renouvellement complet des gammes d\u2019enduits propos\u00e9es par l\u2019entreprise. D\u00e9velopp\u00e9e pour les enduits monocouches et les enduits de r\u00e9novation, la palette est constitu\u00e9e de trois familles de teintes : [&hellip;]","og_url":"https:\/\/batijournal.com\/index.php\/60-nuances-denduits-de-facade\/98644\/","og_site_name":"Batijournal","article_published_time":"2018-03-15T06:21:32+00:00","article_modified_time":"2019-07-15T10:34:37+00:00","og_image":[{"width":711,"height":507,"url":"https:\/\/batijournal.com\/wp-content\/uploads\/2018\/03\/60-teintes-vpi.png","type":"image\/png"}],"author":"St\u00e9phane Miget","twitter_card":"summary_large_image","twitter_creator":"@bati_journal","twitter_site":"@bati_journal","twitter_misc":{"\u00c9crit par":"St\u00e9phane Miget"},"schema":{"@context":"https:\/\/schema.org","@graph":[{"@type":"Article","@id":"https:\/\/batijournal.com\/index.php\/60-nuances-denduits-de-facade\/98644\/#article","isPartOf":{"@id":"https:\/\/batijournal.com\/index.php\/60-nuances-denduits-de-facade\/98644\/"},"author":{"name":"St\u00e9phane Miget","@id":"https:\/\/batijournal.com\/#\/schema\/person\/1dc96ec6957aa1ccb25ebe78bb19f100"},"headline":"60 nuances d\u2019enduits de fa\u00e7ade","datePublished":"2018-03-15T06:21:32+00:00","dateModified":"2019-07-15T10:34:37+00:00","mainEntityOfPage":{"@id":"https:\/\/batijournal.com\/index.php\/60-nuances-denduits-de-facade\/98644\/"},"wordCount":103,"image":{"@id":"https:\/\/batijournal.com\/index.php\/60-nuances-denduits-de-facade\/98644\/#primaryimage"},"thumbnailUrl":"https:\/\/batijournal.com\/wp-content\/uploads\/2018\/03\/60-teintes-vpi.png","keywords":["enduits","enduits de facade"],"articleSection":["Produits &amp; Solutions techniques"],"inLanguage":"fr-FR"},{"@type":"WebPage","@id":"https:\/\/batijournal.com\/index.php\/60-nuances-denduits-de-facade\/98644\/","url":"https:\/\/batijournal.com\/index.php\/60-nuances-denduits-de-facade\/98644\/","name":"60 nuances d\u2019enduits de fa\u00e7ade","isPartOf":{"@id":"https:\/\/batijournal.com\/#website"},"primaryImageOfPage":{"@id":"https:\/\/batijournal.com\/index.php\/60-nuances-denduits-de-facade\/98644\/#primaryimage"},"image":{"@id":"https:\/\/batijournal.com\/index.php\/60-nuances-denduits-de-facade\/98644\/#primaryimage"},"thumbnailUrl":"https:\/\/batijournal.com\/wp-content\/uploads\/2018\/03\/60-teintes-vpi.png","datePublished":"2018-03-15T06:21:32+00:00","dateModified":"2019-07-15T10:34:37+00:00","author":{"@id":"https:\/\/batijournal.com\/#\/schema\/person\/1dc96ec6957aa1ccb25ebe78bb19f100"},"breadcrumb":{"@id":"https:\/\/batijournal.com\/index.php\/60-nuances-denduits-de-facade\/98644\/#breadcrumb"},"inLanguage":"fr-FR","potentialAction":[{"@type":"ReadAction","target":["https:\/\/batijournal.com\/index.php\/60-nuances-denduits-de-facade\/98644\/"]}]},{"@type":"ImageObject","inLanguage":"fr-FR","@id":"https:\/\/batijournal.com\/index.php\/60-nuances-denduits-de-facade\/98644\/#primaryimage","url":"https:\/\/batijournal.com\/wp-content\/uploads\/2018\/03\/60-teintes-vpi.png","contentUrl":"https:\/\/batijournal.com\/wp-content\/uploads\/2018\/03\/60-teintes-vpi.png","width":711,"height":507},{"@type":"BreadcrumbList","@id":"https:\/\/batijournal.com\/index.php\/60-nuances-denduits-de-facade\/98644\/#breadcrumb","itemListElement":[{"@type":"ListItem","position":1,"name":"Accueil","item":"https:\/\/batijournal.com\/"},{"@type":"ListItem","position":2,"name":"Produits &amp; Solutions techniques","item":"https:\/\/batijournal.com\/index.php\/category\/produits-solutions-techniques\/"},{"@type":"ListItem","position":3,"name":"60 nuances d\u2019enduits de fa\u00e7ade"}]},{"@type":"WebSite","@id":"https:\/\/batijournal.com\/#website","url":"https:\/\/batijournal.com\/","name":"Batijournal","description":"L&#039;actualit\u00e9 du b\u00e2timent","potentialAction":[{"@type":"SearchAction","target":{"@type":"EntryPoint","urlTemplate":"https:\/\/batijournal.com\/?s={search_term_string}"},"query-input":{"@type":"PropertyValueSpecification","valueRequired":true,"valueName":"search_term_string"}}],"inLanguage":"fr-FR"},{"@type":"Person","@id":"https:\/\/batijournal.com\/#\/schema\/person\/1dc96ec6957aa1ccb25ebe78bb19f100","name":"St\u00e9phane Miget","image":{"@type":"ImageObject","inLanguage":"fr-FR","@id":"https:\/\/secure.gravatar.com\/avatar\/89915563d925342126b8ef0281b93d9d7fc337043e8df017f780908eb9644451?s=96&d=mm&r=g","url":"https:\/\/secure.gravatar.com\/avatar\/89915563d925342126b8ef0281b93d9d7fc337043e8df017f780908eb9644451?s=96&d=mm&r=g","contentUrl":"https:\/\/secure.gravatar.com\/avatar\/89915563d925342126b8ef0281b93d9d7fc337043e8df017f780908eb9644451?s=96&d=mm&r=g","caption":"St\u00e9phane Miget"},"url":"https:\/\/batijournal.com\/index.php\/author\/stephane\/"}]}},"_links":{"self":[{"href":"https:\/\/batijournal.com\/index.php\/wp-json\/wp\/v2\/posts\/98644","targetHints":{"allow":["GET"]}}],"collection":[{"href":"https:\/\/batijournal.com\/index.php\/wp-json\/wp\/v2\/posts"}],"about":[{"href":"https:\/\/batijournal.com\/index.php\/wp-json\/wp\/v2\/types\/post"}],"author":[{"embeddable":true,"href":"https:\/\/batijournal.com\/index.php\/wp-json\/wp\/v2\/users\/17"}],"replies":[{"embeddable":true,"href":"https:\/\/batijournal.com\/index.php\/wp-json\/wp\/v2\/comments?post=98644"}],"version-history":[{"count":0,"href":"https:\/\/batijournal.com\/index.php\/wp-json\/wp\/v2\/posts\/98644\/revisions"}],"wp:featuredmedia":[{"embeddable":true,"href":"https:\/\/batijournal.com\/index.php\/wp-json\/wp\/v2\/media\/98645"}],"wp:attachment":[{"href":"https:\/\/batijournal.com\/index.php\/wp-json\/wp\/v2\/media?parent=98644"}],"wp:term":[{"taxonomy":"category","embeddable":true,"href":"https:\/\/batijournal.com\/index.php\/wp-json\/wp\/v2\/categories?post=98644"},{"taxonomy":"post_tag","embeddable":true,"href":"https:\/\/batijournal.com\/index.php\/wp-json\/wp\/v2\/tags?post=98644"}],"curies":[{"name":"wp","href":"https:\/\/api.w.org\/{rel}","templated":true}]}}