{"id":98650,"date":"2018-03-15T08:32:17","date_gmt":"2018-03-15T07:32:17","guid":{"rendered":"http:\/\/batijournal.com\/?p=98650"},"modified":"2018-03-15T08:32:17","modified_gmt":"2018-03-15T07:32:17","slug":"championnat-de-france-cordistes-2018","status":"publish","type":"post","link":"https:\/\/batijournal.com\/index.php\/championnat-de-france-cordistes-2018\/98650\/","title":{"rendered":"Championnat de France Cordistes 2018"},"content":{"rendered":"<p>Les m\u00e9tiers du b\u00e2timent et des travaux publics prennent de la hauteur \u00e0 l\u2019occasion du 8\u00e8me Championnat de France Cordistes qui se d\u00e9rouleront \u00e0 Marseille, \u00e0 la Cit\u00e9 des Arts de la Rue, les 17 et 18 mai prochains. Cet \u00e9v\u00e9nement annuel de la profession des travaux d\u2019acc\u00e8s difficile est organis\u00e9 par le Syndicat Fran\u00e7ais des Entrepreneurs de Travaux en Hauteur (SFETH). Environ quatre-vingts participants, et les \u00e9quipes qui participent au challenge Entreprise, vont se confronter au cours d&rsquo;une dizaine d&rsquo;\u00e9preuves durant deux jours : travail de pr\u00e9cision, test de rapidit\u00e9, ma\u00eetrise de l&rsquo;outillage, intervention de secours&#8230; toutes les facettes qui composent le m\u00e9tier de cordiste seront abord\u00e9es. Outre le temps r\u00e9alis\u00e9, le jury (compos\u00e9 de professionnels cordistes) d\u00e9lib\u00e8re sur le respect des modes op\u00e9ratoires sur cordes, sur la qualit\u00e9 et la pr\u00e9cision du travail effectu\u00e9, dans les meilleures conditions de s\u00e9curit\u00e9. Apr\u00e8s une journ\u00e9e de qualification, le jeudi 17 mai, trente-deux cordistes qualifi\u00e9s disputeront les Masters le vendredi 18 mai au matin pour atteindre le groupe des huit finalistes. Un Challenge Entreprise sera organis\u00e9 en parall\u00e8le pour rappeler les hautes exigences que demande le travail en \u00e9quipe.<\/p>\n<p>Photo : vuedici.org<\/p>\n<p>&nbsp;<\/p>\n","protected":false},"excerpt":{"rendered":"<p>Les m\u00e9tiers du b\u00e2timent et des travaux publics prennent de la hauteur \u00e0 l\u2019occasion du 8\u00e8me Championnat de France Cordistes qui se d\u00e9rouleront \u00e0 Marseille, \u00e0 la Cit\u00e9 des Arts de la Rue, les 17 et 18 mai prochains. Cet \u00e9v\u00e9nement annuel de la profession des travaux d\u2019acc\u00e8s difficile est organis\u00e9 par le Syndicat Fran\u00e7ais [&hellip;]<\/p>\n","protected":false},"author":17,"featured_media":98651,"comment_status":"closed","ping_status":"closed","sticky":false,"template":"","format":"standard","meta":{"_et_pb_use_builder":"","_et_pb_old_content":"","_et_gb_content_width":"","footnotes":""},"categories":[10530,6340,6345,9192],"tags":[9202],"class_list":["post-98650","post","type-post","status-publish","format-standard","has-post-thumbnail","hentry","category-actualites","category-architecture-conception","category-economie-marches","category-evenements","tag-cordiste"],"yoast_head":"<!-- This site is optimized with the Yoast SEO plugin v27.4 - https:\/\/yoast.com\/product\/yoast-seo-wordpress\/ -->\n<title>Championnat de France Cordistes 2018<\/title>\n<meta name=\"robots\" content=\"index, follow, max-snippet:-1, max-image-preview:large, max-video-preview:-1\" \/>\n<link rel=\"canonical\" href=\"https:\/\/batijournal.com\/index.php\/championnat-de-france-cordistes-2018\/98650\/\" \/>\n<meta property=\"og:locale\" content=\"fr_FR\" \/>\n<meta property=\"og:type\" content=\"article\" \/>\n<meta property=\"og:title\" content=\"Championnat de France Cordistes 2018\" \/>\n<meta property=\"og:description\" content=\"Les m\u00e9tiers du b\u00e2timent et des travaux publics prennent de la hauteur \u00e0 l\u2019occasion du 8\u00e8me Championnat de France Cordistes qui se d\u00e9rouleront \u00e0 Marseille, \u00e0 la Cit\u00e9 des Arts de la Rue, les 17 et 18 mai prochains. Cet \u00e9v\u00e9nement annuel de la profession des travaux d\u2019acc\u00e8s difficile est organis\u00e9 par le Syndicat Fran\u00e7ais [&hellip;]\" \/>\n<meta property=\"og:url\" content=\"https:\/\/batijournal.com\/index.php\/championnat-de-france-cordistes-2018\/98650\/\" \/>\n<meta property=\"og:site_name\" content=\"Batijournal\" \/>\n<meta property=\"article:published_time\" content=\"2018-03-15T07:32:17+00:00\" \/>\n<meta property=\"og:image\" content=\"https:\/\/batijournal.com\/wp-content\/uploads\/2018\/03\/cordistes.jpg\" \/>\n\t<meta property=\"og:image:width\" content=\"1200\" \/>\n\t<meta property=\"og:image:height\" content=\"800\" \/>\n\t<meta property=\"og:image:type\" content=\"image\/jpeg\" \/>\n<meta name=\"author\" content=\"St\u00e9phane Miget\" \/>\n<meta name=\"twitter:card\" content=\"summary_large_image\" \/>\n<meta name=\"twitter:creator\" content=\"@bati_journal\" \/>\n<meta name=\"twitter:site\" content=\"@bati_journal\" \/>\n<meta name=\"twitter:label1\" content=\"\u00c9crit par\" \/>\n\t<meta name=\"twitter:data1\" content=\"St\u00e9phane Miget\" \/>\n\t<meta name=\"twitter:label2\" content=\"Dur\u00e9e de lecture estim\u00e9e\" \/>\n\t<meta name=\"twitter:data2\" content=\"1 minute\" \/>\n<script type=\"application\/ld+json\" class=\"yoast-schema-graph\">{\"@context\":\"https:\\\/\\\/schema.org\",\"@graph\":[{\"@type\":\"Article\",\"@id\":\"https:\\\/\\\/batijournal.com\\\/index.php\\\/championnat-de-france-cordistes-2018\\\/98650\\\/#article\",\"isPartOf\":{\"@id\":\"https:\\\/\\\/batijournal.com\\\/index.php\\\/championnat-de-france-cordistes-2018\\\/98650\\\/\"},\"author\":{\"name\":\"St\u00e9phane Miget\",\"@id\":\"https:\\\/\\\/batijournal.com\\\/#\\\/schema\\\/person\\\/1dc96ec6957aa1ccb25ebe78bb19f100\"},\"headline\":\"Championnat de France Cordistes 2018\",\"datePublished\":\"2018-03-15T07:32:17+00:00\",\"mainEntityOfPage\":{\"@id\":\"https:\\\/\\\/batijournal.com\\\/index.php\\\/championnat-de-france-cordistes-2018\\\/98650\\\/\"},\"wordCount\":213,\"image\":{\"@id\":\"https:\\\/\\\/batijournal.com\\\/index.php\\\/championnat-de-france-cordistes-2018\\\/98650\\\/#primaryimage\"},\"thumbnailUrl\":\"https:\\\/\\\/batijournal.com\\\/wp-content\\\/uploads\\\/2018\\\/03\\\/cordistes.jpg\",\"keywords\":[\"cordiste\"],\"articleSection\":[\"Actualit\u00e9s\",\"Architecture &amp; Conception\",\"\u00c9conomie &amp; March\u00e9s\",\"\u00c9v\u00e9nements\"],\"inLanguage\":\"fr-FR\"},{\"@type\":\"WebPage\",\"@id\":\"https:\\\/\\\/batijournal.com\\\/index.php\\\/championnat-de-france-cordistes-2018\\\/98650\\\/\",\"url\":\"https:\\\/\\\/batijournal.com\\\/index.php\\\/championnat-de-france-cordistes-2018\\\/98650\\\/\",\"name\":\"Championnat de France Cordistes 2018\",\"isPartOf\":{\"@id\":\"https:\\\/\\\/batijournal.com\\\/#website\"},\"primaryImageOfPage\":{\"@id\":\"https:\\\/\\\/batijournal.com\\\/index.php\\\/championnat-de-france-cordistes-2018\\\/98650\\\/#primaryimage\"},\"image\":{\"@id\":\"https:\\\/\\\/batijournal.com\\\/index.php\\\/championnat-de-france-cordistes-2018\\\/98650\\\/#primaryimage\"},\"thumbnailUrl\":\"https:\\\/\\\/batijournal.com\\\/wp-content\\\/uploads\\\/2018\\\/03\\\/cordistes.jpg\",\"datePublished\":\"2018-03-15T07:32:17+00:00\",\"author\":{\"@id\":\"https:\\\/\\\/batijournal.com\\\/#\\\/schema\\\/person\\\/1dc96ec6957aa1ccb25ebe78bb19f100\"},\"breadcrumb\":{\"@id\":\"https:\\\/\\\/batijournal.com\\\/index.php\\\/championnat-de-france-cordistes-2018\\\/98650\\\/#breadcrumb\"},\"inLanguage\":\"fr-FR\",\"potentialAction\":[{\"@type\":\"ReadAction\",\"target\":[\"https:\\\/\\\/batijournal.com\\\/index.php\\\/championnat-de-france-cordistes-2018\\\/98650\\\/\"]}]},{\"@type\":\"ImageObject\",\"inLanguage\":\"fr-FR\",\"@id\":\"https:\\\/\\\/batijournal.com\\\/index.php\\\/championnat-de-france-cordistes-2018\\\/98650\\\/#primaryimage\",\"url\":\"https:\\\/\\\/batijournal.com\\\/wp-content\\\/uploads\\\/2018\\\/03\\\/cordistes.jpg\",\"contentUrl\":\"https:\\\/\\\/batijournal.com\\\/wp-content\\\/uploads\\\/2018\\\/03\\\/cordistes.jpg\",\"width\":1200,\"height\":800},{\"@type\":\"BreadcrumbList\",\"@id\":\"https:\\\/\\\/batijournal.com\\\/index.php\\\/championnat-de-france-cordistes-2018\\\/98650\\\/#breadcrumb\",\"itemListElement\":[{\"@type\":\"ListItem\",\"position\":1,\"name\":\"Accueil\",\"item\":\"https:\\\/\\\/batijournal.com\\\/\"},{\"@type\":\"ListItem\",\"position\":2,\"name\":\"Actualit\u00e9s\",\"item\":\"https:\\\/\\\/batijournal.com\\\/index.php\\\/category\\\/actualites\\\/\"},{\"@type\":\"ListItem\",\"position\":3,\"name\":\"Championnat de France Cordistes 2018\"}]},{\"@type\":\"WebSite\",\"@id\":\"https:\\\/\\\/batijournal.com\\\/#website\",\"url\":\"https:\\\/\\\/batijournal.com\\\/\",\"name\":\"Batijournal\",\"description\":\"L&#039;actualit\u00e9 du b\u00e2timent\",\"potentialAction\":[{\"@type\":\"SearchAction\",\"target\":{\"@type\":\"EntryPoint\",\"urlTemplate\":\"https:\\\/\\\/batijournal.com\\\/?s={search_term_string}\"},\"query-input\":{\"@type\":\"PropertyValueSpecification\",\"valueRequired\":true,\"valueName\":\"search_term_string\"}}],\"inLanguage\":\"fr-FR\"},{\"@type\":\"Person\",\"@id\":\"https:\\\/\\\/batijournal.com\\\/#\\\/schema\\\/person\\\/1dc96ec6957aa1ccb25ebe78bb19f100\",\"name\":\"St\u00e9phane Miget\",\"image\":{\"@type\":\"ImageObject\",\"inLanguage\":\"fr-FR\",\"@id\":\"https:\\\/\\\/secure.gravatar.com\\\/avatar\\\/89915563d925342126b8ef0281b93d9d7fc337043e8df017f780908eb9644451?s=96&d=mm&r=g\",\"url\":\"https:\\\/\\\/secure.gravatar.com\\\/avatar\\\/89915563d925342126b8ef0281b93d9d7fc337043e8df017f780908eb9644451?s=96&d=mm&r=g\",\"contentUrl\":\"https:\\\/\\\/secure.gravatar.com\\\/avatar\\\/89915563d925342126b8ef0281b93d9d7fc337043e8df017f780908eb9644451?s=96&d=mm&r=g\",\"caption\":\"St\u00e9phane Miget\"},\"url\":\"https:\\\/\\\/batijournal.com\\\/index.php\\\/author\\\/stephane\\\/\"}]}<\/script>\n<!-- \/ Yoast SEO plugin. -->","yoast_head_json":{"title":"Championnat de France Cordistes 2018","robots":{"index":"index","follow":"follow","max-snippet":"max-snippet:-1","max-image-preview":"max-image-preview:large","max-video-preview":"max-video-preview:-1"},"canonical":"https:\/\/batijournal.com\/index.php\/championnat-de-france-cordistes-2018\/98650\/","og_locale":"fr_FR","og_type":"article","og_title":"Championnat de France Cordistes 2018","og_description":"Les m\u00e9tiers du b\u00e2timent et des travaux publics prennent de la hauteur \u00e0 l\u2019occasion du 8\u00e8me Championnat de France Cordistes qui se d\u00e9rouleront \u00e0 Marseille, \u00e0 la Cit\u00e9 des Arts de la Rue, les 17 et 18 mai prochains. Cet \u00e9v\u00e9nement annuel de la profession des travaux d\u2019acc\u00e8s difficile est organis\u00e9 par le Syndicat Fran\u00e7ais [&hellip;]","og_url":"https:\/\/batijournal.com\/index.php\/championnat-de-france-cordistes-2018\/98650\/","og_site_name":"Batijournal","article_published_time":"2018-03-15T07:32:17+00:00","og_image":[{"width":1200,"height":800,"url":"https:\/\/batijournal.com\/wp-content\/uploads\/2018\/03\/cordistes.jpg","type":"image\/jpeg"}],"author":"St\u00e9phane Miget","twitter_card":"summary_large_image","twitter_creator":"@bati_journal","twitter_site":"@bati_journal","twitter_misc":{"\u00c9crit par":"St\u00e9phane Miget","Dur\u00e9e de lecture estim\u00e9e":"1 minute"},"schema":{"@context":"https:\/\/schema.org","@graph":[{"@type":"Article","@id":"https:\/\/batijournal.com\/index.php\/championnat-de-france-cordistes-2018\/98650\/#article","isPartOf":{"@id":"https:\/\/batijournal.com\/index.php\/championnat-de-france-cordistes-2018\/98650\/"},"author":{"name":"St\u00e9phane Miget","@id":"https:\/\/batijournal.com\/#\/schema\/person\/1dc96ec6957aa1ccb25ebe78bb19f100"},"headline":"Championnat de France Cordistes 2018","datePublished":"2018-03-15T07:32:17+00:00","mainEntityOfPage":{"@id":"https:\/\/batijournal.com\/index.php\/championnat-de-france-cordistes-2018\/98650\/"},"wordCount":213,"image":{"@id":"https:\/\/batijournal.com\/index.php\/championnat-de-france-cordistes-2018\/98650\/#primaryimage"},"thumbnailUrl":"https:\/\/batijournal.com\/wp-content\/uploads\/2018\/03\/cordistes.jpg","keywords":["cordiste"],"articleSection":["Actualit\u00e9s","Architecture &amp; Conception","\u00c9conomie &amp; March\u00e9s","\u00c9v\u00e9nements"],"inLanguage":"fr-FR"},{"@type":"WebPage","@id":"https:\/\/batijournal.com\/index.php\/championnat-de-france-cordistes-2018\/98650\/","url":"https:\/\/batijournal.com\/index.php\/championnat-de-france-cordistes-2018\/98650\/","name":"Championnat de France Cordistes 2018","isPartOf":{"@id":"https:\/\/batijournal.com\/#website"},"primaryImageOfPage":{"@id":"https:\/\/batijournal.com\/index.php\/championnat-de-france-cordistes-2018\/98650\/#primaryimage"},"image":{"@id":"https:\/\/batijournal.com\/index.php\/championnat-de-france-cordistes-2018\/98650\/#primaryimage"},"thumbnailUrl":"https:\/\/batijournal.com\/wp-content\/uploads\/2018\/03\/cordistes.jpg","datePublished":"2018-03-15T07:32:17+00:00","author":{"@id":"https:\/\/batijournal.com\/#\/schema\/person\/1dc96ec6957aa1ccb25ebe78bb19f100"},"breadcrumb":{"@id":"https:\/\/batijournal.com\/index.php\/championnat-de-france-cordistes-2018\/98650\/#breadcrumb"},"inLanguage":"fr-FR","potentialAction":[{"@type":"ReadAction","target":["https:\/\/batijournal.com\/index.php\/championnat-de-france-cordistes-2018\/98650\/"]}]},{"@type":"ImageObject","inLanguage":"fr-FR","@id":"https:\/\/batijournal.com\/index.php\/championnat-de-france-cordistes-2018\/98650\/#primaryimage","url":"https:\/\/batijournal.com\/wp-content\/uploads\/2018\/03\/cordistes.jpg","contentUrl":"https:\/\/batijournal.com\/wp-content\/uploads\/2018\/03\/cordistes.jpg","width":1200,"height":800},{"@type":"BreadcrumbList","@id":"https:\/\/batijournal.com\/index.php\/championnat-de-france-cordistes-2018\/98650\/#breadcrumb","itemListElement":[{"@type":"ListItem","position":1,"name":"Accueil","item":"https:\/\/batijournal.com\/"},{"@type":"ListItem","position":2,"name":"Actualit\u00e9s","item":"https:\/\/batijournal.com\/index.php\/category\/actualites\/"},{"@type":"ListItem","position":3,"name":"Championnat de France Cordistes 2018"}]},{"@type":"WebSite","@id":"https:\/\/batijournal.com\/#website","url":"https:\/\/batijournal.com\/","name":"Batijournal","description":"L&#039;actualit\u00e9 du b\u00e2timent","potentialAction":[{"@type":"SearchAction","target":{"@type":"EntryPoint","urlTemplate":"https:\/\/batijournal.com\/?s={search_term_string}"},"query-input":{"@type":"PropertyValueSpecification","valueRequired":true,"valueName":"search_term_string"}}],"inLanguage":"fr-FR"},{"@type":"Person","@id":"https:\/\/batijournal.com\/#\/schema\/person\/1dc96ec6957aa1ccb25ebe78bb19f100","name":"St\u00e9phane Miget","image":{"@type":"ImageObject","inLanguage":"fr-FR","@id":"https:\/\/secure.gravatar.com\/avatar\/89915563d925342126b8ef0281b93d9d7fc337043e8df017f780908eb9644451?s=96&d=mm&r=g","url":"https:\/\/secure.gravatar.com\/avatar\/89915563d925342126b8ef0281b93d9d7fc337043e8df017f780908eb9644451?s=96&d=mm&r=g","contentUrl":"https:\/\/secure.gravatar.com\/avatar\/89915563d925342126b8ef0281b93d9d7fc337043e8df017f780908eb9644451?s=96&d=mm&r=g","caption":"St\u00e9phane Miget"},"url":"https:\/\/batijournal.com\/index.php\/author\/stephane\/"}]}},"_links":{"self":[{"href":"https:\/\/batijournal.com\/index.php\/wp-json\/wp\/v2\/posts\/98650","targetHints":{"allow":["GET"]}}],"collection":[{"href":"https:\/\/batijournal.com\/index.php\/wp-json\/wp\/v2\/posts"}],"about":[{"href":"https:\/\/batijournal.com\/index.php\/wp-json\/wp\/v2\/types\/post"}],"author":[{"embeddable":true,"href":"https:\/\/batijournal.com\/index.php\/wp-json\/wp\/v2\/users\/17"}],"replies":[{"embeddable":true,"href":"https:\/\/batijournal.com\/index.php\/wp-json\/wp\/v2\/comments?post=98650"}],"version-history":[{"count":0,"href":"https:\/\/batijournal.com\/index.php\/wp-json\/wp\/v2\/posts\/98650\/revisions"}],"wp:featuredmedia":[{"embeddable":true,"href":"https:\/\/batijournal.com\/index.php\/wp-json\/wp\/v2\/media\/98651"}],"wp:attachment":[{"href":"https:\/\/batijournal.com\/index.php\/wp-json\/wp\/v2\/media?parent=98650"}],"wp:term":[{"taxonomy":"category","embeddable":true,"href":"https:\/\/batijournal.com\/index.php\/wp-json\/wp\/v2\/categories?post=98650"},{"taxonomy":"post_tag","embeddable":true,"href":"https:\/\/batijournal.com\/index.php\/wp-json\/wp\/v2\/tags?post=98650"}],"curies":[{"name":"wp","href":"https:\/\/api.w.org\/{rel}","templated":true}]}}