{"id":98686,"date":"2018-03-21T07:38:14","date_gmt":"2018-03-21T06:38:14","guid":{"rendered":"http:\/\/batijournal.com\/?p=98686"},"modified":"2019-07-15T11:15:11","modified_gmt":"2019-07-15T09:15:11","slug":"8e-edition-festival-de-lhistoire-de-lart-festivart-pays-invite-grece","status":"publish","type":"post","link":"https:\/\/batijournal.com\/index.php\/8e-edition-festival-de-lhistoire-de-lart-festivart-pays-invite-grece\/98686\/","title":{"rendered":"8e \u00e9dition du Festival de l\u2019histoire de l\u2019art @Festivart, pays invit\u00e9 : la Gr\u00e8ce"},"content":{"rendered":"<p>Rendez-vous unique au monde qui offre aux amateurs comme aux professionnels un riche panorama sur l\u2019histoire de l\u2019art et le patrimoine de la pr\u00e9histoire \u00e0 la cr\u00e9ation contemporaine, le Festival de l\u2019histoire de l\u2019Art se tiendra du 1er au 3 juin 2018 \u00e0 Fontainebleau. Il aura pour th\u00e8me le R\u00eave et la Gr\u00e8ce sera le pays invit\u00e9. Il propose conf\u00e9rences, tables rondes, d\u00e9bats, projections, ateliers, visites, concerts et animations. Carrefour des publics et des savoirs, il r\u00e9unit au ch\u00e2teau et dans la ville de Fontainebleau des historiens de l\u2019art, des artistes, des architectes, des cin\u00e9astes, des \u00e9crivains, des com\u00e9diens ou encore des musiciens, toutes g\u00e9n\u00e9rations confondues. Moment fort de d\u00e9couvertes, de partage et lieu de confrontations in\u00e9dites, le Festival de l\u2019histoire de l\u2019art attire chaque ann\u00e9e un public toujours plus nombreux et diversifi\u00e9.<br \/>\nLa 8e \u00e9dition du Festival est consacr\u00e9e \u00e0 la Gr\u00e8ce. Le d\u00e9fi est double : proposer pour la premi\u00e8re fois un vaste panorama de l&rsquo;actualit\u00e9 de l&rsquo;arch\u00e9ologie et de l&rsquo;art antique, et t\u00e9moigner de la vitalit\u00e9 de la sc\u00e8ne artistique grecque contemporaine. C\u2019est l\u2019occasion d\u2019inviter tous les acteurs du monde de l\u2019art &#8211; les jeunes artistes, les commissaires, les galeristes, les directeurs de mus\u00e9es, de centres d&rsquo;art et de fondations priv\u00e9es, tout comme les protagonistes et les t\u00e9moins de la Documenta 14 &#8211; afin de rendre compte de la diversit\u00e9 des initiatives et des orientations les plus actuelles.<br \/>\nLe Forum de l\u2019actualit\u00e9 se place dans la perspective des r\u00e9flexions propos\u00e9es par l\u2019Ann\u00e9e europ\u00e9enne du patrimoine culturel 2018, initi\u00e9e par l\u2019Union europ\u00e9enne. Une vingtaine de tables rondes et conf\u00e9rences pr\u00e9senteront l\u2019actualit\u00e9 des expositions, des mus\u00e9es, du patrimoine, de la recherche et de l\u2019enseignement, comme celle de l\u2019\u00e9dition et du march\u00e9 de l\u2019art. L\u2019objectif est d\u2019offrir un espace de d\u00e9bat original sur les grands enjeux du patrimoine, tels que le trafic des objets d\u2018art antiques ou le d\u00e9licat sujet des restitutions.<\/p>\n<p><a href=\"http:\/\/festivaldelhistoiredelart.com\" target=\"_blank\" rel=\"noopener noreferrer\">http:\/\/festivaldelhistoiredelart.com<\/a><\/p>\n<p>&nbsp;<\/p>\n","protected":false},"excerpt":{"rendered":"<p>Rendez-vous unique au monde qui offre aux amateurs comme aux professionnels un riche panorama sur l\u2019histoire de l\u2019art et le patrimoine de la pr\u00e9histoire \u00e0 la cr\u00e9ation contemporaine, le Festival de l\u2019histoire de l\u2019Art se tiendra du 1er au 3 juin 2018 \u00e0 Fontainebleau. Il aura pour th\u00e8me le R\u00eave et la Gr\u00e8ce sera le [&hellip;]<\/p>\n","protected":false},"author":17,"featured_media":98688,"comment_status":"closed","ping_status":"closed","sticky":false,"template":"","format":"standard","meta":{"_et_pb_use_builder":"","_et_pb_old_content":"","_et_gb_content_width":"","footnotes":""},"categories":[10530,6340,10785],"tags":[8405],"class_list":["post-98686","post","type-post","status-publish","format-standard","has-post-thumbnail","hentry","category-actualites","category-architecture-conception","category-atrium","tag-festival-de-lhistoire-de-lart"],"yoast_head":"<!-- This site is optimized with the Yoast SEO plugin v27.4 - https:\/\/yoast.com\/product\/yoast-seo-wordpress\/ -->\n<title>8e \u00e9dition du Festival de l\u2019histoire de l\u2019art @Festivart, pays invit\u00e9 : la Gr\u00e8ce<\/title>\n<meta name=\"robots\" content=\"index, follow, max-snippet:-1, max-image-preview:large, max-video-preview:-1\" \/>\n<link rel=\"canonical\" href=\"https:\/\/batijournal.com\/index.php\/8e-edition-festival-de-lhistoire-de-lart-festivart-pays-invite-grece\/98686\/\" \/>\n<meta property=\"og:locale\" content=\"fr_FR\" \/>\n<meta property=\"og:type\" content=\"article\" \/>\n<meta property=\"og:title\" content=\"8e \u00e9dition du Festival de l\u2019histoire de l\u2019art @Festivart, pays invit\u00e9 : la Gr\u00e8ce\" \/>\n<meta property=\"og:description\" content=\"Rendez-vous unique au monde qui offre aux amateurs comme aux professionnels un riche panorama sur l\u2019histoire de l\u2019art et le patrimoine de la pr\u00e9histoire \u00e0 la cr\u00e9ation contemporaine, le Festival de l\u2019histoire de l\u2019Art se tiendra du 1er au 3 juin 2018 \u00e0 Fontainebleau. Il aura pour th\u00e8me le R\u00eave et la Gr\u00e8ce sera le [&hellip;]\" \/>\n<meta property=\"og:url\" content=\"https:\/\/batijournal.com\/index.php\/8e-edition-festival-de-lhistoire-de-lart-festivart-pays-invite-grece\/98686\/\" \/>\n<meta property=\"og:site_name\" content=\"Batijournal\" \/>\n<meta property=\"article:published_time\" content=\"2018-03-21T06:38:14+00:00\" \/>\n<meta property=\"article:modified_time\" content=\"2019-07-15T09:15:11+00:00\" \/>\n<meta property=\"og:image\" content=\"https:\/\/batijournal.com\/wp-content\/uploads\/2018\/03\/FESTIVAL_DE_LHISTOIRE_DE_LART-2018-AFFICHE.jpg\" \/>\n\t<meta property=\"og:image:width\" content=\"680\" \/>\n\t<meta property=\"og:image:height\" content=\"1048\" \/>\n\t<meta property=\"og:image:type\" content=\"image\/jpeg\" \/>\n<meta name=\"author\" content=\"St\u00e9phane Miget\" \/>\n<meta name=\"twitter:card\" content=\"summary_large_image\" \/>\n<meta name=\"twitter:creator\" content=\"@bati_journal\" \/>\n<meta name=\"twitter:site\" content=\"@bati_journal\" \/>\n<meta name=\"twitter:label1\" content=\"\u00c9crit par\" \/>\n\t<meta name=\"twitter:data1\" content=\"St\u00e9phane Miget\" \/>\n\t<meta name=\"twitter:label2\" content=\"Dur\u00e9e de lecture estim\u00e9e\" \/>\n\t<meta name=\"twitter:data2\" content=\"2 minutes\" \/>\n<script type=\"application\/ld+json\" class=\"yoast-schema-graph\">{\"@context\":\"https:\\\/\\\/schema.org\",\"@graph\":[{\"@type\":\"Article\",\"@id\":\"https:\\\/\\\/batijournal.com\\\/index.php\\\/8e-edition-festival-de-lhistoire-de-lart-festivart-pays-invite-grece\\\/98686\\\/#article\",\"isPartOf\":{\"@id\":\"https:\\\/\\\/batijournal.com\\\/index.php\\\/8e-edition-festival-de-lhistoire-de-lart-festivart-pays-invite-grece\\\/98686\\\/\"},\"author\":{\"name\":\"St\u00e9phane Miget\",\"@id\":\"https:\\\/\\\/batijournal.com\\\/#\\\/schema\\\/person\\\/1dc96ec6957aa1ccb25ebe78bb19f100\"},\"headline\":\"8e \u00e9dition du Festival de l\u2019histoire de l\u2019art @Festivart, pays invit\u00e9 : la Gr\u00e8ce\",\"datePublished\":\"2018-03-21T06:38:14+00:00\",\"dateModified\":\"2019-07-15T09:15:11+00:00\",\"mainEntityOfPage\":{\"@id\":\"https:\\\/\\\/batijournal.com\\\/index.php\\\/8e-edition-festival-de-lhistoire-de-lart-festivart-pays-invite-grece\\\/98686\\\/\"},\"wordCount\":386,\"image\":{\"@id\":\"https:\\\/\\\/batijournal.com\\\/index.php\\\/8e-edition-festival-de-lhistoire-de-lart-festivart-pays-invite-grece\\\/98686\\\/#primaryimage\"},\"thumbnailUrl\":\"https:\\\/\\\/batijournal.com\\\/wp-content\\\/uploads\\\/2018\\\/03\\\/FESTIVAL_DE_LHISTOIRE_DE_LART-2018-AFFICHE.jpg\",\"keywords\":[\"festival de lhistoire de lart\"],\"articleSection\":[\"Actualit\u00e9s\",\"Architecture &amp; Conception\",\"zz_Atrium Patrimoine\"],\"inLanguage\":\"fr-FR\"},{\"@type\":\"WebPage\",\"@id\":\"https:\\\/\\\/batijournal.com\\\/index.php\\\/8e-edition-festival-de-lhistoire-de-lart-festivart-pays-invite-grece\\\/98686\\\/\",\"url\":\"https:\\\/\\\/batijournal.com\\\/index.php\\\/8e-edition-festival-de-lhistoire-de-lart-festivart-pays-invite-grece\\\/98686\\\/\",\"name\":\"8e \u00e9dition du Festival de l\u2019histoire de l\u2019art @Festivart, pays invit\u00e9 : la Gr\u00e8ce\",\"isPartOf\":{\"@id\":\"https:\\\/\\\/batijournal.com\\\/#website\"},\"primaryImageOfPage\":{\"@id\":\"https:\\\/\\\/batijournal.com\\\/index.php\\\/8e-edition-festival-de-lhistoire-de-lart-festivart-pays-invite-grece\\\/98686\\\/#primaryimage\"},\"image\":{\"@id\":\"https:\\\/\\\/batijournal.com\\\/index.php\\\/8e-edition-festival-de-lhistoire-de-lart-festivart-pays-invite-grece\\\/98686\\\/#primaryimage\"},\"thumbnailUrl\":\"https:\\\/\\\/batijournal.com\\\/wp-content\\\/uploads\\\/2018\\\/03\\\/FESTIVAL_DE_LHISTOIRE_DE_LART-2018-AFFICHE.jpg\",\"datePublished\":\"2018-03-21T06:38:14+00:00\",\"dateModified\":\"2019-07-15T09:15:11+00:00\",\"author\":{\"@id\":\"https:\\\/\\\/batijournal.com\\\/#\\\/schema\\\/person\\\/1dc96ec6957aa1ccb25ebe78bb19f100\"},\"breadcrumb\":{\"@id\":\"https:\\\/\\\/batijournal.com\\\/index.php\\\/8e-edition-festival-de-lhistoire-de-lart-festivart-pays-invite-grece\\\/98686\\\/#breadcrumb\"},\"inLanguage\":\"fr-FR\",\"potentialAction\":[{\"@type\":\"ReadAction\",\"target\":[\"https:\\\/\\\/batijournal.com\\\/index.php\\\/8e-edition-festival-de-lhistoire-de-lart-festivart-pays-invite-grece\\\/98686\\\/\"]}]},{\"@type\":\"ImageObject\",\"inLanguage\":\"fr-FR\",\"@id\":\"https:\\\/\\\/batijournal.com\\\/index.php\\\/8e-edition-festival-de-lhistoire-de-lart-festivart-pays-invite-grece\\\/98686\\\/#primaryimage\",\"url\":\"https:\\\/\\\/batijournal.com\\\/wp-content\\\/uploads\\\/2018\\\/03\\\/FESTIVAL_DE_LHISTOIRE_DE_LART-2018-AFFICHE.jpg\",\"contentUrl\":\"https:\\\/\\\/batijournal.com\\\/wp-content\\\/uploads\\\/2018\\\/03\\\/FESTIVAL_DE_LHISTOIRE_DE_LART-2018-AFFICHE.jpg\",\"width\":680,\"height\":1048},{\"@type\":\"BreadcrumbList\",\"@id\":\"https:\\\/\\\/batijournal.com\\\/index.php\\\/8e-edition-festival-de-lhistoire-de-lart-festivart-pays-invite-grece\\\/98686\\\/#breadcrumb\",\"itemListElement\":[{\"@type\":\"ListItem\",\"position\":1,\"name\":\"Accueil\",\"item\":\"https:\\\/\\\/batijournal.com\\\/\"},{\"@type\":\"ListItem\",\"position\":2,\"name\":\"Actualit\u00e9s\",\"item\":\"https:\\\/\\\/batijournal.com\\\/index.php\\\/category\\\/actualites\\\/\"},{\"@type\":\"ListItem\",\"position\":3,\"name\":\"8e \u00e9dition du Festival de l\u2019histoire de l\u2019art @Festivart, pays invit\u00e9 : la Gr\u00e8ce\"}]},{\"@type\":\"WebSite\",\"@id\":\"https:\\\/\\\/batijournal.com\\\/#website\",\"url\":\"https:\\\/\\\/batijournal.com\\\/\",\"name\":\"Batijournal\",\"description\":\"L&#039;actualit\u00e9 du b\u00e2timent\",\"potentialAction\":[{\"@type\":\"SearchAction\",\"target\":{\"@type\":\"EntryPoint\",\"urlTemplate\":\"https:\\\/\\\/batijournal.com\\\/?s={search_term_string}\"},\"query-input\":{\"@type\":\"PropertyValueSpecification\",\"valueRequired\":true,\"valueName\":\"search_term_string\"}}],\"inLanguage\":\"fr-FR\"},{\"@type\":\"Person\",\"@id\":\"https:\\\/\\\/batijournal.com\\\/#\\\/schema\\\/person\\\/1dc96ec6957aa1ccb25ebe78bb19f100\",\"name\":\"St\u00e9phane Miget\",\"image\":{\"@type\":\"ImageObject\",\"inLanguage\":\"fr-FR\",\"@id\":\"https:\\\/\\\/secure.gravatar.com\\\/avatar\\\/89915563d925342126b8ef0281b93d9d7fc337043e8df017f780908eb9644451?s=96&d=mm&r=g\",\"url\":\"https:\\\/\\\/secure.gravatar.com\\\/avatar\\\/89915563d925342126b8ef0281b93d9d7fc337043e8df017f780908eb9644451?s=96&d=mm&r=g\",\"contentUrl\":\"https:\\\/\\\/secure.gravatar.com\\\/avatar\\\/89915563d925342126b8ef0281b93d9d7fc337043e8df017f780908eb9644451?s=96&d=mm&r=g\",\"caption\":\"St\u00e9phane Miget\"},\"url\":\"https:\\\/\\\/batijournal.com\\\/index.php\\\/author\\\/stephane\\\/\"}]}<\/script>\n<!-- \/ Yoast SEO plugin. -->","yoast_head_json":{"title":"8e \u00e9dition du Festival de l\u2019histoire de l\u2019art @Festivart, pays invit\u00e9 : la Gr\u00e8ce","robots":{"index":"index","follow":"follow","max-snippet":"max-snippet:-1","max-image-preview":"max-image-preview:large","max-video-preview":"max-video-preview:-1"},"canonical":"https:\/\/batijournal.com\/index.php\/8e-edition-festival-de-lhistoire-de-lart-festivart-pays-invite-grece\/98686\/","og_locale":"fr_FR","og_type":"article","og_title":"8e \u00e9dition du Festival de l\u2019histoire de l\u2019art @Festivart, pays invit\u00e9 : la Gr\u00e8ce","og_description":"Rendez-vous unique au monde qui offre aux amateurs comme aux professionnels un riche panorama sur l\u2019histoire de l\u2019art et le patrimoine de la pr\u00e9histoire \u00e0 la cr\u00e9ation contemporaine, le Festival de l\u2019histoire de l\u2019Art se tiendra du 1er au 3 juin 2018 \u00e0 Fontainebleau. Il aura pour th\u00e8me le R\u00eave et la Gr\u00e8ce sera le [&hellip;]","og_url":"https:\/\/batijournal.com\/index.php\/8e-edition-festival-de-lhistoire-de-lart-festivart-pays-invite-grece\/98686\/","og_site_name":"Batijournal","article_published_time":"2018-03-21T06:38:14+00:00","article_modified_time":"2019-07-15T09:15:11+00:00","og_image":[{"width":680,"height":1048,"url":"https:\/\/batijournal.com\/wp-content\/uploads\/2018\/03\/FESTIVAL_DE_LHISTOIRE_DE_LART-2018-AFFICHE.jpg","type":"image\/jpeg"}],"author":"St\u00e9phane Miget","twitter_card":"summary_large_image","twitter_creator":"@bati_journal","twitter_site":"@bati_journal","twitter_misc":{"\u00c9crit par":"St\u00e9phane Miget","Dur\u00e9e de lecture estim\u00e9e":"2 minutes"},"schema":{"@context":"https:\/\/schema.org","@graph":[{"@type":"Article","@id":"https:\/\/batijournal.com\/index.php\/8e-edition-festival-de-lhistoire-de-lart-festivart-pays-invite-grece\/98686\/#article","isPartOf":{"@id":"https:\/\/batijournal.com\/index.php\/8e-edition-festival-de-lhistoire-de-lart-festivart-pays-invite-grece\/98686\/"},"author":{"name":"St\u00e9phane Miget","@id":"https:\/\/batijournal.com\/#\/schema\/person\/1dc96ec6957aa1ccb25ebe78bb19f100"},"headline":"8e \u00e9dition du Festival de l\u2019histoire de l\u2019art @Festivart, pays invit\u00e9 : la Gr\u00e8ce","datePublished":"2018-03-21T06:38:14+00:00","dateModified":"2019-07-15T09:15:11+00:00","mainEntityOfPage":{"@id":"https:\/\/batijournal.com\/index.php\/8e-edition-festival-de-lhistoire-de-lart-festivart-pays-invite-grece\/98686\/"},"wordCount":386,"image":{"@id":"https:\/\/batijournal.com\/index.php\/8e-edition-festival-de-lhistoire-de-lart-festivart-pays-invite-grece\/98686\/#primaryimage"},"thumbnailUrl":"https:\/\/batijournal.com\/wp-content\/uploads\/2018\/03\/FESTIVAL_DE_LHISTOIRE_DE_LART-2018-AFFICHE.jpg","keywords":["festival de lhistoire de lart"],"articleSection":["Actualit\u00e9s","Architecture &amp; Conception","zz_Atrium Patrimoine"],"inLanguage":"fr-FR"},{"@type":"WebPage","@id":"https:\/\/batijournal.com\/index.php\/8e-edition-festival-de-lhistoire-de-lart-festivart-pays-invite-grece\/98686\/","url":"https:\/\/batijournal.com\/index.php\/8e-edition-festival-de-lhistoire-de-lart-festivart-pays-invite-grece\/98686\/","name":"8e \u00e9dition du Festival de l\u2019histoire de l\u2019art @Festivart, pays invit\u00e9 : la Gr\u00e8ce","isPartOf":{"@id":"https:\/\/batijournal.com\/#website"},"primaryImageOfPage":{"@id":"https:\/\/batijournal.com\/index.php\/8e-edition-festival-de-lhistoire-de-lart-festivart-pays-invite-grece\/98686\/#primaryimage"},"image":{"@id":"https:\/\/batijournal.com\/index.php\/8e-edition-festival-de-lhistoire-de-lart-festivart-pays-invite-grece\/98686\/#primaryimage"},"thumbnailUrl":"https:\/\/batijournal.com\/wp-content\/uploads\/2018\/03\/FESTIVAL_DE_LHISTOIRE_DE_LART-2018-AFFICHE.jpg","datePublished":"2018-03-21T06:38:14+00:00","dateModified":"2019-07-15T09:15:11+00:00","author":{"@id":"https:\/\/batijournal.com\/#\/schema\/person\/1dc96ec6957aa1ccb25ebe78bb19f100"},"breadcrumb":{"@id":"https:\/\/batijournal.com\/index.php\/8e-edition-festival-de-lhistoire-de-lart-festivart-pays-invite-grece\/98686\/#breadcrumb"},"inLanguage":"fr-FR","potentialAction":[{"@type":"ReadAction","target":["https:\/\/batijournal.com\/index.php\/8e-edition-festival-de-lhistoire-de-lart-festivart-pays-invite-grece\/98686\/"]}]},{"@type":"ImageObject","inLanguage":"fr-FR","@id":"https:\/\/batijournal.com\/index.php\/8e-edition-festival-de-lhistoire-de-lart-festivart-pays-invite-grece\/98686\/#primaryimage","url":"https:\/\/batijournal.com\/wp-content\/uploads\/2018\/03\/FESTIVAL_DE_LHISTOIRE_DE_LART-2018-AFFICHE.jpg","contentUrl":"https:\/\/batijournal.com\/wp-content\/uploads\/2018\/03\/FESTIVAL_DE_LHISTOIRE_DE_LART-2018-AFFICHE.jpg","width":680,"height":1048},{"@type":"BreadcrumbList","@id":"https:\/\/batijournal.com\/index.php\/8e-edition-festival-de-lhistoire-de-lart-festivart-pays-invite-grece\/98686\/#breadcrumb","itemListElement":[{"@type":"ListItem","position":1,"name":"Accueil","item":"https:\/\/batijournal.com\/"},{"@type":"ListItem","position":2,"name":"Actualit\u00e9s","item":"https:\/\/batijournal.com\/index.php\/category\/actualites\/"},{"@type":"ListItem","position":3,"name":"8e \u00e9dition du Festival de l\u2019histoire de l\u2019art @Festivart, pays invit\u00e9 : la Gr\u00e8ce"}]},{"@type":"WebSite","@id":"https:\/\/batijournal.com\/#website","url":"https:\/\/batijournal.com\/","name":"Batijournal","description":"L&#039;actualit\u00e9 du b\u00e2timent","potentialAction":[{"@type":"SearchAction","target":{"@type":"EntryPoint","urlTemplate":"https:\/\/batijournal.com\/?s={search_term_string}"},"query-input":{"@type":"PropertyValueSpecification","valueRequired":true,"valueName":"search_term_string"}}],"inLanguage":"fr-FR"},{"@type":"Person","@id":"https:\/\/batijournal.com\/#\/schema\/person\/1dc96ec6957aa1ccb25ebe78bb19f100","name":"St\u00e9phane Miget","image":{"@type":"ImageObject","inLanguage":"fr-FR","@id":"https:\/\/secure.gravatar.com\/avatar\/89915563d925342126b8ef0281b93d9d7fc337043e8df017f780908eb9644451?s=96&d=mm&r=g","url":"https:\/\/secure.gravatar.com\/avatar\/89915563d925342126b8ef0281b93d9d7fc337043e8df017f780908eb9644451?s=96&d=mm&r=g","contentUrl":"https:\/\/secure.gravatar.com\/avatar\/89915563d925342126b8ef0281b93d9d7fc337043e8df017f780908eb9644451?s=96&d=mm&r=g","caption":"St\u00e9phane Miget"},"url":"https:\/\/batijournal.com\/index.php\/author\/stephane\/"}]}},"_links":{"self":[{"href":"https:\/\/batijournal.com\/index.php\/wp-json\/wp\/v2\/posts\/98686","targetHints":{"allow":["GET"]}}],"collection":[{"href":"https:\/\/batijournal.com\/index.php\/wp-json\/wp\/v2\/posts"}],"about":[{"href":"https:\/\/batijournal.com\/index.php\/wp-json\/wp\/v2\/types\/post"}],"author":[{"embeddable":true,"href":"https:\/\/batijournal.com\/index.php\/wp-json\/wp\/v2\/users\/17"}],"replies":[{"embeddable":true,"href":"https:\/\/batijournal.com\/index.php\/wp-json\/wp\/v2\/comments?post=98686"}],"version-history":[{"count":0,"href":"https:\/\/batijournal.com\/index.php\/wp-json\/wp\/v2\/posts\/98686\/revisions"}],"wp:featuredmedia":[{"embeddable":true,"href":"https:\/\/batijournal.com\/index.php\/wp-json\/wp\/v2\/media\/98688"}],"wp:attachment":[{"href":"https:\/\/batijournal.com\/index.php\/wp-json\/wp\/v2\/media?parent=98686"}],"wp:term":[{"taxonomy":"category","embeddable":true,"href":"https:\/\/batijournal.com\/index.php\/wp-json\/wp\/v2\/categories?post=98686"},{"taxonomy":"post_tag","embeddable":true,"href":"https:\/\/batijournal.com\/index.php\/wp-json\/wp\/v2\/tags?post=98686"}],"curies":[{"name":"wp","href":"https:\/\/api.w.org\/{rel}","templated":true}]}}