{"id":98696,"date":"2018-03-21T09:30:32","date_gmt":"2018-03-21T08:30:32","guid":{"rendered":"http:\/\/batijournal.com\/?p=98696"},"modified":"2019-07-15T11:15:11","modified_gmt":"2019-07-15T09:15:11","slug":"necropole-denfants-gaulois-calvados","status":"publish","type":"post","link":"https:\/\/batijournal.com\/index.php\/necropole-denfants-gaulois-calvados\/98696\/","title":{"rendered":"N\u00e9cropole d\u2019enfants gaulois dans le Calvados"},"content":{"rendered":"<p>Depuis 2013, la petite commune de Jort dans le Calvados, connue depuis le XVIIIe si\u00e8cle pour avoir \u00e9t\u00e9 le si\u00e8ge d\u2019une importante agglom\u00e9ration antique, est le cadre d\u2019une s\u00e9rie d\u2019op\u00e9rations d\u2019arch\u00e9ologie pr\u00e9ventive, au rythme de son am\u00e9nagement pavillonnaire. Les d\u00e9capages cumul\u00e9s atteignent aujourd\u2019hui quelque 8 000 m2 soit environ 60 % des surfaces diagnostiqu\u00e9es. De nombreux vestiges d\u2019habitat ont \u00e9t\u00e9 mis au jour, de la fin de l\u2019\u00e2ge du Fer \u00e0 la fin du Moyen \u00e2ge. Ils se doublent pour l\u2019\u00e9poque gauloise d\u2019une n\u00e9cropole d\u2019enfants localis\u00e9e \u00e0 l\u2019entr\u00e9e sud du village. D\u00e9couvert en 2013, ce site fun\u00e9raire exceptionnel a concern\u00e9 deux autres interventions. De 2013 \u00e0 2017, 104 s\u00e9pultures dat\u00e9es de la fin de l\u2019\u00e2ge du Fer au d\u00e9but de l\u2019\u00e9poque romaine ont \u00e9t\u00e9 d\u00e9couvertes. S\u2019y ajoute une trentaine de fosses vides d\u2019ossements dont la forme \u00e9voque n\u00e9anmoins une fonction s\u00e9pulcrale. Malgr\u00e9 leur densit\u00e9, les inhumations sont toutes primaires et individuelles : les corps ont \u00e9t\u00e9 d\u00e9pos\u00e9s directement la tombe pour y \u00eatre inhum\u00e9s. La raret\u00e9 des recoupements indique un espace fun\u00e9raire bien g\u00e9r\u00e9, les tombes devaient \u00eatre signal\u00e9es en surface, notamment par des dalles en calcaire. Les s\u00e9pultures contiennent essentiellement des squelettes d\u2019enfants d\u00e9c\u00e9d\u00e9s soit en p\u00e9riode p\u00e9rinatale, soit dans leur premi\u00e8re enfance. L\u2019\u00e9tude biologique en cours, en collaboration avec le laboratoire d\u2019anthropologie du Craham (Universit\u00e9 de Caen), permettra \u00e0 terme d\u2019estimer leur \u00e2ge et d\u2019\u00e9tudier leur \u00e9tat sanitaire, pour notamment identifier d\u2019\u00e9ventuelles pathologies carentielles ou dentaires. Le nombre important de ces s\u00e9pultures de jeunes pr\u00e9adolescents, ainsi que leur datation entre la fin de l\u2019\u00e2ge du Fer (La T\u00e8ne D1-D2) et le tout d\u00e9but de l\u2019\u00e9poque gallo-romaine, confirment le caract\u00e8re exceptionnel cette n\u00e9cropole dont les limites ne sont pas encore connues \u00e0 ce jour.<\/p>\n<p>Source : Inrap<br \/>\nPhoto : S\u00e9pulture 169B, vue d\u2019ensemble du squelette, log\u00e9 dans la paroi en sape. \u00a9 R. Lefebvre, Inrap<\/p>\n<p>&nbsp;<\/p>\n","protected":false},"excerpt":{"rendered":"<p>Depuis 2013, la petite commune de Jort dans le Calvados, connue depuis le XVIIIe si\u00e8cle pour avoir \u00e9t\u00e9 le si\u00e8ge d\u2019une importante agglom\u00e9ration antique, est le cadre d\u2019une s\u00e9rie d\u2019op\u00e9rations d\u2019arch\u00e9ologie pr\u00e9ventive, au rythme de son am\u00e9nagement pavillonnaire. Les d\u00e9capages cumul\u00e9s atteignent aujourd\u2019hui quelque 8 000 m2 soit environ 60 % des surfaces diagnostiqu\u00e9es. De [&hellip;]<\/p>\n","protected":false},"author":17,"featured_media":98697,"comment_status":"closed","ping_status":"closed","sticky":false,"template":"","format":"standard","meta":{"_et_pb_use_builder":"","_et_pb_old_content":"","_et_gb_content_width":"","footnotes":""},"categories":[10530,6340,10785],"tags":[6454],"class_list":["post-98696","post","type-post","status-publish","format-standard","has-post-thumbnail","hentry","category-actualites","category-architecture-conception","category-atrium","tag-inrap"],"yoast_head":"<!-- This site is optimized with the Yoast SEO plugin v27.4 - https:\/\/yoast.com\/product\/yoast-seo-wordpress\/ -->\n<title>N\u00e9cropole d\u2019enfants gaulois dans le Calvados<\/title>\n<meta name=\"robots\" content=\"index, follow, max-snippet:-1, max-image-preview:large, max-video-preview:-1\" \/>\n<link rel=\"canonical\" href=\"https:\/\/batijournal.com\/index.php\/necropole-denfants-gaulois-calvados\/98696\/\" \/>\n<meta property=\"og:locale\" content=\"fr_FR\" \/>\n<meta property=\"og:type\" content=\"article\" \/>\n<meta property=\"og:title\" content=\"N\u00e9cropole d\u2019enfants gaulois dans le Calvados\" \/>\n<meta property=\"og:description\" content=\"Depuis 2013, la petite commune de Jort dans le Calvados, connue depuis le XVIIIe si\u00e8cle pour avoir \u00e9t\u00e9 le si\u00e8ge d\u2019une importante agglom\u00e9ration antique, est le cadre d\u2019une s\u00e9rie d\u2019op\u00e9rations d\u2019arch\u00e9ologie pr\u00e9ventive, au rythme de son am\u00e9nagement pavillonnaire. Les d\u00e9capages cumul\u00e9s atteignent aujourd\u2019hui quelque 8 000 m2 soit environ 60 % des surfaces diagnostiqu\u00e9es. De [&hellip;]\" \/>\n<meta property=\"og:url\" content=\"https:\/\/batijournal.com\/index.php\/necropole-denfants-gaulois-calvados\/98696\/\" \/>\n<meta property=\"og:site_name\" content=\"Batijournal\" \/>\n<meta property=\"article:published_time\" content=\"2018-03-21T08:30:32+00:00\" \/>\n<meta property=\"article:modified_time\" content=\"2019-07-15T09:15:11+00:00\" \/>\n<meta property=\"og:image\" content=\"https:\/\/batijournal.com\/wp-content\/uploads\/2018\/03\/necropole-enfants-gaulois-inrap.jpg\" \/>\n\t<meta property=\"og:image:width\" content=\"1920\" \/>\n\t<meta property=\"og:image:height\" content=\"1280\" \/>\n\t<meta property=\"og:image:type\" content=\"image\/jpeg\" \/>\n<meta name=\"author\" content=\"St\u00e9phane Miget\" \/>\n<meta name=\"twitter:card\" content=\"summary_large_image\" \/>\n<meta name=\"twitter:creator\" content=\"@bati_journal\" \/>\n<meta name=\"twitter:site\" content=\"@bati_journal\" \/>\n<meta name=\"twitter:label1\" content=\"\u00c9crit par\" \/>\n\t<meta name=\"twitter:data1\" content=\"St\u00e9phane Miget\" \/>\n\t<meta name=\"twitter:label2\" content=\"Dur\u00e9e de lecture estim\u00e9e\" \/>\n\t<meta name=\"twitter:data2\" content=\"2 minutes\" \/>\n<script type=\"application\/ld+json\" class=\"yoast-schema-graph\">{\"@context\":\"https:\\\/\\\/schema.org\",\"@graph\":[{\"@type\":\"Article\",\"@id\":\"https:\\\/\\\/batijournal.com\\\/index.php\\\/necropole-denfants-gaulois-calvados\\\/98696\\\/#article\",\"isPartOf\":{\"@id\":\"https:\\\/\\\/batijournal.com\\\/index.php\\\/necropole-denfants-gaulois-calvados\\\/98696\\\/\"},\"author\":{\"name\":\"St\u00e9phane Miget\",\"@id\":\"https:\\\/\\\/batijournal.com\\\/#\\\/schema\\\/person\\\/1dc96ec6957aa1ccb25ebe78bb19f100\"},\"headline\":\"N\u00e9cropole d\u2019enfants gaulois dans le Calvados\",\"datePublished\":\"2018-03-21T08:30:32+00:00\",\"dateModified\":\"2019-07-15T09:15:11+00:00\",\"mainEntityOfPage\":{\"@id\":\"https:\\\/\\\/batijournal.com\\\/index.php\\\/necropole-denfants-gaulois-calvados\\\/98696\\\/\"},\"wordCount\":364,\"image\":{\"@id\":\"https:\\\/\\\/batijournal.com\\\/index.php\\\/necropole-denfants-gaulois-calvados\\\/98696\\\/#primaryimage\"},\"thumbnailUrl\":\"https:\\\/\\\/batijournal.com\\\/wp-content\\\/uploads\\\/2018\\\/03\\\/necropole-enfants-gaulois-inrap.jpg\",\"keywords\":[\"inrap\"],\"articleSection\":[\"Actualit\u00e9s\",\"Architecture &amp; Conception\",\"zz_Atrium Patrimoine\"],\"inLanguage\":\"fr-FR\"},{\"@type\":\"WebPage\",\"@id\":\"https:\\\/\\\/batijournal.com\\\/index.php\\\/necropole-denfants-gaulois-calvados\\\/98696\\\/\",\"url\":\"https:\\\/\\\/batijournal.com\\\/index.php\\\/necropole-denfants-gaulois-calvados\\\/98696\\\/\",\"name\":\"N\u00e9cropole d\u2019enfants gaulois dans le Calvados\",\"isPartOf\":{\"@id\":\"https:\\\/\\\/batijournal.com\\\/#website\"},\"primaryImageOfPage\":{\"@id\":\"https:\\\/\\\/batijournal.com\\\/index.php\\\/necropole-denfants-gaulois-calvados\\\/98696\\\/#primaryimage\"},\"image\":{\"@id\":\"https:\\\/\\\/batijournal.com\\\/index.php\\\/necropole-denfants-gaulois-calvados\\\/98696\\\/#primaryimage\"},\"thumbnailUrl\":\"https:\\\/\\\/batijournal.com\\\/wp-content\\\/uploads\\\/2018\\\/03\\\/necropole-enfants-gaulois-inrap.jpg\",\"datePublished\":\"2018-03-21T08:30:32+00:00\",\"dateModified\":\"2019-07-15T09:15:11+00:00\",\"author\":{\"@id\":\"https:\\\/\\\/batijournal.com\\\/#\\\/schema\\\/person\\\/1dc96ec6957aa1ccb25ebe78bb19f100\"},\"breadcrumb\":{\"@id\":\"https:\\\/\\\/batijournal.com\\\/index.php\\\/necropole-denfants-gaulois-calvados\\\/98696\\\/#breadcrumb\"},\"inLanguage\":\"fr-FR\",\"potentialAction\":[{\"@type\":\"ReadAction\",\"target\":[\"https:\\\/\\\/batijournal.com\\\/index.php\\\/necropole-denfants-gaulois-calvados\\\/98696\\\/\"]}]},{\"@type\":\"ImageObject\",\"inLanguage\":\"fr-FR\",\"@id\":\"https:\\\/\\\/batijournal.com\\\/index.php\\\/necropole-denfants-gaulois-calvados\\\/98696\\\/#primaryimage\",\"url\":\"https:\\\/\\\/batijournal.com\\\/wp-content\\\/uploads\\\/2018\\\/03\\\/necropole-enfants-gaulois-inrap.jpg\",\"contentUrl\":\"https:\\\/\\\/batijournal.com\\\/wp-content\\\/uploads\\\/2018\\\/03\\\/necropole-enfants-gaulois-inrap.jpg\",\"width\":1920,\"height\":1280},{\"@type\":\"BreadcrumbList\",\"@id\":\"https:\\\/\\\/batijournal.com\\\/index.php\\\/necropole-denfants-gaulois-calvados\\\/98696\\\/#breadcrumb\",\"itemListElement\":[{\"@type\":\"ListItem\",\"position\":1,\"name\":\"Accueil\",\"item\":\"https:\\\/\\\/batijournal.com\\\/\"},{\"@type\":\"ListItem\",\"position\":2,\"name\":\"Actualit\u00e9s\",\"item\":\"https:\\\/\\\/batijournal.com\\\/index.php\\\/category\\\/actualites\\\/\"},{\"@type\":\"ListItem\",\"position\":3,\"name\":\"N\u00e9cropole d\u2019enfants gaulois dans le Calvados\"}]},{\"@type\":\"WebSite\",\"@id\":\"https:\\\/\\\/batijournal.com\\\/#website\",\"url\":\"https:\\\/\\\/batijournal.com\\\/\",\"name\":\"Batijournal\",\"description\":\"L&#039;actualit\u00e9 du b\u00e2timent\",\"potentialAction\":[{\"@type\":\"SearchAction\",\"target\":{\"@type\":\"EntryPoint\",\"urlTemplate\":\"https:\\\/\\\/batijournal.com\\\/?s={search_term_string}\"},\"query-input\":{\"@type\":\"PropertyValueSpecification\",\"valueRequired\":true,\"valueName\":\"search_term_string\"}}],\"inLanguage\":\"fr-FR\"},{\"@type\":\"Person\",\"@id\":\"https:\\\/\\\/batijournal.com\\\/#\\\/schema\\\/person\\\/1dc96ec6957aa1ccb25ebe78bb19f100\",\"name\":\"St\u00e9phane Miget\",\"image\":{\"@type\":\"ImageObject\",\"inLanguage\":\"fr-FR\",\"@id\":\"https:\\\/\\\/secure.gravatar.com\\\/avatar\\\/89915563d925342126b8ef0281b93d9d7fc337043e8df017f780908eb9644451?s=96&d=mm&r=g\",\"url\":\"https:\\\/\\\/secure.gravatar.com\\\/avatar\\\/89915563d925342126b8ef0281b93d9d7fc337043e8df017f780908eb9644451?s=96&d=mm&r=g\",\"contentUrl\":\"https:\\\/\\\/secure.gravatar.com\\\/avatar\\\/89915563d925342126b8ef0281b93d9d7fc337043e8df017f780908eb9644451?s=96&d=mm&r=g\",\"caption\":\"St\u00e9phane Miget\"},\"url\":\"https:\\\/\\\/batijournal.com\\\/index.php\\\/author\\\/stephane\\\/\"}]}<\/script>\n<!-- \/ Yoast SEO plugin. -->","yoast_head_json":{"title":"N\u00e9cropole d\u2019enfants gaulois dans le Calvados","robots":{"index":"index","follow":"follow","max-snippet":"max-snippet:-1","max-image-preview":"max-image-preview:large","max-video-preview":"max-video-preview:-1"},"canonical":"https:\/\/batijournal.com\/index.php\/necropole-denfants-gaulois-calvados\/98696\/","og_locale":"fr_FR","og_type":"article","og_title":"N\u00e9cropole d\u2019enfants gaulois dans le Calvados","og_description":"Depuis 2013, la petite commune de Jort dans le Calvados, connue depuis le XVIIIe si\u00e8cle pour avoir \u00e9t\u00e9 le si\u00e8ge d\u2019une importante agglom\u00e9ration antique, est le cadre d\u2019une s\u00e9rie d\u2019op\u00e9rations d\u2019arch\u00e9ologie pr\u00e9ventive, au rythme de son am\u00e9nagement pavillonnaire. Les d\u00e9capages cumul\u00e9s atteignent aujourd\u2019hui quelque 8 000 m2 soit environ 60 % des surfaces diagnostiqu\u00e9es. De [&hellip;]","og_url":"https:\/\/batijournal.com\/index.php\/necropole-denfants-gaulois-calvados\/98696\/","og_site_name":"Batijournal","article_published_time":"2018-03-21T08:30:32+00:00","article_modified_time":"2019-07-15T09:15:11+00:00","og_image":[{"width":1920,"height":1280,"url":"https:\/\/batijournal.com\/wp-content\/uploads\/2018\/03\/necropole-enfants-gaulois-inrap.jpg","type":"image\/jpeg"}],"author":"St\u00e9phane Miget","twitter_card":"summary_large_image","twitter_creator":"@bati_journal","twitter_site":"@bati_journal","twitter_misc":{"\u00c9crit par":"St\u00e9phane Miget","Dur\u00e9e de lecture estim\u00e9e":"2 minutes"},"schema":{"@context":"https:\/\/schema.org","@graph":[{"@type":"Article","@id":"https:\/\/batijournal.com\/index.php\/necropole-denfants-gaulois-calvados\/98696\/#article","isPartOf":{"@id":"https:\/\/batijournal.com\/index.php\/necropole-denfants-gaulois-calvados\/98696\/"},"author":{"name":"St\u00e9phane Miget","@id":"https:\/\/batijournal.com\/#\/schema\/person\/1dc96ec6957aa1ccb25ebe78bb19f100"},"headline":"N\u00e9cropole d\u2019enfants gaulois dans le Calvados","datePublished":"2018-03-21T08:30:32+00:00","dateModified":"2019-07-15T09:15:11+00:00","mainEntityOfPage":{"@id":"https:\/\/batijournal.com\/index.php\/necropole-denfants-gaulois-calvados\/98696\/"},"wordCount":364,"image":{"@id":"https:\/\/batijournal.com\/index.php\/necropole-denfants-gaulois-calvados\/98696\/#primaryimage"},"thumbnailUrl":"https:\/\/batijournal.com\/wp-content\/uploads\/2018\/03\/necropole-enfants-gaulois-inrap.jpg","keywords":["inrap"],"articleSection":["Actualit\u00e9s","Architecture &amp; Conception","zz_Atrium Patrimoine"],"inLanguage":"fr-FR"},{"@type":"WebPage","@id":"https:\/\/batijournal.com\/index.php\/necropole-denfants-gaulois-calvados\/98696\/","url":"https:\/\/batijournal.com\/index.php\/necropole-denfants-gaulois-calvados\/98696\/","name":"N\u00e9cropole d\u2019enfants gaulois dans le Calvados","isPartOf":{"@id":"https:\/\/batijournal.com\/#website"},"primaryImageOfPage":{"@id":"https:\/\/batijournal.com\/index.php\/necropole-denfants-gaulois-calvados\/98696\/#primaryimage"},"image":{"@id":"https:\/\/batijournal.com\/index.php\/necropole-denfants-gaulois-calvados\/98696\/#primaryimage"},"thumbnailUrl":"https:\/\/batijournal.com\/wp-content\/uploads\/2018\/03\/necropole-enfants-gaulois-inrap.jpg","datePublished":"2018-03-21T08:30:32+00:00","dateModified":"2019-07-15T09:15:11+00:00","author":{"@id":"https:\/\/batijournal.com\/#\/schema\/person\/1dc96ec6957aa1ccb25ebe78bb19f100"},"breadcrumb":{"@id":"https:\/\/batijournal.com\/index.php\/necropole-denfants-gaulois-calvados\/98696\/#breadcrumb"},"inLanguage":"fr-FR","potentialAction":[{"@type":"ReadAction","target":["https:\/\/batijournal.com\/index.php\/necropole-denfants-gaulois-calvados\/98696\/"]}]},{"@type":"ImageObject","inLanguage":"fr-FR","@id":"https:\/\/batijournal.com\/index.php\/necropole-denfants-gaulois-calvados\/98696\/#primaryimage","url":"https:\/\/batijournal.com\/wp-content\/uploads\/2018\/03\/necropole-enfants-gaulois-inrap.jpg","contentUrl":"https:\/\/batijournal.com\/wp-content\/uploads\/2018\/03\/necropole-enfants-gaulois-inrap.jpg","width":1920,"height":1280},{"@type":"BreadcrumbList","@id":"https:\/\/batijournal.com\/index.php\/necropole-denfants-gaulois-calvados\/98696\/#breadcrumb","itemListElement":[{"@type":"ListItem","position":1,"name":"Accueil","item":"https:\/\/batijournal.com\/"},{"@type":"ListItem","position":2,"name":"Actualit\u00e9s","item":"https:\/\/batijournal.com\/index.php\/category\/actualites\/"},{"@type":"ListItem","position":3,"name":"N\u00e9cropole d\u2019enfants gaulois dans le Calvados"}]},{"@type":"WebSite","@id":"https:\/\/batijournal.com\/#website","url":"https:\/\/batijournal.com\/","name":"Batijournal","description":"L&#039;actualit\u00e9 du b\u00e2timent","potentialAction":[{"@type":"SearchAction","target":{"@type":"EntryPoint","urlTemplate":"https:\/\/batijournal.com\/?s={search_term_string}"},"query-input":{"@type":"PropertyValueSpecification","valueRequired":true,"valueName":"search_term_string"}}],"inLanguage":"fr-FR"},{"@type":"Person","@id":"https:\/\/batijournal.com\/#\/schema\/person\/1dc96ec6957aa1ccb25ebe78bb19f100","name":"St\u00e9phane Miget","image":{"@type":"ImageObject","inLanguage":"fr-FR","@id":"https:\/\/secure.gravatar.com\/avatar\/89915563d925342126b8ef0281b93d9d7fc337043e8df017f780908eb9644451?s=96&d=mm&r=g","url":"https:\/\/secure.gravatar.com\/avatar\/89915563d925342126b8ef0281b93d9d7fc337043e8df017f780908eb9644451?s=96&d=mm&r=g","contentUrl":"https:\/\/secure.gravatar.com\/avatar\/89915563d925342126b8ef0281b93d9d7fc337043e8df017f780908eb9644451?s=96&d=mm&r=g","caption":"St\u00e9phane Miget"},"url":"https:\/\/batijournal.com\/index.php\/author\/stephane\/"}]}},"_links":{"self":[{"href":"https:\/\/batijournal.com\/index.php\/wp-json\/wp\/v2\/posts\/98696","targetHints":{"allow":["GET"]}}],"collection":[{"href":"https:\/\/batijournal.com\/index.php\/wp-json\/wp\/v2\/posts"}],"about":[{"href":"https:\/\/batijournal.com\/index.php\/wp-json\/wp\/v2\/types\/post"}],"author":[{"embeddable":true,"href":"https:\/\/batijournal.com\/index.php\/wp-json\/wp\/v2\/users\/17"}],"replies":[{"embeddable":true,"href":"https:\/\/batijournal.com\/index.php\/wp-json\/wp\/v2\/comments?post=98696"}],"version-history":[{"count":0,"href":"https:\/\/batijournal.com\/index.php\/wp-json\/wp\/v2\/posts\/98696\/revisions"}],"wp:featuredmedia":[{"embeddable":true,"href":"https:\/\/batijournal.com\/index.php\/wp-json\/wp\/v2\/media\/98697"}],"wp:attachment":[{"href":"https:\/\/batijournal.com\/index.php\/wp-json\/wp\/v2\/media?parent=98696"}],"wp:term":[{"taxonomy":"category","embeddable":true,"href":"https:\/\/batijournal.com\/index.php\/wp-json\/wp\/v2\/categories?post=98696"},{"taxonomy":"post_tag","embeddable":true,"href":"https:\/\/batijournal.com\/index.php\/wp-json\/wp\/v2\/tags?post=98696"}],"curies":[{"name":"wp","href":"https:\/\/api.w.org\/{rel}","templated":true}]}}