{"id":98698,"date":"2018-03-21T09:34:15","date_gmt":"2018-03-21T08:34:15","guid":{"rendered":"http:\/\/batijournal.com\/?p=98698"},"modified":"2019-07-15T11:15:11","modified_gmt":"2019-07-15T09:15:11","slug":"reconstruction-de-fleche-demontee-viollet-duc-de-basilique-de-saint-denis","status":"publish","type":"post","link":"https:\/\/batijournal.com\/index.php\/reconstruction-de-fleche-demontee-viollet-duc-de-basilique-de-saint-denis\/98698\/","title":{"rendered":"Reconstruction de la fl\u00e8che de la basilique de Saint-Denis d\u00e9mont\u00e9e par Viollet-le-Duc"},"content":{"rendered":"<p><strong>Fran\u00e7oise Nyssen, ministre de la Culture, a sign\u00e9 avec Patrick Braouezec, pr\u00e9sident de Plaine Commune et pr\u00e9sident de l&rsquo;association Suivez la fl\u00e8che, Philippe B\u00e9laval, pr\u00e9sident du Centre des monuments nationaux et Monseigneur Pascal Delannoy, \u00e9v\u00eaque de Saint-Denis-en-France, une convention-cadre pour la reconstruction de la tour et de la fl\u00e8che nord de la basilique de Saint-Denis.<\/strong><\/p>\n<p><strong>La tour et la fl\u00e8che m\u00e9di\u00e9vales ont \u00e9t\u00e9 d\u00e9mont\u00e9es, au milieu du XIXe si\u00e8cle, par l&rsquo;architecte Eug\u00e8ne Viollet-le-Duc, pour pr\u00e9venir un risque d&rsquo;effondrement, cons\u00e9cutif \u00e0 des vents violents et \u00e0 une tornade, en 1845, peu apr\u00e8s la restauration de l&rsquo;ouvrage par son conf\u00e8re Fran\u00e7ois Debret. Depuis lors, la basilique est demeur\u00e9e sans tour nord, et sans fl\u00e8che, la tour sud n&rsquo;en ayant jamais port\u00e9.<\/strong><\/p>\n<p>Le projet de reconstruction port\u00e9 par les collectivit\u00e9s territoriales et l&rsquo;association Suivez la fl\u00e8che a \u00e9t\u00e9 pr\u00e9sent\u00e9 \u00e0 la Commission nationale des monuments historiques, le 30 janvier 2017. Partag\u00e9s sur le principe de la reconstruction, les membres de la Commission ont propos\u00e9 \u00e0 la ministre de la Culture trois conditions imp\u00e9ratives : valider l&rsquo;utilit\u00e9 sociale du chantier, l&rsquo;adh\u00e9sion et la participation populaires ; apporter toutes assurances quant \u00e0 la capacit\u00e9 du massif occidental \u00e0 supporter cette reconstruction ; avoir des garanties quant \u00e0 l&rsquo;autofinancement du projet, pour r\u00e9server les cr\u00e9dits de l&rsquo;\u00c9tat \u00e0 la restauration des parties anciennes de la basilique.<\/p>\n<p>L&rsquo;association a imm\u00e9diatement command\u00e9 \u00e0 Jacques Moulin, architecte en chef des monuments historiques, une \u00e9tude visant \u00e0 d\u00e9terminer les travaux n\u00e9cessaires \u00e0 la consolidation du massif occidental, qui vient d&rsquo;\u00eatre remise. Le maire de Saint-Denis, le pr\u00e9sident de Plaine Commune et la pr\u00e9sidente de la r\u00e9gion \u00cele-de-France ont affirm\u00e9 leur soutien au projet.<\/p>\n<p>Un comit\u00e9 scientifique, pr\u00e9sid\u00e9 par Philippe Plagnieux, professeur d&rsquo;histoire de l&rsquo;art du Moyen \u00c2ge, et compos\u00e9 de sp\u00e9cialistes de l&rsquo;art m\u00e9di\u00e9val, de l&rsquo;architecture, de l&rsquo;arch\u00e9ologie et d&rsquo;ing\u00e9nieurs, a \u00e9t\u00e9 constitu\u00e9 le 10 ao\u00fbt 2017 pour assister les services de l&rsquo;\u00c9tat, et notamment la direction r\u00e9gionale des affaires culturelles d&rsquo;\u00cele-de-France, dans le suivi et le contr\u00f4le de ce chantier exceptionnel.<\/p>\n<p>La convention-cadre sign\u00e9e ce 17 mars pr\u00e9voit les conditions dans lesquelles l&rsquo;association versera \u00e0 l&rsquo;\u00c9tat les cr\u00e9dits n\u00e9cessaires \u00e0 la r\u00e9alisation, sous ma\u00eetrise d&rsquo;ouvrage de la DRAC d&rsquo;\u00cele-de-France, de la consolidation du massif occidental de la basilique. Elle pr\u00e9cise \u00e9galement les modalit\u00e9s de l&rsquo;occupation par l&rsquo;association des espaces n\u00e9cessaires \u00e0 la conduite de la reconstruction proprement dite, et \u00e0 l&rsquo;\u00e9tablissement du \u00ab village de chantier \u00bb et du \u00ab belv\u00e9d\u00e8re \u00bb, ouverts au public, dont le droit d&rsquo;entr\u00e9e permettra, outre les m\u00e9c\u00e9nats collect\u00e9s, de financer l&rsquo;op\u00e9ration, pr\u00e9vue pour une dur\u00e9e de 10 ans.<\/p>\n<p>Parall\u00e8lement, les travaux de restauration du monument, conduits par la DRAC d&rsquo;\u00cele-de-France, se poursuivent : apr\u00e8s la spectaculaire restauration des portails occidentaux et de leurs admirables sculptures, les principaux chantiers concernent le mur sud de la nef et la rose sud.<\/p>\n<p>Ce projet de restitution devrait, outre sa dimension p\u00e9dagogique et sociale, renforcer l&rsquo;attrait de ce monument majeur du patrimoine national, consid\u00e9r\u00e9 comme l&rsquo;une des premi\u00e8res grandes r\u00e9alisations de l&rsquo;art gothique en France et en Europe, et abritant la n\u00e9cropole principale des rois de France, dont le Centre des monuments nationaux assure l&rsquo;ouverture au public.<\/p>\n<p>Le \u00ab\u00a0remontage\u00a0\u00bb de la fl\u00e8che de la basilique de Saint Denis,\u00a0est pr\u00e9vu en mai 2020 et devrait prendre environ onze ans, a annonc\u00e9 mercredi l&rsquo;association \u00ab\u00a0Suivez la fl\u00e8che\u00a0\u00bb qui pilote le projet.<\/p>\n<p>Source : Minist\u00e8re de la Culture<br \/>\nPhoto : Wikimedia<\/p>\n","protected":false},"excerpt":{"rendered":"<p>Fran\u00e7oise Nyssen, ministre de la Culture, a sign\u00e9 avec Patrick Braouezec, pr\u00e9sident de Plaine Commune et pr\u00e9sident de l&rsquo;association Suivez la fl\u00e8che, Philippe B\u00e9laval, pr\u00e9sident du Centre des monuments nationaux et Monseigneur Pascal Delannoy, \u00e9v\u00eaque de Saint-Denis-en-France, une convention-cadre pour la reconstruction de la tour et de la fl\u00e8che nord de la basilique de Saint-Denis. [&hellip;]<\/p>\n","protected":false},"author":17,"featured_media":98699,"comment_status":"closed","ping_status":"closed","sticky":false,"template":"","format":"standard","meta":{"_et_pb_use_builder":"","_et_pb_old_content":"","_et_gb_content_width":"","footnotes":""},"categories":[10530,6340,10785],"tags":[6376],"class_list":["post-98698","post","type-post","status-publish","format-standard","has-post-thumbnail","hentry","category-actualites","category-architecture-conception","category-atrium","tag-monument-historique"],"yoast_head":"<!-- This site is optimized with the Yoast SEO plugin v27.4 - https:\/\/yoast.com\/product\/yoast-seo-wordpress\/ -->\n<title>Reconstruction de la fl\u00e8che de la basilique de Saint-Denis d\u00e9mont\u00e9e par Viollet-le-Duc<\/title>\n<meta name=\"robots\" content=\"index, follow, max-snippet:-1, max-image-preview:large, max-video-preview:-1\" \/>\n<link rel=\"canonical\" href=\"https:\/\/batijournal.com\/index.php\/reconstruction-de-fleche-demontee-viollet-duc-de-basilique-de-saint-denis\/98698\/\" \/>\n<meta property=\"og:locale\" content=\"fr_FR\" \/>\n<meta property=\"og:type\" content=\"article\" \/>\n<meta property=\"og:title\" content=\"Reconstruction de la fl\u00e8che de la basilique de Saint-Denis d\u00e9mont\u00e9e par Viollet-le-Duc\" \/>\n<meta property=\"og:description\" content=\"Fran\u00e7oise Nyssen, ministre de la Culture, a sign\u00e9 avec Patrick Braouezec, pr\u00e9sident de Plaine Commune et pr\u00e9sident de l&rsquo;association Suivez la fl\u00e8che, Philippe B\u00e9laval, pr\u00e9sident du Centre des monuments nationaux et Monseigneur Pascal Delannoy, \u00e9v\u00eaque de Saint-Denis-en-France, une convention-cadre pour la reconstruction de la tour et de la fl\u00e8che nord de la basilique de Saint-Denis. [&hellip;]\" \/>\n<meta property=\"og:url\" content=\"https:\/\/batijournal.com\/index.php\/reconstruction-de-fleche-demontee-viollet-duc-de-basilique-de-saint-denis\/98698\/\" \/>\n<meta property=\"og:site_name\" content=\"Batijournal\" \/>\n<meta property=\"article:published_time\" content=\"2018-03-21T08:34:15+00:00\" \/>\n<meta property=\"article:modified_time\" content=\"2019-07-15T09:15:11+00:00\" \/>\n<meta property=\"og:image\" content=\"https:\/\/batijournal.com\/wp-content\/uploads\/2018\/03\/Basilique_Saint-Denis.jpg\" \/>\n\t<meta property=\"og:image:width\" content=\"600\" \/>\n\t<meta property=\"og:image:height\" content=\"737\" \/>\n\t<meta property=\"og:image:type\" content=\"image\/jpeg\" \/>\n<meta name=\"author\" content=\"St\u00e9phane Miget\" \/>\n<meta name=\"twitter:card\" content=\"summary_large_image\" \/>\n<meta name=\"twitter:creator\" content=\"@bati_journal\" \/>\n<meta name=\"twitter:site\" content=\"@bati_journal\" \/>\n<meta name=\"twitter:label1\" content=\"\u00c9crit par\" \/>\n\t<meta name=\"twitter:data1\" content=\"St\u00e9phane Miget\" \/>\n\t<meta name=\"twitter:label2\" content=\"Dur\u00e9e de lecture estim\u00e9e\" \/>\n\t<meta name=\"twitter:data2\" content=\"3 minutes\" \/>\n<script type=\"application\/ld+json\" class=\"yoast-schema-graph\">{\"@context\":\"https:\\\/\\\/schema.org\",\"@graph\":[{\"@type\":\"Article\",\"@id\":\"https:\\\/\\\/batijournal.com\\\/index.php\\\/reconstruction-de-fleche-demontee-viollet-duc-de-basilique-de-saint-denis\\\/98698\\\/#article\",\"isPartOf\":{\"@id\":\"https:\\\/\\\/batijournal.com\\\/index.php\\\/reconstruction-de-fleche-demontee-viollet-duc-de-basilique-de-saint-denis\\\/98698\\\/\"},\"author\":{\"name\":\"St\u00e9phane Miget\",\"@id\":\"https:\\\/\\\/batijournal.com\\\/#\\\/schema\\\/person\\\/1dc96ec6957aa1ccb25ebe78bb19f100\"},\"headline\":\"Reconstruction de la fl\u00e8che de la basilique de Saint-Denis d\u00e9mont\u00e9e par Viollet-le-Duc\",\"datePublished\":\"2018-03-21T08:34:15+00:00\",\"dateModified\":\"2019-07-15T09:15:11+00:00\",\"mainEntityOfPage\":{\"@id\":\"https:\\\/\\\/batijournal.com\\\/index.php\\\/reconstruction-de-fleche-demontee-viollet-duc-de-basilique-de-saint-denis\\\/98698\\\/\"},\"wordCount\":653,\"image\":{\"@id\":\"https:\\\/\\\/batijournal.com\\\/index.php\\\/reconstruction-de-fleche-demontee-viollet-duc-de-basilique-de-saint-denis\\\/98698\\\/#primaryimage\"},\"thumbnailUrl\":\"https:\\\/\\\/batijournal.com\\\/wp-content\\\/uploads\\\/2018\\\/03\\\/Basilique_Saint-Denis.jpg\",\"keywords\":[\"monument historique\"],\"articleSection\":[\"Actualit\u00e9s\",\"Architecture &amp; Conception\",\"zz_Atrium Patrimoine\"],\"inLanguage\":\"fr-FR\"},{\"@type\":\"WebPage\",\"@id\":\"https:\\\/\\\/batijournal.com\\\/index.php\\\/reconstruction-de-fleche-demontee-viollet-duc-de-basilique-de-saint-denis\\\/98698\\\/\",\"url\":\"https:\\\/\\\/batijournal.com\\\/index.php\\\/reconstruction-de-fleche-demontee-viollet-duc-de-basilique-de-saint-denis\\\/98698\\\/\",\"name\":\"Reconstruction de la fl\u00e8che de la basilique de Saint-Denis d\u00e9mont\u00e9e par Viollet-le-Duc\",\"isPartOf\":{\"@id\":\"https:\\\/\\\/batijournal.com\\\/#website\"},\"primaryImageOfPage\":{\"@id\":\"https:\\\/\\\/batijournal.com\\\/index.php\\\/reconstruction-de-fleche-demontee-viollet-duc-de-basilique-de-saint-denis\\\/98698\\\/#primaryimage\"},\"image\":{\"@id\":\"https:\\\/\\\/batijournal.com\\\/index.php\\\/reconstruction-de-fleche-demontee-viollet-duc-de-basilique-de-saint-denis\\\/98698\\\/#primaryimage\"},\"thumbnailUrl\":\"https:\\\/\\\/batijournal.com\\\/wp-content\\\/uploads\\\/2018\\\/03\\\/Basilique_Saint-Denis.jpg\",\"datePublished\":\"2018-03-21T08:34:15+00:00\",\"dateModified\":\"2019-07-15T09:15:11+00:00\",\"author\":{\"@id\":\"https:\\\/\\\/batijournal.com\\\/#\\\/schema\\\/person\\\/1dc96ec6957aa1ccb25ebe78bb19f100\"},\"breadcrumb\":{\"@id\":\"https:\\\/\\\/batijournal.com\\\/index.php\\\/reconstruction-de-fleche-demontee-viollet-duc-de-basilique-de-saint-denis\\\/98698\\\/#breadcrumb\"},\"inLanguage\":\"fr-FR\",\"potentialAction\":[{\"@type\":\"ReadAction\",\"target\":[\"https:\\\/\\\/batijournal.com\\\/index.php\\\/reconstruction-de-fleche-demontee-viollet-duc-de-basilique-de-saint-denis\\\/98698\\\/\"]}]},{\"@type\":\"ImageObject\",\"inLanguage\":\"fr-FR\",\"@id\":\"https:\\\/\\\/batijournal.com\\\/index.php\\\/reconstruction-de-fleche-demontee-viollet-duc-de-basilique-de-saint-denis\\\/98698\\\/#primaryimage\",\"url\":\"https:\\\/\\\/batijournal.com\\\/wp-content\\\/uploads\\\/2018\\\/03\\\/Basilique_Saint-Denis.jpg\",\"contentUrl\":\"https:\\\/\\\/batijournal.com\\\/wp-content\\\/uploads\\\/2018\\\/03\\\/Basilique_Saint-Denis.jpg\",\"width\":600,\"height\":737},{\"@type\":\"BreadcrumbList\",\"@id\":\"https:\\\/\\\/batijournal.com\\\/index.php\\\/reconstruction-de-fleche-demontee-viollet-duc-de-basilique-de-saint-denis\\\/98698\\\/#breadcrumb\",\"itemListElement\":[{\"@type\":\"ListItem\",\"position\":1,\"name\":\"Accueil\",\"item\":\"https:\\\/\\\/batijournal.com\\\/\"},{\"@type\":\"ListItem\",\"position\":2,\"name\":\"Actualit\u00e9s\",\"item\":\"https:\\\/\\\/batijournal.com\\\/index.php\\\/category\\\/actualites\\\/\"},{\"@type\":\"ListItem\",\"position\":3,\"name\":\"Reconstruction de la fl\u00e8che de la basilique de Saint-Denis d\u00e9mont\u00e9e par Viollet-le-Duc\"}]},{\"@type\":\"WebSite\",\"@id\":\"https:\\\/\\\/batijournal.com\\\/#website\",\"url\":\"https:\\\/\\\/batijournal.com\\\/\",\"name\":\"Batijournal\",\"description\":\"L&#039;actualit\u00e9 du b\u00e2timent\",\"potentialAction\":[{\"@type\":\"SearchAction\",\"target\":{\"@type\":\"EntryPoint\",\"urlTemplate\":\"https:\\\/\\\/batijournal.com\\\/?s={search_term_string}\"},\"query-input\":{\"@type\":\"PropertyValueSpecification\",\"valueRequired\":true,\"valueName\":\"search_term_string\"}}],\"inLanguage\":\"fr-FR\"},{\"@type\":\"Person\",\"@id\":\"https:\\\/\\\/batijournal.com\\\/#\\\/schema\\\/person\\\/1dc96ec6957aa1ccb25ebe78bb19f100\",\"name\":\"St\u00e9phane Miget\",\"image\":{\"@type\":\"ImageObject\",\"inLanguage\":\"fr-FR\",\"@id\":\"https:\\\/\\\/secure.gravatar.com\\\/avatar\\\/89915563d925342126b8ef0281b93d9d7fc337043e8df017f780908eb9644451?s=96&d=mm&r=g\",\"url\":\"https:\\\/\\\/secure.gravatar.com\\\/avatar\\\/89915563d925342126b8ef0281b93d9d7fc337043e8df017f780908eb9644451?s=96&d=mm&r=g\",\"contentUrl\":\"https:\\\/\\\/secure.gravatar.com\\\/avatar\\\/89915563d925342126b8ef0281b93d9d7fc337043e8df017f780908eb9644451?s=96&d=mm&r=g\",\"caption\":\"St\u00e9phane Miget\"},\"url\":\"https:\\\/\\\/batijournal.com\\\/index.php\\\/author\\\/stephane\\\/\"}]}<\/script>\n<!-- \/ Yoast SEO plugin. -->","yoast_head_json":{"title":"Reconstruction de la fl\u00e8che de la basilique de Saint-Denis d\u00e9mont\u00e9e par Viollet-le-Duc","robots":{"index":"index","follow":"follow","max-snippet":"max-snippet:-1","max-image-preview":"max-image-preview:large","max-video-preview":"max-video-preview:-1"},"canonical":"https:\/\/batijournal.com\/index.php\/reconstruction-de-fleche-demontee-viollet-duc-de-basilique-de-saint-denis\/98698\/","og_locale":"fr_FR","og_type":"article","og_title":"Reconstruction de la fl\u00e8che de la basilique de Saint-Denis d\u00e9mont\u00e9e par Viollet-le-Duc","og_description":"Fran\u00e7oise Nyssen, ministre de la Culture, a sign\u00e9 avec Patrick Braouezec, pr\u00e9sident de Plaine Commune et pr\u00e9sident de l&rsquo;association Suivez la fl\u00e8che, Philippe B\u00e9laval, pr\u00e9sident du Centre des monuments nationaux et Monseigneur Pascal Delannoy, \u00e9v\u00eaque de Saint-Denis-en-France, une convention-cadre pour la reconstruction de la tour et de la fl\u00e8che nord de la basilique de Saint-Denis. [&hellip;]","og_url":"https:\/\/batijournal.com\/index.php\/reconstruction-de-fleche-demontee-viollet-duc-de-basilique-de-saint-denis\/98698\/","og_site_name":"Batijournal","article_published_time":"2018-03-21T08:34:15+00:00","article_modified_time":"2019-07-15T09:15:11+00:00","og_image":[{"width":600,"height":737,"url":"https:\/\/batijournal.com\/wp-content\/uploads\/2018\/03\/Basilique_Saint-Denis.jpg","type":"image\/jpeg"}],"author":"St\u00e9phane Miget","twitter_card":"summary_large_image","twitter_creator":"@bati_journal","twitter_site":"@bati_journal","twitter_misc":{"\u00c9crit par":"St\u00e9phane Miget","Dur\u00e9e de lecture estim\u00e9e":"3 minutes"},"schema":{"@context":"https:\/\/schema.org","@graph":[{"@type":"Article","@id":"https:\/\/batijournal.com\/index.php\/reconstruction-de-fleche-demontee-viollet-duc-de-basilique-de-saint-denis\/98698\/#article","isPartOf":{"@id":"https:\/\/batijournal.com\/index.php\/reconstruction-de-fleche-demontee-viollet-duc-de-basilique-de-saint-denis\/98698\/"},"author":{"name":"St\u00e9phane Miget","@id":"https:\/\/batijournal.com\/#\/schema\/person\/1dc96ec6957aa1ccb25ebe78bb19f100"},"headline":"Reconstruction de la fl\u00e8che de la basilique de Saint-Denis d\u00e9mont\u00e9e par Viollet-le-Duc","datePublished":"2018-03-21T08:34:15+00:00","dateModified":"2019-07-15T09:15:11+00:00","mainEntityOfPage":{"@id":"https:\/\/batijournal.com\/index.php\/reconstruction-de-fleche-demontee-viollet-duc-de-basilique-de-saint-denis\/98698\/"},"wordCount":653,"image":{"@id":"https:\/\/batijournal.com\/index.php\/reconstruction-de-fleche-demontee-viollet-duc-de-basilique-de-saint-denis\/98698\/#primaryimage"},"thumbnailUrl":"https:\/\/batijournal.com\/wp-content\/uploads\/2018\/03\/Basilique_Saint-Denis.jpg","keywords":["monument historique"],"articleSection":["Actualit\u00e9s","Architecture &amp; Conception","zz_Atrium Patrimoine"],"inLanguage":"fr-FR"},{"@type":"WebPage","@id":"https:\/\/batijournal.com\/index.php\/reconstruction-de-fleche-demontee-viollet-duc-de-basilique-de-saint-denis\/98698\/","url":"https:\/\/batijournal.com\/index.php\/reconstruction-de-fleche-demontee-viollet-duc-de-basilique-de-saint-denis\/98698\/","name":"Reconstruction de la fl\u00e8che de la basilique de Saint-Denis d\u00e9mont\u00e9e par Viollet-le-Duc","isPartOf":{"@id":"https:\/\/batijournal.com\/#website"},"primaryImageOfPage":{"@id":"https:\/\/batijournal.com\/index.php\/reconstruction-de-fleche-demontee-viollet-duc-de-basilique-de-saint-denis\/98698\/#primaryimage"},"image":{"@id":"https:\/\/batijournal.com\/index.php\/reconstruction-de-fleche-demontee-viollet-duc-de-basilique-de-saint-denis\/98698\/#primaryimage"},"thumbnailUrl":"https:\/\/batijournal.com\/wp-content\/uploads\/2018\/03\/Basilique_Saint-Denis.jpg","datePublished":"2018-03-21T08:34:15+00:00","dateModified":"2019-07-15T09:15:11+00:00","author":{"@id":"https:\/\/batijournal.com\/#\/schema\/person\/1dc96ec6957aa1ccb25ebe78bb19f100"},"breadcrumb":{"@id":"https:\/\/batijournal.com\/index.php\/reconstruction-de-fleche-demontee-viollet-duc-de-basilique-de-saint-denis\/98698\/#breadcrumb"},"inLanguage":"fr-FR","potentialAction":[{"@type":"ReadAction","target":["https:\/\/batijournal.com\/index.php\/reconstruction-de-fleche-demontee-viollet-duc-de-basilique-de-saint-denis\/98698\/"]}]},{"@type":"ImageObject","inLanguage":"fr-FR","@id":"https:\/\/batijournal.com\/index.php\/reconstruction-de-fleche-demontee-viollet-duc-de-basilique-de-saint-denis\/98698\/#primaryimage","url":"https:\/\/batijournal.com\/wp-content\/uploads\/2018\/03\/Basilique_Saint-Denis.jpg","contentUrl":"https:\/\/batijournal.com\/wp-content\/uploads\/2018\/03\/Basilique_Saint-Denis.jpg","width":600,"height":737},{"@type":"BreadcrumbList","@id":"https:\/\/batijournal.com\/index.php\/reconstruction-de-fleche-demontee-viollet-duc-de-basilique-de-saint-denis\/98698\/#breadcrumb","itemListElement":[{"@type":"ListItem","position":1,"name":"Accueil","item":"https:\/\/batijournal.com\/"},{"@type":"ListItem","position":2,"name":"Actualit\u00e9s","item":"https:\/\/batijournal.com\/index.php\/category\/actualites\/"},{"@type":"ListItem","position":3,"name":"Reconstruction de la fl\u00e8che de la basilique de Saint-Denis d\u00e9mont\u00e9e par Viollet-le-Duc"}]},{"@type":"WebSite","@id":"https:\/\/batijournal.com\/#website","url":"https:\/\/batijournal.com\/","name":"Batijournal","description":"L&#039;actualit\u00e9 du b\u00e2timent","potentialAction":[{"@type":"SearchAction","target":{"@type":"EntryPoint","urlTemplate":"https:\/\/batijournal.com\/?s={search_term_string}"},"query-input":{"@type":"PropertyValueSpecification","valueRequired":true,"valueName":"search_term_string"}}],"inLanguage":"fr-FR"},{"@type":"Person","@id":"https:\/\/batijournal.com\/#\/schema\/person\/1dc96ec6957aa1ccb25ebe78bb19f100","name":"St\u00e9phane Miget","image":{"@type":"ImageObject","inLanguage":"fr-FR","@id":"https:\/\/secure.gravatar.com\/avatar\/89915563d925342126b8ef0281b93d9d7fc337043e8df017f780908eb9644451?s=96&d=mm&r=g","url":"https:\/\/secure.gravatar.com\/avatar\/89915563d925342126b8ef0281b93d9d7fc337043e8df017f780908eb9644451?s=96&d=mm&r=g","contentUrl":"https:\/\/secure.gravatar.com\/avatar\/89915563d925342126b8ef0281b93d9d7fc337043e8df017f780908eb9644451?s=96&d=mm&r=g","caption":"St\u00e9phane Miget"},"url":"https:\/\/batijournal.com\/index.php\/author\/stephane\/"}]}},"_links":{"self":[{"href":"https:\/\/batijournal.com\/index.php\/wp-json\/wp\/v2\/posts\/98698","targetHints":{"allow":["GET"]}}],"collection":[{"href":"https:\/\/batijournal.com\/index.php\/wp-json\/wp\/v2\/posts"}],"about":[{"href":"https:\/\/batijournal.com\/index.php\/wp-json\/wp\/v2\/types\/post"}],"author":[{"embeddable":true,"href":"https:\/\/batijournal.com\/index.php\/wp-json\/wp\/v2\/users\/17"}],"replies":[{"embeddable":true,"href":"https:\/\/batijournal.com\/index.php\/wp-json\/wp\/v2\/comments?post=98698"}],"version-history":[{"count":0,"href":"https:\/\/batijournal.com\/index.php\/wp-json\/wp\/v2\/posts\/98698\/revisions"}],"wp:featuredmedia":[{"embeddable":true,"href":"https:\/\/batijournal.com\/index.php\/wp-json\/wp\/v2\/media\/98699"}],"wp:attachment":[{"href":"https:\/\/batijournal.com\/index.php\/wp-json\/wp\/v2\/media?parent=98698"}],"wp:term":[{"taxonomy":"category","embeddable":true,"href":"https:\/\/batijournal.com\/index.php\/wp-json\/wp\/v2\/categories?post=98698"},{"taxonomy":"post_tag","embeddable":true,"href":"https:\/\/batijournal.com\/index.php\/wp-json\/wp\/v2\/tags?post=98698"}],"curies":[{"name":"wp","href":"https:\/\/api.w.org\/{rel}","templated":true}]}}