{"id":98707,"date":"2018-03-22T09:15:50","date_gmt":"2018-03-22T08:15:50","guid":{"rendered":"http:\/\/batijournal.com\/?p=98707"},"modified":"2019-07-15T12:13:02","modified_gmt":"2019-07-15T10:13:02","slug":"deux-grues-gros-levage-grand-paris","status":"publish","type":"post","link":"https:\/\/batijournal.com\/index.php\/deux-grues-gros-levage-grand-paris\/98707\/","title":{"rendered":"Deux grues pour les gros levage du Grand Paris"},"content":{"rendered":"<p>Le groupe familial MEDIACO, leader fran\u00e7ais de la location de grues, vient de faire l\u2019acquisition de deux importantes grues de la marque Liebherr pour sa division gros levage Mediaco Maxilift : deux grues LG1750 et LR1600, compl\u00e8tes avec vol\u00e9es variables. Mediaco avait d\u00e9j\u00e0 fait l\u2019acquisition d\u2019une grue LG1750 en octobre 2017. Ces deux nouvelles machines de tr\u00e8s importantes capacit\u00e9s renforcent le parc mat\u00e9riels et permettent \u00e0 l\u2019entreprise de r\u00e9pondre aux d\u00e9fis des grands chantiers fran\u00e7ais en cours et \u00e0 venir (Grand Paris, importants colis, projets \u00e9oliens), mais aussi \u00e0 l\u2019\u00e9chelle internationale, en Afrique et en Europe notamment avec l\u2019ouverture d\u2019un nouveau d\u00e9partement international.<\/p>\n<p>Photo :\u00a0Alexis ANICE<\/p>\n<p>&nbsp;<\/p>\n","protected":false},"excerpt":{"rendered":"<p>Le groupe familial MEDIACO, leader fran\u00e7ais de la location de grues, vient de faire l\u2019acquisition de deux importantes grues de la marque Liebherr pour sa division gros levage Mediaco Maxilift : deux grues LG1750 et LR1600, compl\u00e8tes avec vol\u00e9es variables. Mediaco avait d\u00e9j\u00e0 fait l\u2019acquisition d\u2019une grue LG1750 en octobre 2017. Ces deux nouvelles machines [&hellip;]<\/p>\n","protected":false},"author":17,"featured_media":98708,"comment_status":"closed","ping_status":"closed","sticky":false,"template":"","format":"standard","meta":{"_et_pb_use_builder":"","_et_pb_old_content":"","_et_gb_content_width":"","footnotes":""},"categories":[10530,6345],"tags":[3098],"class_list":["post-98707","post","type-post","status-publish","format-standard","has-post-thumbnail","hentry","category-actualites","category-economie-marches","tag-location"],"yoast_head":"<!-- This site is optimized with the Yoast SEO plugin v27.4 - https:\/\/yoast.com\/product\/yoast-seo-wordpress\/ -->\n<title>Deux grues pour les gros levage du Grand Paris<\/title>\n<meta name=\"robots\" content=\"index, follow, max-snippet:-1, max-image-preview:large, max-video-preview:-1\" \/>\n<link rel=\"canonical\" href=\"https:\/\/batijournal.com\/index.php\/deux-grues-gros-levage-grand-paris\/98707\/\" \/>\n<meta property=\"og:locale\" content=\"fr_FR\" \/>\n<meta property=\"og:type\" content=\"article\" \/>\n<meta property=\"og:title\" content=\"Deux grues pour les gros levage du Grand Paris\" \/>\n<meta property=\"og:description\" content=\"Le groupe familial MEDIACO, leader fran\u00e7ais de la location de grues, vient de faire l\u2019acquisition de deux importantes grues de la marque Liebherr pour sa division gros levage Mediaco Maxilift : deux grues LG1750 et LR1600, compl\u00e8tes avec vol\u00e9es variables. Mediaco avait d\u00e9j\u00e0 fait l\u2019acquisition d\u2019une grue LG1750 en octobre 2017. Ces deux nouvelles machines [&hellip;]\" \/>\n<meta property=\"og:url\" content=\"https:\/\/batijournal.com\/index.php\/deux-grues-gros-levage-grand-paris\/98707\/\" \/>\n<meta property=\"og:site_name\" content=\"Batijournal\" \/>\n<meta property=\"article:published_time\" content=\"2018-03-22T08:15:50+00:00\" \/>\n<meta property=\"article:modified_time\" content=\"2019-07-15T10:13:02+00:00\" \/>\n<meta property=\"og:image\" content=\"https:\/\/batijournal.com\/wp-content\/uploads\/2018\/03\/MEDIACO.jpeg\" \/>\n\t<meta property=\"og:image:width\" content=\"854\" \/>\n\t<meta property=\"og:image:height\" content=\"1280\" \/>\n\t<meta property=\"og:image:type\" content=\"image\/jpeg\" \/>\n<meta name=\"author\" content=\"St\u00e9phane Miget\" \/>\n<meta name=\"twitter:card\" content=\"summary_large_image\" \/>\n<meta name=\"twitter:creator\" content=\"@bati_journal\" \/>\n<meta name=\"twitter:site\" content=\"@bati_journal\" \/>\n<meta name=\"twitter:label1\" content=\"\u00c9crit par\" \/>\n\t<meta name=\"twitter:data1\" content=\"St\u00e9phane Miget\" \/>\n\t<meta name=\"twitter:label2\" content=\"Dur\u00e9e de lecture estim\u00e9e\" \/>\n\t<meta name=\"twitter:data2\" content=\"1 minute\" \/>\n<script type=\"application\/ld+json\" class=\"yoast-schema-graph\">{\"@context\":\"https:\\\/\\\/schema.org\",\"@graph\":[{\"@type\":\"Article\",\"@id\":\"https:\\\/\\\/batijournal.com\\\/index.php\\\/deux-grues-gros-levage-grand-paris\\\/98707\\\/#article\",\"isPartOf\":{\"@id\":\"https:\\\/\\\/batijournal.com\\\/index.php\\\/deux-grues-gros-levage-grand-paris\\\/98707\\\/\"},\"author\":{\"name\":\"St\u00e9phane Miget\",\"@id\":\"https:\\\/\\\/batijournal.com\\\/#\\\/schema\\\/person\\\/1dc96ec6957aa1ccb25ebe78bb19f100\"},\"headline\":\"Deux grues pour les gros levage du Grand Paris\",\"datePublished\":\"2018-03-22T08:15:50+00:00\",\"dateModified\":\"2019-07-15T10:13:02+00:00\",\"mainEntityOfPage\":{\"@id\":\"https:\\\/\\\/batijournal.com\\\/index.php\\\/deux-grues-gros-levage-grand-paris\\\/98707\\\/\"},\"wordCount\":129,\"image\":{\"@id\":\"https:\\\/\\\/batijournal.com\\\/index.php\\\/deux-grues-gros-levage-grand-paris\\\/98707\\\/#primaryimage\"},\"thumbnailUrl\":\"https:\\\/\\\/batijournal.com\\\/wp-content\\\/uploads\\\/2018\\\/03\\\/MEDIACO.jpeg\",\"keywords\":[\"location\"],\"articleSection\":[\"Actualit\u00e9s\",\"\u00c9conomie &amp; March\u00e9s\"],\"inLanguage\":\"fr-FR\"},{\"@type\":\"WebPage\",\"@id\":\"https:\\\/\\\/batijournal.com\\\/index.php\\\/deux-grues-gros-levage-grand-paris\\\/98707\\\/\",\"url\":\"https:\\\/\\\/batijournal.com\\\/index.php\\\/deux-grues-gros-levage-grand-paris\\\/98707\\\/\",\"name\":\"Deux grues pour les gros levage du Grand Paris\",\"isPartOf\":{\"@id\":\"https:\\\/\\\/batijournal.com\\\/#website\"},\"primaryImageOfPage\":{\"@id\":\"https:\\\/\\\/batijournal.com\\\/index.php\\\/deux-grues-gros-levage-grand-paris\\\/98707\\\/#primaryimage\"},\"image\":{\"@id\":\"https:\\\/\\\/batijournal.com\\\/index.php\\\/deux-grues-gros-levage-grand-paris\\\/98707\\\/#primaryimage\"},\"thumbnailUrl\":\"https:\\\/\\\/batijournal.com\\\/wp-content\\\/uploads\\\/2018\\\/03\\\/MEDIACO.jpeg\",\"datePublished\":\"2018-03-22T08:15:50+00:00\",\"dateModified\":\"2019-07-15T10:13:02+00:00\",\"author\":{\"@id\":\"https:\\\/\\\/batijournal.com\\\/#\\\/schema\\\/person\\\/1dc96ec6957aa1ccb25ebe78bb19f100\"},\"breadcrumb\":{\"@id\":\"https:\\\/\\\/batijournal.com\\\/index.php\\\/deux-grues-gros-levage-grand-paris\\\/98707\\\/#breadcrumb\"},\"inLanguage\":\"fr-FR\",\"potentialAction\":[{\"@type\":\"ReadAction\",\"target\":[\"https:\\\/\\\/batijournal.com\\\/index.php\\\/deux-grues-gros-levage-grand-paris\\\/98707\\\/\"]}]},{\"@type\":\"ImageObject\",\"inLanguage\":\"fr-FR\",\"@id\":\"https:\\\/\\\/batijournal.com\\\/index.php\\\/deux-grues-gros-levage-grand-paris\\\/98707\\\/#primaryimage\",\"url\":\"https:\\\/\\\/batijournal.com\\\/wp-content\\\/uploads\\\/2018\\\/03\\\/MEDIACO.jpeg\",\"contentUrl\":\"https:\\\/\\\/batijournal.com\\\/wp-content\\\/uploads\\\/2018\\\/03\\\/MEDIACO.jpeg\",\"width\":854,\"height\":1280},{\"@type\":\"BreadcrumbList\",\"@id\":\"https:\\\/\\\/batijournal.com\\\/index.php\\\/deux-grues-gros-levage-grand-paris\\\/98707\\\/#breadcrumb\",\"itemListElement\":[{\"@type\":\"ListItem\",\"position\":1,\"name\":\"Accueil\",\"item\":\"https:\\\/\\\/batijournal.com\\\/\"},{\"@type\":\"ListItem\",\"position\":2,\"name\":\"Actualit\u00e9s\",\"item\":\"https:\\\/\\\/batijournal.com\\\/index.php\\\/category\\\/actualites\\\/\"},{\"@type\":\"ListItem\",\"position\":3,\"name\":\"Deux grues pour les gros levage du Grand Paris\"}]},{\"@type\":\"WebSite\",\"@id\":\"https:\\\/\\\/batijournal.com\\\/#website\",\"url\":\"https:\\\/\\\/batijournal.com\\\/\",\"name\":\"Batijournal\",\"description\":\"L&#039;actualit\u00e9 du b\u00e2timent\",\"potentialAction\":[{\"@type\":\"SearchAction\",\"target\":{\"@type\":\"EntryPoint\",\"urlTemplate\":\"https:\\\/\\\/batijournal.com\\\/?s={search_term_string}\"},\"query-input\":{\"@type\":\"PropertyValueSpecification\",\"valueRequired\":true,\"valueName\":\"search_term_string\"}}],\"inLanguage\":\"fr-FR\"},{\"@type\":\"Person\",\"@id\":\"https:\\\/\\\/batijournal.com\\\/#\\\/schema\\\/person\\\/1dc96ec6957aa1ccb25ebe78bb19f100\",\"name\":\"St\u00e9phane Miget\",\"image\":{\"@type\":\"ImageObject\",\"inLanguage\":\"fr-FR\",\"@id\":\"https:\\\/\\\/secure.gravatar.com\\\/avatar\\\/89915563d925342126b8ef0281b93d9d7fc337043e8df017f780908eb9644451?s=96&d=mm&r=g\",\"url\":\"https:\\\/\\\/secure.gravatar.com\\\/avatar\\\/89915563d925342126b8ef0281b93d9d7fc337043e8df017f780908eb9644451?s=96&d=mm&r=g\",\"contentUrl\":\"https:\\\/\\\/secure.gravatar.com\\\/avatar\\\/89915563d925342126b8ef0281b93d9d7fc337043e8df017f780908eb9644451?s=96&d=mm&r=g\",\"caption\":\"St\u00e9phane Miget\"},\"url\":\"https:\\\/\\\/batijournal.com\\\/index.php\\\/author\\\/stephane\\\/\"}]}<\/script>\n<!-- \/ Yoast SEO plugin. -->","yoast_head_json":{"title":"Deux grues pour les gros levage du Grand Paris","robots":{"index":"index","follow":"follow","max-snippet":"max-snippet:-1","max-image-preview":"max-image-preview:large","max-video-preview":"max-video-preview:-1"},"canonical":"https:\/\/batijournal.com\/index.php\/deux-grues-gros-levage-grand-paris\/98707\/","og_locale":"fr_FR","og_type":"article","og_title":"Deux grues pour les gros levage du Grand Paris","og_description":"Le groupe familial MEDIACO, leader fran\u00e7ais de la location de grues, vient de faire l\u2019acquisition de deux importantes grues de la marque Liebherr pour sa division gros levage Mediaco Maxilift : deux grues LG1750 et LR1600, compl\u00e8tes avec vol\u00e9es variables. Mediaco avait d\u00e9j\u00e0 fait l\u2019acquisition d\u2019une grue LG1750 en octobre 2017. Ces deux nouvelles machines [&hellip;]","og_url":"https:\/\/batijournal.com\/index.php\/deux-grues-gros-levage-grand-paris\/98707\/","og_site_name":"Batijournal","article_published_time":"2018-03-22T08:15:50+00:00","article_modified_time":"2019-07-15T10:13:02+00:00","og_image":[{"width":854,"height":1280,"url":"https:\/\/batijournal.com\/wp-content\/uploads\/2018\/03\/MEDIACO.jpeg","type":"image\/jpeg"}],"author":"St\u00e9phane Miget","twitter_card":"summary_large_image","twitter_creator":"@bati_journal","twitter_site":"@bati_journal","twitter_misc":{"\u00c9crit par":"St\u00e9phane Miget","Dur\u00e9e de lecture estim\u00e9e":"1 minute"},"schema":{"@context":"https:\/\/schema.org","@graph":[{"@type":"Article","@id":"https:\/\/batijournal.com\/index.php\/deux-grues-gros-levage-grand-paris\/98707\/#article","isPartOf":{"@id":"https:\/\/batijournal.com\/index.php\/deux-grues-gros-levage-grand-paris\/98707\/"},"author":{"name":"St\u00e9phane Miget","@id":"https:\/\/batijournal.com\/#\/schema\/person\/1dc96ec6957aa1ccb25ebe78bb19f100"},"headline":"Deux grues pour les gros levage du Grand Paris","datePublished":"2018-03-22T08:15:50+00:00","dateModified":"2019-07-15T10:13:02+00:00","mainEntityOfPage":{"@id":"https:\/\/batijournal.com\/index.php\/deux-grues-gros-levage-grand-paris\/98707\/"},"wordCount":129,"image":{"@id":"https:\/\/batijournal.com\/index.php\/deux-grues-gros-levage-grand-paris\/98707\/#primaryimage"},"thumbnailUrl":"https:\/\/batijournal.com\/wp-content\/uploads\/2018\/03\/MEDIACO.jpeg","keywords":["location"],"articleSection":["Actualit\u00e9s","\u00c9conomie &amp; March\u00e9s"],"inLanguage":"fr-FR"},{"@type":"WebPage","@id":"https:\/\/batijournal.com\/index.php\/deux-grues-gros-levage-grand-paris\/98707\/","url":"https:\/\/batijournal.com\/index.php\/deux-grues-gros-levage-grand-paris\/98707\/","name":"Deux grues pour les gros levage du Grand Paris","isPartOf":{"@id":"https:\/\/batijournal.com\/#website"},"primaryImageOfPage":{"@id":"https:\/\/batijournal.com\/index.php\/deux-grues-gros-levage-grand-paris\/98707\/#primaryimage"},"image":{"@id":"https:\/\/batijournal.com\/index.php\/deux-grues-gros-levage-grand-paris\/98707\/#primaryimage"},"thumbnailUrl":"https:\/\/batijournal.com\/wp-content\/uploads\/2018\/03\/MEDIACO.jpeg","datePublished":"2018-03-22T08:15:50+00:00","dateModified":"2019-07-15T10:13:02+00:00","author":{"@id":"https:\/\/batijournal.com\/#\/schema\/person\/1dc96ec6957aa1ccb25ebe78bb19f100"},"breadcrumb":{"@id":"https:\/\/batijournal.com\/index.php\/deux-grues-gros-levage-grand-paris\/98707\/#breadcrumb"},"inLanguage":"fr-FR","potentialAction":[{"@type":"ReadAction","target":["https:\/\/batijournal.com\/index.php\/deux-grues-gros-levage-grand-paris\/98707\/"]}]},{"@type":"ImageObject","inLanguage":"fr-FR","@id":"https:\/\/batijournal.com\/index.php\/deux-grues-gros-levage-grand-paris\/98707\/#primaryimage","url":"https:\/\/batijournal.com\/wp-content\/uploads\/2018\/03\/MEDIACO.jpeg","contentUrl":"https:\/\/batijournal.com\/wp-content\/uploads\/2018\/03\/MEDIACO.jpeg","width":854,"height":1280},{"@type":"BreadcrumbList","@id":"https:\/\/batijournal.com\/index.php\/deux-grues-gros-levage-grand-paris\/98707\/#breadcrumb","itemListElement":[{"@type":"ListItem","position":1,"name":"Accueil","item":"https:\/\/batijournal.com\/"},{"@type":"ListItem","position":2,"name":"Actualit\u00e9s","item":"https:\/\/batijournal.com\/index.php\/category\/actualites\/"},{"@type":"ListItem","position":3,"name":"Deux grues pour les gros levage du Grand Paris"}]},{"@type":"WebSite","@id":"https:\/\/batijournal.com\/#website","url":"https:\/\/batijournal.com\/","name":"Batijournal","description":"L&#039;actualit\u00e9 du b\u00e2timent","potentialAction":[{"@type":"SearchAction","target":{"@type":"EntryPoint","urlTemplate":"https:\/\/batijournal.com\/?s={search_term_string}"},"query-input":{"@type":"PropertyValueSpecification","valueRequired":true,"valueName":"search_term_string"}}],"inLanguage":"fr-FR"},{"@type":"Person","@id":"https:\/\/batijournal.com\/#\/schema\/person\/1dc96ec6957aa1ccb25ebe78bb19f100","name":"St\u00e9phane Miget","image":{"@type":"ImageObject","inLanguage":"fr-FR","@id":"https:\/\/secure.gravatar.com\/avatar\/89915563d925342126b8ef0281b93d9d7fc337043e8df017f780908eb9644451?s=96&d=mm&r=g","url":"https:\/\/secure.gravatar.com\/avatar\/89915563d925342126b8ef0281b93d9d7fc337043e8df017f780908eb9644451?s=96&d=mm&r=g","contentUrl":"https:\/\/secure.gravatar.com\/avatar\/89915563d925342126b8ef0281b93d9d7fc337043e8df017f780908eb9644451?s=96&d=mm&r=g","caption":"St\u00e9phane Miget"},"url":"https:\/\/batijournal.com\/index.php\/author\/stephane\/"}]}},"_links":{"self":[{"href":"https:\/\/batijournal.com\/index.php\/wp-json\/wp\/v2\/posts\/98707","targetHints":{"allow":["GET"]}}],"collection":[{"href":"https:\/\/batijournal.com\/index.php\/wp-json\/wp\/v2\/posts"}],"about":[{"href":"https:\/\/batijournal.com\/index.php\/wp-json\/wp\/v2\/types\/post"}],"author":[{"embeddable":true,"href":"https:\/\/batijournal.com\/index.php\/wp-json\/wp\/v2\/users\/17"}],"replies":[{"embeddable":true,"href":"https:\/\/batijournal.com\/index.php\/wp-json\/wp\/v2\/comments?post=98707"}],"version-history":[{"count":0,"href":"https:\/\/batijournal.com\/index.php\/wp-json\/wp\/v2\/posts\/98707\/revisions"}],"wp:featuredmedia":[{"embeddable":true,"href":"https:\/\/batijournal.com\/index.php\/wp-json\/wp\/v2\/media\/98708"}],"wp:attachment":[{"href":"https:\/\/batijournal.com\/index.php\/wp-json\/wp\/v2\/media?parent=98707"}],"wp:term":[{"taxonomy":"category","embeddable":true,"href":"https:\/\/batijournal.com\/index.php\/wp-json\/wp\/v2\/categories?post=98707"},{"taxonomy":"post_tag","embeddable":true,"href":"https:\/\/batijournal.com\/index.php\/wp-json\/wp\/v2\/tags?post=98707"}],"curies":[{"name":"wp","href":"https:\/\/api.w.org\/{rel}","templated":true}]}}