{"id":98720,"date":"2018-03-23T10:04:19","date_gmt":"2018-03-23T09:04:19","guid":{"rendered":"http:\/\/batijournal.com\/?p=98720"},"modified":"2019-07-15T11:26:57","modified_gmt":"2019-07-15T09:26:57","slug":"conception-realisation-bim-optimisee-batiment-tertiaire-structure-bois-r4","status":"publish","type":"post","link":"https:\/\/batijournal.com\/index.php\/conception-realisation-bim-optimisee-batiment-tertiaire-structure-bois-r4\/98720\/","title":{"rendered":"Conception-r\u00e9alisation BIM optimis\u00e9e pour un b\u00e2timent tertiaire en structure bois R+4"},"content":{"rendered":"<p>La forte croissance de l\u2019op\u00e9rateur internet C\u00e9leste a conduit la soci\u00e9t\u00e9 \u00e0 construire une extension bois de son si\u00e8ge social par la cr\u00e9ation d\u2019un nouveau b\u00e2timent qui permettra une r\u00e9organisation des zones de tertiaires, d\u2019accueil et de logistique.<br \/>\nLe projet, qui repose enti\u00e8rement sur une conception-r\u00e9alisation BIM et une superstructure en bois, consiste \u00e0 cr\u00e9er 2 600 m2 de bureaux en R+4 sur un niveau de parking en sous-sol. Cette extension sera reli\u00e9e au b\u00e2timent existant par une passerelle m\u00e9tallique suspendue int\u00e9gralement vitr\u00e9e. L\u2019articulation entre les deux b\u00e2timents \u00e0 l\u2019architecture sobre et graphique, s\u2019effectue par le biais d\u2019un parvis central qui symbolise le lien entre les deux ailes et constitue l\u2019entr\u00e9e commune. Pour mener \u00e0 bien ce projet de 8.5 M\u20ac, Demathieu Bard a \u00e9t\u00e9 d\u00e9sign\u00e9 comme entreprise g\u00e9n\u00e9rale avec une livraison pr\u00e9vue d\u00e9but 2019. D\u00e8s la phase consultation les entreprises devaient proposer l\u2019utilisation d\u2019une maquette num\u00e9rique ainsi qu\u2019un cahier des charges BIM. Cette proposition devait non seulement reprendre la maquette de l\u2019architecte mais aussi r\u00e9aliser la totalit\u00e9 des \u00e9tudes d\u2019ex\u00e9cution en maquette num\u00e9rique (b\u00e9ton, bois, lots techniques) et fournir une maquette num\u00e9rique de fin de chantier au format IFC (DOE).\u00a0La Cellule BIM France de Demathieu Bard a r\u00e9dig\u00e9 la convention et le cahier des charges BIM de l\u2019op\u00e9ration en phase finale de l\u2019offre.<\/p>\n<p>Jusqu\u2019alors, \u00e0 la Cit\u00e9 Descartes de Champs-sur-Marne, seuls les bureaux de l\u2019Institut technologique FCBA \u00e9taient en bois. En optant pour ce mat\u00e9riau l\u2019entreprise C\u00e9leste est donc le deuxi\u00e8me \u00e0 construire un b\u00e2timent tertiaire de ce type. Pour l\u2019agence Enia Architectes ce b\u00e2timent en R+4, est leur premi\u00e8re r\u00e9alisation en structure bois. Le choix de ce mat\u00e9riau r\u00e9pond \u00e0 des crit\u00e8res pr\u00e9cis pour le ma\u00eetre d\u2019ouvrage et pour l\u2019agence d&rsquo;architecture :<br \/>\n&#8211; La rapidit\u00e9 d\u2019ex\u00e9cution : la pr\u00e9fabrication des \u00e9l\u00e9ments bois permet de limiter le temps de construction sur le chantier.<br \/>\n&#8211; La r\u00e9duction des nuisances : la proximit\u00e9 imm\u00e9diate du b\u00e2timent C\u00e9leste 1 a conduit \u00e0 g\u00e9rer le chantier comme un chantier sur site occup\u00e9. Les nuisances sonores sont tr\u00e8s faibles lors d\u2019un chantier bois.<br \/>\n&#8211; L\u2019aspect environnemental : contrairement aux \u00e9nergies fossiles dont les r\u00e9serves sont \u00e9puisables, le bois est une mati\u00e8re premi\u00e8re renouvelable. Il stocke le dioxyde de carbone, produit moins de d\u00e9chets et est recyclable.<\/p>\n<p>Ce projet fait appel aux modes constructifs suivants :<br \/>\n&#8211; Une structure porteuse en poteaux-poutres \u00ab Lamell\u00e9-Coll\u00e9\u00bb,<br \/>\n&#8211; Des planchers en panneaux CTL (syst\u00e8me contrecoll\u00e9 \u00e0 plis crois\u00e9s) &#8211; Des MOB (Mur \u00e0 Ossature Bois) pour les fa\u00e7ades.<\/p>\n<p>Visuels : Enia Architectes et Fred Peronne Atelier<\/p>\n","protected":false},"excerpt":{"rendered":"<p>La forte croissance de l\u2019op\u00e9rateur internet C\u00e9leste a conduit la soci\u00e9t\u00e9 \u00e0 construire une extension bois de son si\u00e8ge social par la cr\u00e9ation d\u2019un nouveau b\u00e2timent qui permettra une r\u00e9organisation des zones de tertiaires, d\u2019accueil et de logistique. Le projet, qui repose enti\u00e8rement sur une conception-r\u00e9alisation BIM et une superstructure en bois, consiste \u00e0 cr\u00e9er [&hellip;]<\/p>\n","protected":false},"author":17,"featured_media":98721,"comment_status":"closed","ping_status":"closed","sticky":false,"template":"","format":"standard","meta":{"_et_pb_use_builder":"","_et_pb_old_content":"","_et_gb_content_width":"","footnotes":""},"categories":[10530,6340,10764],"tags":[1150,374],"class_list":["post-98720","post","type-post","status-publish","format-standard","has-post-thumbnail","hentry","category-actualites","category-architecture-conception","category-woodsurfer","tag-chantier","tag-construction-bois-2"],"yoast_head":"<!-- This site is optimized with the Yoast SEO plugin v27.4 - https:\/\/yoast.com\/product\/yoast-seo-wordpress\/ -->\n<title>Conception-r\u00e9alisation BIM optimis\u00e9e pour un b\u00e2timent tertiaire en structure bois R+4<\/title>\n<meta name=\"robots\" content=\"index, follow, max-snippet:-1, max-image-preview:large, max-video-preview:-1\" \/>\n<link rel=\"canonical\" href=\"https:\/\/batijournal.com\/index.php\/conception-realisation-bim-optimisee-batiment-tertiaire-structure-bois-r4\/98720\/\" \/>\n<meta property=\"og:locale\" content=\"fr_FR\" \/>\n<meta property=\"og:type\" content=\"article\" \/>\n<meta property=\"og:title\" content=\"Conception-r\u00e9alisation BIM optimis\u00e9e pour un b\u00e2timent tertiaire en structure bois R+4\" \/>\n<meta property=\"og:description\" content=\"La forte croissance de l\u2019op\u00e9rateur internet C\u00e9leste a conduit la soci\u00e9t\u00e9 \u00e0 construire une extension bois de son si\u00e8ge social par la cr\u00e9ation d\u2019un nouveau b\u00e2timent qui permettra une r\u00e9organisation des zones de tertiaires, d\u2019accueil et de logistique. Le projet, qui repose enti\u00e8rement sur une conception-r\u00e9alisation BIM et une superstructure en bois, consiste \u00e0 cr\u00e9er [&hellip;]\" \/>\n<meta property=\"og:url\" content=\"https:\/\/batijournal.com\/index.php\/conception-realisation-bim-optimisee-batiment-tertiaire-structure-bois-r4\/98720\/\" \/>\n<meta property=\"og:site_name\" content=\"Batijournal\" \/>\n<meta property=\"article:published_time\" content=\"2018-03-23T09:04:19+00:00\" \/>\n<meta property=\"article:modified_time\" content=\"2019-07-15T09:26:57+00:00\" \/>\n<meta property=\"og:image\" content=\"https:\/\/batijournal.com\/wp-content\/uploads\/2018\/03\/CELESTE-RENDU-GLOBAL.jpg\" \/>\n\t<meta property=\"og:image:width\" content=\"1200\" \/>\n\t<meta property=\"og:image:height\" content=\"1240\" \/>\n\t<meta property=\"og:image:type\" content=\"image\/jpeg\" \/>\n<meta name=\"author\" content=\"St\u00e9phane Miget\" \/>\n<meta name=\"twitter:card\" content=\"summary_large_image\" \/>\n<meta name=\"twitter:creator\" content=\"@bati_journal\" \/>\n<meta name=\"twitter:site\" content=\"@bati_journal\" \/>\n<meta name=\"twitter:label1\" content=\"\u00c9crit par\" \/>\n\t<meta name=\"twitter:data1\" content=\"St\u00e9phane Miget\" \/>\n\t<meta name=\"twitter:label2\" content=\"Dur\u00e9e de lecture estim\u00e9e\" \/>\n\t<meta name=\"twitter:data2\" content=\"2 minutes\" \/>\n<script type=\"application\/ld+json\" class=\"yoast-schema-graph\">{\"@context\":\"https:\\\/\\\/schema.org\",\"@graph\":[{\"@type\":\"Article\",\"@id\":\"https:\\\/\\\/batijournal.com\\\/index.php\\\/conception-realisation-bim-optimisee-batiment-tertiaire-structure-bois-r4\\\/98720\\\/#article\",\"isPartOf\":{\"@id\":\"https:\\\/\\\/batijournal.com\\\/index.php\\\/conception-realisation-bim-optimisee-batiment-tertiaire-structure-bois-r4\\\/98720\\\/\"},\"author\":{\"name\":\"St\u00e9phane Miget\",\"@id\":\"https:\\\/\\\/batijournal.com\\\/#\\\/schema\\\/person\\\/1dc96ec6957aa1ccb25ebe78bb19f100\"},\"headline\":\"Conception-r\u00e9alisation BIM optimis\u00e9e pour un b\u00e2timent tertiaire en structure bois R+4\",\"datePublished\":\"2018-03-23T09:04:19+00:00\",\"dateModified\":\"2019-07-15T09:26:57+00:00\",\"mainEntityOfPage\":{\"@id\":\"https:\\\/\\\/batijournal.com\\\/index.php\\\/conception-realisation-bim-optimisee-batiment-tertiaire-structure-bois-r4\\\/98720\\\/\"},\"wordCount\":496,\"image\":{\"@id\":\"https:\\\/\\\/batijournal.com\\\/index.php\\\/conception-realisation-bim-optimisee-batiment-tertiaire-structure-bois-r4\\\/98720\\\/#primaryimage\"},\"thumbnailUrl\":\"https:\\\/\\\/batijournal.com\\\/wp-content\\\/uploads\\\/2018\\\/03\\\/CELESTE-RENDU-GLOBAL.jpg\",\"keywords\":[\"chantier\",\"construction bois\"],\"articleSection\":[\"Actualit\u00e9s\",\"Architecture &amp; Conception\",\"zz_Woodsurfer\"],\"inLanguage\":\"fr-FR\"},{\"@type\":\"WebPage\",\"@id\":\"https:\\\/\\\/batijournal.com\\\/index.php\\\/conception-realisation-bim-optimisee-batiment-tertiaire-structure-bois-r4\\\/98720\\\/\",\"url\":\"https:\\\/\\\/batijournal.com\\\/index.php\\\/conception-realisation-bim-optimisee-batiment-tertiaire-structure-bois-r4\\\/98720\\\/\",\"name\":\"Conception-r\u00e9alisation BIM optimis\u00e9e pour un b\u00e2timent tertiaire en structure bois R+4\",\"isPartOf\":{\"@id\":\"https:\\\/\\\/batijournal.com\\\/#website\"},\"primaryImageOfPage\":{\"@id\":\"https:\\\/\\\/batijournal.com\\\/index.php\\\/conception-realisation-bim-optimisee-batiment-tertiaire-structure-bois-r4\\\/98720\\\/#primaryimage\"},\"image\":{\"@id\":\"https:\\\/\\\/batijournal.com\\\/index.php\\\/conception-realisation-bim-optimisee-batiment-tertiaire-structure-bois-r4\\\/98720\\\/#primaryimage\"},\"thumbnailUrl\":\"https:\\\/\\\/batijournal.com\\\/wp-content\\\/uploads\\\/2018\\\/03\\\/CELESTE-RENDU-GLOBAL.jpg\",\"datePublished\":\"2018-03-23T09:04:19+00:00\",\"dateModified\":\"2019-07-15T09:26:57+00:00\",\"author\":{\"@id\":\"https:\\\/\\\/batijournal.com\\\/#\\\/schema\\\/person\\\/1dc96ec6957aa1ccb25ebe78bb19f100\"},\"breadcrumb\":{\"@id\":\"https:\\\/\\\/batijournal.com\\\/index.php\\\/conception-realisation-bim-optimisee-batiment-tertiaire-structure-bois-r4\\\/98720\\\/#breadcrumb\"},\"inLanguage\":\"fr-FR\",\"potentialAction\":[{\"@type\":\"ReadAction\",\"target\":[\"https:\\\/\\\/batijournal.com\\\/index.php\\\/conception-realisation-bim-optimisee-batiment-tertiaire-structure-bois-r4\\\/98720\\\/\"]}]},{\"@type\":\"ImageObject\",\"inLanguage\":\"fr-FR\",\"@id\":\"https:\\\/\\\/batijournal.com\\\/index.php\\\/conception-realisation-bim-optimisee-batiment-tertiaire-structure-bois-r4\\\/98720\\\/#primaryimage\",\"url\":\"https:\\\/\\\/batijournal.com\\\/wp-content\\\/uploads\\\/2018\\\/03\\\/CELESTE-RENDU-GLOBAL.jpg\",\"contentUrl\":\"https:\\\/\\\/batijournal.com\\\/wp-content\\\/uploads\\\/2018\\\/03\\\/CELESTE-RENDU-GLOBAL.jpg\",\"width\":1200,\"height\":1240},{\"@type\":\"BreadcrumbList\",\"@id\":\"https:\\\/\\\/batijournal.com\\\/index.php\\\/conception-realisation-bim-optimisee-batiment-tertiaire-structure-bois-r4\\\/98720\\\/#breadcrumb\",\"itemListElement\":[{\"@type\":\"ListItem\",\"position\":1,\"name\":\"Accueil\",\"item\":\"https:\\\/\\\/batijournal.com\\\/\"},{\"@type\":\"ListItem\",\"position\":2,\"name\":\"Actualit\u00e9s\",\"item\":\"https:\\\/\\\/batijournal.com\\\/index.php\\\/category\\\/actualites\\\/\"},{\"@type\":\"ListItem\",\"position\":3,\"name\":\"Conception-r\u00e9alisation BIM optimis\u00e9e pour un b\u00e2timent tertiaire en structure bois R+4\"}]},{\"@type\":\"WebSite\",\"@id\":\"https:\\\/\\\/batijournal.com\\\/#website\",\"url\":\"https:\\\/\\\/batijournal.com\\\/\",\"name\":\"Batijournal\",\"description\":\"L&#039;actualit\u00e9 du b\u00e2timent\",\"potentialAction\":[{\"@type\":\"SearchAction\",\"target\":{\"@type\":\"EntryPoint\",\"urlTemplate\":\"https:\\\/\\\/batijournal.com\\\/?s={search_term_string}\"},\"query-input\":{\"@type\":\"PropertyValueSpecification\",\"valueRequired\":true,\"valueName\":\"search_term_string\"}}],\"inLanguage\":\"fr-FR\"},{\"@type\":\"Person\",\"@id\":\"https:\\\/\\\/batijournal.com\\\/#\\\/schema\\\/person\\\/1dc96ec6957aa1ccb25ebe78bb19f100\",\"name\":\"St\u00e9phane Miget\",\"image\":{\"@type\":\"ImageObject\",\"inLanguage\":\"fr-FR\",\"@id\":\"https:\\\/\\\/secure.gravatar.com\\\/avatar\\\/89915563d925342126b8ef0281b93d9d7fc337043e8df017f780908eb9644451?s=96&d=mm&r=g\",\"url\":\"https:\\\/\\\/secure.gravatar.com\\\/avatar\\\/89915563d925342126b8ef0281b93d9d7fc337043e8df017f780908eb9644451?s=96&d=mm&r=g\",\"contentUrl\":\"https:\\\/\\\/secure.gravatar.com\\\/avatar\\\/89915563d925342126b8ef0281b93d9d7fc337043e8df017f780908eb9644451?s=96&d=mm&r=g\",\"caption\":\"St\u00e9phane Miget\"},\"url\":\"https:\\\/\\\/batijournal.com\\\/index.php\\\/author\\\/stephane\\\/\"}]}<\/script>\n<!-- \/ Yoast SEO plugin. -->","yoast_head_json":{"title":"Conception-r\u00e9alisation BIM optimis\u00e9e pour un b\u00e2timent tertiaire en structure bois R+4","robots":{"index":"index","follow":"follow","max-snippet":"max-snippet:-1","max-image-preview":"max-image-preview:large","max-video-preview":"max-video-preview:-1"},"canonical":"https:\/\/batijournal.com\/index.php\/conception-realisation-bim-optimisee-batiment-tertiaire-structure-bois-r4\/98720\/","og_locale":"fr_FR","og_type":"article","og_title":"Conception-r\u00e9alisation BIM optimis\u00e9e pour un b\u00e2timent tertiaire en structure bois R+4","og_description":"La forte croissance de l\u2019op\u00e9rateur internet C\u00e9leste a conduit la soci\u00e9t\u00e9 \u00e0 construire une extension bois de son si\u00e8ge social par la cr\u00e9ation d\u2019un nouveau b\u00e2timent qui permettra une r\u00e9organisation des zones de tertiaires, d\u2019accueil et de logistique. Le projet, qui repose enti\u00e8rement sur une conception-r\u00e9alisation BIM et une superstructure en bois, consiste \u00e0 cr\u00e9er [&hellip;]","og_url":"https:\/\/batijournal.com\/index.php\/conception-realisation-bim-optimisee-batiment-tertiaire-structure-bois-r4\/98720\/","og_site_name":"Batijournal","article_published_time":"2018-03-23T09:04:19+00:00","article_modified_time":"2019-07-15T09:26:57+00:00","og_image":[{"width":1200,"height":1240,"url":"https:\/\/batijournal.com\/wp-content\/uploads\/2018\/03\/CELESTE-RENDU-GLOBAL.jpg","type":"image\/jpeg"}],"author":"St\u00e9phane Miget","twitter_card":"summary_large_image","twitter_creator":"@bati_journal","twitter_site":"@bati_journal","twitter_misc":{"\u00c9crit par":"St\u00e9phane Miget","Dur\u00e9e de lecture estim\u00e9e":"2 minutes"},"schema":{"@context":"https:\/\/schema.org","@graph":[{"@type":"Article","@id":"https:\/\/batijournal.com\/index.php\/conception-realisation-bim-optimisee-batiment-tertiaire-structure-bois-r4\/98720\/#article","isPartOf":{"@id":"https:\/\/batijournal.com\/index.php\/conception-realisation-bim-optimisee-batiment-tertiaire-structure-bois-r4\/98720\/"},"author":{"name":"St\u00e9phane Miget","@id":"https:\/\/batijournal.com\/#\/schema\/person\/1dc96ec6957aa1ccb25ebe78bb19f100"},"headline":"Conception-r\u00e9alisation BIM optimis\u00e9e pour un b\u00e2timent tertiaire en structure bois R+4","datePublished":"2018-03-23T09:04:19+00:00","dateModified":"2019-07-15T09:26:57+00:00","mainEntityOfPage":{"@id":"https:\/\/batijournal.com\/index.php\/conception-realisation-bim-optimisee-batiment-tertiaire-structure-bois-r4\/98720\/"},"wordCount":496,"image":{"@id":"https:\/\/batijournal.com\/index.php\/conception-realisation-bim-optimisee-batiment-tertiaire-structure-bois-r4\/98720\/#primaryimage"},"thumbnailUrl":"https:\/\/batijournal.com\/wp-content\/uploads\/2018\/03\/CELESTE-RENDU-GLOBAL.jpg","keywords":["chantier","construction bois"],"articleSection":["Actualit\u00e9s","Architecture &amp; Conception","zz_Woodsurfer"],"inLanguage":"fr-FR"},{"@type":"WebPage","@id":"https:\/\/batijournal.com\/index.php\/conception-realisation-bim-optimisee-batiment-tertiaire-structure-bois-r4\/98720\/","url":"https:\/\/batijournal.com\/index.php\/conception-realisation-bim-optimisee-batiment-tertiaire-structure-bois-r4\/98720\/","name":"Conception-r\u00e9alisation BIM optimis\u00e9e pour un b\u00e2timent tertiaire en structure bois R+4","isPartOf":{"@id":"https:\/\/batijournal.com\/#website"},"primaryImageOfPage":{"@id":"https:\/\/batijournal.com\/index.php\/conception-realisation-bim-optimisee-batiment-tertiaire-structure-bois-r4\/98720\/#primaryimage"},"image":{"@id":"https:\/\/batijournal.com\/index.php\/conception-realisation-bim-optimisee-batiment-tertiaire-structure-bois-r4\/98720\/#primaryimage"},"thumbnailUrl":"https:\/\/batijournal.com\/wp-content\/uploads\/2018\/03\/CELESTE-RENDU-GLOBAL.jpg","datePublished":"2018-03-23T09:04:19+00:00","dateModified":"2019-07-15T09:26:57+00:00","author":{"@id":"https:\/\/batijournal.com\/#\/schema\/person\/1dc96ec6957aa1ccb25ebe78bb19f100"},"breadcrumb":{"@id":"https:\/\/batijournal.com\/index.php\/conception-realisation-bim-optimisee-batiment-tertiaire-structure-bois-r4\/98720\/#breadcrumb"},"inLanguage":"fr-FR","potentialAction":[{"@type":"ReadAction","target":["https:\/\/batijournal.com\/index.php\/conception-realisation-bim-optimisee-batiment-tertiaire-structure-bois-r4\/98720\/"]}]},{"@type":"ImageObject","inLanguage":"fr-FR","@id":"https:\/\/batijournal.com\/index.php\/conception-realisation-bim-optimisee-batiment-tertiaire-structure-bois-r4\/98720\/#primaryimage","url":"https:\/\/batijournal.com\/wp-content\/uploads\/2018\/03\/CELESTE-RENDU-GLOBAL.jpg","contentUrl":"https:\/\/batijournal.com\/wp-content\/uploads\/2018\/03\/CELESTE-RENDU-GLOBAL.jpg","width":1200,"height":1240},{"@type":"BreadcrumbList","@id":"https:\/\/batijournal.com\/index.php\/conception-realisation-bim-optimisee-batiment-tertiaire-structure-bois-r4\/98720\/#breadcrumb","itemListElement":[{"@type":"ListItem","position":1,"name":"Accueil","item":"https:\/\/batijournal.com\/"},{"@type":"ListItem","position":2,"name":"Actualit\u00e9s","item":"https:\/\/batijournal.com\/index.php\/category\/actualites\/"},{"@type":"ListItem","position":3,"name":"Conception-r\u00e9alisation BIM optimis\u00e9e pour un b\u00e2timent tertiaire en structure bois R+4"}]},{"@type":"WebSite","@id":"https:\/\/batijournal.com\/#website","url":"https:\/\/batijournal.com\/","name":"Batijournal","description":"L&#039;actualit\u00e9 du b\u00e2timent","potentialAction":[{"@type":"SearchAction","target":{"@type":"EntryPoint","urlTemplate":"https:\/\/batijournal.com\/?s={search_term_string}"},"query-input":{"@type":"PropertyValueSpecification","valueRequired":true,"valueName":"search_term_string"}}],"inLanguage":"fr-FR"},{"@type":"Person","@id":"https:\/\/batijournal.com\/#\/schema\/person\/1dc96ec6957aa1ccb25ebe78bb19f100","name":"St\u00e9phane Miget","image":{"@type":"ImageObject","inLanguage":"fr-FR","@id":"https:\/\/secure.gravatar.com\/avatar\/89915563d925342126b8ef0281b93d9d7fc337043e8df017f780908eb9644451?s=96&d=mm&r=g","url":"https:\/\/secure.gravatar.com\/avatar\/89915563d925342126b8ef0281b93d9d7fc337043e8df017f780908eb9644451?s=96&d=mm&r=g","contentUrl":"https:\/\/secure.gravatar.com\/avatar\/89915563d925342126b8ef0281b93d9d7fc337043e8df017f780908eb9644451?s=96&d=mm&r=g","caption":"St\u00e9phane Miget"},"url":"https:\/\/batijournal.com\/index.php\/author\/stephane\/"}]}},"_links":{"self":[{"href":"https:\/\/batijournal.com\/index.php\/wp-json\/wp\/v2\/posts\/98720","targetHints":{"allow":["GET"]}}],"collection":[{"href":"https:\/\/batijournal.com\/index.php\/wp-json\/wp\/v2\/posts"}],"about":[{"href":"https:\/\/batijournal.com\/index.php\/wp-json\/wp\/v2\/types\/post"}],"author":[{"embeddable":true,"href":"https:\/\/batijournal.com\/index.php\/wp-json\/wp\/v2\/users\/17"}],"replies":[{"embeddable":true,"href":"https:\/\/batijournal.com\/index.php\/wp-json\/wp\/v2\/comments?post=98720"}],"version-history":[{"count":0,"href":"https:\/\/batijournal.com\/index.php\/wp-json\/wp\/v2\/posts\/98720\/revisions"}],"wp:featuredmedia":[{"embeddable":true,"href":"https:\/\/batijournal.com\/index.php\/wp-json\/wp\/v2\/media\/98721"}],"wp:attachment":[{"href":"https:\/\/batijournal.com\/index.php\/wp-json\/wp\/v2\/media?parent=98720"}],"wp:term":[{"taxonomy":"category","embeddable":true,"href":"https:\/\/batijournal.com\/index.php\/wp-json\/wp\/v2\/categories?post=98720"},{"taxonomy":"post_tag","embeddable":true,"href":"https:\/\/batijournal.com\/index.php\/wp-json\/wp\/v2\/tags?post=98720"}],"curies":[{"name":"wp","href":"https:\/\/api.w.org\/{rel}","templated":true}]}}