{"id":98735,"date":"2018-03-27T08:27:21","date_gmt":"2018-03-27T06:27:21","guid":{"rendered":"http:\/\/batijournal.com\/?p=98735"},"modified":"2019-07-15T12:10:44","modified_gmt":"2019-07-15T10:10:44","slug":"somel-so-connected-metropole-europeenne-de-lille-lance-experimentation-smartgrids","status":"publish","type":"post","link":"https:\/\/batijournal.com\/index.php\/somel-so-connected-metropole-europeenne-de-lille-lance-experimentation-smartgrids\/98735\/","title":{"rendered":"Somel so connected : la m\u00e9tropole europ\u00e9enne de Lille lance une exp\u00e9rimentation sur les #smartgrids"},"content":{"rendered":"<p>Les exp\u00e9rimentations de r\u00e9seaux \u00e9lectriques intelligents de la m\u00e9tropole de Lille ont \u00e9t\u00e9 lanc\u00e9es dans le cadre du projet So Mel So Connected. \u00c9conomies d\u2019\u00e9nergie, autoconsommation, mobilit\u00e9 \u00e9lectrique, sont autant de facettes de ce projet d\u2019ampleur pour le territoire, soutenu par le Programme d\u2019investissements d\u2019avenir op\u00e9r\u00e9 par l\u2019ADEME. So Mel So Connected est pilot\u00e9 par la M\u00e9tropole Europ\u00e9enne de Lille avec l\u2019expertise technique d\u2019Enedis et la participation d\u2019EDF, Intent Technologies, Dalkia, Yncr\u00e9a Hauts-de-France et Lille Economie Management. Il s&rsquo;agit de d\u00e9ployer \u00e0 grande \u00e9chelle, les solutions techniques \u00e0 la crois\u00e9e des transitions \u00e9nerg\u00e9tique et num\u00e9rique des smart grids et surtout de d\u00e9montrer la viabilit\u00e9 \u00e9conomique. Pour l\u2019ensemble des acteurs, les smart grids sont non seulement la colonne vert\u00e9brale de la transition \u00e9nerg\u00e9tique, mais ils repr\u00e9sentent aussi une fili\u00e8re industrielle, porteuse d\u2019emplois et de d\u00e9veloppement \u00e9conomique.<\/p>\n","protected":false},"excerpt":{"rendered":"<p>Les exp\u00e9rimentations de r\u00e9seaux \u00e9lectriques intelligents de la m\u00e9tropole de Lille ont \u00e9t\u00e9 lanc\u00e9es dans le cadre du projet So Mel So Connected. \u00c9conomies d\u2019\u00e9nergie, autoconsommation, mobilit\u00e9 \u00e9lectrique, sont autant de facettes de ce projet d\u2019ampleur pour le territoire, soutenu par le Programme d\u2019investissements d\u2019avenir op\u00e9r\u00e9 par l\u2019ADEME. So Mel So Connected est pilot\u00e9 par [&hellip;]<\/p>\n","protected":false},"author":17,"featured_media":98736,"comment_status":"closed","ping_status":"closed","sticky":false,"template":"","format":"standard","meta":{"_et_pb_use_builder":"","_et_pb_old_content":"","_et_gb_content_width":"","footnotes":""},"categories":[10530,6340,10778],"tags":[8107],"class_list":["post-98735","post","type-post","status-publish","format-standard","has-post-thumbnail","hentry","category-actualites","category-architecture-conception","category-planete","tag-smart-city"],"yoast_head":"<!-- This site is optimized with the Yoast SEO plugin v27.4 - https:\/\/yoast.com\/product\/yoast-seo-wordpress\/ -->\n<title>Somel so connected : la m\u00e9tropole europ\u00e9enne de Lille lance une exp\u00e9rimentation sur les #smartgrids<\/title>\n<meta name=\"robots\" content=\"index, follow, max-snippet:-1, max-image-preview:large, max-video-preview:-1\" \/>\n<link rel=\"canonical\" href=\"https:\/\/batijournal.com\/index.php\/somel-so-connected-metropole-europeenne-de-lille-lance-experimentation-smartgrids\/98735\/\" \/>\n<meta property=\"og:locale\" content=\"fr_FR\" \/>\n<meta property=\"og:type\" content=\"article\" \/>\n<meta property=\"og:title\" content=\"Somel so connected : la m\u00e9tropole europ\u00e9enne de Lille lance une exp\u00e9rimentation sur les #smartgrids\" \/>\n<meta property=\"og:description\" content=\"Les exp\u00e9rimentations de r\u00e9seaux \u00e9lectriques intelligents de la m\u00e9tropole de Lille ont \u00e9t\u00e9 lanc\u00e9es dans le cadre du projet So Mel So Connected. \u00c9conomies d\u2019\u00e9nergie, autoconsommation, mobilit\u00e9 \u00e9lectrique, sont autant de facettes de ce projet d\u2019ampleur pour le territoire, soutenu par le Programme d\u2019investissements d\u2019avenir op\u00e9r\u00e9 par l\u2019ADEME. So Mel So Connected est pilot\u00e9 par [&hellip;]\" \/>\n<meta property=\"og:url\" content=\"https:\/\/batijournal.com\/index.php\/somel-so-connected-metropole-europeenne-de-lille-lance-experimentation-smartgrids\/98735\/\" \/>\n<meta property=\"og:site_name\" content=\"Batijournal\" \/>\n<meta property=\"article:published_time\" content=\"2018-03-27T06:27:21+00:00\" \/>\n<meta property=\"article:modified_time\" content=\"2019-07-15T10:10:44+00:00\" \/>\n<meta property=\"og:image\" content=\"https:\/\/batijournal.com\/wp-content\/uploads\/2018\/03\/somel-1.jpg\" \/>\n\t<meta property=\"og:image:width\" content=\"1024\" \/>\n\t<meta property=\"og:image:height\" content=\"768\" \/>\n\t<meta property=\"og:image:type\" content=\"image\/jpeg\" \/>\n<meta name=\"author\" content=\"St\u00e9phane Miget\" \/>\n<meta name=\"twitter:card\" content=\"summary_large_image\" \/>\n<meta name=\"twitter:creator\" content=\"@bati_journal\" \/>\n<meta name=\"twitter:site\" content=\"@bati_journal\" \/>\n<meta name=\"twitter:label1\" content=\"\u00c9crit par\" \/>\n\t<meta name=\"twitter:data1\" content=\"St\u00e9phane Miget\" \/>\n\t<meta name=\"twitter:label2\" content=\"Dur\u00e9e de lecture estim\u00e9e\" \/>\n\t<meta name=\"twitter:data2\" content=\"1 minute\" \/>\n<script type=\"application\/ld+json\" class=\"yoast-schema-graph\">{\"@context\":\"https:\\\/\\\/schema.org\",\"@graph\":[{\"@type\":\"Article\",\"@id\":\"https:\\\/\\\/batijournal.com\\\/index.php\\\/somel-so-connected-metropole-europeenne-de-lille-lance-experimentation-smartgrids\\\/98735\\\/#article\",\"isPartOf\":{\"@id\":\"https:\\\/\\\/batijournal.com\\\/index.php\\\/somel-so-connected-metropole-europeenne-de-lille-lance-experimentation-smartgrids\\\/98735\\\/\"},\"author\":{\"name\":\"St\u00e9phane Miget\",\"@id\":\"https:\\\/\\\/batijournal.com\\\/#\\\/schema\\\/person\\\/1dc96ec6957aa1ccb25ebe78bb19f100\"},\"headline\":\"Somel so connected : la m\u00e9tropole europ\u00e9enne de Lille lance une exp\u00e9rimentation sur les #smartgrids\",\"datePublished\":\"2018-03-27T06:27:21+00:00\",\"dateModified\":\"2019-07-15T10:10:44+00:00\",\"mainEntityOfPage\":{\"@id\":\"https:\\\/\\\/batijournal.com\\\/index.php\\\/somel-so-connected-metropole-europeenne-de-lille-lance-experimentation-smartgrids\\\/98735\\\/\"},\"wordCount\":179,\"image\":{\"@id\":\"https:\\\/\\\/batijournal.com\\\/index.php\\\/somel-so-connected-metropole-europeenne-de-lille-lance-experimentation-smartgrids\\\/98735\\\/#primaryimage\"},\"thumbnailUrl\":\"https:\\\/\\\/batijournal.com\\\/wp-content\\\/uploads\\\/2018\\\/03\\\/somel-1.jpg\",\"keywords\":[\"smart city\"],\"articleSection\":[\"Actualit\u00e9s\",\"Architecture &amp; Conception\",\"zz_Plan\u00e8te B\u00e2timent\"],\"inLanguage\":\"fr-FR\"},{\"@type\":\"WebPage\",\"@id\":\"https:\\\/\\\/batijournal.com\\\/index.php\\\/somel-so-connected-metropole-europeenne-de-lille-lance-experimentation-smartgrids\\\/98735\\\/\",\"url\":\"https:\\\/\\\/batijournal.com\\\/index.php\\\/somel-so-connected-metropole-europeenne-de-lille-lance-experimentation-smartgrids\\\/98735\\\/\",\"name\":\"Somel so connected : la m\u00e9tropole europ\u00e9enne de Lille lance une exp\u00e9rimentation sur les #smartgrids\",\"isPartOf\":{\"@id\":\"https:\\\/\\\/batijournal.com\\\/#website\"},\"primaryImageOfPage\":{\"@id\":\"https:\\\/\\\/batijournal.com\\\/index.php\\\/somel-so-connected-metropole-europeenne-de-lille-lance-experimentation-smartgrids\\\/98735\\\/#primaryimage\"},\"image\":{\"@id\":\"https:\\\/\\\/batijournal.com\\\/index.php\\\/somel-so-connected-metropole-europeenne-de-lille-lance-experimentation-smartgrids\\\/98735\\\/#primaryimage\"},\"thumbnailUrl\":\"https:\\\/\\\/batijournal.com\\\/wp-content\\\/uploads\\\/2018\\\/03\\\/somel-1.jpg\",\"datePublished\":\"2018-03-27T06:27:21+00:00\",\"dateModified\":\"2019-07-15T10:10:44+00:00\",\"author\":{\"@id\":\"https:\\\/\\\/batijournal.com\\\/#\\\/schema\\\/person\\\/1dc96ec6957aa1ccb25ebe78bb19f100\"},\"breadcrumb\":{\"@id\":\"https:\\\/\\\/batijournal.com\\\/index.php\\\/somel-so-connected-metropole-europeenne-de-lille-lance-experimentation-smartgrids\\\/98735\\\/#breadcrumb\"},\"inLanguage\":\"fr-FR\",\"potentialAction\":[{\"@type\":\"ReadAction\",\"target\":[\"https:\\\/\\\/batijournal.com\\\/index.php\\\/somel-so-connected-metropole-europeenne-de-lille-lance-experimentation-smartgrids\\\/98735\\\/\"]}]},{\"@type\":\"ImageObject\",\"inLanguage\":\"fr-FR\",\"@id\":\"https:\\\/\\\/batijournal.com\\\/index.php\\\/somel-so-connected-metropole-europeenne-de-lille-lance-experimentation-smartgrids\\\/98735\\\/#primaryimage\",\"url\":\"https:\\\/\\\/batijournal.com\\\/wp-content\\\/uploads\\\/2018\\\/03\\\/somel-1.jpg\",\"contentUrl\":\"https:\\\/\\\/batijournal.com\\\/wp-content\\\/uploads\\\/2018\\\/03\\\/somel-1.jpg\",\"width\":1024,\"height\":768},{\"@type\":\"BreadcrumbList\",\"@id\":\"https:\\\/\\\/batijournal.com\\\/index.php\\\/somel-so-connected-metropole-europeenne-de-lille-lance-experimentation-smartgrids\\\/98735\\\/#breadcrumb\",\"itemListElement\":[{\"@type\":\"ListItem\",\"position\":1,\"name\":\"Accueil\",\"item\":\"https:\\\/\\\/batijournal.com\\\/\"},{\"@type\":\"ListItem\",\"position\":2,\"name\":\"Actualit\u00e9s\",\"item\":\"https:\\\/\\\/batijournal.com\\\/index.php\\\/category\\\/actualites\\\/\"},{\"@type\":\"ListItem\",\"position\":3,\"name\":\"Somel so connected : la m\u00e9tropole europ\u00e9enne de Lille lance une exp\u00e9rimentation sur les #smartgrids\"}]},{\"@type\":\"WebSite\",\"@id\":\"https:\\\/\\\/batijournal.com\\\/#website\",\"url\":\"https:\\\/\\\/batijournal.com\\\/\",\"name\":\"Batijournal\",\"description\":\"L&#039;actualit\u00e9 du b\u00e2timent\",\"potentialAction\":[{\"@type\":\"SearchAction\",\"target\":{\"@type\":\"EntryPoint\",\"urlTemplate\":\"https:\\\/\\\/batijournal.com\\\/?s={search_term_string}\"},\"query-input\":{\"@type\":\"PropertyValueSpecification\",\"valueRequired\":true,\"valueName\":\"search_term_string\"}}],\"inLanguage\":\"fr-FR\"},{\"@type\":\"Person\",\"@id\":\"https:\\\/\\\/batijournal.com\\\/#\\\/schema\\\/person\\\/1dc96ec6957aa1ccb25ebe78bb19f100\",\"name\":\"St\u00e9phane Miget\",\"image\":{\"@type\":\"ImageObject\",\"inLanguage\":\"fr-FR\",\"@id\":\"https:\\\/\\\/secure.gravatar.com\\\/avatar\\\/89915563d925342126b8ef0281b93d9d7fc337043e8df017f780908eb9644451?s=96&d=mm&r=g\",\"url\":\"https:\\\/\\\/secure.gravatar.com\\\/avatar\\\/89915563d925342126b8ef0281b93d9d7fc337043e8df017f780908eb9644451?s=96&d=mm&r=g\",\"contentUrl\":\"https:\\\/\\\/secure.gravatar.com\\\/avatar\\\/89915563d925342126b8ef0281b93d9d7fc337043e8df017f780908eb9644451?s=96&d=mm&r=g\",\"caption\":\"St\u00e9phane Miget\"},\"url\":\"https:\\\/\\\/batijournal.com\\\/index.php\\\/author\\\/stephane\\\/\"}]}<\/script>\n<!-- \/ Yoast SEO plugin. -->","yoast_head_json":{"title":"Somel so connected : la m\u00e9tropole europ\u00e9enne de Lille lance une exp\u00e9rimentation sur les #smartgrids","robots":{"index":"index","follow":"follow","max-snippet":"max-snippet:-1","max-image-preview":"max-image-preview:large","max-video-preview":"max-video-preview:-1"},"canonical":"https:\/\/batijournal.com\/index.php\/somel-so-connected-metropole-europeenne-de-lille-lance-experimentation-smartgrids\/98735\/","og_locale":"fr_FR","og_type":"article","og_title":"Somel so connected : la m\u00e9tropole europ\u00e9enne de Lille lance une exp\u00e9rimentation sur les #smartgrids","og_description":"Les exp\u00e9rimentations de r\u00e9seaux \u00e9lectriques intelligents de la m\u00e9tropole de Lille ont \u00e9t\u00e9 lanc\u00e9es dans le cadre du projet So Mel So Connected. \u00c9conomies d\u2019\u00e9nergie, autoconsommation, mobilit\u00e9 \u00e9lectrique, sont autant de facettes de ce projet d\u2019ampleur pour le territoire, soutenu par le Programme d\u2019investissements d\u2019avenir op\u00e9r\u00e9 par l\u2019ADEME. So Mel So Connected est pilot\u00e9 par [&hellip;]","og_url":"https:\/\/batijournal.com\/index.php\/somel-so-connected-metropole-europeenne-de-lille-lance-experimentation-smartgrids\/98735\/","og_site_name":"Batijournal","article_published_time":"2018-03-27T06:27:21+00:00","article_modified_time":"2019-07-15T10:10:44+00:00","og_image":[{"width":1024,"height":768,"url":"https:\/\/batijournal.com\/wp-content\/uploads\/2018\/03\/somel-1.jpg","type":"image\/jpeg"}],"author":"St\u00e9phane Miget","twitter_card":"summary_large_image","twitter_creator":"@bati_journal","twitter_site":"@bati_journal","twitter_misc":{"\u00c9crit par":"St\u00e9phane Miget","Dur\u00e9e de lecture estim\u00e9e":"1 minute"},"schema":{"@context":"https:\/\/schema.org","@graph":[{"@type":"Article","@id":"https:\/\/batijournal.com\/index.php\/somel-so-connected-metropole-europeenne-de-lille-lance-experimentation-smartgrids\/98735\/#article","isPartOf":{"@id":"https:\/\/batijournal.com\/index.php\/somel-so-connected-metropole-europeenne-de-lille-lance-experimentation-smartgrids\/98735\/"},"author":{"name":"St\u00e9phane Miget","@id":"https:\/\/batijournal.com\/#\/schema\/person\/1dc96ec6957aa1ccb25ebe78bb19f100"},"headline":"Somel so connected : la m\u00e9tropole europ\u00e9enne de Lille lance une exp\u00e9rimentation sur les #smartgrids","datePublished":"2018-03-27T06:27:21+00:00","dateModified":"2019-07-15T10:10:44+00:00","mainEntityOfPage":{"@id":"https:\/\/batijournal.com\/index.php\/somel-so-connected-metropole-europeenne-de-lille-lance-experimentation-smartgrids\/98735\/"},"wordCount":179,"image":{"@id":"https:\/\/batijournal.com\/index.php\/somel-so-connected-metropole-europeenne-de-lille-lance-experimentation-smartgrids\/98735\/#primaryimage"},"thumbnailUrl":"https:\/\/batijournal.com\/wp-content\/uploads\/2018\/03\/somel-1.jpg","keywords":["smart city"],"articleSection":["Actualit\u00e9s","Architecture &amp; Conception","zz_Plan\u00e8te B\u00e2timent"],"inLanguage":"fr-FR"},{"@type":"WebPage","@id":"https:\/\/batijournal.com\/index.php\/somel-so-connected-metropole-europeenne-de-lille-lance-experimentation-smartgrids\/98735\/","url":"https:\/\/batijournal.com\/index.php\/somel-so-connected-metropole-europeenne-de-lille-lance-experimentation-smartgrids\/98735\/","name":"Somel so connected : la m\u00e9tropole europ\u00e9enne de Lille lance une exp\u00e9rimentation sur les #smartgrids","isPartOf":{"@id":"https:\/\/batijournal.com\/#website"},"primaryImageOfPage":{"@id":"https:\/\/batijournal.com\/index.php\/somel-so-connected-metropole-europeenne-de-lille-lance-experimentation-smartgrids\/98735\/#primaryimage"},"image":{"@id":"https:\/\/batijournal.com\/index.php\/somel-so-connected-metropole-europeenne-de-lille-lance-experimentation-smartgrids\/98735\/#primaryimage"},"thumbnailUrl":"https:\/\/batijournal.com\/wp-content\/uploads\/2018\/03\/somel-1.jpg","datePublished":"2018-03-27T06:27:21+00:00","dateModified":"2019-07-15T10:10:44+00:00","author":{"@id":"https:\/\/batijournal.com\/#\/schema\/person\/1dc96ec6957aa1ccb25ebe78bb19f100"},"breadcrumb":{"@id":"https:\/\/batijournal.com\/index.php\/somel-so-connected-metropole-europeenne-de-lille-lance-experimentation-smartgrids\/98735\/#breadcrumb"},"inLanguage":"fr-FR","potentialAction":[{"@type":"ReadAction","target":["https:\/\/batijournal.com\/index.php\/somel-so-connected-metropole-europeenne-de-lille-lance-experimentation-smartgrids\/98735\/"]}]},{"@type":"ImageObject","inLanguage":"fr-FR","@id":"https:\/\/batijournal.com\/index.php\/somel-so-connected-metropole-europeenne-de-lille-lance-experimentation-smartgrids\/98735\/#primaryimage","url":"https:\/\/batijournal.com\/wp-content\/uploads\/2018\/03\/somel-1.jpg","contentUrl":"https:\/\/batijournal.com\/wp-content\/uploads\/2018\/03\/somel-1.jpg","width":1024,"height":768},{"@type":"BreadcrumbList","@id":"https:\/\/batijournal.com\/index.php\/somel-so-connected-metropole-europeenne-de-lille-lance-experimentation-smartgrids\/98735\/#breadcrumb","itemListElement":[{"@type":"ListItem","position":1,"name":"Accueil","item":"https:\/\/batijournal.com\/"},{"@type":"ListItem","position":2,"name":"Actualit\u00e9s","item":"https:\/\/batijournal.com\/index.php\/category\/actualites\/"},{"@type":"ListItem","position":3,"name":"Somel so connected : la m\u00e9tropole europ\u00e9enne de Lille lance une exp\u00e9rimentation sur les #smartgrids"}]},{"@type":"WebSite","@id":"https:\/\/batijournal.com\/#website","url":"https:\/\/batijournal.com\/","name":"Batijournal","description":"L&#039;actualit\u00e9 du b\u00e2timent","potentialAction":[{"@type":"SearchAction","target":{"@type":"EntryPoint","urlTemplate":"https:\/\/batijournal.com\/?s={search_term_string}"},"query-input":{"@type":"PropertyValueSpecification","valueRequired":true,"valueName":"search_term_string"}}],"inLanguage":"fr-FR"},{"@type":"Person","@id":"https:\/\/batijournal.com\/#\/schema\/person\/1dc96ec6957aa1ccb25ebe78bb19f100","name":"St\u00e9phane Miget","image":{"@type":"ImageObject","inLanguage":"fr-FR","@id":"https:\/\/secure.gravatar.com\/avatar\/89915563d925342126b8ef0281b93d9d7fc337043e8df017f780908eb9644451?s=96&d=mm&r=g","url":"https:\/\/secure.gravatar.com\/avatar\/89915563d925342126b8ef0281b93d9d7fc337043e8df017f780908eb9644451?s=96&d=mm&r=g","contentUrl":"https:\/\/secure.gravatar.com\/avatar\/89915563d925342126b8ef0281b93d9d7fc337043e8df017f780908eb9644451?s=96&d=mm&r=g","caption":"St\u00e9phane Miget"},"url":"https:\/\/batijournal.com\/index.php\/author\/stephane\/"}]}},"_links":{"self":[{"href":"https:\/\/batijournal.com\/index.php\/wp-json\/wp\/v2\/posts\/98735","targetHints":{"allow":["GET"]}}],"collection":[{"href":"https:\/\/batijournal.com\/index.php\/wp-json\/wp\/v2\/posts"}],"about":[{"href":"https:\/\/batijournal.com\/index.php\/wp-json\/wp\/v2\/types\/post"}],"author":[{"embeddable":true,"href":"https:\/\/batijournal.com\/index.php\/wp-json\/wp\/v2\/users\/17"}],"replies":[{"embeddable":true,"href":"https:\/\/batijournal.com\/index.php\/wp-json\/wp\/v2\/comments?post=98735"}],"version-history":[{"count":0,"href":"https:\/\/batijournal.com\/index.php\/wp-json\/wp\/v2\/posts\/98735\/revisions"}],"wp:featuredmedia":[{"embeddable":true,"href":"https:\/\/batijournal.com\/index.php\/wp-json\/wp\/v2\/media\/98736"}],"wp:attachment":[{"href":"https:\/\/batijournal.com\/index.php\/wp-json\/wp\/v2\/media?parent=98735"}],"wp:term":[{"taxonomy":"category","embeddable":true,"href":"https:\/\/batijournal.com\/index.php\/wp-json\/wp\/v2\/categories?post=98735"},{"taxonomy":"post_tag","embeddable":true,"href":"https:\/\/batijournal.com\/index.php\/wp-json\/wp\/v2\/tags?post=98735"}],"curies":[{"name":"wp","href":"https:\/\/api.w.org\/{rel}","templated":true}]}}