{"id":98743,"date":"2018-03-27T16:14:04","date_gmt":"2018-03-27T14:14:04","guid":{"rendered":"http:\/\/batijournal.com\/?p=98743"},"modified":"2019-07-15T12:08:41","modified_gmt":"2019-07-15T10:08:41","slug":"rendez-flegt-carrefour-international-bois","status":"publish","type":"post","link":"https:\/\/batijournal.com\/index.php\/rendez-flegt-carrefour-international-bois\/98743\/","title":{"rendered":"FLEGT, rendez-vous au Carrefour International du Bois"},"content":{"rendered":"<p><span style=\"color: #000000\"><span style=\"font-family: Arial, sans-serif\"><span style=\"font-size: large\">Programme mandat\u00e9 par l&rsquo;UE pour suivre l&rsquo;impact sur le march\u00e9 du Plan d&rsquo;Action FLEGT et des Accords de Partenariat Volontaire (APV), l&rsquo;IMM (Independent Market Monitoring of FLEGT Licensed Timber) organise une r\u00e9union de concertation avec les acteurs \u00e9conomiques \u00e0 l&rsquo;occasion du Carrefour international du Bois pour informer toutes les parties prenantes de la fili\u00e8re bois fran\u00e7aise sur les derniers d\u00e9veloppements au niveau des APV et sur la commercialisation des bois sous licence FLEGT. <\/span><\/span><\/span><\/p>\n<p><span style=\"color: #000000\"><span style=\"font-family: Arial, sans-serif\"><span style=\"font-size: large\">La session pl\u00e9ni\u00e8re, r\u00e9unissant des intervenants de la fili\u00e8re bois sp\u00e9cialis\u00e9s dans l&rsquo;initiative FLEGT de l&rsquo;UE et le secteur du bois tropical, sera suivie par une s\u00e9ance de questions et r\u00e9ponses. La rencontre sera l&rsquo;occasion pour les importateurs mais \u00e9galement tous les utilisateurs de bois tropicaux (ameublement, fabricants de portes, mobilier de jardin, decking&#8230;) de se renseigner et d&rsquo;\u00e9changer avec un panel d&rsquo;experts.<\/span><\/span><\/span><\/p>\n<p align=\"LEFT\"><span style=\"color: #000000\"><span style=\"font-size: large\"><span style=\"font-family: serif\">Le jeudi 31 mai, de 10h30 \u00e0 16h, salle Loire n\u00b05, Parc des expositions de la Beaujoire \u00e0 Nantes.<\/span><\/span><\/span><\/p>\n<p align=\"LEFT\">Photo : EU FLEGT &#8211; REDD facilities<\/p>\n<p align=\"LEFT\"><a href=\"http:\/\/www.flegtimm.eu\/index.php\/imm-events\/imm-trade-consultation\/individual-registration\">S&rsquo;inscrire \u00e0 la r\u00e9union<\/a><\/p>\n","protected":false},"excerpt":{"rendered":"<p>Programme mandat\u00e9 par l&rsquo;UE pour suivre l&rsquo;impact sur le march\u00e9 du Plan d&rsquo;Action FLEGT et des Accords de Partenariat Volontaire (APV), l&rsquo;IMM (Independent Market Monitoring of FLEGT Licensed Timber) organise une r\u00e9union de concertation avec les acteurs \u00e9conomiques \u00e0 l&rsquo;occasion du Carrefour international du Bois pour informer toutes les parties prenantes de la fili\u00e8re bois [&hellip;]<\/p>\n","protected":false},"author":17,"featured_media":98744,"comment_status":"closed","ping_status":"closed","sticky":false,"template":"","format":"standard","meta":{"_et_pb_use_builder":"","_et_pb_old_content":"","_et_gb_content_width":"","footnotes":""},"categories":[10530,11953,6345,9192,10764],"tags":[12409],"class_list":["post-98743","post","type-post","status-publish","format-standard","has-post-thumbnail","hentry","category-actualites","category-actualites-generalistes","category-economie-marches","category-evenements","category-woodsurfer","tag-cib-2018"],"yoast_head":"<!-- This site is optimized with the Yoast SEO plugin v27.4 - https:\/\/yoast.com\/product\/yoast-seo-wordpress\/ -->\n<title>FLEGT, rendez-vous au Carrefour International du Bois<\/title>\n<meta name=\"description\" content=\"Cette ann\u00e9e, FLEGT organise une r\u00e9union de concertation avec les acteurs \u00e9conomiques \u00e0 l&#039;occasion du Carrefour international du Bois.\" \/>\n<meta name=\"robots\" content=\"index, follow, max-snippet:-1, max-image-preview:large, max-video-preview:-1\" \/>\n<link rel=\"canonical\" href=\"https:\/\/batijournal.com\/index.php\/rendez-flegt-carrefour-international-bois\/98743\/\" \/>\n<meta property=\"og:locale\" content=\"fr_FR\" \/>\n<meta property=\"og:type\" content=\"article\" \/>\n<meta property=\"og:title\" content=\"FLEGT, rendez-vous au Carrefour International du Bois\" \/>\n<meta property=\"og:description\" content=\"Cette ann\u00e9e, FLEGT organise une r\u00e9union de concertation avec les acteurs \u00e9conomiques \u00e0 l&#039;occasion du Carrefour international du Bois.\" \/>\n<meta property=\"og:url\" content=\"https:\/\/batijournal.com\/index.php\/rendez-flegt-carrefour-international-bois\/98743\/\" \/>\n<meta property=\"og:site_name\" content=\"Batijournal\" \/>\n<meta property=\"article:published_time\" content=\"2018-03-27T14:14:04+00:00\" \/>\n<meta property=\"article:modified_time\" content=\"2019-07-15T10:08:41+00:00\" \/>\n<meta property=\"og:image\" content=\"https:\/\/batijournal.com\/wp-content\/uploads\/2018\/03\/26938796315_c09fe7b3ea_o.jpg\" \/>\n\t<meta property=\"og:image:width\" content=\"3000\" \/>\n\t<meta property=\"og:image:height\" content=\"2250\" \/>\n\t<meta property=\"og:image:type\" content=\"image\/jpeg\" \/>\n<meta name=\"author\" content=\"St\u00e9phane Miget\" \/>\n<meta name=\"twitter:card\" content=\"summary_large_image\" \/>\n<meta name=\"twitter:creator\" content=\"@bati_journal\" \/>\n<meta name=\"twitter:site\" content=\"@bati_journal\" \/>\n<meta name=\"twitter:label1\" content=\"\u00c9crit par\" \/>\n\t<meta name=\"twitter:data1\" content=\"St\u00e9phane Miget\" \/>\n\t<meta name=\"twitter:label2\" content=\"Dur\u00e9e de lecture estim\u00e9e\" \/>\n\t<meta name=\"twitter:data2\" content=\"1 minute\" \/>\n<script type=\"application\/ld+json\" class=\"yoast-schema-graph\">{\"@context\":\"https:\\\/\\\/schema.org\",\"@graph\":[{\"@type\":\"Article\",\"@id\":\"https:\\\/\\\/batijournal.com\\\/index.php\\\/rendez-flegt-carrefour-international-bois\\\/98743\\\/#article\",\"isPartOf\":{\"@id\":\"https:\\\/\\\/batijournal.com\\\/index.php\\\/rendez-flegt-carrefour-international-bois\\\/98743\\\/\"},\"author\":{\"name\":\"St\u00e9phane Miget\",\"@id\":\"https:\\\/\\\/batijournal.com\\\/#\\\/schema\\\/person\\\/1dc96ec6957aa1ccb25ebe78bb19f100\"},\"headline\":\"FLEGT, rendez-vous au Carrefour International du Bois\",\"datePublished\":\"2018-03-27T14:14:04+00:00\",\"dateModified\":\"2019-07-15T10:08:41+00:00\",\"mainEntityOfPage\":{\"@id\":\"https:\\\/\\\/batijournal.com\\\/index.php\\\/rendez-flegt-carrefour-international-bois\\\/98743\\\/\"},\"wordCount\":191,\"image\":{\"@id\":\"https:\\\/\\\/batijournal.com\\\/index.php\\\/rendez-flegt-carrefour-international-bois\\\/98743\\\/#primaryimage\"},\"thumbnailUrl\":\"https:\\\/\\\/batijournal.com\\\/wp-content\\\/uploads\\\/2018\\\/03\\\/26938796315_c09fe7b3ea_o.jpg\",\"keywords\":[\"cib 2018\"],\"articleSection\":[\"Actualit\u00e9s\",\"Actualit\u00e9s g\u00e9n\u00e9ralistes\",\"\u00c9conomie &amp; March\u00e9s\",\"\u00c9v\u00e9nements\",\"zz_Woodsurfer\"],\"inLanguage\":\"fr-FR\"},{\"@type\":\"WebPage\",\"@id\":\"https:\\\/\\\/batijournal.com\\\/index.php\\\/rendez-flegt-carrefour-international-bois\\\/98743\\\/\",\"url\":\"https:\\\/\\\/batijournal.com\\\/index.php\\\/rendez-flegt-carrefour-international-bois\\\/98743\\\/\",\"name\":\"FLEGT, rendez-vous au Carrefour International du Bois\",\"isPartOf\":{\"@id\":\"https:\\\/\\\/batijournal.com\\\/#website\"},\"primaryImageOfPage\":{\"@id\":\"https:\\\/\\\/batijournal.com\\\/index.php\\\/rendez-flegt-carrefour-international-bois\\\/98743\\\/#primaryimage\"},\"image\":{\"@id\":\"https:\\\/\\\/batijournal.com\\\/index.php\\\/rendez-flegt-carrefour-international-bois\\\/98743\\\/#primaryimage\"},\"thumbnailUrl\":\"https:\\\/\\\/batijournal.com\\\/wp-content\\\/uploads\\\/2018\\\/03\\\/26938796315_c09fe7b3ea_o.jpg\",\"datePublished\":\"2018-03-27T14:14:04+00:00\",\"dateModified\":\"2019-07-15T10:08:41+00:00\",\"author\":{\"@id\":\"https:\\\/\\\/batijournal.com\\\/#\\\/schema\\\/person\\\/1dc96ec6957aa1ccb25ebe78bb19f100\"},\"description\":\"Cette ann\u00e9e, FLEGT organise une r\u00e9union de concertation avec les acteurs \u00e9conomiques \u00e0 l'occasion du Carrefour international du Bois.\",\"breadcrumb\":{\"@id\":\"https:\\\/\\\/batijournal.com\\\/index.php\\\/rendez-flegt-carrefour-international-bois\\\/98743\\\/#breadcrumb\"},\"inLanguage\":\"fr-FR\",\"potentialAction\":[{\"@type\":\"ReadAction\",\"target\":[\"https:\\\/\\\/batijournal.com\\\/index.php\\\/rendez-flegt-carrefour-international-bois\\\/98743\\\/\"]}]},{\"@type\":\"ImageObject\",\"inLanguage\":\"fr-FR\",\"@id\":\"https:\\\/\\\/batijournal.com\\\/index.php\\\/rendez-flegt-carrefour-international-bois\\\/98743\\\/#primaryimage\",\"url\":\"https:\\\/\\\/batijournal.com\\\/wp-content\\\/uploads\\\/2018\\\/03\\\/26938796315_c09fe7b3ea_o.jpg\",\"contentUrl\":\"https:\\\/\\\/batijournal.com\\\/wp-content\\\/uploads\\\/2018\\\/03\\\/26938796315_c09fe7b3ea_o.jpg\",\"width\":3000,\"height\":2250,\"caption\":\"rendez-flegt-carrefour-international-bois\"},{\"@type\":\"BreadcrumbList\",\"@id\":\"https:\\\/\\\/batijournal.com\\\/index.php\\\/rendez-flegt-carrefour-international-bois\\\/98743\\\/#breadcrumb\",\"itemListElement\":[{\"@type\":\"ListItem\",\"position\":1,\"name\":\"Accueil\",\"item\":\"https:\\\/\\\/batijournal.com\\\/\"},{\"@type\":\"ListItem\",\"position\":2,\"name\":\"Actualit\u00e9s\",\"item\":\"https:\\\/\\\/batijournal.com\\\/index.php\\\/category\\\/actualites\\\/\"},{\"@type\":\"ListItem\",\"position\":3,\"name\":\"FLEGT, rendez-vous au Carrefour International du Bois\"}]},{\"@type\":\"WebSite\",\"@id\":\"https:\\\/\\\/batijournal.com\\\/#website\",\"url\":\"https:\\\/\\\/batijournal.com\\\/\",\"name\":\"Batijournal\",\"description\":\"L&#039;actualit\u00e9 du b\u00e2timent\",\"potentialAction\":[{\"@type\":\"SearchAction\",\"target\":{\"@type\":\"EntryPoint\",\"urlTemplate\":\"https:\\\/\\\/batijournal.com\\\/?s={search_term_string}\"},\"query-input\":{\"@type\":\"PropertyValueSpecification\",\"valueRequired\":true,\"valueName\":\"search_term_string\"}}],\"inLanguage\":\"fr-FR\"},{\"@type\":\"Person\",\"@id\":\"https:\\\/\\\/batijournal.com\\\/#\\\/schema\\\/person\\\/1dc96ec6957aa1ccb25ebe78bb19f100\",\"name\":\"St\u00e9phane Miget\",\"image\":{\"@type\":\"ImageObject\",\"inLanguage\":\"fr-FR\",\"@id\":\"https:\\\/\\\/secure.gravatar.com\\\/avatar\\\/89915563d925342126b8ef0281b93d9d7fc337043e8df017f780908eb9644451?s=96&d=mm&r=g\",\"url\":\"https:\\\/\\\/secure.gravatar.com\\\/avatar\\\/89915563d925342126b8ef0281b93d9d7fc337043e8df017f780908eb9644451?s=96&d=mm&r=g\",\"contentUrl\":\"https:\\\/\\\/secure.gravatar.com\\\/avatar\\\/89915563d925342126b8ef0281b93d9d7fc337043e8df017f780908eb9644451?s=96&d=mm&r=g\",\"caption\":\"St\u00e9phane Miget\"},\"url\":\"https:\\\/\\\/batijournal.com\\\/index.php\\\/author\\\/stephane\\\/\"}]}<\/script>\n<!-- \/ Yoast SEO plugin. -->","yoast_head_json":{"title":"FLEGT, rendez-vous au Carrefour International du Bois","description":"Cette ann\u00e9e, FLEGT organise une r\u00e9union de concertation avec les acteurs \u00e9conomiques \u00e0 l'occasion du Carrefour international du Bois.","robots":{"index":"index","follow":"follow","max-snippet":"max-snippet:-1","max-image-preview":"max-image-preview:large","max-video-preview":"max-video-preview:-1"},"canonical":"https:\/\/batijournal.com\/index.php\/rendez-flegt-carrefour-international-bois\/98743\/","og_locale":"fr_FR","og_type":"article","og_title":"FLEGT, rendez-vous au Carrefour International du Bois","og_description":"Cette ann\u00e9e, FLEGT organise une r\u00e9union de concertation avec les acteurs \u00e9conomiques \u00e0 l'occasion du Carrefour international du Bois.","og_url":"https:\/\/batijournal.com\/index.php\/rendez-flegt-carrefour-international-bois\/98743\/","og_site_name":"Batijournal","article_published_time":"2018-03-27T14:14:04+00:00","article_modified_time":"2019-07-15T10:08:41+00:00","og_image":[{"width":3000,"height":2250,"url":"https:\/\/batijournal.com\/wp-content\/uploads\/2018\/03\/26938796315_c09fe7b3ea_o.jpg","type":"image\/jpeg"}],"author":"St\u00e9phane Miget","twitter_card":"summary_large_image","twitter_creator":"@bati_journal","twitter_site":"@bati_journal","twitter_misc":{"\u00c9crit par":"St\u00e9phane Miget","Dur\u00e9e de lecture estim\u00e9e":"1 minute"},"schema":{"@context":"https:\/\/schema.org","@graph":[{"@type":"Article","@id":"https:\/\/batijournal.com\/index.php\/rendez-flegt-carrefour-international-bois\/98743\/#article","isPartOf":{"@id":"https:\/\/batijournal.com\/index.php\/rendez-flegt-carrefour-international-bois\/98743\/"},"author":{"name":"St\u00e9phane Miget","@id":"https:\/\/batijournal.com\/#\/schema\/person\/1dc96ec6957aa1ccb25ebe78bb19f100"},"headline":"FLEGT, rendez-vous au Carrefour International du Bois","datePublished":"2018-03-27T14:14:04+00:00","dateModified":"2019-07-15T10:08:41+00:00","mainEntityOfPage":{"@id":"https:\/\/batijournal.com\/index.php\/rendez-flegt-carrefour-international-bois\/98743\/"},"wordCount":191,"image":{"@id":"https:\/\/batijournal.com\/index.php\/rendez-flegt-carrefour-international-bois\/98743\/#primaryimage"},"thumbnailUrl":"https:\/\/batijournal.com\/wp-content\/uploads\/2018\/03\/26938796315_c09fe7b3ea_o.jpg","keywords":["cib 2018"],"articleSection":["Actualit\u00e9s","Actualit\u00e9s g\u00e9n\u00e9ralistes","\u00c9conomie &amp; March\u00e9s","\u00c9v\u00e9nements","zz_Woodsurfer"],"inLanguage":"fr-FR"},{"@type":"WebPage","@id":"https:\/\/batijournal.com\/index.php\/rendez-flegt-carrefour-international-bois\/98743\/","url":"https:\/\/batijournal.com\/index.php\/rendez-flegt-carrefour-international-bois\/98743\/","name":"FLEGT, rendez-vous au Carrefour International du Bois","isPartOf":{"@id":"https:\/\/batijournal.com\/#website"},"primaryImageOfPage":{"@id":"https:\/\/batijournal.com\/index.php\/rendez-flegt-carrefour-international-bois\/98743\/#primaryimage"},"image":{"@id":"https:\/\/batijournal.com\/index.php\/rendez-flegt-carrefour-international-bois\/98743\/#primaryimage"},"thumbnailUrl":"https:\/\/batijournal.com\/wp-content\/uploads\/2018\/03\/26938796315_c09fe7b3ea_o.jpg","datePublished":"2018-03-27T14:14:04+00:00","dateModified":"2019-07-15T10:08:41+00:00","author":{"@id":"https:\/\/batijournal.com\/#\/schema\/person\/1dc96ec6957aa1ccb25ebe78bb19f100"},"description":"Cette ann\u00e9e, FLEGT organise une r\u00e9union de concertation avec les acteurs \u00e9conomiques \u00e0 l'occasion du Carrefour international du Bois.","breadcrumb":{"@id":"https:\/\/batijournal.com\/index.php\/rendez-flegt-carrefour-international-bois\/98743\/#breadcrumb"},"inLanguage":"fr-FR","potentialAction":[{"@type":"ReadAction","target":["https:\/\/batijournal.com\/index.php\/rendez-flegt-carrefour-international-bois\/98743\/"]}]},{"@type":"ImageObject","inLanguage":"fr-FR","@id":"https:\/\/batijournal.com\/index.php\/rendez-flegt-carrefour-international-bois\/98743\/#primaryimage","url":"https:\/\/batijournal.com\/wp-content\/uploads\/2018\/03\/26938796315_c09fe7b3ea_o.jpg","contentUrl":"https:\/\/batijournal.com\/wp-content\/uploads\/2018\/03\/26938796315_c09fe7b3ea_o.jpg","width":3000,"height":2250,"caption":"rendez-flegt-carrefour-international-bois"},{"@type":"BreadcrumbList","@id":"https:\/\/batijournal.com\/index.php\/rendez-flegt-carrefour-international-bois\/98743\/#breadcrumb","itemListElement":[{"@type":"ListItem","position":1,"name":"Accueil","item":"https:\/\/batijournal.com\/"},{"@type":"ListItem","position":2,"name":"Actualit\u00e9s","item":"https:\/\/batijournal.com\/index.php\/category\/actualites\/"},{"@type":"ListItem","position":3,"name":"FLEGT, rendez-vous au Carrefour International du Bois"}]},{"@type":"WebSite","@id":"https:\/\/batijournal.com\/#website","url":"https:\/\/batijournal.com\/","name":"Batijournal","description":"L&#039;actualit\u00e9 du b\u00e2timent","potentialAction":[{"@type":"SearchAction","target":{"@type":"EntryPoint","urlTemplate":"https:\/\/batijournal.com\/?s={search_term_string}"},"query-input":{"@type":"PropertyValueSpecification","valueRequired":true,"valueName":"search_term_string"}}],"inLanguage":"fr-FR"},{"@type":"Person","@id":"https:\/\/batijournal.com\/#\/schema\/person\/1dc96ec6957aa1ccb25ebe78bb19f100","name":"St\u00e9phane Miget","image":{"@type":"ImageObject","inLanguage":"fr-FR","@id":"https:\/\/secure.gravatar.com\/avatar\/89915563d925342126b8ef0281b93d9d7fc337043e8df017f780908eb9644451?s=96&d=mm&r=g","url":"https:\/\/secure.gravatar.com\/avatar\/89915563d925342126b8ef0281b93d9d7fc337043e8df017f780908eb9644451?s=96&d=mm&r=g","contentUrl":"https:\/\/secure.gravatar.com\/avatar\/89915563d925342126b8ef0281b93d9d7fc337043e8df017f780908eb9644451?s=96&d=mm&r=g","caption":"St\u00e9phane Miget"},"url":"https:\/\/batijournal.com\/index.php\/author\/stephane\/"}]}},"_links":{"self":[{"href":"https:\/\/batijournal.com\/index.php\/wp-json\/wp\/v2\/posts\/98743","targetHints":{"allow":["GET"]}}],"collection":[{"href":"https:\/\/batijournal.com\/index.php\/wp-json\/wp\/v2\/posts"}],"about":[{"href":"https:\/\/batijournal.com\/index.php\/wp-json\/wp\/v2\/types\/post"}],"author":[{"embeddable":true,"href":"https:\/\/batijournal.com\/index.php\/wp-json\/wp\/v2\/users\/17"}],"replies":[{"embeddable":true,"href":"https:\/\/batijournal.com\/index.php\/wp-json\/wp\/v2\/comments?post=98743"}],"version-history":[{"count":0,"href":"https:\/\/batijournal.com\/index.php\/wp-json\/wp\/v2\/posts\/98743\/revisions"}],"wp:featuredmedia":[{"embeddable":true,"href":"https:\/\/batijournal.com\/index.php\/wp-json\/wp\/v2\/media\/98744"}],"wp:attachment":[{"href":"https:\/\/batijournal.com\/index.php\/wp-json\/wp\/v2\/media?parent=98743"}],"wp:term":[{"taxonomy":"category","embeddable":true,"href":"https:\/\/batijournal.com\/index.php\/wp-json\/wp\/v2\/categories?post=98743"},{"taxonomy":"post_tag","embeddable":true,"href":"https:\/\/batijournal.com\/index.php\/wp-json\/wp\/v2\/tags?post=98743"}],"curies":[{"name":"wp","href":"https:\/\/api.w.org\/{rel}","templated":true}]}}